{"id":19418,"date":"2019-03-06T18:00:57","date_gmt":"2019-03-06T18:00:57","guid":{"rendered":"http:\/\/quehacerpolitico.mx\/que-les-paso-por-que-son-tan-violentos-tatiana-pide-examinar-a-hombres-por-ataques-a-mujeres\/"},"modified":"2019-03-06T18:00:57","modified_gmt":"2019-03-06T18:00:57","slug":"que-les-paso-por-que-son-tan-violentos-tatiana-pide-examinar-a-hombres-por-ataques-a-mujeres","status":"publish","type":"post","link":"https:\/\/quehacerpolitico.mx\/?p=19418","title":{"rendered":"\u00bfQu\u00e9 les pas\u00f3? \u00bfPor qu\u00e9 son tan violentos? Tatiana pide examinar a hombres por ataques a mujeres"},"content":{"rendered":"<h1>\u00bfQu\u00e9 les pas\u00f3? \u00bfPor qu\u00e9 son tan violentos? Tatiana pide examinar a hombres por ataques a mujeres<\/h1>\n<p>Por Redacci\u00f3n QP<\/p>\n<p>Hablar de violencia de g\u00e9nero con la Diputada <strong>Tatiana Clouthier<\/strong> es hablar de sus d\u00e9biles l\u00edmites, l\u00edneas divisorias a veces casi invisibles que surcan un tema complejo, perceptible tanto en comentarios sutiles como en cr\u00edmenes cruentos que tejen en M\u00e9xico una violencia sistem\u00e1tica hacia las mujeres.<\/p>\n<p>En entrevista con <em>Efe,<\/em> la ex coordinadora de campa\u00f1a del Presidente de M\u00e9xico, <strong>Andr\u00e9s Manuel L\u00f3pez Obrador<\/strong>, habla consternada sobre los nueve feminicidios que se cometen a diario en el pa\u00eds y comenta posibles soluciones para poner puntos de sutura a la herida, al tiempo que apunta a ciertas confusiones que a veces suceden.<\/p>\n<blockquote>\n<p>\u201cCreo que en algunos momentos ha habido situaciones, en algunas elecciones, por ejemplo, donde s\u00ed se toma aparentemente o s\u00ed se quiere tomar una ventaja para decir que equis cosas son <strong>violencia de g\u00e9nero<\/strong>. Y la raya es muy delgada\u201d, explica.<\/p>\n<\/blockquote>\n<p>\u201cHablo en t\u00e9rminos de sutilezas\u201d, contin\u00faa <strong>Clouthier<\/strong>, y esgrime que en ocasiones es f\u00e1cil incurrir en la contradicci\u00f3n.<\/p>\n<p>En ocasiones sucede que \u201cqueremos (las mujeres) una igualdad de trato y cuando nos conviene queremos jugar o nos vamos a la l\u00ednea de la v\u00edctima y es donde creo que la <strong>l\u00ednea se vuelve delgada<\/strong>\u201c, puntualiza.<\/p>\n<p>No obstante, matiza que existen casos en los que el debate no debe tener derecho siquiera a existir, como cuando sucede \u201cun maltrato o una violaci\u00f3n\u201d, situaciones que considera \u201cmuy obvias, evidentes y despreciables\u201d.<\/p>\n<p>Seg\u00fan la Comisi\u00f3n Nacional de Derechos Humanos (CNDH), la violencia contra la mujer en M\u00e9xico se perpetra de manera calculada y muchas veces perversa: ahorcamientos, sustancias qu\u00edmicas para quemar y un largo etc\u00e9tera en el que caben m\u00faltiples atrocidades.<\/p>\n<p>Clouthier, de 54 a\u00f1os de edad, confiesa que no puede ponerse \u201cni tres segundos en la piel de una mujer que haya vivido eso\u201d pues nunca ha sido \u201cviolentada en estos t\u00e9rminos\u201d.<\/p>\n<p>\u201cAhora mismo, el gran reto para m\u00ed tiene que ver con qu\u00e9 hemos hecho como sociedad para que las mujeres sigan siendo maltratadas y violentadas de la manera en que est\u00e1n siendo\u201d, dice.<\/p>\n<p>Por su pensamiento pasan algunas ideas sobre c\u00f3mo reducir los da\u00f1os: una de ellas es involucrar a los hombres en todo esto, averiguar qu\u00e9 les sucede, qu\u00e9 les est\u00e1 llevando a ser violentos con las mujeres, c\u00f3mo se les puede tratar.<\/p>\n<blockquote>\n<p>Seg\u00fan sus conversaciones con algunos expertos que est\u00e1n realizando labores de campo en distintos municipios, Clouthier entiende que \u201cno le hemos preguntado a los hombres c\u00f3mo se sienten\u201d.<\/p>\n<\/blockquote>\n<p>Cuando se da una situaci\u00f3n en el que el hombre violenta a la mujer, normalmente ambos son separados para poner fin al problema, pero no se interviene sobre el hombre, no es tratado debidamente y eso supone que cuando vuelva a estar con otra mujer \u201cva a volver a golpear porque ese hombre no ha sido atendido\u201d.<\/p>\n<p>\u201cNormalmente hemos escuchado solo a las mujeres para encontrar una soluci\u00f3n, que vuelve a ser una soluci\u00f3n parcial porque no tenemos la mirada masculina\u201d, concluye sobre este tema.<\/p>\n<p>Tambi\u00e9n las mujeres deben alcanzar un estado de consciencia sobre el problema y darse cuenta de que en ocasiones son repetidoras de patrones, algo que contribuye a que esas formas de comportamiento e ideas se propaguen en las siguientes generaciones.<\/p>\n<section class=\"post-content\">\n<blockquote>\n<p>Al ser preguntada sobre si se considera feminista, la Diputada por el gobernante Movimiento Regeneraci\u00f3n Nacional (Morena) precisa que s\u00ed lo hace siempre que se entienda la ideolog\u00eda feminista como aquella que busca \u201cla igualdad por los derechos de las mujeres y buscar mejores condiciones de vida\u201d.<\/p>\n<\/blockquote>\n<p>Hablando de igualdad entre hombre y mujer, la pol\u00edtica considera muy dif\u00edcil afirmar si se ha alcanzado ya en todo el mundo o cu\u00e1nto queda para que esto se logre.<\/p>\n<p>Lograr medir la equidad de g\u00e9nero a nivel mundial resulta casi una quimera: \u201chay pa\u00edses, hay circunstancias, hay sociedades\u201d.<\/p>\n<p>\u201cTodo depende de con qui\u00e9n te compares, no creo que tengamos una m\u00e9trica para decir si hay equidad o no. Si lo ponemos como m\u00e9trica mundial, no\u201d, argumenta.<\/p>\n<p>El World Economic Forum estima que todav\u00eda quedan 100 a\u00f1os para que se alcance la igualdad entre ambos g\u00e9neros.<\/p>\n<p>Clouthier prefiere quedarse con el aqu\u00ed y ahora, prefiere hablar de lo que sucede en M\u00e9xico, donde \u201chay un reto grande\u201d y mucho por hacer.<\/p>\n<div class=\"at-below-post addthis_tool\" data-url=\"https:\/\/www.sinembargo.mx\/06-03-2019\/3546442\">Con Informaci\u00f3n de EFE<\/div>\n<\/section>\n","protected":false},"excerpt":{"rendered":"<p>\u00bfQu\u00e9 les pas\u00f3? \u00bfPor qu\u00e9 son tan violentos? Tatiana pide examinar a hombres por ataques a mujeres<br \/>\nPor Redacci\u00f3n QP<\/p>\n","protected":false},"author":2,"featured_media":19417,"comment_status":"open","ping_status":"open","sticky":false,"template":"","format":"standard","meta":{"_monsterinsights_skip_tracking":false,"_monsterinsights_sitenote_active":false,"_monsterinsights_sitenote_note":"","_monsterinsights_sitenote_category":0,"footnotes":""},"categories":[2],"tags":[],"class_list":["post-19418","post","type-post","status-publish","format-standard","has-post-thumbnail","hentry","category-noticias"],"yoast_head":"<!-- This site is optimized with the Yoast SEO plugin v27.3 - https:\/\/yoast.com\/product\/yoast-seo-wordpress\/ -->\n<title>\u00bfQu\u00e9 les pas\u00f3? \u00bfPor qu\u00e9 son tan violentos? Tatiana pide examinar a hombres por ataques a mujeres -<\/title>\n<meta name=\"robots\" content=\"index, follow, max-snippet:-1, max-image-preview:large, max-video-preview:-1\" \/>\n<link rel=\"canonical\" href=\"https:\/\/quehacerpolitico.mx\/?p=19418\" \/>\n<meta property=\"og:locale\" content=\"es_MX\" \/>\n<meta property=\"og:type\" content=\"article\" \/>\n<meta property=\"og:title\" content=\"\u00bfQu\u00e9 les pas\u00f3? \u00bfPor qu\u00e9 son tan violentos? Tatiana pide examinar a hombres por ataques a mujeres -\" \/>\n<meta property=\"og:description\" content=\"\u00bfQu\u00e9 les pas\u00f3? \u00bfPor qu\u00e9 son tan violentos? Tatiana pide examinar a hombres por ataques a mujeres Por Redacci\u00f3n QP\" \/>\n<meta property=\"og:url\" content=\"https:\/\/quehacerpolitico.mx\/?p=19418\" \/>\n<meta property=\"article:published_time\" content=\"2019-03-06T18:00:57+00:00\" \/>\n<meta name=\"author\" content=\"Redacci\u00f3n QP\" \/>\n<meta name=\"twitter:card\" content=\"summary_large_image\" \/>\n<meta name=\"twitter:label1\" content=\"Escrito por\" \/>\n\t<meta name=\"twitter:data1\" content=\"Redacci\u00f3n QP\" \/>\n\t<meta name=\"twitter:label2\" content=\"Tiempo de lectura\" \/>\n\t<meta name=\"twitter:data2\" content=\"4 minutos\" \/>\n<script type=\"application\/ld+json\" class=\"yoast-schema-graph\">{\"@context\":\"https:\\\/\\\/schema.org\",\"@graph\":[{\"@type\":\"Article\",\"@id\":\"https:\\\/\\\/quehacerpolitico.mx\\\/?p=19418#article\",\"isPartOf\":{\"@id\":\"https:\\\/\\\/quehacerpolitico.mx\\\/?p=19418\"},\"author\":{\"name\":\"Redacci\u00f3n QP\",\"@id\":\"https:\\\/\\\/quehacerpolitico.mx\\\/#\\\/schema\\\/person\\\/496d8ad2d1d3f8036101dca7ee39e585\"},\"headline\":\"\u00bfQu\u00e9 les pas\u00f3? \u00bfPor qu\u00e9 son tan violentos? Tatiana pide examinar a hombres por ataques a mujeres\",\"datePublished\":\"2019-03-06T18:00:57+00:00\",\"mainEntityOfPage\":{\"@id\":\"https:\\\/\\\/quehacerpolitico.mx\\\/?p=19418\"},\"wordCount\":791,\"commentCount\":0,\"image\":{\"@id\":\"https:\\\/\\\/quehacerpolitico.mx\\\/?p=19418#primaryimage\"},\"thumbnailUrl\":\"\",\"articleSection\":[\"Noticias\"],\"inLanguage\":\"es\",\"potentialAction\":[{\"@type\":\"CommentAction\",\"name\":\"Comment\",\"target\":[\"https:\\\/\\\/quehacerpolitico.mx\\\/?p=19418#respond\"]}]},{\"@type\":\"WebPage\",\"@id\":\"https:\\\/\\\/quehacerpolitico.mx\\\/?p=19418\",\"url\":\"https:\\\/\\\/quehacerpolitico.mx\\\/?p=19418\",\"name\":\"\u00bfQu\u00e9 les pas\u00f3? \u00bfPor qu\u00e9 son tan violentos? Tatiana pide examinar a hombres por ataques a mujeres -\",\"isPartOf\":{\"@id\":\"https:\\\/\\\/quehacerpolitico.mx\\\/#website\"},\"primaryImageOfPage\":{\"@id\":\"https:\\\/\\\/quehacerpolitico.mx\\\/?p=19418#primaryimage\"},\"image\":{\"@id\":\"https:\\\/\\\/quehacerpolitico.mx\\\/?p=19418#primaryimage\"},\"thumbnailUrl\":\"\",\"datePublished\":\"2019-03-06T18:00:57+00:00\",\"author\":{\"@id\":\"https:\\\/\\\/quehacerpolitico.mx\\\/#\\\/schema\\\/person\\\/496d8ad2d1d3f8036101dca7ee39e585\"},\"breadcrumb\":{\"@id\":\"https:\\\/\\\/quehacerpolitico.mx\\\/?p=19418#breadcrumb\"},\"inLanguage\":\"es\",\"potentialAction\":[{\"@type\":\"ReadAction\",\"target\":[\"https:\\\/\\\/quehacerpolitico.mx\\\/?p=19418\"]}]},{\"@type\":\"ImageObject\",\"inLanguage\":\"es\",\"@id\":\"https:\\\/\\\/quehacerpolitico.mx\\\/?p=19418#primaryimage\",\"url\":\"\",\"contentUrl\":\"\"},{\"@type\":\"BreadcrumbList\",\"@id\":\"https:\\\/\\\/quehacerpolitico.mx\\\/?p=19418#breadcrumb\",\"itemListElement\":[{\"@type\":\"ListItem\",\"position\":1,\"name\":\"Inicio\",\"item\":\"https:\\\/\\\/quehacerpolitico.mx\\\/\"},{\"@type\":\"ListItem\",\"position\":2,\"name\":\"\u00bfQu\u00e9 les pas\u00f3? \u00bfPor qu\u00e9 son tan violentos? Tatiana pide examinar a hombres por ataques a mujeres\"}]},{\"@type\":\"WebSite\",\"@id\":\"https:\\\/\\\/quehacerpolitico.mx\\\/#website\",\"url\":\"https:\\\/\\\/quehacerpolitico.mx\\\/\",\"name\":\"\",\"description\":\"\",\"potentialAction\":[{\"@type\":\"SearchAction\",\"target\":{\"@type\":\"EntryPoint\",\"urlTemplate\":\"https:\\\/\\\/quehacerpolitico.mx\\\/?s={search_term_string}\"},\"query-input\":{\"@type\":\"PropertyValueSpecification\",\"valueRequired\":true,\"valueName\":\"search_term_string\"}}],\"inLanguage\":\"es\"},{\"@type\":\"Person\",\"@id\":\"https:\\\/\\\/quehacerpolitico.mx\\\/#\\\/schema\\\/person\\\/496d8ad2d1d3f8036101dca7ee39e585\",\"name\":\"Redacci\u00f3n QP\",\"image\":{\"@type\":\"ImageObject\",\"inLanguage\":\"es\",\"@id\":\"https:\\\/\\\/secure.gravatar.com\\\/avatar\\\/c7164ed6fdec453195284ad24a5ae5b6e1eed2b848477fa2a4787ba9adf39a41?s=96&d=mm&r=g\",\"url\":\"https:\\\/\\\/secure.gravatar.com\\\/avatar\\\/c7164ed6fdec453195284ad24a5ae5b6e1eed2b848477fa2a4787ba9adf39a41?s=96&d=mm&r=g\",\"contentUrl\":\"https:\\\/\\\/secure.gravatar.com\\\/avatar\\\/c7164ed6fdec453195284ad24a5ae5b6e1eed2b848477fa2a4787ba9adf39a41?s=96&d=mm&r=g\",\"caption\":\"Redacci\u00f3n QP\"},\"url\":\"https:\\\/\\\/quehacerpolitico.mx\\\/?author=2\"}]}<\/script>\n<!-- \/ Yoast SEO plugin. -->","yoast_head_json":{"title":"\u00bfQu\u00e9 les pas\u00f3? \u00bfPor qu\u00e9 son tan violentos? Tatiana pide examinar a hombres por ataques a mujeres -","robots":{"index":"index","follow":"follow","max-snippet":"max-snippet:-1","max-image-preview":"max-image-preview:large","max-video-preview":"max-video-preview:-1"},"canonical":"https:\/\/quehacerpolitico.mx\/?p=19418","og_locale":"es_MX","og_type":"article","og_title":"\u00bfQu\u00e9 les pas\u00f3? \u00bfPor qu\u00e9 son tan violentos? Tatiana pide examinar a hombres por ataques a mujeres -","og_description":"\u00bfQu\u00e9 les pas\u00f3? \u00bfPor qu\u00e9 son tan violentos? Tatiana pide examinar a hombres por ataques a mujeres Por Redacci\u00f3n QP","og_url":"https:\/\/quehacerpolitico.mx\/?p=19418","article_published_time":"2019-03-06T18:00:57+00:00","author":"Redacci\u00f3n QP","twitter_card":"summary_large_image","twitter_misc":{"Escrito por":"Redacci\u00f3n QP","Tiempo de lectura":"4 minutos"},"schema":{"@context":"https:\/\/schema.org","@graph":[{"@type":"Article","@id":"https:\/\/quehacerpolitico.mx\/?p=19418#article","isPartOf":{"@id":"https:\/\/quehacerpolitico.mx\/?p=19418"},"author":{"name":"Redacci\u00f3n QP","@id":"https:\/\/quehacerpolitico.mx\/#\/schema\/person\/496d8ad2d1d3f8036101dca7ee39e585"},"headline":"\u00bfQu\u00e9 les pas\u00f3? \u00bfPor qu\u00e9 son tan violentos? Tatiana pide examinar a hombres por ataques a mujeres","datePublished":"2019-03-06T18:00:57+00:00","mainEntityOfPage":{"@id":"https:\/\/quehacerpolitico.mx\/?p=19418"},"wordCount":791,"commentCount":0,"image":{"@id":"https:\/\/quehacerpolitico.mx\/?p=19418#primaryimage"},"thumbnailUrl":"","articleSection":["Noticias"],"inLanguage":"es","potentialAction":[{"@type":"CommentAction","name":"Comment","target":["https:\/\/quehacerpolitico.mx\/?p=19418#respond"]}]},{"@type":"WebPage","@id":"https:\/\/quehacerpolitico.mx\/?p=19418","url":"https:\/\/quehacerpolitico.mx\/?p=19418","name":"\u00bfQu\u00e9 les pas\u00f3? \u00bfPor qu\u00e9 son tan violentos? Tatiana pide examinar a hombres por ataques a mujeres -","isPartOf":{"@id":"https:\/\/quehacerpolitico.mx\/#website"},"primaryImageOfPage":{"@id":"https:\/\/quehacerpolitico.mx\/?p=19418#primaryimage"},"image":{"@id":"https:\/\/quehacerpolitico.mx\/?p=19418#primaryimage"},"thumbnailUrl":"","datePublished":"2019-03-06T18:00:57+00:00","author":{"@id":"https:\/\/quehacerpolitico.mx\/#\/schema\/person\/496d8ad2d1d3f8036101dca7ee39e585"},"breadcrumb":{"@id":"https:\/\/quehacerpolitico.mx\/?p=19418#breadcrumb"},"inLanguage":"es","potentialAction":[{"@type":"ReadAction","target":["https:\/\/quehacerpolitico.mx\/?p=19418"]}]},{"@type":"ImageObject","inLanguage":"es","@id":"https:\/\/quehacerpolitico.mx\/?p=19418#primaryimage","url":"","contentUrl":""},{"@type":"BreadcrumbList","@id":"https:\/\/quehacerpolitico.mx\/?p=19418#breadcrumb","itemListElement":[{"@type":"ListItem","position":1,"name":"Inicio","item":"https:\/\/quehacerpolitico.mx\/"},{"@type":"ListItem","position":2,"name":"\u00bfQu\u00e9 les pas\u00f3? \u00bfPor qu\u00e9 son tan violentos? Tatiana pide examinar a hombres por ataques a mujeres"}]},{"@type":"WebSite","@id":"https:\/\/quehacerpolitico.mx\/#website","url":"https:\/\/quehacerpolitico.mx\/","name":"","description":"","potentialAction":[{"@type":"SearchAction","target":{"@type":"EntryPoint","urlTemplate":"https:\/\/quehacerpolitico.mx\/?s={search_term_string}"},"query-input":{"@type":"PropertyValueSpecification","valueRequired":true,"valueName":"search_term_string"}}],"inLanguage":"es"},{"@type":"Person","@id":"https:\/\/quehacerpolitico.mx\/#\/schema\/person\/496d8ad2d1d3f8036101dca7ee39e585","name":"Redacci\u00f3n QP","image":{"@type":"ImageObject","inLanguage":"es","@id":"https:\/\/secure.gravatar.com\/avatar\/c7164ed6fdec453195284ad24a5ae5b6e1eed2b848477fa2a4787ba9adf39a41?s=96&d=mm&r=g","url":"https:\/\/secure.gravatar.com\/avatar\/c7164ed6fdec453195284ad24a5ae5b6e1eed2b848477fa2a4787ba9adf39a41?s=96&d=mm&r=g","contentUrl":"https:\/\/secure.gravatar.com\/avatar\/c7164ed6fdec453195284ad24a5ae5b6e1eed2b848477fa2a4787ba9adf39a41?s=96&d=mm&r=g","caption":"Redacci\u00f3n QP"},"url":"https:\/\/quehacerpolitico.mx\/?author=2"}]}},"featured_image_urls":{"full":"","thumbnail":"","medium":"","medium_large":"","large":"","1536x1536":"","2048x2048":"","covernews-featured":"","covernews-medium":""},"author_info":{"display_name":"Redacci\u00f3n QP","author_link":"https:\/\/quehacerpolitico.mx\/?author=2"},"category_info":"<a href=\"https:\/\/quehacerpolitico.mx\/?cat=2\" rel=\"category\">Noticias<\/a>","tag_info":"Noticias","comment_count":"0","_links":{"self":[{"href":"https:\/\/quehacerpolitico.mx\/index.php?rest_route=\/wp\/v2\/posts\/19418","targetHints":{"allow":["GET"]}}],"collection":[{"href":"https:\/\/quehacerpolitico.mx\/index.php?rest_route=\/wp\/v2\/posts"}],"about":[{"href":"https:\/\/quehacerpolitico.mx\/index.php?rest_route=\/wp\/v2\/types\/post"}],"author":[{"embeddable":true,"href":"https:\/\/quehacerpolitico.mx\/index.php?rest_route=\/wp\/v2\/users\/2"}],"replies":[{"embeddable":true,"href":"https:\/\/quehacerpolitico.mx\/index.php?rest_route=%2Fwp%2Fv2%2Fcomments&post=19418"}],"version-history":[{"count":0,"href":"https:\/\/quehacerpolitico.mx\/index.php?rest_route=\/wp\/v2\/posts\/19418\/revisions"}],"wp:featuredmedia":[{"embeddable":true,"href":"https:\/\/quehacerpolitico.mx\/index.php?rest_route=\/"}],"wp:attachment":[{"href":"https:\/\/quehacerpolitico.mx\/index.php?rest_route=%2Fwp%2Fv2%2Fmedia&parent=19418"}],"wp:term":[{"taxonomy":"category","embeddable":true,"href":"https:\/\/quehacerpolitico.mx\/index.php?rest_route=%2Fwp%2Fv2%2Fcategories&post=19418"},{"taxonomy":"post_tag","embeddable":true,"href":"https:\/\/quehacerpolitico.mx\/index.php?rest_route=%2Fwp%2Fv2%2Ftags&post=19418"}],"curies":[{"name":"wp","href":"https:\/\/api.w.org\/{rel}","templated":true}]}}