{"id":19344,"date":"2019-03-06T14:48:37","date_gmt":"2019-03-06T14:48:37","guid":{"rendered":"http:\/\/quehacerpolitico.mx\/carreras-militares-opcion-para-desarrollo-profesional-de-mujeres\/"},"modified":"2019-03-06T14:48:37","modified_gmt":"2019-03-06T14:48:37","slug":"carreras-militares-opcion-para-desarrollo-profesional-de-mujeres","status":"publish","type":"post","link":"https:\/\/quehacerpolitico.mx\/?p=19344","title":{"rendered":"Carreras militares, opci\u00f3n para desarrollo profesional de mujeres"},"content":{"rendered":"<p>Carreras militares, opci\u00f3n para desarrollo profesional de mujeres<\/p>\n<p>Por Redacci\u00f3n QP<\/p>\n<p>Las escuelas que ofrecen carreras militares como medicina y enfermer\u00eda representan una opci\u00f3n de proyecto de vida profesional para los j\u00f3venes mexicanos, donde las mujeres pueden destacar y dar lo mejor de s\u00ed mismas.<\/p>\n<p>En el Centro de Estudios Navales en Ciencias de la Salud, en esta capital, se imparten las licenciaturas de m\u00e9dico naval y enfermer\u00eda, donde 154 mujeres estudian esta \u00faltima especialidad, lo que representan 85 por ciento del total de alumnos que la cursan.<\/p>\n<p>Mientras que 167 f\u00e9minas se preparan como m\u00e9dicos navales, que al egresar tiene el t\u00edtulo de m\u00e9dicos cirujanos generales, equivalente a m\u00e1s del 50 por ciento del total de los j\u00f3venes que cursan esta carrera universitaria.<\/p>\n<p>La Escuela M\u00e9dico Naval tiene 30 a\u00f1os y en ella han estudiado mujeres y hombres desde el inicio; este a\u00f1o se graduar\u00e1 en agosto la generaci\u00f3n 27, en tanto que de enfermer\u00eda tambi\u00e9n lo har\u00e1 la octava generaci\u00f3n de licenciados en ese mismo mes.<\/p>\n<p>Sin embargo, la Escuela de Enfermer\u00eda Naval tiene 45 a\u00f1os y antes se preparaban como t\u00e9cnicos en esta materia; hace ocho a\u00f1os la instituci\u00f3n se estandariz\u00f3 a licenciatura, y la Heroica Escuela Naval Militar, que est\u00e1 en Ant\u00f3n Lizardo, Veracruz, se abri\u00f3 para que ingresara personal femenino en 2008.<\/p>\n<p>De esta manera han egresado, desde ese a\u00f1o a 2018, 131 mujeres que se preparan en carreras como cuerpo general, que se encargan de todo lo que se hace en los barcos; infanter\u00eda de marina; log\u00edstica; aeron\u00e1utica naval, ingeniero mec\u00e1nico naval; ingeniero en electricidad, y comunicaciones navales.<\/p>\n<p>Este sistema educativo naval ofrece a los aspirantes que deseen ingresar una beca integral, donde se les dota de todos los materiales y libros para que estudien, as\u00ed como alojamiento y alimentos.<\/p>\n<p>Adem\u00e1s la escuela cuenta con los equipos m\u00e1s avanzados para la ense\u00f1anza de las ciencias de la salud, laboratorios y salones de pr\u00e1cticas totalmente instalados, con equipos y tecnolog\u00eda que permite a los estudiantes no s\u00f3lo tener la teor\u00eda sino la pr\u00e1ctica y experiencia en las ciencias de curar.<\/p>\n<p>En entrevista Karen Peralta S\u00e1nchez, teniente de corneta del Servicio de Sanidad Naval, m\u00e9dico cirujano naval, imparte la c\u00e1tedra de conocimientos marinos, qu\u00e9 es lo que tiene que saber un m\u00e9dico cuando est\u00e1 en funciones un barco o en un buque.<\/p>\n<p>Destac\u00f3 que para la Secretar\u00eda de Marina es muy importante reconocer la labor de la mujer, y para ella que egres\u00f3 en 2016 representa un reto d\u00eda a d\u00eda brindar la mejor versi\u00f3n de s\u00ed misma.<\/p>\n<p>&#8220;Servir a M\u00e9xico ha sido para m\u00ed como un objetivo desde que ingrese a la Armada, y creo que m\u00e1s que una carrera se ha vuelto un proyecto de vida, pues desde peque\u00f1a tuve la idea de ayudar a las personas, y despu\u00e9s de analizar las instituciones, incluso que resaltan en el \u00e1mbito internacional, decid\u00ed ingresar a la Armada de M\u00e9xico por ser la mejor&#8221;, puntualiz\u00f3.<\/p>\n<p>Considera que es fundamental tanto la participaci\u00f3n del hombre como de la mujer, &#8220;somos un equipo, el hecho es que trabajamos d\u00eda a d\u00eda, hombro con hombro, todos, en la formaci\u00f3n de un mejor pa\u00eds&#8221;.<\/p>\n<p>Invit\u00f3 a las mujeres a ser esa fuerza que tambi\u00e9n necesita M\u00e9xico. &#8220;Todo lo que la mujer hace y en donde se desempe\u00f1a, en mi caso en las Fuerzas Armadas, creo que es de suma importancia, y ayuda a creer que no existen los l\u00edmites, nada m\u00e1s cuando uno se los crea&#8221;.<\/p>\n<p>Afirm\u00f3 que la instituci\u00f3n federal es incluyente y adem\u00e1s tiene organismos y mecanismos que sancionan la agresi\u00f3n hacia las mujeres y conductas irregulares, por eso invit\u00f3 a las f\u00e9minas y a los hombres entre 18 y 22 a\u00f1os de edad a consultar la convocatoria para ingresar a las Escuelas de la Armada de M\u00e9xico, que estar\u00e1 abierta hasta el 25 de marzo en www.gob.mx\/semar.<\/p>\n<p>&#8220;Yo les dir\u00eda todas las mujeres que quieran formar parte de nuestra instituci\u00f3n que van a ser amablemente bienvenidas y que van a encontrar una forma de superarse a s\u00ed mismas, de seguir en constante capacitaci\u00f3n y sobre todo de tener un mejor proyecto de vida&#8221;, subray\u00f3.<\/p>\n<p>Carla Mariana C\u00e1rdenas Soriano, cadete de quinto a\u00f1o de la Escuela M\u00e9dico Naval, que es el \u00faltimo que cursa, se graduar\u00e1 en agosto pr\u00f3ximo, continuar\u00e1 su internado y luego har\u00e1 la especialidad de pediatr\u00eda neonat\u00f3loga.<\/p>\n<p>&#8220;Yo siempre quise estudiar medicina, pero al enterarme de la existencia de la Escuela M\u00e9dico Naval fue a trav\u00e9s de una convocatoria en una feria de universidades. Fue la \u00fanica universidad que me interes\u00f3, present\u00e9 mi examen y quede&#8221;, coment\u00f3.<\/p>\n<p>Indic\u00f3 que para ella es un gran orgullo, pues &#8220;la verdad es un medio que nos ofrece distintas oportunidades, que permite prepararte tanto profesionalmente como personalmente, y a m\u00ed me cambio la vida y estoy orgullosa de pertenecer aqu\u00ed&#8221;.<\/p>\n<p>Margaret Iridian Marroqui Espinosa, cadete de cuarto a\u00f1o de la Escuela de Enfermer\u00eda Naval, tambi\u00e9n egresar\u00e1 en agosto y continuar\u00e1 su internado en un hospital naval; luego seguir\u00e1 para especializarse en neonatolog\u00eda.<\/p>\n<p>&#8220;El ingresar a los planteles educativos navales represent\u00f3 un gran reto para m\u00ed, el hecho de salir de mi casa, de mi zona de confort e ir a experimentar cosas nuevas&#8221;, puntualiz\u00f3.<\/p>\n<p>Destac\u00f3 que la oportunidad que le dio la Secretar\u00eda de Marina, la Escuela de Enfermer\u00eda Naval, de estudiar una carrera a nivel profesional ha sido muy buena, muy satisfactoria, &#8220;nos inculca mucho los valores institucionales del honor, del deber, la lealtad, el patriotismo y principalmente el humanismo como parte del equipo de sanidad naval&#8221;.<\/p>\n<p>Desde peque\u00f1a, resalt\u00f3, le gustaba curar y cuidar y descubri\u00f3 que siempre quiso ser enfermera; sin embargo, las oportunidades en la vida civil no le permit\u00edan seguir estudiando, y en la Secretar\u00eda de Marina tuvo esa oportunidad de contar con una beca de estudios, adem\u00e1s de que las instalaciones tienen tecnolog\u00eda de punta.<\/p>\n<p>En la licenciatura en enfermer\u00eda las preparan profesionalmente y egresan con los conocimientos necesarios para atender al personal militar, a los derechohabientes e incluso a la sociedad en general en casos de desastres, o cuando ellos requieran de su presencia.<\/p>\n<p>&#8220;El estudiar aqu\u00ed es una beca completa, nos dan alojamiento, comida y una pensi\u00f3n recreativa para cubrir gastos m\u00ednimos, de art\u00edculos de aseo personal. La beca cubre todos los gastos, nos dan uniformes, libros y todo lo que necesitemos durante nuestra preparaci\u00f3n como cadetes&#8221;, indic\u00f3.<\/p>\n<p>Finalmente tambi\u00e9n invit\u00f3 a los j\u00f3venes que hayan terminado el bachillerato a que ingresen a los planteles educativos navales, porque &#8220;realmente es una excelente oportunidad de continuar sus estudios, y m\u00e1s que seguir estudiando la Universidad Naval te ofrece un proyecto de vida&#8221;.\u00a0<\/p>\n<p>Con Informaci\u00f3n de NTX<\/p>\n","protected":false},"excerpt":{"rendered":"<p>Carreras militares, opci\u00f3n para desarrollo profesional de mujeres<br \/>\nPor Redacci\u00f3n QP<\/p>\n","protected":false},"author":2,"featured_media":19343,"comment_status":"open","ping_status":"open","sticky":false,"template":"","format":"standard","meta":{"_monsterinsights_skip_tracking":false,"_monsterinsights_sitenote_active":false,"_monsterinsights_sitenote_note":"","_monsterinsights_sitenote_category":0,"footnotes":""},"categories":[2],"tags":[],"class_list":["post-19344","post","type-post","status-publish","format-standard","has-post-thumbnail","hentry","category-noticias"],"yoast_head":"<!-- This site is optimized with the Yoast SEO plugin v27.3 - https:\/\/yoast.com\/product\/yoast-seo-wordpress\/ -->\n<title>Carreras militares, opci\u00f3n para desarrollo profesional de mujeres -<\/title>\n<meta name=\"robots\" content=\"index, follow, max-snippet:-1, max-image-preview:large, max-video-preview:-1\" \/>\n<link rel=\"canonical\" href=\"https:\/\/quehacerpolitico.mx\/?p=19344\" \/>\n<meta property=\"og:locale\" content=\"es_MX\" \/>\n<meta property=\"og:type\" content=\"article\" \/>\n<meta property=\"og:title\" content=\"Carreras militares, opci\u00f3n para desarrollo profesional de mujeres -\" \/>\n<meta property=\"og:description\" content=\"Carreras militares, opci\u00f3n para desarrollo profesional de mujeres Por Redacci\u00f3n QP\" \/>\n<meta property=\"og:url\" content=\"https:\/\/quehacerpolitico.mx\/?p=19344\" \/>\n<meta property=\"article:published_time\" content=\"2019-03-06T14:48:37+00:00\" \/>\n<meta name=\"author\" content=\"Redacci\u00f3n QP\" \/>\n<meta name=\"twitter:card\" content=\"summary_large_image\" \/>\n<meta name=\"twitter:label1\" content=\"Escrito por\" \/>\n\t<meta name=\"twitter:data1\" content=\"Redacci\u00f3n QP\" \/>\n\t<meta name=\"twitter:label2\" content=\"Tiempo de lectura\" \/>\n\t<meta name=\"twitter:data2\" content=\"6 minutos\" \/>\n<script type=\"application\/ld+json\" class=\"yoast-schema-graph\">{\"@context\":\"https:\\\/\\\/schema.org\",\"@graph\":[{\"@type\":\"Article\",\"@id\":\"https:\\\/\\\/quehacerpolitico.mx\\\/?p=19344#article\",\"isPartOf\":{\"@id\":\"https:\\\/\\\/quehacerpolitico.mx\\\/?p=19344\"},\"author\":{\"name\":\"Redacci\u00f3n QP\",\"@id\":\"https:\\\/\\\/quehacerpolitico.mx\\\/#\\\/schema\\\/person\\\/496d8ad2d1d3f8036101dca7ee39e585\"},\"headline\":\"Carreras militares, opci\u00f3n para desarrollo profesional de mujeres\",\"datePublished\":\"2019-03-06T14:48:37+00:00\",\"mainEntityOfPage\":{\"@id\":\"https:\\\/\\\/quehacerpolitico.mx\\\/?p=19344\"},\"wordCount\":1200,\"commentCount\":0,\"image\":{\"@id\":\"https:\\\/\\\/quehacerpolitico.mx\\\/?p=19344#primaryimage\"},\"thumbnailUrl\":\"\",\"articleSection\":[\"Noticias\"],\"inLanguage\":\"es\",\"potentialAction\":[{\"@type\":\"CommentAction\",\"name\":\"Comment\",\"target\":[\"https:\\\/\\\/quehacerpolitico.mx\\\/?p=19344#respond\"]}]},{\"@type\":\"WebPage\",\"@id\":\"https:\\\/\\\/quehacerpolitico.mx\\\/?p=19344\",\"url\":\"https:\\\/\\\/quehacerpolitico.mx\\\/?p=19344\",\"name\":\"Carreras militares, opci\u00f3n para desarrollo profesional de mujeres -\",\"isPartOf\":{\"@id\":\"https:\\\/\\\/quehacerpolitico.mx\\\/#website\"},\"primaryImageOfPage\":{\"@id\":\"https:\\\/\\\/quehacerpolitico.mx\\\/?p=19344#primaryimage\"},\"image\":{\"@id\":\"https:\\\/\\\/quehacerpolitico.mx\\\/?p=19344#primaryimage\"},\"thumbnailUrl\":\"\",\"datePublished\":\"2019-03-06T14:48:37+00:00\",\"author\":{\"@id\":\"https:\\\/\\\/quehacerpolitico.mx\\\/#\\\/schema\\\/person\\\/496d8ad2d1d3f8036101dca7ee39e585\"},\"breadcrumb\":{\"@id\":\"https:\\\/\\\/quehacerpolitico.mx\\\/?p=19344#breadcrumb\"},\"inLanguage\":\"es\",\"potentialAction\":[{\"@type\":\"ReadAction\",\"target\":[\"https:\\\/\\\/quehacerpolitico.mx\\\/?p=19344\"]}]},{\"@type\":\"ImageObject\",\"inLanguage\":\"es\",\"@id\":\"https:\\\/\\\/quehacerpolitico.mx\\\/?p=19344#primaryimage\",\"url\":\"\",\"contentUrl\":\"\"},{\"@type\":\"BreadcrumbList\",\"@id\":\"https:\\\/\\\/quehacerpolitico.mx\\\/?p=19344#breadcrumb\",\"itemListElement\":[{\"@type\":\"ListItem\",\"position\":1,\"name\":\"Inicio\",\"item\":\"https:\\\/\\\/quehacerpolitico.mx\\\/\"},{\"@type\":\"ListItem\",\"position\":2,\"name\":\"Carreras militares, opci\u00f3n para desarrollo profesional de mujeres\"}]},{\"@type\":\"WebSite\",\"@id\":\"https:\\\/\\\/quehacerpolitico.mx\\\/#website\",\"url\":\"https:\\\/\\\/quehacerpolitico.mx\\\/\",\"name\":\"\",\"description\":\"\",\"potentialAction\":[{\"@type\":\"SearchAction\",\"target\":{\"@type\":\"EntryPoint\",\"urlTemplate\":\"https:\\\/\\\/quehacerpolitico.mx\\\/?s={search_term_string}\"},\"query-input\":{\"@type\":\"PropertyValueSpecification\",\"valueRequired\":true,\"valueName\":\"search_term_string\"}}],\"inLanguage\":\"es\"},{\"@type\":\"Person\",\"@id\":\"https:\\\/\\\/quehacerpolitico.mx\\\/#\\\/schema\\\/person\\\/496d8ad2d1d3f8036101dca7ee39e585\",\"name\":\"Redacci\u00f3n QP\",\"image\":{\"@type\":\"ImageObject\",\"inLanguage\":\"es\",\"@id\":\"https:\\\/\\\/secure.gravatar.com\\\/avatar\\\/c7164ed6fdec453195284ad24a5ae5b6e1eed2b848477fa2a4787ba9adf39a41?s=96&d=mm&r=g\",\"url\":\"https:\\\/\\\/secure.gravatar.com\\\/avatar\\\/c7164ed6fdec453195284ad24a5ae5b6e1eed2b848477fa2a4787ba9adf39a41?s=96&d=mm&r=g\",\"contentUrl\":\"https:\\\/\\\/secure.gravatar.com\\\/avatar\\\/c7164ed6fdec453195284ad24a5ae5b6e1eed2b848477fa2a4787ba9adf39a41?s=96&d=mm&r=g\",\"caption\":\"Redacci\u00f3n QP\"},\"url\":\"https:\\\/\\\/quehacerpolitico.mx\\\/?author=2\"}]}<\/script>\n<!-- \/ Yoast SEO plugin. -->","yoast_head_json":{"title":"Carreras militares, opci\u00f3n para desarrollo profesional de mujeres -","robots":{"index":"index","follow":"follow","max-snippet":"max-snippet:-1","max-image-preview":"max-image-preview:large","max-video-preview":"max-video-preview:-1"},"canonical":"https:\/\/quehacerpolitico.mx\/?p=19344","og_locale":"es_MX","og_type":"article","og_title":"Carreras militares, opci\u00f3n para desarrollo profesional de mujeres -","og_description":"Carreras militares, opci\u00f3n para desarrollo profesional de mujeres Por Redacci\u00f3n QP","og_url":"https:\/\/quehacerpolitico.mx\/?p=19344","article_published_time":"2019-03-06T14:48:37+00:00","author":"Redacci\u00f3n QP","twitter_card":"summary_large_image","twitter_misc":{"Escrito por":"Redacci\u00f3n QP","Tiempo de lectura":"6 minutos"},"schema":{"@context":"https:\/\/schema.org","@graph":[{"@type":"Article","@id":"https:\/\/quehacerpolitico.mx\/?p=19344#article","isPartOf":{"@id":"https:\/\/quehacerpolitico.mx\/?p=19344"},"author":{"name":"Redacci\u00f3n QP","@id":"https:\/\/quehacerpolitico.mx\/#\/schema\/person\/496d8ad2d1d3f8036101dca7ee39e585"},"headline":"Carreras militares, opci\u00f3n para desarrollo profesional de mujeres","datePublished":"2019-03-06T14:48:37+00:00","mainEntityOfPage":{"@id":"https:\/\/quehacerpolitico.mx\/?p=19344"},"wordCount":1200,"commentCount":0,"image":{"@id":"https:\/\/quehacerpolitico.mx\/?p=19344#primaryimage"},"thumbnailUrl":"","articleSection":["Noticias"],"inLanguage":"es","potentialAction":[{"@type":"CommentAction","name":"Comment","target":["https:\/\/quehacerpolitico.mx\/?p=19344#respond"]}]},{"@type":"WebPage","@id":"https:\/\/quehacerpolitico.mx\/?p=19344","url":"https:\/\/quehacerpolitico.mx\/?p=19344","name":"Carreras militares, opci\u00f3n para desarrollo profesional de mujeres -","isPartOf":{"@id":"https:\/\/quehacerpolitico.mx\/#website"},"primaryImageOfPage":{"@id":"https:\/\/quehacerpolitico.mx\/?p=19344#primaryimage"},"image":{"@id":"https:\/\/quehacerpolitico.mx\/?p=19344#primaryimage"},"thumbnailUrl":"","datePublished":"2019-03-06T14:48:37+00:00","author":{"@id":"https:\/\/quehacerpolitico.mx\/#\/schema\/person\/496d8ad2d1d3f8036101dca7ee39e585"},"breadcrumb":{"@id":"https:\/\/quehacerpolitico.mx\/?p=19344#breadcrumb"},"inLanguage":"es","potentialAction":[{"@type":"ReadAction","target":["https:\/\/quehacerpolitico.mx\/?p=19344"]}]},{"@type":"ImageObject","inLanguage":"es","@id":"https:\/\/quehacerpolitico.mx\/?p=19344#primaryimage","url":"","contentUrl":""},{"@type":"BreadcrumbList","@id":"https:\/\/quehacerpolitico.mx\/?p=19344#breadcrumb","itemListElement":[{"@type":"ListItem","position":1,"name":"Inicio","item":"https:\/\/quehacerpolitico.mx\/"},{"@type":"ListItem","position":2,"name":"Carreras militares, opci\u00f3n para desarrollo profesional de mujeres"}]},{"@type":"WebSite","@id":"https:\/\/quehacerpolitico.mx\/#website","url":"https:\/\/quehacerpolitico.mx\/","name":"","description":"","potentialAction":[{"@type":"SearchAction","target":{"@type":"EntryPoint","urlTemplate":"https:\/\/quehacerpolitico.mx\/?s={search_term_string}"},"query-input":{"@type":"PropertyValueSpecification","valueRequired":true,"valueName":"search_term_string"}}],"inLanguage":"es"},{"@type":"Person","@id":"https:\/\/quehacerpolitico.mx\/#\/schema\/person\/496d8ad2d1d3f8036101dca7ee39e585","name":"Redacci\u00f3n QP","image":{"@type":"ImageObject","inLanguage":"es","@id":"https:\/\/secure.gravatar.com\/avatar\/c7164ed6fdec453195284ad24a5ae5b6e1eed2b848477fa2a4787ba9adf39a41?s=96&d=mm&r=g","url":"https:\/\/secure.gravatar.com\/avatar\/c7164ed6fdec453195284ad24a5ae5b6e1eed2b848477fa2a4787ba9adf39a41?s=96&d=mm&r=g","contentUrl":"https:\/\/secure.gravatar.com\/avatar\/c7164ed6fdec453195284ad24a5ae5b6e1eed2b848477fa2a4787ba9adf39a41?s=96&d=mm&r=g","caption":"Redacci\u00f3n QP"},"url":"https:\/\/quehacerpolitico.mx\/?author=2"}]}},"featured_image_urls":{"full":"","thumbnail":"","medium":"","medium_large":"","large":"","1536x1536":"","2048x2048":"","covernews-featured":"","covernews-medium":""},"author_info":{"display_name":"Redacci\u00f3n QP","author_link":"https:\/\/quehacerpolitico.mx\/?author=2"},"category_info":"<a href=\"https:\/\/quehacerpolitico.mx\/?cat=2\" rel=\"category\">Noticias<\/a>","tag_info":"Noticias","comment_count":"0","_links":{"self":[{"href":"https:\/\/quehacerpolitico.mx\/index.php?rest_route=\/wp\/v2\/posts\/19344","targetHints":{"allow":["GET"]}}],"collection":[{"href":"https:\/\/quehacerpolitico.mx\/index.php?rest_route=\/wp\/v2\/posts"}],"about":[{"href":"https:\/\/quehacerpolitico.mx\/index.php?rest_route=\/wp\/v2\/types\/post"}],"author":[{"embeddable":true,"href":"https:\/\/quehacerpolitico.mx\/index.php?rest_route=\/wp\/v2\/users\/2"}],"replies":[{"embeddable":true,"href":"https:\/\/quehacerpolitico.mx\/index.php?rest_route=%2Fwp%2Fv2%2Fcomments&post=19344"}],"version-history":[{"count":0,"href":"https:\/\/quehacerpolitico.mx\/index.php?rest_route=\/wp\/v2\/posts\/19344\/revisions"}],"wp:featuredmedia":[{"embeddable":true,"href":"https:\/\/quehacerpolitico.mx\/index.php?rest_route=\/"}],"wp:attachment":[{"href":"https:\/\/quehacerpolitico.mx\/index.php?rest_route=%2Fwp%2Fv2%2Fmedia&parent=19344"}],"wp:term":[{"taxonomy":"category","embeddable":true,"href":"https:\/\/quehacerpolitico.mx\/index.php?rest_route=%2Fwp%2Fv2%2Fcategories&post=19344"},{"taxonomy":"post_tag","embeddable":true,"href":"https:\/\/quehacerpolitico.mx\/index.php?rest_route=%2Fwp%2Fv2%2Ftags&post=19344"}],"curies":[{"name":"wp","href":"https:\/\/api.w.org\/{rel}","templated":true}]}}