{"id":19285,"date":"2019-03-06T02:02:20","date_gmt":"2019-03-06T02:02:20","guid":{"rendered":"http:\/\/quehacerpolitico.mx\/falla-en-las-escaleras-electricas-del-metro-mixcoac-deja-al-menos-8-lesionados-en-la-linea-7\/"},"modified":"2019-03-06T02:02:20","modified_gmt":"2019-03-06T02:02:20","slug":"falla-en-las-escaleras-electricas-del-metro-mixcoac-deja-al-menos-8-lesionados-en-la-linea-7","status":"publish","type":"post","link":"https:\/\/quehacerpolitico.mx\/?p=19285","title":{"rendered":"Falla en las escaleras el\u00e9ctricas del Metro Mixcoac deja al menos 8 lesionados en la L\u00ednea 7"},"content":{"rendered":"<h1>Falla en las escaleras el\u00e9ctricas del Metro Mixcoac deja al menos 8 lesionados en la L\u00ednea 7<\/h1>\n<p>Por Redacci\u00f3n QP<\/p>\n<p>Una<strong> falla mec\u00e1nica<\/strong> en una de las <strong>escaleras<\/strong><strong>el\u00e9ctricas<\/strong> de la estaci\u00f3n <strong>Mixcoac<\/strong>, de la L\u00ednea 7 del Sistema de Transporte Colectivo (<strong>STC<\/strong>) M<strong>etro<\/strong>, provoc\u00f3 que al menos <strong>ocho<\/strong> personas resultaran <strong>lesionadas<\/strong>.<\/p>\n<p>A trav\u00e9s de una tarjeta informativa, el <strong>STC<\/strong>detall\u00f3 que el <strong>malfuncionamiento<\/strong> presentado en una <strong>escalera<\/strong> <strong>electromec\u00e1nica<\/strong>, misma que cuenta con<strong> 33 a\u00f1os de antig\u00fcedad<\/strong>, provoc\u00f3 que \u00e9sta se <strong>detuviera de manera imprevista<\/strong>.<\/p>\n<p>En este incidente al menos <strong>ocho persona<\/strong>s resultaron afectadas con <strong>lesiones leves<\/strong>, <strong>dos<\/strong> de las cuales fueron <strong>atendidas<\/strong> mediante el <strong>seguro del Sistema de Transporte Colectivo<\/strong>, continu\u00f3 el documento.<\/p>\n<blockquote class=\"twitter-tweet\" data-width=\"550\" data-dnt=\"true\">\n<p lang=\"es\" dir=\"ltr\">Con relaci\u00f3n a la falla de la escalera en L\u00ednea 7, el Sistema de Transporte Colectivo Informa lo siguiente: <a href=\"https:\/\/t.co\/FEo25Wfs3s\">pic.twitter.com\/FEo25Wfs3s<\/a><\/p>\n<p>&mdash; MetroCDMX (@MetroCDMX) <a href=\"https:\/\/twitter.com\/MetroCDMX\/status\/1103086783997202432?ref_src=twsrc%5Etfw\">March 6, 2019<\/a><\/p><\/blockquote>\n<p><script async src=\"https:\/\/platform.twitter.com\/widgets.js\" charset=\"utf-8\"><\/script><\/p>\n<p>Finalmente el STC asegur\u00f3 que se est\u00e1n revisando todas las escaleras el\u00e9ctricas de la misma serie, con el prop\u00f3sito de evitar incidentes similares en el futuro.<\/p>\n<p>Por su parte, la Secretar\u00eda de Seguridad Ciudadana de la Ciudad de M\u00e9xico (SSC-CdMx) inform\u00f3 que elementos esta dependencia brindaron auxilio a las personas que resultaron lesionadas tras este incidente, con el fin de que recibieran atenci\u00f3n m\u00e9dica.<\/p>\n<blockquote class=\"twitter-tweet\" data-width=\"550\" data-dnt=\"true\">\n<p lang=\"es\" dir=\"ltr\">Tras un incidente en la estaci\u00f3n Mixcoac, auxiliamos a personas que resultaron lesionadas y las canalizamos para que recibieran servicio m\u00e9dico. <a href=\"https:\/\/t.co\/TcclAluDIN\">pic.twitter.com\/TcclAluDIN<\/a><\/p>\n<p>&mdash; SSC CDMX (@SSC_CDMX) <a href=\"https:\/\/twitter.com\/SSC_CDMX\/status\/1103078319610839041?ref_src=twsrc%5Etfw\">March 5, 2019<\/a><\/p><\/blockquote>\n<p><script async src=\"https:\/\/platform.twitter.com\/widgets.js\" charset=\"utf-8\"><\/script><\/p>\n<p><strong>FALLAN ESCALERAS DEL METRO<\/strong><\/p>\n<p>Hace menos de un mes, el pasado 8 de febrero, varios usuarios que transitaban por la estaci\u00f3n Tacubaya del Sistema de Transporte Colectivo (STC) Metro, vivieron momentos de angustia al descomponerse las escaleras el\u00e9ctricas que auxilian al transborde entre estaciones.<\/p>\n<p>A trav\u00e9s de un video difundido en redes sociales, se observa c\u00f3mo una de las escaleras el\u00e9ctricas en un and\u00e9n deja de funcionar, y debido a la aglomeraci\u00f3n de personas que ven\u00edan detr\u00e1s, las personas de adelante se detienen y provocan ca\u00eddas y golpes de los dem\u00e1s usuarios.<\/p>\n<p>En el video se observa a una madre con su beb\u00e9 cayendo y siendo arrastrados por las escaleras, sin embargo gracias al apoyo de las personas que se encontraba alrededor lograron evitar que se golpeara junto con el menor.<\/p>\n","protected":false},"excerpt":{"rendered":"<p>Falla en las escaleras el\u00e9ctricas del Metro Mixcoac deja al menos 8 lesionados en la L\u00ednea 7<br \/>\nPor Redacci\u00f3n QP<\/p>\n","protected":false},"author":2,"featured_media":19284,"comment_status":"open","ping_status":"open","sticky":false,"template":"","format":"standard","meta":{"_monsterinsights_skip_tracking":false,"_monsterinsights_sitenote_active":false,"_monsterinsights_sitenote_note":"","_monsterinsights_sitenote_category":0,"footnotes":""},"categories":[55],"tags":[],"class_list":["post-19285","post","type-post","status-publish","format-standard","has-post-thumbnail","hentry","category-cdmx"],"yoast_head":"<!-- This site is optimized with the Yoast SEO plugin v27.3 - https:\/\/yoast.com\/product\/yoast-seo-wordpress\/ -->\n<title>Falla en las escaleras el\u00e9ctricas del Metro Mixcoac deja al menos 8 lesionados en la L\u00ednea 7 -<\/title>\n<meta name=\"robots\" content=\"index, follow, max-snippet:-1, max-image-preview:large, max-video-preview:-1\" \/>\n<link rel=\"canonical\" href=\"https:\/\/quehacerpolitico.mx\/?p=19285\" \/>\n<meta property=\"og:locale\" content=\"es_MX\" \/>\n<meta property=\"og:type\" content=\"article\" \/>\n<meta property=\"og:title\" content=\"Falla en las escaleras el\u00e9ctricas del Metro Mixcoac deja al menos 8 lesionados en la L\u00ednea 7 -\" \/>\n<meta property=\"og:description\" content=\"Falla en las escaleras el\u00e9ctricas del Metro Mixcoac deja al menos 8 lesionados en la L\u00ednea 7 Por Redacci\u00f3n QP\" \/>\n<meta property=\"og:url\" content=\"https:\/\/quehacerpolitico.mx\/?p=19285\" \/>\n<meta property=\"article:published_time\" content=\"2019-03-06T02:02:20+00:00\" \/>\n<meta name=\"author\" content=\"Redacci\u00f3n QP\" \/>\n<meta name=\"twitter:card\" content=\"summary_large_image\" \/>\n<meta name=\"twitter:label1\" content=\"Escrito por\" \/>\n\t<meta name=\"twitter:data1\" content=\"Redacci\u00f3n QP\" \/>\n\t<meta name=\"twitter:label2\" content=\"Tiempo de lectura\" \/>\n\t<meta name=\"twitter:data2\" content=\"2 minutos\" \/>\n<script type=\"application\/ld+json\" class=\"yoast-schema-graph\">{\"@context\":\"https:\\\/\\\/schema.org\",\"@graph\":[{\"@type\":\"Article\",\"@id\":\"https:\\\/\\\/quehacerpolitico.mx\\\/?p=19285#article\",\"isPartOf\":{\"@id\":\"https:\\\/\\\/quehacerpolitico.mx\\\/?p=19285\"},\"author\":{\"name\":\"Redacci\u00f3n QP\",\"@id\":\"https:\\\/\\\/quehacerpolitico.mx\\\/#\\\/schema\\\/person\\\/496d8ad2d1d3f8036101dca7ee39e585\"},\"headline\":\"Falla en las escaleras el\u00e9ctricas del Metro Mixcoac deja al menos 8 lesionados en la L\u00ednea 7\",\"datePublished\":\"2019-03-06T02:02:20+00:00\",\"mainEntityOfPage\":{\"@id\":\"https:\\\/\\\/quehacerpolitico.mx\\\/?p=19285\"},\"wordCount\":362,\"commentCount\":0,\"image\":{\"@id\":\"https:\\\/\\\/quehacerpolitico.mx\\\/?p=19285#primaryimage\"},\"thumbnailUrl\":\"\",\"articleSection\":[\"CDMX\"],\"inLanguage\":\"es\",\"potentialAction\":[{\"@type\":\"CommentAction\",\"name\":\"Comment\",\"target\":[\"https:\\\/\\\/quehacerpolitico.mx\\\/?p=19285#respond\"]}]},{\"@type\":\"WebPage\",\"@id\":\"https:\\\/\\\/quehacerpolitico.mx\\\/?p=19285\",\"url\":\"https:\\\/\\\/quehacerpolitico.mx\\\/?p=19285\",\"name\":\"Falla en las escaleras el\u00e9ctricas del Metro Mixcoac deja al menos 8 lesionados en la L\u00ednea 7 -\",\"isPartOf\":{\"@id\":\"https:\\\/\\\/quehacerpolitico.mx\\\/#website\"},\"primaryImageOfPage\":{\"@id\":\"https:\\\/\\\/quehacerpolitico.mx\\\/?p=19285#primaryimage\"},\"image\":{\"@id\":\"https:\\\/\\\/quehacerpolitico.mx\\\/?p=19285#primaryimage\"},\"thumbnailUrl\":\"\",\"datePublished\":\"2019-03-06T02:02:20+00:00\",\"author\":{\"@id\":\"https:\\\/\\\/quehacerpolitico.mx\\\/#\\\/schema\\\/person\\\/496d8ad2d1d3f8036101dca7ee39e585\"},\"breadcrumb\":{\"@id\":\"https:\\\/\\\/quehacerpolitico.mx\\\/?p=19285#breadcrumb\"},\"inLanguage\":\"es\",\"potentialAction\":[{\"@type\":\"ReadAction\",\"target\":[\"https:\\\/\\\/quehacerpolitico.mx\\\/?p=19285\"]}]},{\"@type\":\"ImageObject\",\"inLanguage\":\"es\",\"@id\":\"https:\\\/\\\/quehacerpolitico.mx\\\/?p=19285#primaryimage\",\"url\":\"\",\"contentUrl\":\"\"},{\"@type\":\"BreadcrumbList\",\"@id\":\"https:\\\/\\\/quehacerpolitico.mx\\\/?p=19285#breadcrumb\",\"itemListElement\":[{\"@type\":\"ListItem\",\"position\":1,\"name\":\"Inicio\",\"item\":\"https:\\\/\\\/quehacerpolitico.mx\\\/\"},{\"@type\":\"ListItem\",\"position\":2,\"name\":\"Falla en las escaleras el\u00e9ctricas del Metro Mixcoac deja al menos 8 lesionados en la L\u00ednea 7\"}]},{\"@type\":\"WebSite\",\"@id\":\"https:\\\/\\\/quehacerpolitico.mx\\\/#website\",\"url\":\"https:\\\/\\\/quehacerpolitico.mx\\\/\",\"name\":\"\",\"description\":\"\",\"potentialAction\":[{\"@type\":\"SearchAction\",\"target\":{\"@type\":\"EntryPoint\",\"urlTemplate\":\"https:\\\/\\\/quehacerpolitico.mx\\\/?s={search_term_string}\"},\"query-input\":{\"@type\":\"PropertyValueSpecification\",\"valueRequired\":true,\"valueName\":\"search_term_string\"}}],\"inLanguage\":\"es\"},{\"@type\":\"Person\",\"@id\":\"https:\\\/\\\/quehacerpolitico.mx\\\/#\\\/schema\\\/person\\\/496d8ad2d1d3f8036101dca7ee39e585\",\"name\":\"Redacci\u00f3n QP\",\"image\":{\"@type\":\"ImageObject\",\"inLanguage\":\"es\",\"@id\":\"https:\\\/\\\/secure.gravatar.com\\\/avatar\\\/c7164ed6fdec453195284ad24a5ae5b6e1eed2b848477fa2a4787ba9adf39a41?s=96&d=mm&r=g\",\"url\":\"https:\\\/\\\/secure.gravatar.com\\\/avatar\\\/c7164ed6fdec453195284ad24a5ae5b6e1eed2b848477fa2a4787ba9adf39a41?s=96&d=mm&r=g\",\"contentUrl\":\"https:\\\/\\\/secure.gravatar.com\\\/avatar\\\/c7164ed6fdec453195284ad24a5ae5b6e1eed2b848477fa2a4787ba9adf39a41?s=96&d=mm&r=g\",\"caption\":\"Redacci\u00f3n QP\"},\"url\":\"https:\\\/\\\/quehacerpolitico.mx\\\/?author=2\"}]}<\/script>\n<!-- \/ Yoast SEO plugin. -->","yoast_head_json":{"title":"Falla en las escaleras el\u00e9ctricas del Metro Mixcoac deja al menos 8 lesionados en la L\u00ednea 7 -","robots":{"index":"index","follow":"follow","max-snippet":"max-snippet:-1","max-image-preview":"max-image-preview:large","max-video-preview":"max-video-preview:-1"},"canonical":"https:\/\/quehacerpolitico.mx\/?p=19285","og_locale":"es_MX","og_type":"article","og_title":"Falla en las escaleras el\u00e9ctricas del Metro Mixcoac deja al menos 8 lesionados en la L\u00ednea 7 -","og_description":"Falla en las escaleras el\u00e9ctricas del Metro Mixcoac deja al menos 8 lesionados en la L\u00ednea 7 Por Redacci\u00f3n QP","og_url":"https:\/\/quehacerpolitico.mx\/?p=19285","article_published_time":"2019-03-06T02:02:20+00:00","author":"Redacci\u00f3n QP","twitter_card":"summary_large_image","twitter_misc":{"Escrito por":"Redacci\u00f3n QP","Tiempo de lectura":"2 minutos"},"schema":{"@context":"https:\/\/schema.org","@graph":[{"@type":"Article","@id":"https:\/\/quehacerpolitico.mx\/?p=19285#article","isPartOf":{"@id":"https:\/\/quehacerpolitico.mx\/?p=19285"},"author":{"name":"Redacci\u00f3n QP","@id":"https:\/\/quehacerpolitico.mx\/#\/schema\/person\/496d8ad2d1d3f8036101dca7ee39e585"},"headline":"Falla en las escaleras el\u00e9ctricas del Metro Mixcoac deja al menos 8 lesionados en la L\u00ednea 7","datePublished":"2019-03-06T02:02:20+00:00","mainEntityOfPage":{"@id":"https:\/\/quehacerpolitico.mx\/?p=19285"},"wordCount":362,"commentCount":0,"image":{"@id":"https:\/\/quehacerpolitico.mx\/?p=19285#primaryimage"},"thumbnailUrl":"","articleSection":["CDMX"],"inLanguage":"es","potentialAction":[{"@type":"CommentAction","name":"Comment","target":["https:\/\/quehacerpolitico.mx\/?p=19285#respond"]}]},{"@type":"WebPage","@id":"https:\/\/quehacerpolitico.mx\/?p=19285","url":"https:\/\/quehacerpolitico.mx\/?p=19285","name":"Falla en las escaleras el\u00e9ctricas del Metro Mixcoac deja al menos 8 lesionados en la L\u00ednea 7 -","isPartOf":{"@id":"https:\/\/quehacerpolitico.mx\/#website"},"primaryImageOfPage":{"@id":"https:\/\/quehacerpolitico.mx\/?p=19285#primaryimage"},"image":{"@id":"https:\/\/quehacerpolitico.mx\/?p=19285#primaryimage"},"thumbnailUrl":"","datePublished":"2019-03-06T02:02:20+00:00","author":{"@id":"https:\/\/quehacerpolitico.mx\/#\/schema\/person\/496d8ad2d1d3f8036101dca7ee39e585"},"breadcrumb":{"@id":"https:\/\/quehacerpolitico.mx\/?p=19285#breadcrumb"},"inLanguage":"es","potentialAction":[{"@type":"ReadAction","target":["https:\/\/quehacerpolitico.mx\/?p=19285"]}]},{"@type":"ImageObject","inLanguage":"es","@id":"https:\/\/quehacerpolitico.mx\/?p=19285#primaryimage","url":"","contentUrl":""},{"@type":"BreadcrumbList","@id":"https:\/\/quehacerpolitico.mx\/?p=19285#breadcrumb","itemListElement":[{"@type":"ListItem","position":1,"name":"Inicio","item":"https:\/\/quehacerpolitico.mx\/"},{"@type":"ListItem","position":2,"name":"Falla en las escaleras el\u00e9ctricas del Metro Mixcoac deja al menos 8 lesionados en la L\u00ednea 7"}]},{"@type":"WebSite","@id":"https:\/\/quehacerpolitico.mx\/#website","url":"https:\/\/quehacerpolitico.mx\/","name":"","description":"","potentialAction":[{"@type":"SearchAction","target":{"@type":"EntryPoint","urlTemplate":"https:\/\/quehacerpolitico.mx\/?s={search_term_string}"},"query-input":{"@type":"PropertyValueSpecification","valueRequired":true,"valueName":"search_term_string"}}],"inLanguage":"es"},{"@type":"Person","@id":"https:\/\/quehacerpolitico.mx\/#\/schema\/person\/496d8ad2d1d3f8036101dca7ee39e585","name":"Redacci\u00f3n QP","image":{"@type":"ImageObject","inLanguage":"es","@id":"https:\/\/secure.gravatar.com\/avatar\/c7164ed6fdec453195284ad24a5ae5b6e1eed2b848477fa2a4787ba9adf39a41?s=96&d=mm&r=g","url":"https:\/\/secure.gravatar.com\/avatar\/c7164ed6fdec453195284ad24a5ae5b6e1eed2b848477fa2a4787ba9adf39a41?s=96&d=mm&r=g","contentUrl":"https:\/\/secure.gravatar.com\/avatar\/c7164ed6fdec453195284ad24a5ae5b6e1eed2b848477fa2a4787ba9adf39a41?s=96&d=mm&r=g","caption":"Redacci\u00f3n QP"},"url":"https:\/\/quehacerpolitico.mx\/?author=2"}]}},"featured_image_urls":{"full":"","thumbnail":"","medium":"","medium_large":"","large":"","1536x1536":"","2048x2048":"","covernews-featured":"","covernews-medium":""},"author_info":{"display_name":"Redacci\u00f3n QP","author_link":"https:\/\/quehacerpolitico.mx\/?author=2"},"category_info":"<a href=\"https:\/\/quehacerpolitico.mx\/?cat=55\" rel=\"category\">CDMX<\/a>","tag_info":"CDMX","comment_count":"0","_links":{"self":[{"href":"https:\/\/quehacerpolitico.mx\/index.php?rest_route=\/wp\/v2\/posts\/19285","targetHints":{"allow":["GET"]}}],"collection":[{"href":"https:\/\/quehacerpolitico.mx\/index.php?rest_route=\/wp\/v2\/posts"}],"about":[{"href":"https:\/\/quehacerpolitico.mx\/index.php?rest_route=\/wp\/v2\/types\/post"}],"author":[{"embeddable":true,"href":"https:\/\/quehacerpolitico.mx\/index.php?rest_route=\/wp\/v2\/users\/2"}],"replies":[{"embeddable":true,"href":"https:\/\/quehacerpolitico.mx\/index.php?rest_route=%2Fwp%2Fv2%2Fcomments&post=19285"}],"version-history":[{"count":0,"href":"https:\/\/quehacerpolitico.mx\/index.php?rest_route=\/wp\/v2\/posts\/19285\/revisions"}],"wp:featuredmedia":[{"embeddable":true,"href":"https:\/\/quehacerpolitico.mx\/index.php?rest_route=\/"}],"wp:attachment":[{"href":"https:\/\/quehacerpolitico.mx\/index.php?rest_route=%2Fwp%2Fv2%2Fmedia&parent=19285"}],"wp:term":[{"taxonomy":"category","embeddable":true,"href":"https:\/\/quehacerpolitico.mx\/index.php?rest_route=%2Fwp%2Fv2%2Fcategories&post=19285"},{"taxonomy":"post_tag","embeddable":true,"href":"https:\/\/quehacerpolitico.mx\/index.php?rest_route=%2Fwp%2Fv2%2Ftags&post=19285"}],"curies":[{"name":"wp","href":"https:\/\/api.w.org\/{rel}","templated":true}]}}