{"id":19282,"date":"2019-03-06T01:54:02","date_gmt":"2019-03-06T01:54:02","guid":{"rendered":"http:\/\/quehacerpolitico.mx\/jose-antonio-alvarez-lima-nuevo-director-de-canal-once\/"},"modified":"2019-03-06T01:54:02","modified_gmt":"2019-03-06T01:54:02","slug":"jose-antonio-alvarez-lima-nuevo-director-de-canal-once","status":"publish","type":"post","link":"https:\/\/quehacerpolitico.mx\/?p=19282","title":{"rendered":"Jos\u00e9 Antonio \u00c1lvarez Lima, nuevo director de Canal Once"},"content":{"rendered":"<h1 class=\"news-title\">Jos\u00e9 Antonio \u00c1lvarez Lima, nuevo director de Canal Once<\/h1>\n<p>Por Redacci\u00f3n QP<\/p>\n<header class=\"news-header\">\n<div class=\"news-subtitle\">\n<p>El titular plante\u00f3 que uno de los objetivos de su gesti\u00f3n ser\u00e1 ampliar la cobertura del canal y alcanzar nuevas audiencias<\/p>\n<\/div>\n<\/header>\n<div class=\"news-content\">\n<div class=\"news-body row\">\n<p>El Canal Once debe llegar a aquellos lugares donde no lo haga la televisi\u00f3n por cable ni los servicios de streaming, se\u00f1al\u00f3 el nuevo director de Canal Once,\u00a0Jos\u00e9 Antonio \u00c1lvarez Lima.<\/p>\n<blockquote>\n<p>&#8220;Para atraer millones de personas hacia nuestras pantallas, procurando hacerlo ahora en las zonas m\u00e1s desprotegidas y desfavorecidas&#8221;<\/p>\n<\/blockquote>\n<p>Al rendir protesta como nuevo titular de la televisora, plante\u00f3 que <strong>uno de los objetivos de su gesti\u00f3n ser\u00e1 ampliar la cobertura del canal y alcanzar nuevas audiencias.<\/strong><\/p>\n<div id=\"div-pos-2\">&#8220;Para atraer millones de personas hacia nuestras pantallas, procurando hacerlo ahora en las zonas m\u00e1s desprotegidas y desfavorecidas donde no hay recursos para adquirir streamings ni television\u00a0de paga, y donde el canal del Polit\u00e9cnico puede ser la mejor fuente de cultura e informaci\u00f3n&#8221;, asegur\u00f3.<\/div>\n<p>Agreg\u00f3 que se mantendr\u00e1n abiertas las transmisiones a la diversidad pol\u00edtica y cultural de M\u00e9xico, as\u00ed como a coadyuvar en la difusi\u00f3n de los valores de la cultura cient\u00edfica, tecnol\u00f3gica, human\u00edstica y social; y divulgar los avances de la educaci\u00f3n y la investigaci\u00f3n cient\u00edfica que resulten de la actividad del Instituto Polit\u00e9cnico Nacional.<\/p>\n<blockquote class=\"twitter-tweet\" data-width=\"550\" data-dnt=\"true\">\n<p lang=\"es\" dir=\"ltr\">Damos la bienvenida al <a href=\"https:\/\/twitter.com\/CanalOnceTV?ref_src=twsrc%5Etfw\">@CanalOnceTV<\/a> del <a href=\"https:\/\/twitter.com\/IPN_MX?ref_src=twsrc%5Etfw\">@IPN_MX<\/a> a Jos\u00e9 Antonio \u00c1lvarez Lima, estamos convencidos que su experiencia le permitir\u00e1 aportar nuevas ideas para seguir siendo la mejor televisora p\u00fablica de Am\u00e9rica Latina. <a href=\"https:\/\/twitter.com\/hashtag\/OrgullosamentePolit%C3%A9cnicos?src=hash&amp;ref_src=twsrc%5Etfw\">#OrgullosamentePolit\u00e9cnicos<\/a> <a href=\"https:\/\/t.co\/tsEz16n6d5\">pic.twitter.com\/tsEz16n6d5<\/a><\/p>\n<p>&mdash; Mario Alberto Rodr\u00edguez Casas (@MarioRdriguezC) <a href=\"https:\/\/twitter.com\/MarioRdriguezC\/status\/1103008687596146689?ref_src=twsrc%5Etfw\">March 5, 2019<\/a><\/p><\/blockquote>\n<p><script async src=\"https:\/\/platform.twitter.com\/widgets.js\" charset=\"utf-8\"><\/script><\/p>\n<p>El reto ser\u00e1 convertir a la televisora en un proyecto de televisi\u00f3n cultural, educativa, de servicio social, explic\u00f3 el titular de la Secretar\u00eda de Educaci\u00f3n P\u00fablica (SEP), Esteban Moctezuma Barrag\u00e1n. &#8220;Se ha convertido en uno de los medios m\u00e1s polifac\u00e9ticos del pa\u00eds y ha abarcado m\u00e1s el inter\u00e9s del auditorio contempor\u00e1neo, adem\u00e1s de convertirse en un espacio para la reflexi\u00f3n pol\u00edtica, la comunicaci\u00f3n de la ciencia, la proyecci\u00f3n cultural y de la creatividad&#8221;.<\/p>\n<p>\u00c1lvarez Lima fue subdirector de operaciones de Canal Once; director de noticias de Canal 13; director general de Radio Educaci\u00f3n, as\u00ed como director general del Instituto Mexicano de Televisi\u00f3n (Imevisi\u00f3n).<\/p>\n<\/div>\n<\/div>\n","protected":false},"excerpt":{"rendered":"<p>Jos\u00e9 Antonio \u00c1lvarez Lima, nuevo director de Canal Once<br \/>\nPor Redacci\u00f3n QP<\/p>\n","protected":false},"author":2,"featured_media":19281,"comment_status":"open","ping_status":"open","sticky":false,"template":"","format":"standard","meta":{"_monsterinsights_skip_tracking":false,"_monsterinsights_sitenote_active":false,"_monsterinsights_sitenote_note":"","_monsterinsights_sitenote_category":0,"footnotes":""},"categories":[58],"tags":[],"class_list":["post-19282","post","type-post","status-publish","format-standard","has-post-thumbnail","hentry","category-cultura"],"yoast_head":"<!-- This site is optimized with the Yoast SEO plugin v27.3 - https:\/\/yoast.com\/product\/yoast-seo-wordpress\/ -->\n<title>Jos\u00e9 Antonio \u00c1lvarez Lima, nuevo director de Canal Once -<\/title>\n<meta name=\"robots\" content=\"index, follow, max-snippet:-1, max-image-preview:large, max-video-preview:-1\" \/>\n<link rel=\"canonical\" href=\"https:\/\/quehacerpolitico.mx\/?p=19282\" \/>\n<meta property=\"og:locale\" content=\"es_MX\" \/>\n<meta property=\"og:type\" content=\"article\" \/>\n<meta property=\"og:title\" content=\"Jos\u00e9 Antonio \u00c1lvarez Lima, nuevo director de Canal Once -\" \/>\n<meta property=\"og:description\" content=\"Jos\u00e9 Antonio \u00c1lvarez Lima, nuevo director de Canal Once Por Redacci\u00f3n QP\" \/>\n<meta property=\"og:url\" content=\"https:\/\/quehacerpolitico.mx\/?p=19282\" \/>\n<meta property=\"article:published_time\" content=\"2019-03-06T01:54:02+00:00\" \/>\n<meta name=\"author\" content=\"Redacci\u00f3n QP\" \/>\n<meta name=\"twitter:card\" content=\"summary_large_image\" \/>\n<meta name=\"twitter:label1\" content=\"Escrito por\" \/>\n\t<meta name=\"twitter:data1\" content=\"Redacci\u00f3n QP\" \/>\n\t<meta name=\"twitter:label2\" content=\"Tiempo de lectura\" \/>\n\t<meta name=\"twitter:data2\" content=\"2 minutos\" \/>\n<script type=\"application\/ld+json\" class=\"yoast-schema-graph\">{\"@context\":\"https:\\\/\\\/schema.org\",\"@graph\":[{\"@type\":\"Article\",\"@id\":\"https:\\\/\\\/quehacerpolitico.mx\\\/?p=19282#article\",\"isPartOf\":{\"@id\":\"https:\\\/\\\/quehacerpolitico.mx\\\/?p=19282\"},\"author\":{\"name\":\"Redacci\u00f3n QP\",\"@id\":\"https:\\\/\\\/quehacerpolitico.mx\\\/#\\\/schema\\\/person\\\/496d8ad2d1d3f8036101dca7ee39e585\"},\"headline\":\"Jos\u00e9 Antonio \u00c1lvarez Lima, nuevo director de Canal Once\",\"datePublished\":\"2019-03-06T01:54:02+00:00\",\"mainEntityOfPage\":{\"@id\":\"https:\\\/\\\/quehacerpolitico.mx\\\/?p=19282\"},\"wordCount\":365,\"commentCount\":0,\"image\":{\"@id\":\"https:\\\/\\\/quehacerpolitico.mx\\\/?p=19282#primaryimage\"},\"thumbnailUrl\":\"\",\"articleSection\":[\"Cultura y Entretenimiento\"],\"inLanguage\":\"es\",\"potentialAction\":[{\"@type\":\"CommentAction\",\"name\":\"Comment\",\"target\":[\"https:\\\/\\\/quehacerpolitico.mx\\\/?p=19282#respond\"]}]},{\"@type\":\"WebPage\",\"@id\":\"https:\\\/\\\/quehacerpolitico.mx\\\/?p=19282\",\"url\":\"https:\\\/\\\/quehacerpolitico.mx\\\/?p=19282\",\"name\":\"Jos\u00e9 Antonio \u00c1lvarez Lima, nuevo director de Canal Once -\",\"isPartOf\":{\"@id\":\"https:\\\/\\\/quehacerpolitico.mx\\\/#website\"},\"primaryImageOfPage\":{\"@id\":\"https:\\\/\\\/quehacerpolitico.mx\\\/?p=19282#primaryimage\"},\"image\":{\"@id\":\"https:\\\/\\\/quehacerpolitico.mx\\\/?p=19282#primaryimage\"},\"thumbnailUrl\":\"\",\"datePublished\":\"2019-03-06T01:54:02+00:00\",\"author\":{\"@id\":\"https:\\\/\\\/quehacerpolitico.mx\\\/#\\\/schema\\\/person\\\/496d8ad2d1d3f8036101dca7ee39e585\"},\"breadcrumb\":{\"@id\":\"https:\\\/\\\/quehacerpolitico.mx\\\/?p=19282#breadcrumb\"},\"inLanguage\":\"es\",\"potentialAction\":[{\"@type\":\"ReadAction\",\"target\":[\"https:\\\/\\\/quehacerpolitico.mx\\\/?p=19282\"]}]},{\"@type\":\"ImageObject\",\"inLanguage\":\"es\",\"@id\":\"https:\\\/\\\/quehacerpolitico.mx\\\/?p=19282#primaryimage\",\"url\":\"\",\"contentUrl\":\"\"},{\"@type\":\"BreadcrumbList\",\"@id\":\"https:\\\/\\\/quehacerpolitico.mx\\\/?p=19282#breadcrumb\",\"itemListElement\":[{\"@type\":\"ListItem\",\"position\":1,\"name\":\"Inicio\",\"item\":\"https:\\\/\\\/quehacerpolitico.mx\\\/\"},{\"@type\":\"ListItem\",\"position\":2,\"name\":\"Jos\u00e9 Antonio \u00c1lvarez Lima, nuevo director de Canal Once\"}]},{\"@type\":\"WebSite\",\"@id\":\"https:\\\/\\\/quehacerpolitico.mx\\\/#website\",\"url\":\"https:\\\/\\\/quehacerpolitico.mx\\\/\",\"name\":\"\",\"description\":\"\",\"potentialAction\":[{\"@type\":\"SearchAction\",\"target\":{\"@type\":\"EntryPoint\",\"urlTemplate\":\"https:\\\/\\\/quehacerpolitico.mx\\\/?s={search_term_string}\"},\"query-input\":{\"@type\":\"PropertyValueSpecification\",\"valueRequired\":true,\"valueName\":\"search_term_string\"}}],\"inLanguage\":\"es\"},{\"@type\":\"Person\",\"@id\":\"https:\\\/\\\/quehacerpolitico.mx\\\/#\\\/schema\\\/person\\\/496d8ad2d1d3f8036101dca7ee39e585\",\"name\":\"Redacci\u00f3n QP\",\"image\":{\"@type\":\"ImageObject\",\"inLanguage\":\"es\",\"@id\":\"https:\\\/\\\/secure.gravatar.com\\\/avatar\\\/c7164ed6fdec453195284ad24a5ae5b6e1eed2b848477fa2a4787ba9adf39a41?s=96&d=mm&r=g\",\"url\":\"https:\\\/\\\/secure.gravatar.com\\\/avatar\\\/c7164ed6fdec453195284ad24a5ae5b6e1eed2b848477fa2a4787ba9adf39a41?s=96&d=mm&r=g\",\"contentUrl\":\"https:\\\/\\\/secure.gravatar.com\\\/avatar\\\/c7164ed6fdec453195284ad24a5ae5b6e1eed2b848477fa2a4787ba9adf39a41?s=96&d=mm&r=g\",\"caption\":\"Redacci\u00f3n QP\"},\"url\":\"https:\\\/\\\/quehacerpolitico.mx\\\/?author=2\"}]}<\/script>\n<!-- \/ Yoast SEO plugin. -->","yoast_head_json":{"title":"Jos\u00e9 Antonio \u00c1lvarez Lima, nuevo director de Canal Once -","robots":{"index":"index","follow":"follow","max-snippet":"max-snippet:-1","max-image-preview":"max-image-preview:large","max-video-preview":"max-video-preview:-1"},"canonical":"https:\/\/quehacerpolitico.mx\/?p=19282","og_locale":"es_MX","og_type":"article","og_title":"Jos\u00e9 Antonio \u00c1lvarez Lima, nuevo director de Canal Once -","og_description":"Jos\u00e9 Antonio \u00c1lvarez Lima, nuevo director de Canal Once Por Redacci\u00f3n QP","og_url":"https:\/\/quehacerpolitico.mx\/?p=19282","article_published_time":"2019-03-06T01:54:02+00:00","author":"Redacci\u00f3n QP","twitter_card":"summary_large_image","twitter_misc":{"Escrito por":"Redacci\u00f3n QP","Tiempo de lectura":"2 minutos"},"schema":{"@context":"https:\/\/schema.org","@graph":[{"@type":"Article","@id":"https:\/\/quehacerpolitico.mx\/?p=19282#article","isPartOf":{"@id":"https:\/\/quehacerpolitico.mx\/?p=19282"},"author":{"name":"Redacci\u00f3n QP","@id":"https:\/\/quehacerpolitico.mx\/#\/schema\/person\/496d8ad2d1d3f8036101dca7ee39e585"},"headline":"Jos\u00e9 Antonio \u00c1lvarez Lima, nuevo director de Canal Once","datePublished":"2019-03-06T01:54:02+00:00","mainEntityOfPage":{"@id":"https:\/\/quehacerpolitico.mx\/?p=19282"},"wordCount":365,"commentCount":0,"image":{"@id":"https:\/\/quehacerpolitico.mx\/?p=19282#primaryimage"},"thumbnailUrl":"","articleSection":["Cultura y Entretenimiento"],"inLanguage":"es","potentialAction":[{"@type":"CommentAction","name":"Comment","target":["https:\/\/quehacerpolitico.mx\/?p=19282#respond"]}]},{"@type":"WebPage","@id":"https:\/\/quehacerpolitico.mx\/?p=19282","url":"https:\/\/quehacerpolitico.mx\/?p=19282","name":"Jos\u00e9 Antonio \u00c1lvarez Lima, nuevo director de Canal Once -","isPartOf":{"@id":"https:\/\/quehacerpolitico.mx\/#website"},"primaryImageOfPage":{"@id":"https:\/\/quehacerpolitico.mx\/?p=19282#primaryimage"},"image":{"@id":"https:\/\/quehacerpolitico.mx\/?p=19282#primaryimage"},"thumbnailUrl":"","datePublished":"2019-03-06T01:54:02+00:00","author":{"@id":"https:\/\/quehacerpolitico.mx\/#\/schema\/person\/496d8ad2d1d3f8036101dca7ee39e585"},"breadcrumb":{"@id":"https:\/\/quehacerpolitico.mx\/?p=19282#breadcrumb"},"inLanguage":"es","potentialAction":[{"@type":"ReadAction","target":["https:\/\/quehacerpolitico.mx\/?p=19282"]}]},{"@type":"ImageObject","inLanguage":"es","@id":"https:\/\/quehacerpolitico.mx\/?p=19282#primaryimage","url":"","contentUrl":""},{"@type":"BreadcrumbList","@id":"https:\/\/quehacerpolitico.mx\/?p=19282#breadcrumb","itemListElement":[{"@type":"ListItem","position":1,"name":"Inicio","item":"https:\/\/quehacerpolitico.mx\/"},{"@type":"ListItem","position":2,"name":"Jos\u00e9 Antonio \u00c1lvarez Lima, nuevo director de Canal Once"}]},{"@type":"WebSite","@id":"https:\/\/quehacerpolitico.mx\/#website","url":"https:\/\/quehacerpolitico.mx\/","name":"","description":"","potentialAction":[{"@type":"SearchAction","target":{"@type":"EntryPoint","urlTemplate":"https:\/\/quehacerpolitico.mx\/?s={search_term_string}"},"query-input":{"@type":"PropertyValueSpecification","valueRequired":true,"valueName":"search_term_string"}}],"inLanguage":"es"},{"@type":"Person","@id":"https:\/\/quehacerpolitico.mx\/#\/schema\/person\/496d8ad2d1d3f8036101dca7ee39e585","name":"Redacci\u00f3n QP","image":{"@type":"ImageObject","inLanguage":"es","@id":"https:\/\/secure.gravatar.com\/avatar\/c7164ed6fdec453195284ad24a5ae5b6e1eed2b848477fa2a4787ba9adf39a41?s=96&d=mm&r=g","url":"https:\/\/secure.gravatar.com\/avatar\/c7164ed6fdec453195284ad24a5ae5b6e1eed2b848477fa2a4787ba9adf39a41?s=96&d=mm&r=g","contentUrl":"https:\/\/secure.gravatar.com\/avatar\/c7164ed6fdec453195284ad24a5ae5b6e1eed2b848477fa2a4787ba9adf39a41?s=96&d=mm&r=g","caption":"Redacci\u00f3n QP"},"url":"https:\/\/quehacerpolitico.mx\/?author=2"}]}},"featured_image_urls":{"full":"","thumbnail":"","medium":"","medium_large":"","large":"","1536x1536":"","2048x2048":"","covernews-featured":"","covernews-medium":""},"author_info":{"display_name":"Redacci\u00f3n QP","author_link":"https:\/\/quehacerpolitico.mx\/?author=2"},"category_info":"<a href=\"https:\/\/quehacerpolitico.mx\/?cat=58\" rel=\"category\">Cultura y Entretenimiento<\/a>","tag_info":"Cultura y Entretenimiento","comment_count":"0","_links":{"self":[{"href":"https:\/\/quehacerpolitico.mx\/index.php?rest_route=\/wp\/v2\/posts\/19282","targetHints":{"allow":["GET"]}}],"collection":[{"href":"https:\/\/quehacerpolitico.mx\/index.php?rest_route=\/wp\/v2\/posts"}],"about":[{"href":"https:\/\/quehacerpolitico.mx\/index.php?rest_route=\/wp\/v2\/types\/post"}],"author":[{"embeddable":true,"href":"https:\/\/quehacerpolitico.mx\/index.php?rest_route=\/wp\/v2\/users\/2"}],"replies":[{"embeddable":true,"href":"https:\/\/quehacerpolitico.mx\/index.php?rest_route=%2Fwp%2Fv2%2Fcomments&post=19282"}],"version-history":[{"count":0,"href":"https:\/\/quehacerpolitico.mx\/index.php?rest_route=\/wp\/v2\/posts\/19282\/revisions"}],"wp:featuredmedia":[{"embeddable":true,"href":"https:\/\/quehacerpolitico.mx\/index.php?rest_route=\/"}],"wp:attachment":[{"href":"https:\/\/quehacerpolitico.mx\/index.php?rest_route=%2Fwp%2Fv2%2Fmedia&parent=19282"}],"wp:term":[{"taxonomy":"category","embeddable":true,"href":"https:\/\/quehacerpolitico.mx\/index.php?rest_route=%2Fwp%2Fv2%2Fcategories&post=19282"},{"taxonomy":"post_tag","embeddable":true,"href":"https:\/\/quehacerpolitico.mx\/index.php?rest_route=%2Fwp%2Fv2%2Ftags&post=19282"}],"curies":[{"name":"wp","href":"https:\/\/api.w.org\/{rel}","templated":true}]}}