{"id":19273,"date":"2019-03-06T01:31:59","date_gmt":"2019-03-06T01:31:59","guid":{"rendered":"http:\/\/quehacerpolitico.mx\/autos-electricos-un-hiperdeportivo-y-uno-volador-presentes-en-ginebra\/"},"modified":"2019-03-06T01:31:59","modified_gmt":"2019-03-06T01:31:59","slug":"autos-electricos-un-hiperdeportivo-y-uno-volador-presentes-en-ginebra","status":"publish","type":"post","link":"https:\/\/quehacerpolitico.mx\/?p=19273","title":{"rendered":"Autos el\u00e9ctricos, un &#8220;hiperdeportivo&#8221; y uno volador, presentes en Ginebra"},"content":{"rendered":"<h1 class=\"news-title\">Autos el\u00e9ctricos, un &#8220;hiperdeportivo&#8221; y uno volador, presentes en Ginebra<\/h1>\n<p>Por Redacci\u00f3n QP<\/p>\n<p>Fabricantes presentan las novedades que esperan transformar\u00e1n la industria<\/p>\n<div class=\"mod-photogallery\" data-pagination=\".swiper-pagination\" data-id=\"article-photogallery\">\n<div class=\"swiper-container swiper-container-horizontal\">\n<div class=\"swiper-wrapper\">\n<figure class=\"swiper-slide swiper-image active swiper-slide-active\" data-index=\"0\">\n<div class=\"swiper-responsive\" data-openfullscreen=\"\"><img loading=\"lazy\" decoding=\"async\" title=\"El F8 Tributo de Ferrari se exhibe en la muestra en Ginebra, Suiza.\" src=\"https:\/\/www.informador.mx\/__export\/1551829774620\/sites\/elinformador\/img\/2019\/03\/05\/auto1.jpg_1970638775.jpg\" alt=\"El F8 Tributo de Ferrari se exhibe en la muestra en Ginebra, Suiza.\" width=\"320\" height=\"320\" data-fullscreen=\"\/__export\/1551829774620\/sites\/elinformador\/img\/2019\/03\/05\/auto1.jpg_1709026569.jpg\" \/><\/div><figcaption class=\"swiper-caption\"><\/figcaption><\/figure>\n<figure class=\"swiper-slide swiper-image swiper-slide-next\" data-index=\"0\">\n<div class=\"swiper-responsive\" data-openfullscreen=\"\"><button class=\"swiper-fullscreen icon icon__fullscreen_outline\"><\/button><img loading=\"lazy\" decoding=\"async\" title=\"El modelo Lagonda de Aston Martin.\" src=\"https:\/\/www.informador.mx\/__export\/1551832347137\/sites\/elinformador\/img\/2019\/03\/05\/autoas.jpg_1970638775.jpg\" alt=\"El modelo Lagonda de Aston Martin.\" width=\"320\" height=\"320\" data-fullscreen=\"\/__export\/1551832347137\/sites\/elinformador\/img\/2019\/03\/05\/autoas.jpg_1709026569.jpg\" \/><\/div><figcaption class=\"swiper-caption\"><\/figcaption><\/figure>\n<figure class=\"swiper-slide swiper-image\" data-index=\"0\">\n<div class=\"swiper-responsive\" data-openfullscreen=\"\"><button class=\"swiper-fullscreen icon icon__fullscreen_outline\"><\/button><img loading=\"lazy\" decoding=\"async\" title=\"Honda presenta el e Prototype.\" src=\"https:\/\/www.informador.mx\/__export\/1551829761931\/sites\/elinformador\/img\/2019\/03\/05\/autohonda.jpg_1970638775.jpg\" alt=\"Honda presenta el e Prototype.\" width=\"320\" height=\"320\" data-fullscreen=\"\/__export\/1551829761931\/sites\/elinformador\/img\/2019\/03\/05\/autohonda.jpg_1709026569.jpg\" \/><\/div><figcaption class=\"swiper-caption\"><\/figcaption><\/figure>\n<figure class=\"swiper-slide swiper-image\" data-index=\"0\">\n<div class=\"swiper-responsive\" data-openfullscreen=\"\"><button class=\"swiper-fullscreen icon icon__fullscreen_outline\"><\/button><img loading=\"lazy\" decoding=\"async\" title=\"Visitantes observan el Huracan Evo Spyder de Lamborghini.\" src=\"https:\/\/www.informador.mx\/__export\/1551829759652\/sites\/elinformador\/img\/2019\/03\/05\/autohuracan.jpg_1970638775.jpg\" alt=\"Visitantes observan el Huracan Evo Spyder de Lamborghini.\" width=\"320\" height=\"320\" data-fullscreen=\"\/__export\/1551829759652\/sites\/elinformador\/img\/2019\/03\/05\/autohuracan.jpg_1709026569.jpg\" \/><\/div><figcaption class=\"swiper-caption\"><\/figcaption><\/figure>\n<figure class=\"swiper-slide swiper-image\" data-index=\"0\">\n<div class=\"swiper-responsive\" data-openfullscreen=\"\"><button class=\"swiper-fullscreen icon icon__fullscreen_outline\"><\/button><img loading=\"lazy\" decoding=\"async\" title=\"El nuevo Bugatti \" src=\"https:\/\/www.informador.mx\/__export\/1551829776781\/sites\/elinformador\/img\/2019\/03\/05\/auto3.jpg_1970638775.jpg\" alt=\"El nuevo Bugatti \" width=\"320\" height=\"320\" data-fullscreen=\"\/__export\/1551829776781\/sites\/elinformador\/img\/2019\/03\/05\/auto3.jpg_1709026569.jpg\" \/><\/div><figcaption class=\"swiper-caption\"><\/figcaption><\/figure>\n<figure class=\"swiper-slide swiper-image\" data-index=\"0\">\n<div class=\"swiper-responsive\" data-openfullscreen=\"\"><button class=\"swiper-fullscreen icon icon__fullscreen_outline\"><\/button><img loading=\"lazy\" decoding=\"async\" title=\"El Volvo Polestar 2.\" src=\"https:\/\/www.informador.mx\/__export\/1551829766480\/sites\/elinformador\/img\/2019\/03\/05\/autovolvo.jpg_1970638775.jpg\" alt=\"El Volvo Polestar 2.\" width=\"320\" height=\"320\" data-fullscreen=\"\/__export\/1551829766480\/sites\/elinformador\/img\/2019\/03\/05\/autovolvo.jpg_1709026569.jpg\" \/><\/div><figcaption class=\"swiper-caption\"><\/figcaption><\/figure>\n<figure class=\"swiper-slide swiper-image\" data-index=\"0\">\n<div class=\"swiper-responsive\" data-openfullscreen=\"\"><button class=\"swiper-fullscreen icon icon__fullscreen_outline\"><\/button><img loading=\"lazy\" decoding=\"async\" title=\"El nuevo Bentayga, de Bentley.\" src=\"https:\/\/www.informador.mx\/__export\/1551832505316\/sites\/elinformador\/img\/2019\/03\/05\/bentley.jpg_1970638775.jpg\" alt=\"El nuevo Bentayga, de Bentley.\" width=\"320\" height=\"320\" data-fullscreen=\"\/__export\/1551832505316\/sites\/elinformador\/img\/2019\/03\/05\/bentley.jpg_1709026569.jpg\" \/><\/div><figcaption class=\"swiper-caption\"><\/figcaption><\/figure>\n<\/div>\n<\/div>\n<\/div>\n<div class=\"news-body row\">\n<p>Las automotrices en el Sal\u00f3n Internacional del Autom\u00f3vil en Ginebra, Suiza,\u00a0est\u00e1n presentando nuevos veh\u00edculos el\u00e9ctricos que esperan transformar\u00e1 la industria, adem\u00e1s de los lujosos autos deportivos que son una caracter\u00edstica de la muestra.<\/p>\n<div id=\"div-gpt-ad-1548262875188-0\" data-google-query-id=\"CM2WsNeu7OACFRq7TwodWJEDIw\">\n<div id=\"google_ads_iframe_\/1001694\/INF_intext_1_0__container__\">La divisi\u00f3n Polestar de Volvo Car Group presenta un hatchback a bater\u00eda de tama\u00f1o mediano, en tanto Volkswagen destaca su ID Buggy, un curioso <strong>arenero el\u00e9ctrico con asientos impermeables<\/strong> y agujeros para drenar el agua despu\u00e9s de hacer surfing.\u00a0<\/div>\n<\/div>\n<div id=\"div-pos-2\">\u00a0<\/div>\n<div id=\"div-gpt-ad-1539621784980-0\" data-google-query-id=\"CM6WsNeu7OACFRq7TwodWJEDIw\">\n<div id=\"google_ads_iframe_\/1001694\/1x1Mobile_0__container__\">\u00a0<\/div>\n<\/div>\n<div>\n<figure class=\"image\"><img decoding=\"async\" title=\"\" src=\"https:\/\/www.informador.mx\/export\/sites\/elinformador\/img\/2019\/03\/05\/autobuggy.jpg_347421144.jpg\" alt=\"\" hspace=\"5\" vspace=\"5\" data-height=\"466\" data-size=\"w:5568,h:3712\" data-width=\"700\" \/><figcaption>El ID Buggy. AFP\/H. Cunningham<\/figcaption><\/figure>\n<\/div>\n<p>Honda tambi\u00e9n presenta un veh\u00edculo a bater\u00eda.<\/p>\n<p>Las automotrices europeas est\u00e1n desarrollando nuevos modelos el\u00e9ctricos para <strong>satisfacer las nuevas pautas sobre emisiones de gases de invernadero<\/strong>.<\/p>\n<p>Entre las marcas de prestigio, Aston Martin, Audi y Mercedes mostraron ideas de SUV el\u00e9ctricos, con los que esperan poder competir con el californiano Tesla, cuyo Model 3 acaba de desembarcar en Europa.<\/p>\n<p>\u00a0PAL-V mostr\u00f3 el considerado como el <strong>primer coche volador<\/strong>, el PAL-V Liberty Pioneer, una edici\u00f3n limitada que comenzar\u00e1 a entregarse en 2020.<\/p>\n<div>\n<figure class=\"image\"><img decoding=\"async\" title=\"\" src=\"https:\/\/www.informador.mx\/export\/sites\/elinformador\/img\/2019\/03\/05\/autovolador.jpg_347421144.jpg\" alt=\"\" hspace=\"5\" vspace=\"5\" data-height=\"466\" data-size=\"w:4882,h:3254\" data-width=\"700\" \/><figcaption>El PAL-V Liberty Pioneer. EFE\/M. Trezzini<\/figcaption><\/figure>\n<\/div>\n<p>Los \u00faltimas generaciones de los modelos compactos urbanos de Renault Clio, el segundo en nivel de ventas en Europa, y Peugeot 208, tambi\u00e9n hicieron su primera aparici\u00f3n.<\/p>\n<h4>Veloces y de lujo<\/h4>\n<p>Lamborghini tiene el convertible Huracan EVO Spyder con <strong>velocidad m\u00e1xima de 325 kph<\/strong>.\u00a0<\/p>\n<p>Pininfarina present\u00f3 el Battista, un auto &#8220;hiperdeportivo&#8221; a bater\u00eda capaz de <strong>alcanzar 100 kph en menos de dos segundos<\/strong>.<\/p>\n<div>\n<figure class=\"image\"><img decoding=\"async\" title=\"\" src=\"https:\/\/www.informador.mx\/export\/sites\/elinformador\/img\/2019\/03\/05\/autov.jpg_347421144.jpg\" alt=\"\" hspace=\"5\" vspace=\"5\" data-height=\"466\" data-size=\"w:5281,h:3521\" data-width=\"700\" \/><figcaption>Presentaci\u00f3n del nuevo Pininfarina Battista.\u00a0EFE\/M. Trezzini<\/figcaption><\/figure>\n<\/div>\n<p>Bentley presenta\u00a0su Bentayga Speed, que reivindica el t\u00edtulo de SUV de serie m\u00e1s r\u00e1pido del mundo (306 kph).<\/p>\n<p>Ferrari trae F8 Tributo, con su motor de 720 caballos de potencia.<\/p>\n<p>Luego de d\u00edas reservados a la prensa, el sal\u00f3n abrir\u00e1 el jueves las puertas al p\u00fablico. Se esperan m\u00e1s de 660 mil visitantes para contemplar los 900 autom\u00f3viles expuestos del 7 al 17 de marzo.<\/p>\n<p>Con informaci\u00f3n de AP y AFP<\/p>\n<\/div>\n","protected":false},"excerpt":{"rendered":"<p>Autos el\u00e9ctricos, un &#8220;hiperdeportivo&#8221; y uno volador, presentes en Ginebra<br \/>\nPor Redacci\u00f3n QP<\/p>\n","protected":false},"author":2,"featured_media":19272,"comment_status":"open","ping_status":"open","sticky":false,"template":"","format":"standard","meta":{"_monsterinsights_skip_tracking":false,"_monsterinsights_sitenote_active":false,"_monsterinsights_sitenote_note":"","_monsterinsights_sitenote_category":0,"footnotes":""},"categories":[56],"tags":[],"class_list":["post-19273","post","type-post","status-publish","format-standard","has-post-thumbnail","hentry","category-economia"],"yoast_head":"<!-- This site is optimized with the Yoast SEO plugin v27.3 - https:\/\/yoast.com\/product\/yoast-seo-wordpress\/ -->\n<title>Autos el\u00e9ctricos, un &quot;hiperdeportivo&quot; y uno volador, presentes en Ginebra -<\/title>\n<meta name=\"robots\" content=\"index, follow, max-snippet:-1, max-image-preview:large, max-video-preview:-1\" \/>\n<link rel=\"canonical\" href=\"https:\/\/quehacerpolitico.mx\/?p=19273\" \/>\n<meta property=\"og:locale\" content=\"es_MX\" \/>\n<meta property=\"og:type\" content=\"article\" \/>\n<meta property=\"og:title\" content=\"Autos el\u00e9ctricos, un &quot;hiperdeportivo&quot; y uno volador, presentes en Ginebra -\" \/>\n<meta property=\"og:description\" content=\"Autos el\u00e9ctricos, un &quot;hiperdeportivo&quot; y uno volador, presentes en Ginebra Por Redacci\u00f3n QP\" \/>\n<meta property=\"og:url\" content=\"https:\/\/quehacerpolitico.mx\/?p=19273\" \/>\n<meta property=\"article:published_time\" content=\"2019-03-06T01:31:59+00:00\" \/>\n<meta name=\"author\" content=\"Redacci\u00f3n QP\" \/>\n<meta name=\"twitter:card\" content=\"summary_large_image\" \/>\n<meta name=\"twitter:label1\" content=\"Escrito por\" \/>\n\t<meta name=\"twitter:data1\" content=\"Redacci\u00f3n QP\" \/>\n\t<meta name=\"twitter:label2\" content=\"Tiempo de lectura\" \/>\n\t<meta name=\"twitter:data2\" content=\"2 minutos\" \/>\n<script type=\"application\/ld+json\" class=\"yoast-schema-graph\">{\"@context\":\"https:\\\/\\\/schema.org\",\"@graph\":[{\"@type\":\"Article\",\"@id\":\"https:\\\/\\\/quehacerpolitico.mx\\\/?p=19273#article\",\"isPartOf\":{\"@id\":\"https:\\\/\\\/quehacerpolitico.mx\\\/?p=19273\"},\"author\":{\"name\":\"Redacci\u00f3n QP\",\"@id\":\"https:\\\/\\\/quehacerpolitico.mx\\\/#\\\/schema\\\/person\\\/496d8ad2d1d3f8036101dca7ee39e585\"},\"headline\":\"Autos el\u00e9ctricos, un &#8220;hiperdeportivo&#8221; y uno volador, presentes en Ginebra\",\"datePublished\":\"2019-03-06T01:31:59+00:00\",\"mainEntityOfPage\":{\"@id\":\"https:\\\/\\\/quehacerpolitico.mx\\\/?p=19273\"},\"wordCount\":368,\"commentCount\":0,\"image\":{\"@id\":\"https:\\\/\\\/quehacerpolitico.mx\\\/?p=19273#primaryimage\"},\"thumbnailUrl\":\"\",\"articleSection\":[\"Econom\u00eda\"],\"inLanguage\":\"es\",\"potentialAction\":[{\"@type\":\"CommentAction\",\"name\":\"Comment\",\"target\":[\"https:\\\/\\\/quehacerpolitico.mx\\\/?p=19273#respond\"]}]},{\"@type\":\"WebPage\",\"@id\":\"https:\\\/\\\/quehacerpolitico.mx\\\/?p=19273\",\"url\":\"https:\\\/\\\/quehacerpolitico.mx\\\/?p=19273\",\"name\":\"Autos el\u00e9ctricos, un \\\"hiperdeportivo\\\" y uno volador, presentes en Ginebra -\",\"isPartOf\":{\"@id\":\"https:\\\/\\\/quehacerpolitico.mx\\\/#website\"},\"primaryImageOfPage\":{\"@id\":\"https:\\\/\\\/quehacerpolitico.mx\\\/?p=19273#primaryimage\"},\"image\":{\"@id\":\"https:\\\/\\\/quehacerpolitico.mx\\\/?p=19273#primaryimage\"},\"thumbnailUrl\":\"\",\"datePublished\":\"2019-03-06T01:31:59+00:00\",\"author\":{\"@id\":\"https:\\\/\\\/quehacerpolitico.mx\\\/#\\\/schema\\\/person\\\/496d8ad2d1d3f8036101dca7ee39e585\"},\"breadcrumb\":{\"@id\":\"https:\\\/\\\/quehacerpolitico.mx\\\/?p=19273#breadcrumb\"},\"inLanguage\":\"es\",\"potentialAction\":[{\"@type\":\"ReadAction\",\"target\":[\"https:\\\/\\\/quehacerpolitico.mx\\\/?p=19273\"]}]},{\"@type\":\"ImageObject\",\"inLanguage\":\"es\",\"@id\":\"https:\\\/\\\/quehacerpolitico.mx\\\/?p=19273#primaryimage\",\"url\":\"\",\"contentUrl\":\"\"},{\"@type\":\"BreadcrumbList\",\"@id\":\"https:\\\/\\\/quehacerpolitico.mx\\\/?p=19273#breadcrumb\",\"itemListElement\":[{\"@type\":\"ListItem\",\"position\":1,\"name\":\"Inicio\",\"item\":\"https:\\\/\\\/quehacerpolitico.mx\\\/\"},{\"@type\":\"ListItem\",\"position\":2,\"name\":\"Autos el\u00e9ctricos, un &#8220;hiperdeportivo&#8221; y uno volador, presentes en Ginebra\"}]},{\"@type\":\"WebSite\",\"@id\":\"https:\\\/\\\/quehacerpolitico.mx\\\/#website\",\"url\":\"https:\\\/\\\/quehacerpolitico.mx\\\/\",\"name\":\"\",\"description\":\"\",\"potentialAction\":[{\"@type\":\"SearchAction\",\"target\":{\"@type\":\"EntryPoint\",\"urlTemplate\":\"https:\\\/\\\/quehacerpolitico.mx\\\/?s={search_term_string}\"},\"query-input\":{\"@type\":\"PropertyValueSpecification\",\"valueRequired\":true,\"valueName\":\"search_term_string\"}}],\"inLanguage\":\"es\"},{\"@type\":\"Person\",\"@id\":\"https:\\\/\\\/quehacerpolitico.mx\\\/#\\\/schema\\\/person\\\/496d8ad2d1d3f8036101dca7ee39e585\",\"name\":\"Redacci\u00f3n QP\",\"image\":{\"@type\":\"ImageObject\",\"inLanguage\":\"es\",\"@id\":\"https:\\\/\\\/secure.gravatar.com\\\/avatar\\\/c7164ed6fdec453195284ad24a5ae5b6e1eed2b848477fa2a4787ba9adf39a41?s=96&d=mm&r=g\",\"url\":\"https:\\\/\\\/secure.gravatar.com\\\/avatar\\\/c7164ed6fdec453195284ad24a5ae5b6e1eed2b848477fa2a4787ba9adf39a41?s=96&d=mm&r=g\",\"contentUrl\":\"https:\\\/\\\/secure.gravatar.com\\\/avatar\\\/c7164ed6fdec453195284ad24a5ae5b6e1eed2b848477fa2a4787ba9adf39a41?s=96&d=mm&r=g\",\"caption\":\"Redacci\u00f3n QP\"},\"url\":\"https:\\\/\\\/quehacerpolitico.mx\\\/?author=2\"}]}<\/script>\n<!-- \/ Yoast SEO plugin. -->","yoast_head_json":{"title":"Autos el\u00e9ctricos, un \"hiperdeportivo\" y uno volador, presentes en Ginebra -","robots":{"index":"index","follow":"follow","max-snippet":"max-snippet:-1","max-image-preview":"max-image-preview:large","max-video-preview":"max-video-preview:-1"},"canonical":"https:\/\/quehacerpolitico.mx\/?p=19273","og_locale":"es_MX","og_type":"article","og_title":"Autos el\u00e9ctricos, un \"hiperdeportivo\" y uno volador, presentes en Ginebra -","og_description":"Autos el\u00e9ctricos, un \"hiperdeportivo\" y uno volador, presentes en Ginebra Por Redacci\u00f3n QP","og_url":"https:\/\/quehacerpolitico.mx\/?p=19273","article_published_time":"2019-03-06T01:31:59+00:00","author":"Redacci\u00f3n QP","twitter_card":"summary_large_image","twitter_misc":{"Escrito por":"Redacci\u00f3n QP","Tiempo de lectura":"2 minutos"},"schema":{"@context":"https:\/\/schema.org","@graph":[{"@type":"Article","@id":"https:\/\/quehacerpolitico.mx\/?p=19273#article","isPartOf":{"@id":"https:\/\/quehacerpolitico.mx\/?p=19273"},"author":{"name":"Redacci\u00f3n QP","@id":"https:\/\/quehacerpolitico.mx\/#\/schema\/person\/496d8ad2d1d3f8036101dca7ee39e585"},"headline":"Autos el\u00e9ctricos, un &#8220;hiperdeportivo&#8221; y uno volador, presentes en Ginebra","datePublished":"2019-03-06T01:31:59+00:00","mainEntityOfPage":{"@id":"https:\/\/quehacerpolitico.mx\/?p=19273"},"wordCount":368,"commentCount":0,"image":{"@id":"https:\/\/quehacerpolitico.mx\/?p=19273#primaryimage"},"thumbnailUrl":"","articleSection":["Econom\u00eda"],"inLanguage":"es","potentialAction":[{"@type":"CommentAction","name":"Comment","target":["https:\/\/quehacerpolitico.mx\/?p=19273#respond"]}]},{"@type":"WebPage","@id":"https:\/\/quehacerpolitico.mx\/?p=19273","url":"https:\/\/quehacerpolitico.mx\/?p=19273","name":"Autos el\u00e9ctricos, un \"hiperdeportivo\" y uno volador, presentes en Ginebra -","isPartOf":{"@id":"https:\/\/quehacerpolitico.mx\/#website"},"primaryImageOfPage":{"@id":"https:\/\/quehacerpolitico.mx\/?p=19273#primaryimage"},"image":{"@id":"https:\/\/quehacerpolitico.mx\/?p=19273#primaryimage"},"thumbnailUrl":"","datePublished":"2019-03-06T01:31:59+00:00","author":{"@id":"https:\/\/quehacerpolitico.mx\/#\/schema\/person\/496d8ad2d1d3f8036101dca7ee39e585"},"breadcrumb":{"@id":"https:\/\/quehacerpolitico.mx\/?p=19273#breadcrumb"},"inLanguage":"es","potentialAction":[{"@type":"ReadAction","target":["https:\/\/quehacerpolitico.mx\/?p=19273"]}]},{"@type":"ImageObject","inLanguage":"es","@id":"https:\/\/quehacerpolitico.mx\/?p=19273#primaryimage","url":"","contentUrl":""},{"@type":"BreadcrumbList","@id":"https:\/\/quehacerpolitico.mx\/?p=19273#breadcrumb","itemListElement":[{"@type":"ListItem","position":1,"name":"Inicio","item":"https:\/\/quehacerpolitico.mx\/"},{"@type":"ListItem","position":2,"name":"Autos el\u00e9ctricos, un &#8220;hiperdeportivo&#8221; y uno volador, presentes en Ginebra"}]},{"@type":"WebSite","@id":"https:\/\/quehacerpolitico.mx\/#website","url":"https:\/\/quehacerpolitico.mx\/","name":"","description":"","potentialAction":[{"@type":"SearchAction","target":{"@type":"EntryPoint","urlTemplate":"https:\/\/quehacerpolitico.mx\/?s={search_term_string}"},"query-input":{"@type":"PropertyValueSpecification","valueRequired":true,"valueName":"search_term_string"}}],"inLanguage":"es"},{"@type":"Person","@id":"https:\/\/quehacerpolitico.mx\/#\/schema\/person\/496d8ad2d1d3f8036101dca7ee39e585","name":"Redacci\u00f3n QP","image":{"@type":"ImageObject","inLanguage":"es","@id":"https:\/\/secure.gravatar.com\/avatar\/c7164ed6fdec453195284ad24a5ae5b6e1eed2b848477fa2a4787ba9adf39a41?s=96&d=mm&r=g","url":"https:\/\/secure.gravatar.com\/avatar\/c7164ed6fdec453195284ad24a5ae5b6e1eed2b848477fa2a4787ba9adf39a41?s=96&d=mm&r=g","contentUrl":"https:\/\/secure.gravatar.com\/avatar\/c7164ed6fdec453195284ad24a5ae5b6e1eed2b848477fa2a4787ba9adf39a41?s=96&d=mm&r=g","caption":"Redacci\u00f3n QP"},"url":"https:\/\/quehacerpolitico.mx\/?author=2"}]}},"featured_image_urls":{"full":"","thumbnail":"","medium":"","medium_large":"","large":"","1536x1536":"","2048x2048":"","covernews-featured":"","covernews-medium":""},"author_info":{"display_name":"Redacci\u00f3n QP","author_link":"https:\/\/quehacerpolitico.mx\/?author=2"},"category_info":"<a href=\"https:\/\/quehacerpolitico.mx\/?cat=56\" rel=\"category\">Econom\u00eda<\/a>","tag_info":"Econom\u00eda","comment_count":"0","_links":{"self":[{"href":"https:\/\/quehacerpolitico.mx\/index.php?rest_route=\/wp\/v2\/posts\/19273","targetHints":{"allow":["GET"]}}],"collection":[{"href":"https:\/\/quehacerpolitico.mx\/index.php?rest_route=\/wp\/v2\/posts"}],"about":[{"href":"https:\/\/quehacerpolitico.mx\/index.php?rest_route=\/wp\/v2\/types\/post"}],"author":[{"embeddable":true,"href":"https:\/\/quehacerpolitico.mx\/index.php?rest_route=\/wp\/v2\/users\/2"}],"replies":[{"embeddable":true,"href":"https:\/\/quehacerpolitico.mx\/index.php?rest_route=%2Fwp%2Fv2%2Fcomments&post=19273"}],"version-history":[{"count":0,"href":"https:\/\/quehacerpolitico.mx\/index.php?rest_route=\/wp\/v2\/posts\/19273\/revisions"}],"wp:featuredmedia":[{"embeddable":true,"href":"https:\/\/quehacerpolitico.mx\/index.php?rest_route=\/"}],"wp:attachment":[{"href":"https:\/\/quehacerpolitico.mx\/index.php?rest_route=%2Fwp%2Fv2%2Fmedia&parent=19273"}],"wp:term":[{"taxonomy":"category","embeddable":true,"href":"https:\/\/quehacerpolitico.mx\/index.php?rest_route=%2Fwp%2Fv2%2Fcategories&post=19273"},{"taxonomy":"post_tag","embeddable":true,"href":"https:\/\/quehacerpolitico.mx\/index.php?rest_route=%2Fwp%2Fv2%2Ftags&post=19273"}],"curies":[{"name":"wp","href":"https:\/\/api.w.org\/{rel}","templated":true}]}}