{"id":19252,"date":"2019-03-06T00:08:34","date_gmt":"2019-03-06T00:08:34","guid":{"rendered":"http:\/\/quehacerpolitico.mx\/la-academia-sueca-entregara-dos-nobel-de-literatura-este-ano\/"},"modified":"2019-03-06T00:08:34","modified_gmt":"2019-03-06T00:08:34","slug":"la-academia-sueca-entregara-dos-nobel-de-literatura-este-ano","status":"publish","type":"post","link":"https:\/\/quehacerpolitico.mx\/?p=19252","title":{"rendered":"La Academia Sueca entregar\u00e1 dos Nobel de Literatura este a\u00f1o"},"content":{"rendered":"<h1 class=\"news-title\">La Academia Sueca entregar\u00e1 dos Nobel de Literatura este a\u00f1o<\/h1>\n<p>Por Redacci\u00f3n QP<\/p>\n<header class=\"news-header\">\n<div class=\"news-subtitle\">\n<p>Uno de los premios ser\u00e1 el aplazado de 2018 debido a los esc\u00e1ndalos de la Academia Sueca<\/p>\n<\/div>\n<\/header>\n<div class=\"news-content\">\n<div class=\"news-body row\">\n<p><strong>La Academia Sueca entregar\u00e1 dos Nobel de Literatura en 2019, uno correspondiente a este a\u00f1o y otro al aplazado en 2018 por el esc\u00e1ndalo de filtraciones y abusos en la instituci\u00f3n, confirm\u00f3 hoy su secretario provisional, Anders Olsson.<\/strong><\/p>\n<p>&#8220;Habr\u00e1 dos premios Nobel como esper\u00e1bamos, tambi\u00e9n se fallar\u00e1 el premio reservado el a\u00f1o pasado&#8221;, declar\u00f3 Olsson a la edici\u00f3n digital del peri\u00f3dico &#8220;Dagens Nyheter&#8221;, principal diario sueco, al t\u00e9rmino de una reuni\u00f3n de la junta directiva de la Fundaci\u00f3n Nobel.<\/p>\n<p>La academia hab\u00eda anunciado en mayo el aplazamiento del Nobel de Literatura, algo que no se produc\u00eda desde hace siete d\u00e9cadas, por la p\u00e9rdida de &#8220;confianza&#8221; del mundo exterior en la propia instituci\u00f3n, debido a la crisis que ha provocado la renuncia de media docena de miembros.<\/p>\n<p>La instituci\u00f3n que otorga cada a\u00f1o el premio hab\u00eda mostrado entonces su intenci\u00f3n de entregar dos en 2019, aunque la decisi\u00f3n final quedaba en manos de la Fundaci\u00f3n Nobel, que exig\u00eda reformas en el funcionamiento de la academia para aceptar esa soluci\u00f3n.<\/p>\n<p><strong>&#8220;Estoy muy contento por recibir ese mensaje hoy, que implica tambi\u00e9n que podremos trabajar con tranquilidad con los premios y que todos los miembros del Comit\u00e9 Nobel estar\u00e1n m\u00e1s motivados para ese trabajo&#8221;, dijo Olsson a la agencia sueca TT.<\/strong><\/p>\n<p>Dieciocho mujeres denunciaron en noviembre de 2017 en &#8220;Dagens Nyheter&#8221; abusos de una &#8220;personalidad cultural&#8221; pr\u00f3xima a la Academia Sueca, luego identificada como el artista franc\u00e9s Jean-Claude Arnault, esposo de la poetisa y acad\u00e9mica Katarina Frostenson.<\/p>\n<p>La instituci\u00f3n cort\u00f3 la relaci\u00f3n y encarg\u00f3 una auditor\u00eda, que concluy\u00f3 que se hab\u00edan producido filtraciones y que el apoyo econ\u00f3mico recibido por el club literario que dirig\u00eda Arnault incumpl\u00eda las reglas de imparcialidad al ser su esposa copropietaria.<\/p>\n<p><strong>El desacuerdo sobre las medidas que deb\u00edan tomarse y la situaci\u00f3n de Frostensondesencadenaron una oleada de renuncias, intercambio de acusaciones entre dos bandos enfrentados y el aplazamiento por primera vez en siete d\u00e9cadas de la entrega del Nobel de Literatura.<\/strong><\/p>\n<p>Entre quienes dejaron la instituci\u00f3n figura su entonces secretaria permanente, Sara Danius, que la semana pasada anunci\u00f3 su salida definitiva diez meses despu\u00e9s de abandonar el puesto.<\/p>\n<p>La Academia Sueca ha impulsado en los \u00faltimos meses varias reformas de sus estatutos y elegido a cinco nuevos miembros.<\/p>\n<p><strong>Arnault fue condenado en diciembre por el Tribunal de Apelaci\u00f3n de Estocolmo a dos a\u00f1os y medio de c\u00e1rcel por dos casos de violaci\u00f3n de una mujer en octubre de 2011, aunque ha apelado al Supremo.<\/strong><\/p>\n<p>Con Informaci\u00f3n de EFE<\/p>\n<\/div>\n<\/div>\n","protected":false},"excerpt":{"rendered":"<p>La Academia Sueca entregar\u00e1 dos Nobel de Literatura este a\u00f1o<br \/>\nPor Redacci\u00f3n QP<\/p>\n","protected":false},"author":2,"featured_media":19251,"comment_status":"open","ping_status":"open","sticky":false,"template":"","format":"standard","meta":{"_monsterinsights_skip_tracking":false,"_monsterinsights_sitenote_active":false,"_monsterinsights_sitenote_note":"","_monsterinsights_sitenote_category":0,"footnotes":""},"categories":[58],"tags":[],"class_list":["post-19252","post","type-post","status-publish","format-standard","has-post-thumbnail","hentry","category-cultura"],"yoast_head":"<!-- This site is optimized with the Yoast SEO plugin v27.3 - https:\/\/yoast.com\/product\/yoast-seo-wordpress\/ -->\n<title>La Academia Sueca entregar\u00e1 dos Nobel de Literatura este a\u00f1o -<\/title>\n<meta name=\"robots\" content=\"index, follow, max-snippet:-1, max-image-preview:large, max-video-preview:-1\" \/>\n<link rel=\"canonical\" href=\"https:\/\/quehacerpolitico.mx\/?p=19252\" \/>\n<meta property=\"og:locale\" content=\"es_MX\" \/>\n<meta property=\"og:type\" content=\"article\" \/>\n<meta property=\"og:title\" content=\"La Academia Sueca entregar\u00e1 dos Nobel de Literatura este a\u00f1o -\" \/>\n<meta property=\"og:description\" content=\"La Academia Sueca entregar\u00e1 dos Nobel de Literatura este a\u00f1o Por Redacci\u00f3n QP\" \/>\n<meta property=\"og:url\" content=\"https:\/\/quehacerpolitico.mx\/?p=19252\" \/>\n<meta property=\"article:published_time\" content=\"2019-03-06T00:08:34+00:00\" \/>\n<meta name=\"author\" content=\"Redacci\u00f3n QP\" \/>\n<meta name=\"twitter:card\" content=\"summary_large_image\" \/>\n<meta name=\"twitter:label1\" content=\"Escrito por\" \/>\n\t<meta name=\"twitter:data1\" content=\"Redacci\u00f3n QP\" \/>\n\t<meta name=\"twitter:label2\" content=\"Tiempo de lectura\" \/>\n\t<meta name=\"twitter:data2\" content=\"2 minutos\" \/>\n<script type=\"application\/ld+json\" class=\"yoast-schema-graph\">{\"@context\":\"https:\\\/\\\/schema.org\",\"@graph\":[{\"@type\":\"Article\",\"@id\":\"https:\\\/\\\/quehacerpolitico.mx\\\/?p=19252#article\",\"isPartOf\":{\"@id\":\"https:\\\/\\\/quehacerpolitico.mx\\\/?p=19252\"},\"author\":{\"name\":\"Redacci\u00f3n QP\",\"@id\":\"https:\\\/\\\/quehacerpolitico.mx\\\/#\\\/schema\\\/person\\\/496d8ad2d1d3f8036101dca7ee39e585\"},\"headline\":\"La Academia Sueca entregar\u00e1 dos Nobel de Literatura este a\u00f1o\",\"datePublished\":\"2019-03-06T00:08:34+00:00\",\"mainEntityOfPage\":{\"@id\":\"https:\\\/\\\/quehacerpolitico.mx\\\/?p=19252\"},\"wordCount\":495,\"commentCount\":0,\"image\":{\"@id\":\"https:\\\/\\\/quehacerpolitico.mx\\\/?p=19252#primaryimage\"},\"thumbnailUrl\":\"\",\"articleSection\":[\"Cultura y Entretenimiento\"],\"inLanguage\":\"es\",\"potentialAction\":[{\"@type\":\"CommentAction\",\"name\":\"Comment\",\"target\":[\"https:\\\/\\\/quehacerpolitico.mx\\\/?p=19252#respond\"]}]},{\"@type\":\"WebPage\",\"@id\":\"https:\\\/\\\/quehacerpolitico.mx\\\/?p=19252\",\"url\":\"https:\\\/\\\/quehacerpolitico.mx\\\/?p=19252\",\"name\":\"La Academia Sueca entregar\u00e1 dos Nobel de Literatura este a\u00f1o -\",\"isPartOf\":{\"@id\":\"https:\\\/\\\/quehacerpolitico.mx\\\/#website\"},\"primaryImageOfPage\":{\"@id\":\"https:\\\/\\\/quehacerpolitico.mx\\\/?p=19252#primaryimage\"},\"image\":{\"@id\":\"https:\\\/\\\/quehacerpolitico.mx\\\/?p=19252#primaryimage\"},\"thumbnailUrl\":\"\",\"datePublished\":\"2019-03-06T00:08:34+00:00\",\"author\":{\"@id\":\"https:\\\/\\\/quehacerpolitico.mx\\\/#\\\/schema\\\/person\\\/496d8ad2d1d3f8036101dca7ee39e585\"},\"breadcrumb\":{\"@id\":\"https:\\\/\\\/quehacerpolitico.mx\\\/?p=19252#breadcrumb\"},\"inLanguage\":\"es\",\"potentialAction\":[{\"@type\":\"ReadAction\",\"target\":[\"https:\\\/\\\/quehacerpolitico.mx\\\/?p=19252\"]}]},{\"@type\":\"ImageObject\",\"inLanguage\":\"es\",\"@id\":\"https:\\\/\\\/quehacerpolitico.mx\\\/?p=19252#primaryimage\",\"url\":\"\",\"contentUrl\":\"\"},{\"@type\":\"BreadcrumbList\",\"@id\":\"https:\\\/\\\/quehacerpolitico.mx\\\/?p=19252#breadcrumb\",\"itemListElement\":[{\"@type\":\"ListItem\",\"position\":1,\"name\":\"Inicio\",\"item\":\"https:\\\/\\\/quehacerpolitico.mx\\\/\"},{\"@type\":\"ListItem\",\"position\":2,\"name\":\"La Academia Sueca entregar\u00e1 dos Nobel de Literatura este a\u00f1o\"}]},{\"@type\":\"WebSite\",\"@id\":\"https:\\\/\\\/quehacerpolitico.mx\\\/#website\",\"url\":\"https:\\\/\\\/quehacerpolitico.mx\\\/\",\"name\":\"\",\"description\":\"\",\"potentialAction\":[{\"@type\":\"SearchAction\",\"target\":{\"@type\":\"EntryPoint\",\"urlTemplate\":\"https:\\\/\\\/quehacerpolitico.mx\\\/?s={search_term_string}\"},\"query-input\":{\"@type\":\"PropertyValueSpecification\",\"valueRequired\":true,\"valueName\":\"search_term_string\"}}],\"inLanguage\":\"es\"},{\"@type\":\"Person\",\"@id\":\"https:\\\/\\\/quehacerpolitico.mx\\\/#\\\/schema\\\/person\\\/496d8ad2d1d3f8036101dca7ee39e585\",\"name\":\"Redacci\u00f3n QP\",\"image\":{\"@type\":\"ImageObject\",\"inLanguage\":\"es\",\"@id\":\"https:\\\/\\\/secure.gravatar.com\\\/avatar\\\/c7164ed6fdec453195284ad24a5ae5b6e1eed2b848477fa2a4787ba9adf39a41?s=96&d=mm&r=g\",\"url\":\"https:\\\/\\\/secure.gravatar.com\\\/avatar\\\/c7164ed6fdec453195284ad24a5ae5b6e1eed2b848477fa2a4787ba9adf39a41?s=96&d=mm&r=g\",\"contentUrl\":\"https:\\\/\\\/secure.gravatar.com\\\/avatar\\\/c7164ed6fdec453195284ad24a5ae5b6e1eed2b848477fa2a4787ba9adf39a41?s=96&d=mm&r=g\",\"caption\":\"Redacci\u00f3n QP\"},\"url\":\"https:\\\/\\\/quehacerpolitico.mx\\\/?author=2\"}]}<\/script>\n<!-- \/ Yoast SEO plugin. -->","yoast_head_json":{"title":"La Academia Sueca entregar\u00e1 dos Nobel de Literatura este a\u00f1o -","robots":{"index":"index","follow":"follow","max-snippet":"max-snippet:-1","max-image-preview":"max-image-preview:large","max-video-preview":"max-video-preview:-1"},"canonical":"https:\/\/quehacerpolitico.mx\/?p=19252","og_locale":"es_MX","og_type":"article","og_title":"La Academia Sueca entregar\u00e1 dos Nobel de Literatura este a\u00f1o -","og_description":"La Academia Sueca entregar\u00e1 dos Nobel de Literatura este a\u00f1o Por Redacci\u00f3n QP","og_url":"https:\/\/quehacerpolitico.mx\/?p=19252","article_published_time":"2019-03-06T00:08:34+00:00","author":"Redacci\u00f3n QP","twitter_card":"summary_large_image","twitter_misc":{"Escrito por":"Redacci\u00f3n QP","Tiempo de lectura":"2 minutos"},"schema":{"@context":"https:\/\/schema.org","@graph":[{"@type":"Article","@id":"https:\/\/quehacerpolitico.mx\/?p=19252#article","isPartOf":{"@id":"https:\/\/quehacerpolitico.mx\/?p=19252"},"author":{"name":"Redacci\u00f3n QP","@id":"https:\/\/quehacerpolitico.mx\/#\/schema\/person\/496d8ad2d1d3f8036101dca7ee39e585"},"headline":"La Academia Sueca entregar\u00e1 dos Nobel de Literatura este a\u00f1o","datePublished":"2019-03-06T00:08:34+00:00","mainEntityOfPage":{"@id":"https:\/\/quehacerpolitico.mx\/?p=19252"},"wordCount":495,"commentCount":0,"image":{"@id":"https:\/\/quehacerpolitico.mx\/?p=19252#primaryimage"},"thumbnailUrl":"","articleSection":["Cultura y Entretenimiento"],"inLanguage":"es","potentialAction":[{"@type":"CommentAction","name":"Comment","target":["https:\/\/quehacerpolitico.mx\/?p=19252#respond"]}]},{"@type":"WebPage","@id":"https:\/\/quehacerpolitico.mx\/?p=19252","url":"https:\/\/quehacerpolitico.mx\/?p=19252","name":"La Academia Sueca entregar\u00e1 dos Nobel de Literatura este a\u00f1o -","isPartOf":{"@id":"https:\/\/quehacerpolitico.mx\/#website"},"primaryImageOfPage":{"@id":"https:\/\/quehacerpolitico.mx\/?p=19252#primaryimage"},"image":{"@id":"https:\/\/quehacerpolitico.mx\/?p=19252#primaryimage"},"thumbnailUrl":"","datePublished":"2019-03-06T00:08:34+00:00","author":{"@id":"https:\/\/quehacerpolitico.mx\/#\/schema\/person\/496d8ad2d1d3f8036101dca7ee39e585"},"breadcrumb":{"@id":"https:\/\/quehacerpolitico.mx\/?p=19252#breadcrumb"},"inLanguage":"es","potentialAction":[{"@type":"ReadAction","target":["https:\/\/quehacerpolitico.mx\/?p=19252"]}]},{"@type":"ImageObject","inLanguage":"es","@id":"https:\/\/quehacerpolitico.mx\/?p=19252#primaryimage","url":"","contentUrl":""},{"@type":"BreadcrumbList","@id":"https:\/\/quehacerpolitico.mx\/?p=19252#breadcrumb","itemListElement":[{"@type":"ListItem","position":1,"name":"Inicio","item":"https:\/\/quehacerpolitico.mx\/"},{"@type":"ListItem","position":2,"name":"La Academia Sueca entregar\u00e1 dos Nobel de Literatura este a\u00f1o"}]},{"@type":"WebSite","@id":"https:\/\/quehacerpolitico.mx\/#website","url":"https:\/\/quehacerpolitico.mx\/","name":"","description":"","potentialAction":[{"@type":"SearchAction","target":{"@type":"EntryPoint","urlTemplate":"https:\/\/quehacerpolitico.mx\/?s={search_term_string}"},"query-input":{"@type":"PropertyValueSpecification","valueRequired":true,"valueName":"search_term_string"}}],"inLanguage":"es"},{"@type":"Person","@id":"https:\/\/quehacerpolitico.mx\/#\/schema\/person\/496d8ad2d1d3f8036101dca7ee39e585","name":"Redacci\u00f3n QP","image":{"@type":"ImageObject","inLanguage":"es","@id":"https:\/\/secure.gravatar.com\/avatar\/c7164ed6fdec453195284ad24a5ae5b6e1eed2b848477fa2a4787ba9adf39a41?s=96&d=mm&r=g","url":"https:\/\/secure.gravatar.com\/avatar\/c7164ed6fdec453195284ad24a5ae5b6e1eed2b848477fa2a4787ba9adf39a41?s=96&d=mm&r=g","contentUrl":"https:\/\/secure.gravatar.com\/avatar\/c7164ed6fdec453195284ad24a5ae5b6e1eed2b848477fa2a4787ba9adf39a41?s=96&d=mm&r=g","caption":"Redacci\u00f3n QP"},"url":"https:\/\/quehacerpolitico.mx\/?author=2"}]}},"featured_image_urls":{"full":"","thumbnail":"","medium":"","medium_large":"","large":"","1536x1536":"","2048x2048":"","covernews-featured":"","covernews-medium":""},"author_info":{"display_name":"Redacci\u00f3n QP","author_link":"https:\/\/quehacerpolitico.mx\/?author=2"},"category_info":"<a href=\"https:\/\/quehacerpolitico.mx\/?cat=58\" rel=\"category\">Cultura y Entretenimiento<\/a>","tag_info":"Cultura y Entretenimiento","comment_count":"0","_links":{"self":[{"href":"https:\/\/quehacerpolitico.mx\/index.php?rest_route=\/wp\/v2\/posts\/19252","targetHints":{"allow":["GET"]}}],"collection":[{"href":"https:\/\/quehacerpolitico.mx\/index.php?rest_route=\/wp\/v2\/posts"}],"about":[{"href":"https:\/\/quehacerpolitico.mx\/index.php?rest_route=\/wp\/v2\/types\/post"}],"author":[{"embeddable":true,"href":"https:\/\/quehacerpolitico.mx\/index.php?rest_route=\/wp\/v2\/users\/2"}],"replies":[{"embeddable":true,"href":"https:\/\/quehacerpolitico.mx\/index.php?rest_route=%2Fwp%2Fv2%2Fcomments&post=19252"}],"version-history":[{"count":0,"href":"https:\/\/quehacerpolitico.mx\/index.php?rest_route=\/wp\/v2\/posts\/19252\/revisions"}],"wp:featuredmedia":[{"embeddable":true,"href":"https:\/\/quehacerpolitico.mx\/index.php?rest_route=\/"}],"wp:attachment":[{"href":"https:\/\/quehacerpolitico.mx\/index.php?rest_route=%2Fwp%2Fv2%2Fmedia&parent=19252"}],"wp:term":[{"taxonomy":"category","embeddable":true,"href":"https:\/\/quehacerpolitico.mx\/index.php?rest_route=%2Fwp%2Fv2%2Fcategories&post=19252"},{"taxonomy":"post_tag","embeddable":true,"href":"https:\/\/quehacerpolitico.mx\/index.php?rest_route=%2Fwp%2Fv2%2Ftags&post=19252"}],"curies":[{"name":"wp","href":"https:\/\/api.w.org\/{rel}","templated":true}]}}