{"id":19246,"date":"2019-03-05T23:56:50","date_gmt":"2019-03-05T23:56:50","guid":{"rendered":"http:\/\/quehacerpolitico.mx\/margo-glantz-gana-el-primer-premio-nuevo-leon-alfonso-reyes\/"},"modified":"2019-03-05T23:56:50","modified_gmt":"2019-03-05T23:56:50","slug":"margo-glantz-gana-el-primer-premio-nuevo-leon-alfonso-reyes","status":"publish","type":"post","link":"https:\/\/quehacerpolitico.mx\/?p=19246","title":{"rendered":"Margo Glantz gana el primer Premio Nuevo Le\u00f3n Alfonso Reyes"},"content":{"rendered":"<h1 class=\"news-title\">Margo Glantz gana el primer Premio Nuevo Le\u00f3n Alfonso Reyes<\/h1>\n<p>Por Redacci\u00f3n QP<\/p>\n<header class=\"news-header\">\n<div class=\"news-subtitle\">\n<p>La comunidad cultural felicit\u00f3 a la escritora por este reconocimiento, anunciado en la FIL del Palacio de Miner\u00eda<\/p>\n<\/div>\n<\/header>\n<div class=\"news-content\">\n<div class=\"news-body row\">\n<p>La escritora Margo Glantz\u00a0fue declarada como la ganadora del primer Premio Nuevo Le\u00f3n Alfonso Reyes. La victoria fue dada a conocer en la Feria Internacional del Libro del Palacio de Miner\u00eda, la cual concluy\u00f3 este lunes.<\/p>\n<p>El reconocimiento es otorgado por el Gobierno de Nuevo Le\u00f3n, a trav\u00e9s del Consejo para la Cultura y las Artes de Nuevo Le\u00f3n (CONARTE), la Universidad Aut\u00f3noma de Nuevo Le\u00f3n (UANL), el Tecnol\u00f3gico de Monterrey, la Universidad de Monterrey (UDEM) y la Universidad Regiomontana U-ERRE).<\/p>\n<blockquote class=\"twitter-tweet\" data-width=\"550\" data-dnt=\"true\">\n<p lang=\"es\" dir=\"ltr\">Acad\u00e9mica y escritora, una de las grandes novelistas de la generaci\u00f3n de Medio Siglo, <a href=\"https:\/\/twitter.com\/Margo_Glantz?ref_src=twsrc%5Etfw\">@Margo_Glantz<\/a> ha sido declarada ganadora del primer Premio Nuevo Le\u00f3n Alfonso Reyes por su trayectoria, el INBAL celebra este reconocimiento. <a href=\"https:\/\/t.co\/j4EcEf60iI\">pic.twitter.com\/j4EcEf60iI<\/a><\/p>\n<p>&mdash; Instituto Nacional de Bellas Artes y Literatura (@bellasartesinba) <a href=\"https:\/\/twitter.com\/bellasartesinba\/status\/1103011319060549632?ref_src=twsrc%5Etfw\">March 5, 2019<\/a><\/p><\/blockquote>\n<p><script async src=\"https:\/\/platform.twitter.com\/widgets.js\" charset=\"utf-8\"><\/script><\/p>\n<p><strong>El anuncio se realiz\u00f3 en el Sal\u00f3n de Rectores del Palacio de Miner\u00eda<\/strong>. &#8220;La doctora Margo Glantz fue elegida por su alt\u00edsima calidad como intelectual contempor\u00e1nea en nuestro pa\u00eds, su distinguida y generosa trayectoria en las letras y las humanidades, su vasta obra creativa y su vigencia como una de las pensadoras m\u00e1s importantes y cr\u00edticas en el debate y la reflexi\u00f3n sobre la cultura mexicana moderna&#8221;, coment\u00f3 Ricardo Marcos Gonz\u00e1lez, presidente de CONARTE, a trav\u00e9s de un comunicado.<\/p>\n<p>\u00a1Enhorabuena!, fue la felicitaci\u00f3n que escribi\u00f3 la Academia Mexicana de la Lengua para celebrar el galard\u00f3n otorgado a la autora\u00a0de &#8220;Las geneaolog\u00edas&#8221; y &#8220;El rastro&#8221;.<\/p>\n<p>La editorial Sexto Piso tambi\u00e9n aplaudi\u00f3 el reconocimiento que mereci\u00f3 la escritora.<\/p>\n<p>El Instituto Nacional de Bellas Artes y Literatura tambi\u00e9n celebr\u00f3 el Premio Nuevo Le\u00f3n Alfonso Reyes a Margo Glantz con un mensaje en su cuenta de Twitter.<\/p>\n<\/div>\n<\/div>\n","protected":false},"excerpt":{"rendered":"<p>Margo Glantz gana el primer Premio Nuevo Le\u00f3n Alfonso Reyes<br \/>\nPor Redacci\u00f3n QP<\/p>\n","protected":false},"author":2,"featured_media":19245,"comment_status":"open","ping_status":"open","sticky":false,"template":"","format":"standard","meta":{"_monsterinsights_skip_tracking":false,"_monsterinsights_sitenote_active":false,"_monsterinsights_sitenote_note":"","_monsterinsights_sitenote_category":0,"footnotes":""},"categories":[58],"tags":[],"class_list":["post-19246","post","type-post","status-publish","format-standard","has-post-thumbnail","hentry","category-cultura"],"yoast_head":"<!-- This site is optimized with the Yoast SEO plugin v27.3 - https:\/\/yoast.com\/product\/yoast-seo-wordpress\/ -->\n<title>Margo Glantz gana el primer Premio Nuevo Le\u00f3n Alfonso Reyes -<\/title>\n<meta name=\"robots\" content=\"index, follow, max-snippet:-1, max-image-preview:large, max-video-preview:-1\" \/>\n<link rel=\"canonical\" href=\"https:\/\/quehacerpolitico.mx\/?p=19246\" \/>\n<meta property=\"og:locale\" content=\"es_MX\" \/>\n<meta property=\"og:type\" content=\"article\" \/>\n<meta property=\"og:title\" content=\"Margo Glantz gana el primer Premio Nuevo Le\u00f3n Alfonso Reyes -\" \/>\n<meta property=\"og:description\" content=\"Margo Glantz gana el primer Premio Nuevo Le\u00f3n Alfonso Reyes Por Redacci\u00f3n QP\" \/>\n<meta property=\"og:url\" content=\"https:\/\/quehacerpolitico.mx\/?p=19246\" \/>\n<meta property=\"article:published_time\" content=\"2019-03-05T23:56:50+00:00\" \/>\n<meta name=\"author\" content=\"Redacci\u00f3n QP\" \/>\n<meta name=\"twitter:card\" content=\"summary_large_image\" \/>\n<meta name=\"twitter:label1\" content=\"Escrito por\" \/>\n\t<meta name=\"twitter:data1\" content=\"Redacci\u00f3n QP\" \/>\n\t<meta name=\"twitter:label2\" content=\"Tiempo de lectura\" \/>\n\t<meta name=\"twitter:data2\" content=\"1 minuto\" \/>\n<script type=\"application\/ld+json\" class=\"yoast-schema-graph\">{\"@context\":\"https:\\\/\\\/schema.org\",\"@graph\":[{\"@type\":\"Article\",\"@id\":\"https:\\\/\\\/quehacerpolitico.mx\\\/?p=19246#article\",\"isPartOf\":{\"@id\":\"https:\\\/\\\/quehacerpolitico.mx\\\/?p=19246\"},\"author\":{\"name\":\"Redacci\u00f3n QP\",\"@id\":\"https:\\\/\\\/quehacerpolitico.mx\\\/#\\\/schema\\\/person\\\/496d8ad2d1d3f8036101dca7ee39e585\"},\"headline\":\"Margo Glantz gana el primer Premio Nuevo Le\u00f3n Alfonso Reyes\",\"datePublished\":\"2019-03-05T23:56:50+00:00\",\"mainEntityOfPage\":{\"@id\":\"https:\\\/\\\/quehacerpolitico.mx\\\/?p=19246\"},\"wordCount\":301,\"commentCount\":0,\"image\":{\"@id\":\"https:\\\/\\\/quehacerpolitico.mx\\\/?p=19246#primaryimage\"},\"thumbnailUrl\":\"\",\"articleSection\":[\"Cultura y Entretenimiento\"],\"inLanguage\":\"es\",\"potentialAction\":[{\"@type\":\"CommentAction\",\"name\":\"Comment\",\"target\":[\"https:\\\/\\\/quehacerpolitico.mx\\\/?p=19246#respond\"]}]},{\"@type\":\"WebPage\",\"@id\":\"https:\\\/\\\/quehacerpolitico.mx\\\/?p=19246\",\"url\":\"https:\\\/\\\/quehacerpolitico.mx\\\/?p=19246\",\"name\":\"Margo Glantz gana el primer Premio Nuevo Le\u00f3n Alfonso Reyes -\",\"isPartOf\":{\"@id\":\"https:\\\/\\\/quehacerpolitico.mx\\\/#website\"},\"primaryImageOfPage\":{\"@id\":\"https:\\\/\\\/quehacerpolitico.mx\\\/?p=19246#primaryimage\"},\"image\":{\"@id\":\"https:\\\/\\\/quehacerpolitico.mx\\\/?p=19246#primaryimage\"},\"thumbnailUrl\":\"\",\"datePublished\":\"2019-03-05T23:56:50+00:00\",\"author\":{\"@id\":\"https:\\\/\\\/quehacerpolitico.mx\\\/#\\\/schema\\\/person\\\/496d8ad2d1d3f8036101dca7ee39e585\"},\"breadcrumb\":{\"@id\":\"https:\\\/\\\/quehacerpolitico.mx\\\/?p=19246#breadcrumb\"},\"inLanguage\":\"es\",\"potentialAction\":[{\"@type\":\"ReadAction\",\"target\":[\"https:\\\/\\\/quehacerpolitico.mx\\\/?p=19246\"]}]},{\"@type\":\"ImageObject\",\"inLanguage\":\"es\",\"@id\":\"https:\\\/\\\/quehacerpolitico.mx\\\/?p=19246#primaryimage\",\"url\":\"\",\"contentUrl\":\"\"},{\"@type\":\"BreadcrumbList\",\"@id\":\"https:\\\/\\\/quehacerpolitico.mx\\\/?p=19246#breadcrumb\",\"itemListElement\":[{\"@type\":\"ListItem\",\"position\":1,\"name\":\"Inicio\",\"item\":\"https:\\\/\\\/quehacerpolitico.mx\\\/\"},{\"@type\":\"ListItem\",\"position\":2,\"name\":\"Margo Glantz gana el primer Premio Nuevo Le\u00f3n Alfonso Reyes\"}]},{\"@type\":\"WebSite\",\"@id\":\"https:\\\/\\\/quehacerpolitico.mx\\\/#website\",\"url\":\"https:\\\/\\\/quehacerpolitico.mx\\\/\",\"name\":\"\",\"description\":\"\",\"potentialAction\":[{\"@type\":\"SearchAction\",\"target\":{\"@type\":\"EntryPoint\",\"urlTemplate\":\"https:\\\/\\\/quehacerpolitico.mx\\\/?s={search_term_string}\"},\"query-input\":{\"@type\":\"PropertyValueSpecification\",\"valueRequired\":true,\"valueName\":\"search_term_string\"}}],\"inLanguage\":\"es\"},{\"@type\":\"Person\",\"@id\":\"https:\\\/\\\/quehacerpolitico.mx\\\/#\\\/schema\\\/person\\\/496d8ad2d1d3f8036101dca7ee39e585\",\"name\":\"Redacci\u00f3n QP\",\"image\":{\"@type\":\"ImageObject\",\"inLanguage\":\"es\",\"@id\":\"https:\\\/\\\/secure.gravatar.com\\\/avatar\\\/c7164ed6fdec453195284ad24a5ae5b6e1eed2b848477fa2a4787ba9adf39a41?s=96&d=mm&r=g\",\"url\":\"https:\\\/\\\/secure.gravatar.com\\\/avatar\\\/c7164ed6fdec453195284ad24a5ae5b6e1eed2b848477fa2a4787ba9adf39a41?s=96&d=mm&r=g\",\"contentUrl\":\"https:\\\/\\\/secure.gravatar.com\\\/avatar\\\/c7164ed6fdec453195284ad24a5ae5b6e1eed2b848477fa2a4787ba9adf39a41?s=96&d=mm&r=g\",\"caption\":\"Redacci\u00f3n QP\"},\"url\":\"https:\\\/\\\/quehacerpolitico.mx\\\/?author=2\"}]}<\/script>\n<!-- \/ Yoast SEO plugin. -->","yoast_head_json":{"title":"Margo Glantz gana el primer Premio Nuevo Le\u00f3n Alfonso Reyes -","robots":{"index":"index","follow":"follow","max-snippet":"max-snippet:-1","max-image-preview":"max-image-preview:large","max-video-preview":"max-video-preview:-1"},"canonical":"https:\/\/quehacerpolitico.mx\/?p=19246","og_locale":"es_MX","og_type":"article","og_title":"Margo Glantz gana el primer Premio Nuevo Le\u00f3n Alfonso Reyes -","og_description":"Margo Glantz gana el primer Premio Nuevo Le\u00f3n Alfonso Reyes Por Redacci\u00f3n QP","og_url":"https:\/\/quehacerpolitico.mx\/?p=19246","article_published_time":"2019-03-05T23:56:50+00:00","author":"Redacci\u00f3n QP","twitter_card":"summary_large_image","twitter_misc":{"Escrito por":"Redacci\u00f3n QP","Tiempo de lectura":"1 minuto"},"schema":{"@context":"https:\/\/schema.org","@graph":[{"@type":"Article","@id":"https:\/\/quehacerpolitico.mx\/?p=19246#article","isPartOf":{"@id":"https:\/\/quehacerpolitico.mx\/?p=19246"},"author":{"name":"Redacci\u00f3n QP","@id":"https:\/\/quehacerpolitico.mx\/#\/schema\/person\/496d8ad2d1d3f8036101dca7ee39e585"},"headline":"Margo Glantz gana el primer Premio Nuevo Le\u00f3n Alfonso Reyes","datePublished":"2019-03-05T23:56:50+00:00","mainEntityOfPage":{"@id":"https:\/\/quehacerpolitico.mx\/?p=19246"},"wordCount":301,"commentCount":0,"image":{"@id":"https:\/\/quehacerpolitico.mx\/?p=19246#primaryimage"},"thumbnailUrl":"","articleSection":["Cultura y Entretenimiento"],"inLanguage":"es","potentialAction":[{"@type":"CommentAction","name":"Comment","target":["https:\/\/quehacerpolitico.mx\/?p=19246#respond"]}]},{"@type":"WebPage","@id":"https:\/\/quehacerpolitico.mx\/?p=19246","url":"https:\/\/quehacerpolitico.mx\/?p=19246","name":"Margo Glantz gana el primer Premio Nuevo Le\u00f3n Alfonso Reyes -","isPartOf":{"@id":"https:\/\/quehacerpolitico.mx\/#website"},"primaryImageOfPage":{"@id":"https:\/\/quehacerpolitico.mx\/?p=19246#primaryimage"},"image":{"@id":"https:\/\/quehacerpolitico.mx\/?p=19246#primaryimage"},"thumbnailUrl":"","datePublished":"2019-03-05T23:56:50+00:00","author":{"@id":"https:\/\/quehacerpolitico.mx\/#\/schema\/person\/496d8ad2d1d3f8036101dca7ee39e585"},"breadcrumb":{"@id":"https:\/\/quehacerpolitico.mx\/?p=19246#breadcrumb"},"inLanguage":"es","potentialAction":[{"@type":"ReadAction","target":["https:\/\/quehacerpolitico.mx\/?p=19246"]}]},{"@type":"ImageObject","inLanguage":"es","@id":"https:\/\/quehacerpolitico.mx\/?p=19246#primaryimage","url":"","contentUrl":""},{"@type":"BreadcrumbList","@id":"https:\/\/quehacerpolitico.mx\/?p=19246#breadcrumb","itemListElement":[{"@type":"ListItem","position":1,"name":"Inicio","item":"https:\/\/quehacerpolitico.mx\/"},{"@type":"ListItem","position":2,"name":"Margo Glantz gana el primer Premio Nuevo Le\u00f3n Alfonso Reyes"}]},{"@type":"WebSite","@id":"https:\/\/quehacerpolitico.mx\/#website","url":"https:\/\/quehacerpolitico.mx\/","name":"","description":"","potentialAction":[{"@type":"SearchAction","target":{"@type":"EntryPoint","urlTemplate":"https:\/\/quehacerpolitico.mx\/?s={search_term_string}"},"query-input":{"@type":"PropertyValueSpecification","valueRequired":true,"valueName":"search_term_string"}}],"inLanguage":"es"},{"@type":"Person","@id":"https:\/\/quehacerpolitico.mx\/#\/schema\/person\/496d8ad2d1d3f8036101dca7ee39e585","name":"Redacci\u00f3n QP","image":{"@type":"ImageObject","inLanguage":"es","@id":"https:\/\/secure.gravatar.com\/avatar\/c7164ed6fdec453195284ad24a5ae5b6e1eed2b848477fa2a4787ba9adf39a41?s=96&d=mm&r=g","url":"https:\/\/secure.gravatar.com\/avatar\/c7164ed6fdec453195284ad24a5ae5b6e1eed2b848477fa2a4787ba9adf39a41?s=96&d=mm&r=g","contentUrl":"https:\/\/secure.gravatar.com\/avatar\/c7164ed6fdec453195284ad24a5ae5b6e1eed2b848477fa2a4787ba9adf39a41?s=96&d=mm&r=g","caption":"Redacci\u00f3n QP"},"url":"https:\/\/quehacerpolitico.mx\/?author=2"}]}},"featured_image_urls":{"full":"","thumbnail":"","medium":"","medium_large":"","large":"","1536x1536":"","2048x2048":"","covernews-featured":"","covernews-medium":""},"author_info":{"display_name":"Redacci\u00f3n QP","author_link":"https:\/\/quehacerpolitico.mx\/?author=2"},"category_info":"<a href=\"https:\/\/quehacerpolitico.mx\/?cat=58\" rel=\"category\">Cultura y Entretenimiento<\/a>","tag_info":"Cultura y Entretenimiento","comment_count":"0","_links":{"self":[{"href":"https:\/\/quehacerpolitico.mx\/index.php?rest_route=\/wp\/v2\/posts\/19246","targetHints":{"allow":["GET"]}}],"collection":[{"href":"https:\/\/quehacerpolitico.mx\/index.php?rest_route=\/wp\/v2\/posts"}],"about":[{"href":"https:\/\/quehacerpolitico.mx\/index.php?rest_route=\/wp\/v2\/types\/post"}],"author":[{"embeddable":true,"href":"https:\/\/quehacerpolitico.mx\/index.php?rest_route=\/wp\/v2\/users\/2"}],"replies":[{"embeddable":true,"href":"https:\/\/quehacerpolitico.mx\/index.php?rest_route=%2Fwp%2Fv2%2Fcomments&post=19246"}],"version-history":[{"count":0,"href":"https:\/\/quehacerpolitico.mx\/index.php?rest_route=\/wp\/v2\/posts\/19246\/revisions"}],"wp:featuredmedia":[{"embeddable":true,"href":"https:\/\/quehacerpolitico.mx\/index.php?rest_route=\/"}],"wp:attachment":[{"href":"https:\/\/quehacerpolitico.mx\/index.php?rest_route=%2Fwp%2Fv2%2Fmedia&parent=19246"}],"wp:term":[{"taxonomy":"category","embeddable":true,"href":"https:\/\/quehacerpolitico.mx\/index.php?rest_route=%2Fwp%2Fv2%2Fcategories&post=19246"},{"taxonomy":"post_tag","embeddable":true,"href":"https:\/\/quehacerpolitico.mx\/index.php?rest_route=%2Fwp%2Fv2%2Ftags&post=19246"}],"curies":[{"name":"wp","href":"https:\/\/api.w.org\/{rel}","templated":true}]}}