{"id":19234,"date":"2019-03-05T22:36:06","date_gmt":"2019-03-05T22:36:06","guid":{"rendered":"http:\/\/quehacerpolitico.mx\/no-es-necesario-endeudar-al-pais-para-cumplir-metas-lopez-obrador\/"},"modified":"2019-03-05T22:36:06","modified_gmt":"2019-03-05T22:36:06","slug":"no-es-necesario-endeudar-al-pais-para-cumplir-metas-lopez-obrador","status":"publish","type":"post","link":"https:\/\/quehacerpolitico.mx\/?p=19234","title":{"rendered":"No es necesario endeudar al pa\u00eds para cumplir metas: L\u00f3pez Obrador"},"content":{"rendered":"<h1 class=\"news-title\">No es necesario endeudar al pa\u00eds para cumplir metas: L\u00f3pez Obrador<\/h1>\n<p>Por Redacci\u00f3n QP<\/p>\n<p>El mandatario sostuvo, al encabezar la entrega de apoyos de Programas Integrales del Bienestar en Manzanillo, que s\u00f3lo hace falta acabar con la corrupci\u00f3n y los lujos<\/p>\n<p>https:\/\/www.facebook.com\/lopezobrador.org.mx\/videos\/2172700999490089\/<\/p>\n<p>El presidente Andres Manuel L\u00f3pez Obrador\u00a0asever\u00f3 que no hace falta endeudar al pa\u00eds ni solicitar cr\u00e9dito para cumplir con los compromisos de gobierno, s\u00f3lo hay que acabar con la corrupci\u00f3n y los lujos en las altas esferas del poder, y reiter\u00f3 su llamado al respeto a las autoridades y a la unidad.<\/p>\n<blockquote>\n<p>&#8220;Algunos quieren presionarnos para que digamos necesitamos cr\u00e9dito, necesitamos deuda, pero no, no va a hacer falta endeudar al pa\u00eds&#8221;<\/p>\n<\/blockquote>\n<p>&#8220;Algunos quieren presionarnos para que digamos necesitamos cr\u00e9dito, necesitamos deuda, (pero) no, no va a hacer falta endeudar al pa\u00eds, nom\u00e1s hace falta acabar con la corrupci\u00f3n y los lujos&#8221;, expres\u00f3 L\u00f3pez Obrador al encabezar la entrega de apoyos de Programas Integrales del Bienestar.<\/p>\n<p>De gira por Manzanillo, Colima, acompa\u00f1ado del gobernador Jos\u00e9 Ignacio Peralta, <strong>se\u00f1al\u00f3 que se tendr\u00e1n los presupuestos sin necesidad de crear nuevos impuestos ni aumentos al precio de la gasolina, luz, gas y di\u00e9sel<\/strong>. No es endeudar al pa\u00eds para cumplir metas, afirm\u00f3 L\u00f3pez Obrador<\/p>\n<p>Explic\u00f3 que se est\u00e1n haciendo algunos ajustes que quedaron de la pasada administraci\u00f3n, &#8220;algunos que no hacen caso, pero ya van a entender que tienen que hacerle caso al Presidente, no va a aumentar el precio de la gasolina ni de luz en t\u00e9rminos reales&#8221;.<\/p>\n<p>Tras comentar que los salarios de los funcionarios se han reducido y nadie gana m\u00e1s que el Presidente de la Rep\u00fablica, a\u00f1adi\u00f3 que se tendr\u00e1n recursos suficientes, porque sin corrupcion\u00a0alcanza el presupuesto.<\/p>\n<blockquote>\n<p>&#8220;Ya van a entender que tienen que hacerle caso al Presidente, no va a aumentar el precio de la gasolina ni de luz en t\u00e9rminos reales&#8221;<\/p>\n<\/blockquote>\n<p>En el acto donde estuvo la secretaria de Bienestar, Mar\u00eda Luisa Albores, coment\u00f3 que se revisar\u00e1 el caso de la regasificadora, para lo cual hicieron un contrato que implica la compra de gas a Per\u00fa, &#8220;en aquel entonces, por 20 millones de d\u00f3lares&#8221;; sin embargo, la planta de Manzanillo opera con combustible de petr\u00f3leo para producir energ\u00eda el\u00e9ctrica, por lo que se contamina.<\/p>\n<p><strong>Se comprometi\u00f3 a revisar la concesi\u00f3n de la autopista y la caseta de cobro, refiri\u00e9ndose a la tarjeta de Cuyutl\u00e1n.<\/strong><\/p>\n<p>Tambi\u00e9n destac\u00f3 que no se llevar\u00e1 a cabo ninguna acci\u00f3n que afecte al medio ambiente, porque se debe cuidar la naturaleza para los que vienen atr\u00e1s, &#8220;para los hijos y los nietos&#8221;.<\/p>\n<p>Tras anunciar que regresar\u00e1 a Manzanillo en tres o cuatro meses para revisar el avance de los programas, el Ejecutivo federal convoc\u00f3 a la poblaci\u00f3n a ser respetuosos con la autoridad, porque no es a gritos ni a sombrerazos como se resuelven los problemas.<\/p>\n<p><strong>Reiter\u00f3 su llamado de respeto a las autoridades, independientemente de su extracci\u00f3n pol\u00edtica<\/strong>, e hizo un ejercicio en el que pidi\u00f3 a los asistentes: &#8220;Que levante la mano quien le falta al respeto al gobernador; que levante la mano quien respeta al gobernador&#8221;, a lo que los presentes respondieron de manera un\u00e1nime a favor del mandatario estatal.<\/p>\n<blockquote>\n<p>&#8220;Tengo confianza, soy optimista para sacar al pueblo de la pobreza y de la marginaci\u00f3n, y la f\u00f3rmula est\u00e1 en terminar con la corrupci\u00f3n&#8221;<\/p>\n<\/blockquote>\n<p>En la ceremonia en el patio del Instituto de Ferias, Eventos y Exposiciones de Manzanillo, a\u00f1adi\u00f3 que la Cuarta Transformaci\u00f3n <strong>es trabajar por el bienestar del pueblo para acabar con la corrupci\u00f3n y que haya una reconciliaci\u00f3n nacional, amor a la familia, a la naturaleza, al pr\u00f3jimo, a la patria, nada de odio<\/strong>, y si quieren pelearse, &#8220;que busquen a un animal grande como lo es la corrupci\u00f3n&#8221;.<\/p>\n<p>Precis\u00f3 a los maestros que ya envi\u00f3 la iniciativa para cancelar la mal llamada reforma educativa, y detall\u00f3 que se regularizar\u00e1 de manera paulatina la situaci\u00f3n de los profesores que carecen de una base, lo mismo suceder\u00e1 en el sector salud para que cuente con medicamentos y m\u00e9dicos.<\/p>\n<p>Expuso que esto no se puede hacer de la noche a la ma\u00f1ana, porque es mucho el rezago y los pendientes que dejaron, pero las cosas cambiar\u00e1n: &#8220;Tengo confianza, soy optimista para sacar al pueblo de la pobreza y de la marginaci\u00f3n, y la f\u00f3rmula est\u00e1 en terminar con la corrupci\u00f3n&#8221;, insisti\u00f3.<\/p>\n<p>A\u00f1adi\u00f3 que se atender\u00e1n todas la necesidades de Colima y de M\u00e9xico, mismas que se solucionar\u00e1 poco a poco, porque son muchas las demandas.<\/p>\n<p>El presidente L\u00f3pez Obrador record\u00f3 los programas de becas a estudiantes de los diferentes niveles educativos, apoyo a adultos mayores, personas con discapacidad, al campo, los cr\u00e9dito a la palabra, y para productores a trav\u00e9s del programa &#8220;Tandas del Bienestar&#8221;, entre otros.<\/p>\n<p>Resalt\u00f3 que a los j\u00f3venes no se les dar\u00e1 la espalda, porque la inseguridad y la violencia que se padece, entre otras cosas, se debe al abandono de ese sector de la poblaci\u00f3n, por lo que se atender\u00e1n las causas para que haya bienestar y se vaya serenando el pa\u00eds.<\/p>\n","protected":false},"excerpt":{"rendered":"<p>No es necesario endeudar al pa\u00eds para cumplir metas: L\u00f3pez Obrador<br \/>\nPor Redacci\u00f3n QP<\/p>\n","protected":false},"author":2,"featured_media":19233,"comment_status":"open","ping_status":"open","sticky":false,"template":"","format":"standard","meta":{"_monsterinsights_skip_tracking":false,"_monsterinsights_sitenote_active":false,"_monsterinsights_sitenote_note":"","_monsterinsights_sitenote_category":0,"footnotes":""},"categories":[2],"tags":[],"class_list":["post-19234","post","type-post","status-publish","format-standard","has-post-thumbnail","hentry","category-noticias"],"yoast_head":"<!-- This site is optimized with the Yoast SEO plugin v27.3 - https:\/\/yoast.com\/product\/yoast-seo-wordpress\/ -->\n<title>No es necesario endeudar al pa\u00eds para cumplir metas: L\u00f3pez Obrador -<\/title>\n<meta name=\"robots\" content=\"index, follow, max-snippet:-1, max-image-preview:large, max-video-preview:-1\" \/>\n<link rel=\"canonical\" href=\"https:\/\/quehacerpolitico.mx\/?p=19234\" \/>\n<meta property=\"og:locale\" content=\"es_MX\" \/>\n<meta property=\"og:type\" content=\"article\" \/>\n<meta property=\"og:title\" content=\"No es necesario endeudar al pa\u00eds para cumplir metas: L\u00f3pez Obrador -\" \/>\n<meta property=\"og:description\" content=\"No es necesario endeudar al pa\u00eds para cumplir metas: L\u00f3pez Obrador Por Redacci\u00f3n QP\" \/>\n<meta property=\"og:url\" content=\"https:\/\/quehacerpolitico.mx\/?p=19234\" \/>\n<meta property=\"article:published_time\" content=\"2019-03-05T22:36:06+00:00\" \/>\n<meta name=\"author\" content=\"Redacci\u00f3n QP\" \/>\n<meta name=\"twitter:card\" content=\"summary_large_image\" \/>\n<meta name=\"twitter:label1\" content=\"Escrito por\" \/>\n\t<meta name=\"twitter:data1\" content=\"Redacci\u00f3n QP\" \/>\n\t<meta name=\"twitter:label2\" content=\"Tiempo de lectura\" \/>\n\t<meta name=\"twitter:data2\" content=\"5 minutos\" \/>\n<script type=\"application\/ld+json\" class=\"yoast-schema-graph\">{\"@context\":\"https:\\\/\\\/schema.org\",\"@graph\":[{\"@type\":\"Article\",\"@id\":\"https:\\\/\\\/quehacerpolitico.mx\\\/?p=19234#article\",\"isPartOf\":{\"@id\":\"https:\\\/\\\/quehacerpolitico.mx\\\/?p=19234\"},\"author\":{\"name\":\"Redacci\u00f3n QP\",\"@id\":\"https:\\\/\\\/quehacerpolitico.mx\\\/#\\\/schema\\\/person\\\/496d8ad2d1d3f8036101dca7ee39e585\"},\"headline\":\"No es necesario endeudar al pa\u00eds para cumplir metas: L\u00f3pez Obrador\",\"datePublished\":\"2019-03-05T22:36:06+00:00\",\"mainEntityOfPage\":{\"@id\":\"https:\\\/\\\/quehacerpolitico.mx\\\/?p=19234\"},\"wordCount\":923,\"commentCount\":0,\"image\":{\"@id\":\"https:\\\/\\\/quehacerpolitico.mx\\\/?p=19234#primaryimage\"},\"thumbnailUrl\":\"\",\"articleSection\":[\"Noticias\"],\"inLanguage\":\"es\",\"potentialAction\":[{\"@type\":\"CommentAction\",\"name\":\"Comment\",\"target\":[\"https:\\\/\\\/quehacerpolitico.mx\\\/?p=19234#respond\"]}]},{\"@type\":\"WebPage\",\"@id\":\"https:\\\/\\\/quehacerpolitico.mx\\\/?p=19234\",\"url\":\"https:\\\/\\\/quehacerpolitico.mx\\\/?p=19234\",\"name\":\"No es necesario endeudar al pa\u00eds para cumplir metas: L\u00f3pez Obrador -\",\"isPartOf\":{\"@id\":\"https:\\\/\\\/quehacerpolitico.mx\\\/#website\"},\"primaryImageOfPage\":{\"@id\":\"https:\\\/\\\/quehacerpolitico.mx\\\/?p=19234#primaryimage\"},\"image\":{\"@id\":\"https:\\\/\\\/quehacerpolitico.mx\\\/?p=19234#primaryimage\"},\"thumbnailUrl\":\"\",\"datePublished\":\"2019-03-05T22:36:06+00:00\",\"author\":{\"@id\":\"https:\\\/\\\/quehacerpolitico.mx\\\/#\\\/schema\\\/person\\\/496d8ad2d1d3f8036101dca7ee39e585\"},\"breadcrumb\":{\"@id\":\"https:\\\/\\\/quehacerpolitico.mx\\\/?p=19234#breadcrumb\"},\"inLanguage\":\"es\",\"potentialAction\":[{\"@type\":\"ReadAction\",\"target\":[\"https:\\\/\\\/quehacerpolitico.mx\\\/?p=19234\"]}]},{\"@type\":\"ImageObject\",\"inLanguage\":\"es\",\"@id\":\"https:\\\/\\\/quehacerpolitico.mx\\\/?p=19234#primaryimage\",\"url\":\"\",\"contentUrl\":\"\"},{\"@type\":\"BreadcrumbList\",\"@id\":\"https:\\\/\\\/quehacerpolitico.mx\\\/?p=19234#breadcrumb\",\"itemListElement\":[{\"@type\":\"ListItem\",\"position\":1,\"name\":\"Inicio\",\"item\":\"https:\\\/\\\/quehacerpolitico.mx\\\/\"},{\"@type\":\"ListItem\",\"position\":2,\"name\":\"No es necesario endeudar al pa\u00eds para cumplir metas: L\u00f3pez Obrador\"}]},{\"@type\":\"WebSite\",\"@id\":\"https:\\\/\\\/quehacerpolitico.mx\\\/#website\",\"url\":\"https:\\\/\\\/quehacerpolitico.mx\\\/\",\"name\":\"\",\"description\":\"\",\"potentialAction\":[{\"@type\":\"SearchAction\",\"target\":{\"@type\":\"EntryPoint\",\"urlTemplate\":\"https:\\\/\\\/quehacerpolitico.mx\\\/?s={search_term_string}\"},\"query-input\":{\"@type\":\"PropertyValueSpecification\",\"valueRequired\":true,\"valueName\":\"search_term_string\"}}],\"inLanguage\":\"es\"},{\"@type\":\"Person\",\"@id\":\"https:\\\/\\\/quehacerpolitico.mx\\\/#\\\/schema\\\/person\\\/496d8ad2d1d3f8036101dca7ee39e585\",\"name\":\"Redacci\u00f3n QP\",\"image\":{\"@type\":\"ImageObject\",\"inLanguage\":\"es\",\"@id\":\"https:\\\/\\\/secure.gravatar.com\\\/avatar\\\/c7164ed6fdec453195284ad24a5ae5b6e1eed2b848477fa2a4787ba9adf39a41?s=96&d=mm&r=g\",\"url\":\"https:\\\/\\\/secure.gravatar.com\\\/avatar\\\/c7164ed6fdec453195284ad24a5ae5b6e1eed2b848477fa2a4787ba9adf39a41?s=96&d=mm&r=g\",\"contentUrl\":\"https:\\\/\\\/secure.gravatar.com\\\/avatar\\\/c7164ed6fdec453195284ad24a5ae5b6e1eed2b848477fa2a4787ba9adf39a41?s=96&d=mm&r=g\",\"caption\":\"Redacci\u00f3n QP\"},\"url\":\"https:\\\/\\\/quehacerpolitico.mx\\\/?author=2\"}]}<\/script>\n<!-- \/ Yoast SEO plugin. -->","yoast_head_json":{"title":"No es necesario endeudar al pa\u00eds para cumplir metas: L\u00f3pez Obrador -","robots":{"index":"index","follow":"follow","max-snippet":"max-snippet:-1","max-image-preview":"max-image-preview:large","max-video-preview":"max-video-preview:-1"},"canonical":"https:\/\/quehacerpolitico.mx\/?p=19234","og_locale":"es_MX","og_type":"article","og_title":"No es necesario endeudar al pa\u00eds para cumplir metas: L\u00f3pez Obrador -","og_description":"No es necesario endeudar al pa\u00eds para cumplir metas: L\u00f3pez Obrador Por Redacci\u00f3n QP","og_url":"https:\/\/quehacerpolitico.mx\/?p=19234","article_published_time":"2019-03-05T22:36:06+00:00","author":"Redacci\u00f3n QP","twitter_card":"summary_large_image","twitter_misc":{"Escrito por":"Redacci\u00f3n QP","Tiempo de lectura":"5 minutos"},"schema":{"@context":"https:\/\/schema.org","@graph":[{"@type":"Article","@id":"https:\/\/quehacerpolitico.mx\/?p=19234#article","isPartOf":{"@id":"https:\/\/quehacerpolitico.mx\/?p=19234"},"author":{"name":"Redacci\u00f3n QP","@id":"https:\/\/quehacerpolitico.mx\/#\/schema\/person\/496d8ad2d1d3f8036101dca7ee39e585"},"headline":"No es necesario endeudar al pa\u00eds para cumplir metas: L\u00f3pez Obrador","datePublished":"2019-03-05T22:36:06+00:00","mainEntityOfPage":{"@id":"https:\/\/quehacerpolitico.mx\/?p=19234"},"wordCount":923,"commentCount":0,"image":{"@id":"https:\/\/quehacerpolitico.mx\/?p=19234#primaryimage"},"thumbnailUrl":"","articleSection":["Noticias"],"inLanguage":"es","potentialAction":[{"@type":"CommentAction","name":"Comment","target":["https:\/\/quehacerpolitico.mx\/?p=19234#respond"]}]},{"@type":"WebPage","@id":"https:\/\/quehacerpolitico.mx\/?p=19234","url":"https:\/\/quehacerpolitico.mx\/?p=19234","name":"No es necesario endeudar al pa\u00eds para cumplir metas: L\u00f3pez Obrador -","isPartOf":{"@id":"https:\/\/quehacerpolitico.mx\/#website"},"primaryImageOfPage":{"@id":"https:\/\/quehacerpolitico.mx\/?p=19234#primaryimage"},"image":{"@id":"https:\/\/quehacerpolitico.mx\/?p=19234#primaryimage"},"thumbnailUrl":"","datePublished":"2019-03-05T22:36:06+00:00","author":{"@id":"https:\/\/quehacerpolitico.mx\/#\/schema\/person\/496d8ad2d1d3f8036101dca7ee39e585"},"breadcrumb":{"@id":"https:\/\/quehacerpolitico.mx\/?p=19234#breadcrumb"},"inLanguage":"es","potentialAction":[{"@type":"ReadAction","target":["https:\/\/quehacerpolitico.mx\/?p=19234"]}]},{"@type":"ImageObject","inLanguage":"es","@id":"https:\/\/quehacerpolitico.mx\/?p=19234#primaryimage","url":"","contentUrl":""},{"@type":"BreadcrumbList","@id":"https:\/\/quehacerpolitico.mx\/?p=19234#breadcrumb","itemListElement":[{"@type":"ListItem","position":1,"name":"Inicio","item":"https:\/\/quehacerpolitico.mx\/"},{"@type":"ListItem","position":2,"name":"No es necesario endeudar al pa\u00eds para cumplir metas: L\u00f3pez Obrador"}]},{"@type":"WebSite","@id":"https:\/\/quehacerpolitico.mx\/#website","url":"https:\/\/quehacerpolitico.mx\/","name":"","description":"","potentialAction":[{"@type":"SearchAction","target":{"@type":"EntryPoint","urlTemplate":"https:\/\/quehacerpolitico.mx\/?s={search_term_string}"},"query-input":{"@type":"PropertyValueSpecification","valueRequired":true,"valueName":"search_term_string"}}],"inLanguage":"es"},{"@type":"Person","@id":"https:\/\/quehacerpolitico.mx\/#\/schema\/person\/496d8ad2d1d3f8036101dca7ee39e585","name":"Redacci\u00f3n QP","image":{"@type":"ImageObject","inLanguage":"es","@id":"https:\/\/secure.gravatar.com\/avatar\/c7164ed6fdec453195284ad24a5ae5b6e1eed2b848477fa2a4787ba9adf39a41?s=96&d=mm&r=g","url":"https:\/\/secure.gravatar.com\/avatar\/c7164ed6fdec453195284ad24a5ae5b6e1eed2b848477fa2a4787ba9adf39a41?s=96&d=mm&r=g","contentUrl":"https:\/\/secure.gravatar.com\/avatar\/c7164ed6fdec453195284ad24a5ae5b6e1eed2b848477fa2a4787ba9adf39a41?s=96&d=mm&r=g","caption":"Redacci\u00f3n QP"},"url":"https:\/\/quehacerpolitico.mx\/?author=2"}]}},"featured_image_urls":{"full":"","thumbnail":"","medium":"","medium_large":"","large":"","1536x1536":"","2048x2048":"","covernews-featured":"","covernews-medium":""},"author_info":{"display_name":"Redacci\u00f3n QP","author_link":"https:\/\/quehacerpolitico.mx\/?author=2"},"category_info":"<a href=\"https:\/\/quehacerpolitico.mx\/?cat=2\" rel=\"category\">Noticias<\/a>","tag_info":"Noticias","comment_count":"0","_links":{"self":[{"href":"https:\/\/quehacerpolitico.mx\/index.php?rest_route=\/wp\/v2\/posts\/19234","targetHints":{"allow":["GET"]}}],"collection":[{"href":"https:\/\/quehacerpolitico.mx\/index.php?rest_route=\/wp\/v2\/posts"}],"about":[{"href":"https:\/\/quehacerpolitico.mx\/index.php?rest_route=\/wp\/v2\/types\/post"}],"author":[{"embeddable":true,"href":"https:\/\/quehacerpolitico.mx\/index.php?rest_route=\/wp\/v2\/users\/2"}],"replies":[{"embeddable":true,"href":"https:\/\/quehacerpolitico.mx\/index.php?rest_route=%2Fwp%2Fv2%2Fcomments&post=19234"}],"version-history":[{"count":0,"href":"https:\/\/quehacerpolitico.mx\/index.php?rest_route=\/wp\/v2\/posts\/19234\/revisions"}],"wp:featuredmedia":[{"embeddable":true,"href":"https:\/\/quehacerpolitico.mx\/index.php?rest_route=\/"}],"wp:attachment":[{"href":"https:\/\/quehacerpolitico.mx\/index.php?rest_route=%2Fwp%2Fv2%2Fmedia&parent=19234"}],"wp:term":[{"taxonomy":"category","embeddable":true,"href":"https:\/\/quehacerpolitico.mx\/index.php?rest_route=%2Fwp%2Fv2%2Fcategories&post=19234"},{"taxonomy":"post_tag","embeddable":true,"href":"https:\/\/quehacerpolitico.mx\/index.php?rest_route=%2Fwp%2Fv2%2Ftags&post=19234"}],"curies":[{"name":"wp","href":"https:\/\/api.w.org\/{rel}","templated":true}]}}