{"id":19229,"date":"2019-03-05T22:21:37","date_gmt":"2019-03-05T22:21:37","guid":{"rendered":"http:\/\/quehacerpolitico.mx\/gobernador-priista-de-colima-se-lleva-abucheos-y-afirma-que-ya-es-un-protocolo-amlo-pide-respeto\/"},"modified":"2019-03-05T22:21:37","modified_gmt":"2019-03-05T22:21:37","slug":"gobernador-priista-de-colima-se-lleva-abucheos-y-afirma-que-ya-es-un-protocolo-amlo-pide-respeto","status":"publish","type":"post","link":"https:\/\/quehacerpolitico.mx\/?p=19229","title":{"rendered":"Gobernador priista de Colima se lleva abucheos y afirma que ya es un protocolo; AMLO pide respeto"},"content":{"rendered":"<h1>Gobernador priista de Colima se lleva abucheos y afirma que ya es un protocolo; AMLO pide respeto<\/h1>\n<p>Por Redacci\u00f3n QP<\/p>\n<p>La pol\u00e9mica por los <strong>abucheos a gobernadores<\/strong>que acompa\u00f1an en m\u00edtines al <strong>Presidente Andr\u00e9s Manuel L\u00f3pez Obrador<\/strong> se reforz\u00f3 hoy en <strong>Colima<\/strong>, donde<strong> Jos\u00e9 Ignacio Peralta<\/strong>tuvo que parar en al menos tres ocasiones su discurso por los <strong>gritos<\/strong> de la gente. \u201c\u00bf<strong>Le van a seguir<\/strong> o ya terminaron?\u201d, dijo el mandatario al p\u00fablico y esper\u00f3 a que finalizara lo que \u00e9l llam\u00f3 \u201cun protocolo\u201d en todas las entidades.<\/p>\n<p>Este medio d\u00eda, el Jefe del Ejecutivo Federal acudi\u00f3 a Manzanillo para participar en la entrega de apoyos de los Programas Integrales de Bienestar acompa\u00f1ado del Gobernador priista Jos\u00e9 Ignacio Peralta.\u00a0Durante su participaci\u00f3n, el Presidente L\u00f3pez Obrador pidi\u00f3 respeto al Gobernador de Colima, a quien le agradeci\u00f3 su trabajo de manera coordinada. Tambi\u00e9n llam\u00f3 a la reconciliaci\u00f3n y dijo que ya no es tiempo de campa\u00f1a, e invit\u00f3 a los que quieran pelearse, a pelearse contra \u201cuna bestia grande: la corrupci\u00f3n\u201d.<\/p>\n<p>El primero en intervenir durante el evento fue el Gobernador, quien comenz\u00f3 destacando que Colima es una entidad muy importante, \u201cuna entidad que tiene un gran potencial en el desarrollo portuario, en infraestructura, en generaci\u00f3n de energ\u00eda, en calidad educativa\u201d, destac\u00f3\u201d. Sin embargo, dijo, el estado tiene retos importantes en lo financiero y la seguridad p\u00fablica, por ello pidi\u00f3 al Presidente L\u00f3pez Obrador hacer una alianza constante entre las instituciones federales y las locales y su respaldo.<\/p>\n<blockquote><p>\u201cPor ello se\u00f1or presidente puede usted contar con el respaldo de la sociedad de Colima en sus retos\u201d, a\u00f1adi\u00f3.<\/p><\/blockquote>\n<p>Luego, el Gobernador tuvo que suspender su discurso por unos minutos mientras se escuchaban las manifestaciones de la poblaci\u00f3n que acudi\u00f3 al evento.<\/p>\n<p>https:\/\/youtu.be\/ncwUn6uCfBo<\/p>\n<blockquote><p>\u201cPodemos dejar que se desahogue toda esta parte de lo que parece ser un protocolo en todas las entidades federativas\u201d, recrimin\u00f3 el mandatario local y permaneci\u00f3 en silencio.<\/p><\/blockquote>\n<p>Mientras, el Presidente L\u00f3pez Obrador pidi\u00f3 con las manos a la poblaci\u00f3n calma.<\/p>\n<blockquote><p>\u201c\u00bfLe van a seguir o ya terminaron?\u201d, cuestion\u00f3. Mientras la gente segu\u00eda gritando, entre otras cosas: \u201cfuera, fuera\u201d. Y el Gobernador continu\u00f3 en silencio.<\/p><\/blockquote>\n<p>Los gritos prosiguieron, por lo que el evento se paus\u00f3 por varios minutos.<\/p>\n<p>\u201cDesahogado el punto en el orden del d\u00eda del abucheo, sigo entonces con mi mensaje\u201d, dijo Jos\u00e9 Ignacio Peralta.<\/p>\n<p>El mandatario retom\u00f3 su discurso y habl\u00f3 sobre la pluralidad pero le dijo al Presidente: \u201cno podemos ofrecer incondicionalidad\u201d.<\/p>\n<blockquote><p>\u201cHaremos los se\u00f1alamientos oportunos, aportaciones cr\u00edticas, reflexiones constructivas\u201d, a\u00f1adi\u00f3.<\/p><\/blockquote>\n<p>El mandatario local tuvo que pausar en otras dos ocasiones su discurso, en el que tambi\u00e9n destac\u00f3 la inversi\u00f3n de su Gobierno en apoyos sociales. Despu\u00e9s agradeci\u00f3 la visita del Jefe del Ejecutivo Federal y lo felicit\u00f3 por sus primeros 100 d\u00edas de Gobierno.<\/p>\n<p>\u201cQuiero por \u00faltimo pedirle a todos los presentes de cualquier afiliaci\u00f3n partidista el respeto al Presidente de la Rep\u00fablica. Que regrese a M\u00e9xico sabiendo que en Colima se le quiere y se le respeta\u201d, finaliz\u00f3.<\/p>\n<p><strong>AMLO PIDE RESPETAR AL GOBERNADOR<\/strong><\/p>\n<p>Durante su intervenci\u00f3n, el Presidente pidi\u00f3 que respetaran al Gobernador de Colima; y tambi\u00e9n llam\u00f3 a la reconciliaci\u00f3n y dijo que ya no es tiempo de campa\u00f1a, e invit\u00f3 a los que quieran pelearse, a pelearse contra \u201cuna bestia grande: la corrupci\u00f3n\u201d.<\/p>\n<blockquote><p>\u201cSi hubo alguna protesta al ciudadano Gobernador, yo les digo que hay que ser respetuosos de la autoridad, porque no es a gritos y a sombrerazos como se resuelven los problemas. Ya pasaron las campa\u00f1as, no estamos en confrontaci\u00f3n partidista\u201d, dijo el Jefe del Ejecutivo Federal.<\/p>\n<p>\u201c\u00bfO queremos seguir peleando? Vamos a reconciliarnos\u201d, llam\u00f3.<\/p><\/blockquote>\n<p>Dijo que la Cuarta Transformaci\u00f3n tambi\u00e9n implica la reconciliaci\u00f3n y \u201cque haya amor a la familia; amor a la naturaleza; amor al pr\u00f3jimo, amor a la patria; nada de odios, s\u00f3lo siendo buenos podemos ser felices\u201d.<\/p>\n<p>\u201cEl que quiera pelearse que busque uno grandote, un animal grandote [\u2026] una bestia grande: la corrupci\u00f3n\u201d, recalc\u00f3.<\/p>\n<p>Ante los insistentes gritos de la audiencia contra el mandatario local, pidi\u00f3 que levantaran las manos qui\u00e9nes eran respetuosos del Gobernador y qui\u00e9nes no.<\/p>\n<p>\u201cLes voy a demostrar que el pueblo de Colima es respetuoso. \u00bfQui\u00e9n le falta el respeto al Gobernador que levante la mano? \u00bfQui\u00e9n respeta al Gobernador de Colima? Ah\u00ed est\u00e1 todo\u201d, se\u00f1al\u00f3.<\/p>\n<p><strong>PARTIDOS ACUSAN A MORENA POR EL \u201cPROTOCOLO\u201d<\/strong><\/p>\n<p>El Partido Acci\u00f3n Nacional (PAN) acus\u00f3 a Movimiento Regeneraci\u00f3n Nacional (Morena) de orquestar los abucheos contra gobernadores de distintas entidades durante los eventos p\u00fablicos del Presidente Andr\u00e9s Manuel L\u00f3pez Obrador. Por su parte, el Partido Revolucionario Institucional (PRI) exigi\u00f3 al Gobierno federal esclarecer los hechos.<\/p>\n<blockquote><p>\u201cQueda claro que los abucheos e insultos para los gobernadores del AN fueron planeados y orquestados por los militantes de Morena, tal como lo denunci\u00f3 el Gobernador de Chihuahua, Javier Corral, quien opin\u00f3 que estos actos son para \u2018reconcentrar el poder\u2019\u201d, se\u00f1al\u00f3 el partido en un comunicado.<\/p><\/blockquote>\n<p>Las cr\u00edticas de los pol\u00edticos surgieron luego de que el fin de semana circulara en redes sociales la fotograf\u00eda de un documento supuestamente de Morena en el que se leen instrucciones para que las y los asistentes a mitines abucheen a funcionarios estatales y festejan al l\u00edder del Ejecutivo.<\/p>\n<p>\u201cAmbientaci\u00f3n: Insistir a los asistentes convocados que , al anunciar la intervenci\u00f3n del Mandatario Estatal de oposici\u00f3n ES OBLIGATORIO emitir sonidos y gritos de desaprobaci\u00f3n (abucheo, silbatina, consignas partidistas\u201d, se lee en el documento atribuido a Morena.<\/p>\n<p>El PRI comparti\u00f3 en su cuenta de Twitter el manual y exigi\u00f3 al Gobierno de L\u00f3pez Obrador y a su partido pronunciarse sobre la autenticidad del documento.<\/p>\n<blockquote class=\"twitter-tweet\" data-width=\"550\" data-dnt=\"true\">\n<p lang=\"es\" dir=\"ltr\">Exigimos que el <a href=\"https:\/\/twitter.com\/GobiernoMX?ref_src=twsrc%5Etfw\">@GobiernoMx<\/a> y su partido se pronuncien sobre la autenticidad del documento que sali\u00f3 a la luz p\u00fablica, en el que el <a href=\"https:\/\/twitter.com\/PartidoMorenaMx?ref_src=twsrc%5Etfw\">@PartidoMorenaMx<\/a> promueve acciones que dividen a los mexicanos y generan encono. <a href=\"https:\/\/t.co\/yr9wTUCnfK\">pic.twitter.com\/yr9wTUCnfK<\/a><\/p>\n<p>&mdash; PRI (@PRI_Nacional) <a href=\"https:\/\/twitter.com\/PRI_Nacional\/status\/1102375997297516545?ref_src=twsrc%5Etfw\">March 4, 2019<\/a><\/p><\/blockquote>\n<p><script async src=\"https:\/\/platform.twitter.com\/widgets.js\" charset=\"utf-8\"><\/script><\/p>\n<p>Ayer, el Presidente L\u00f3pez Obrador opin\u00f3 que los abucheos a gobernadores en los eventos oficiales que encabeza se trata de \u201cinfantilismo pol\u00edtico\u201d. Afirm\u00f3 que no dejar\u00e1 de acudir a las plazas, porque esos eventos le sirve a las personas de \u201cdesahogo\u201d.<\/p>\n<p>Esta ma\u00f1ana, durante su conferencia de prensa, L\u00f3pez Obrador desconoci\u00f3 que el escrito pertenezca a Morena y dijo que se investigar\u00eda la situaci\u00f3n.<\/p>\n","protected":false},"excerpt":{"rendered":"<p>Gobernador priista de Colima se lleva abucheos y afirma que ya es un protocolo; AMLO pide respeto<br \/>\nPor Redacci\u00f3n QP<\/p>\n","protected":false},"author":2,"featured_media":19231,"comment_status":"open","ping_status":"open","sticky":false,"template":"","format":"standard","meta":{"_monsterinsights_skip_tracking":false,"_monsterinsights_sitenote_active":false,"_monsterinsights_sitenote_note":"","_monsterinsights_sitenote_category":0,"footnotes":""},"categories":[2],"tags":[],"class_list":["post-19229","post","type-post","status-publish","format-standard","has-post-thumbnail","hentry","category-noticias"],"yoast_head":"<!-- This site is optimized with the Yoast SEO plugin v27.3 - https:\/\/yoast.com\/product\/yoast-seo-wordpress\/ -->\n<title>Gobernador priista de Colima se lleva abucheos y afirma que ya es un protocolo; AMLO pide respeto -<\/title>\n<meta name=\"robots\" content=\"index, follow, max-snippet:-1, max-image-preview:large, max-video-preview:-1\" \/>\n<link rel=\"canonical\" href=\"https:\/\/quehacerpolitico.mx\/?p=19229\" \/>\n<meta property=\"og:locale\" content=\"es_MX\" \/>\n<meta property=\"og:type\" content=\"article\" \/>\n<meta property=\"og:title\" content=\"Gobernador priista de Colima se lleva abucheos y afirma que ya es un protocolo; AMLO pide respeto -\" \/>\n<meta property=\"og:description\" content=\"Gobernador priista de Colima se lleva abucheos y afirma que ya es un protocolo; AMLO pide respeto Por Redacci\u00f3n QP\" \/>\n<meta property=\"og:url\" content=\"https:\/\/quehacerpolitico.mx\/?p=19229\" \/>\n<meta property=\"article:published_time\" content=\"2019-03-05T22:21:37+00:00\" \/>\n<meta name=\"author\" content=\"Redacci\u00f3n QP\" \/>\n<meta name=\"twitter:card\" content=\"summary_large_image\" \/>\n<meta name=\"twitter:label1\" content=\"Escrito por\" \/>\n\t<meta name=\"twitter:data1\" content=\"Redacci\u00f3n QP\" \/>\n\t<meta name=\"twitter:label2\" content=\"Tiempo de lectura\" \/>\n\t<meta name=\"twitter:data2\" content=\"5 minutos\" \/>\n<script type=\"application\/ld+json\" class=\"yoast-schema-graph\">{\"@context\":\"https:\\\/\\\/schema.org\",\"@graph\":[{\"@type\":\"Article\",\"@id\":\"https:\\\/\\\/quehacerpolitico.mx\\\/?p=19229#article\",\"isPartOf\":{\"@id\":\"https:\\\/\\\/quehacerpolitico.mx\\\/?p=19229\"},\"author\":{\"name\":\"Redacci\u00f3n QP\",\"@id\":\"https:\\\/\\\/quehacerpolitico.mx\\\/#\\\/schema\\\/person\\\/496d8ad2d1d3f8036101dca7ee39e585\"},\"headline\":\"Gobernador priista de Colima se lleva abucheos y afirma que ya es un protocolo; AMLO pide respeto\",\"datePublished\":\"2019-03-05T22:21:37+00:00\",\"mainEntityOfPage\":{\"@id\":\"https:\\\/\\\/quehacerpolitico.mx\\\/?p=19229\"},\"wordCount\":1080,\"commentCount\":0,\"image\":{\"@id\":\"https:\\\/\\\/quehacerpolitico.mx\\\/?p=19229#primaryimage\"},\"thumbnailUrl\":\"\",\"articleSection\":[\"Noticias\"],\"inLanguage\":\"es\",\"potentialAction\":[{\"@type\":\"CommentAction\",\"name\":\"Comment\",\"target\":[\"https:\\\/\\\/quehacerpolitico.mx\\\/?p=19229#respond\"]}]},{\"@type\":\"WebPage\",\"@id\":\"https:\\\/\\\/quehacerpolitico.mx\\\/?p=19229\",\"url\":\"https:\\\/\\\/quehacerpolitico.mx\\\/?p=19229\",\"name\":\"Gobernador priista de Colima se lleva abucheos y afirma que ya es un protocolo; AMLO pide respeto -\",\"isPartOf\":{\"@id\":\"https:\\\/\\\/quehacerpolitico.mx\\\/#website\"},\"primaryImageOfPage\":{\"@id\":\"https:\\\/\\\/quehacerpolitico.mx\\\/?p=19229#primaryimage\"},\"image\":{\"@id\":\"https:\\\/\\\/quehacerpolitico.mx\\\/?p=19229#primaryimage\"},\"thumbnailUrl\":\"\",\"datePublished\":\"2019-03-05T22:21:37+00:00\",\"author\":{\"@id\":\"https:\\\/\\\/quehacerpolitico.mx\\\/#\\\/schema\\\/person\\\/496d8ad2d1d3f8036101dca7ee39e585\"},\"breadcrumb\":{\"@id\":\"https:\\\/\\\/quehacerpolitico.mx\\\/?p=19229#breadcrumb\"},\"inLanguage\":\"es\",\"potentialAction\":[{\"@type\":\"ReadAction\",\"target\":[\"https:\\\/\\\/quehacerpolitico.mx\\\/?p=19229\"]}]},{\"@type\":\"ImageObject\",\"inLanguage\":\"es\",\"@id\":\"https:\\\/\\\/quehacerpolitico.mx\\\/?p=19229#primaryimage\",\"url\":\"\",\"contentUrl\":\"\"},{\"@type\":\"BreadcrumbList\",\"@id\":\"https:\\\/\\\/quehacerpolitico.mx\\\/?p=19229#breadcrumb\",\"itemListElement\":[{\"@type\":\"ListItem\",\"position\":1,\"name\":\"Inicio\",\"item\":\"https:\\\/\\\/quehacerpolitico.mx\\\/\"},{\"@type\":\"ListItem\",\"position\":2,\"name\":\"Gobernador priista de Colima se lleva abucheos y afirma que ya es un protocolo; AMLO pide respeto\"}]},{\"@type\":\"WebSite\",\"@id\":\"https:\\\/\\\/quehacerpolitico.mx\\\/#website\",\"url\":\"https:\\\/\\\/quehacerpolitico.mx\\\/\",\"name\":\"\",\"description\":\"\",\"potentialAction\":[{\"@type\":\"SearchAction\",\"target\":{\"@type\":\"EntryPoint\",\"urlTemplate\":\"https:\\\/\\\/quehacerpolitico.mx\\\/?s={search_term_string}\"},\"query-input\":{\"@type\":\"PropertyValueSpecification\",\"valueRequired\":true,\"valueName\":\"search_term_string\"}}],\"inLanguage\":\"es\"},{\"@type\":\"Person\",\"@id\":\"https:\\\/\\\/quehacerpolitico.mx\\\/#\\\/schema\\\/person\\\/496d8ad2d1d3f8036101dca7ee39e585\",\"name\":\"Redacci\u00f3n QP\",\"image\":{\"@type\":\"ImageObject\",\"inLanguage\":\"es\",\"@id\":\"https:\\\/\\\/secure.gravatar.com\\\/avatar\\\/c7164ed6fdec453195284ad24a5ae5b6e1eed2b848477fa2a4787ba9adf39a41?s=96&d=mm&r=g\",\"url\":\"https:\\\/\\\/secure.gravatar.com\\\/avatar\\\/c7164ed6fdec453195284ad24a5ae5b6e1eed2b848477fa2a4787ba9adf39a41?s=96&d=mm&r=g\",\"contentUrl\":\"https:\\\/\\\/secure.gravatar.com\\\/avatar\\\/c7164ed6fdec453195284ad24a5ae5b6e1eed2b848477fa2a4787ba9adf39a41?s=96&d=mm&r=g\",\"caption\":\"Redacci\u00f3n QP\"},\"url\":\"https:\\\/\\\/quehacerpolitico.mx\\\/?author=2\"}]}<\/script>\n<!-- \/ Yoast SEO plugin. -->","yoast_head_json":{"title":"Gobernador priista de Colima se lleva abucheos y afirma que ya es un protocolo; AMLO pide respeto -","robots":{"index":"index","follow":"follow","max-snippet":"max-snippet:-1","max-image-preview":"max-image-preview:large","max-video-preview":"max-video-preview:-1"},"canonical":"https:\/\/quehacerpolitico.mx\/?p=19229","og_locale":"es_MX","og_type":"article","og_title":"Gobernador priista de Colima se lleva abucheos y afirma que ya es un protocolo; AMLO pide respeto -","og_description":"Gobernador priista de Colima se lleva abucheos y afirma que ya es un protocolo; AMLO pide respeto Por Redacci\u00f3n QP","og_url":"https:\/\/quehacerpolitico.mx\/?p=19229","article_published_time":"2019-03-05T22:21:37+00:00","author":"Redacci\u00f3n QP","twitter_card":"summary_large_image","twitter_misc":{"Escrito por":"Redacci\u00f3n QP","Tiempo de lectura":"5 minutos"},"schema":{"@context":"https:\/\/schema.org","@graph":[{"@type":"Article","@id":"https:\/\/quehacerpolitico.mx\/?p=19229#article","isPartOf":{"@id":"https:\/\/quehacerpolitico.mx\/?p=19229"},"author":{"name":"Redacci\u00f3n QP","@id":"https:\/\/quehacerpolitico.mx\/#\/schema\/person\/496d8ad2d1d3f8036101dca7ee39e585"},"headline":"Gobernador priista de Colima se lleva abucheos y afirma que ya es un protocolo; AMLO pide respeto","datePublished":"2019-03-05T22:21:37+00:00","mainEntityOfPage":{"@id":"https:\/\/quehacerpolitico.mx\/?p=19229"},"wordCount":1080,"commentCount":0,"image":{"@id":"https:\/\/quehacerpolitico.mx\/?p=19229#primaryimage"},"thumbnailUrl":"","articleSection":["Noticias"],"inLanguage":"es","potentialAction":[{"@type":"CommentAction","name":"Comment","target":["https:\/\/quehacerpolitico.mx\/?p=19229#respond"]}]},{"@type":"WebPage","@id":"https:\/\/quehacerpolitico.mx\/?p=19229","url":"https:\/\/quehacerpolitico.mx\/?p=19229","name":"Gobernador priista de Colima se lleva abucheos y afirma que ya es un protocolo; AMLO pide respeto -","isPartOf":{"@id":"https:\/\/quehacerpolitico.mx\/#website"},"primaryImageOfPage":{"@id":"https:\/\/quehacerpolitico.mx\/?p=19229#primaryimage"},"image":{"@id":"https:\/\/quehacerpolitico.mx\/?p=19229#primaryimage"},"thumbnailUrl":"","datePublished":"2019-03-05T22:21:37+00:00","author":{"@id":"https:\/\/quehacerpolitico.mx\/#\/schema\/person\/496d8ad2d1d3f8036101dca7ee39e585"},"breadcrumb":{"@id":"https:\/\/quehacerpolitico.mx\/?p=19229#breadcrumb"},"inLanguage":"es","potentialAction":[{"@type":"ReadAction","target":["https:\/\/quehacerpolitico.mx\/?p=19229"]}]},{"@type":"ImageObject","inLanguage":"es","@id":"https:\/\/quehacerpolitico.mx\/?p=19229#primaryimage","url":"","contentUrl":""},{"@type":"BreadcrumbList","@id":"https:\/\/quehacerpolitico.mx\/?p=19229#breadcrumb","itemListElement":[{"@type":"ListItem","position":1,"name":"Inicio","item":"https:\/\/quehacerpolitico.mx\/"},{"@type":"ListItem","position":2,"name":"Gobernador priista de Colima se lleva abucheos y afirma que ya es un protocolo; AMLO pide respeto"}]},{"@type":"WebSite","@id":"https:\/\/quehacerpolitico.mx\/#website","url":"https:\/\/quehacerpolitico.mx\/","name":"","description":"","potentialAction":[{"@type":"SearchAction","target":{"@type":"EntryPoint","urlTemplate":"https:\/\/quehacerpolitico.mx\/?s={search_term_string}"},"query-input":{"@type":"PropertyValueSpecification","valueRequired":true,"valueName":"search_term_string"}}],"inLanguage":"es"},{"@type":"Person","@id":"https:\/\/quehacerpolitico.mx\/#\/schema\/person\/496d8ad2d1d3f8036101dca7ee39e585","name":"Redacci\u00f3n QP","image":{"@type":"ImageObject","inLanguage":"es","@id":"https:\/\/secure.gravatar.com\/avatar\/c7164ed6fdec453195284ad24a5ae5b6e1eed2b848477fa2a4787ba9adf39a41?s=96&d=mm&r=g","url":"https:\/\/secure.gravatar.com\/avatar\/c7164ed6fdec453195284ad24a5ae5b6e1eed2b848477fa2a4787ba9adf39a41?s=96&d=mm&r=g","contentUrl":"https:\/\/secure.gravatar.com\/avatar\/c7164ed6fdec453195284ad24a5ae5b6e1eed2b848477fa2a4787ba9adf39a41?s=96&d=mm&r=g","caption":"Redacci\u00f3n QP"},"url":"https:\/\/quehacerpolitico.mx\/?author=2"}]}},"featured_image_urls":{"full":"","thumbnail":"","medium":"","medium_large":"","large":"","1536x1536":"","2048x2048":"","covernews-featured":"","covernews-medium":""},"author_info":{"display_name":"Redacci\u00f3n QP","author_link":"https:\/\/quehacerpolitico.mx\/?author=2"},"category_info":"<a href=\"https:\/\/quehacerpolitico.mx\/?cat=2\" rel=\"category\">Noticias<\/a>","tag_info":"Noticias","comment_count":"0","_links":{"self":[{"href":"https:\/\/quehacerpolitico.mx\/index.php?rest_route=\/wp\/v2\/posts\/19229","targetHints":{"allow":["GET"]}}],"collection":[{"href":"https:\/\/quehacerpolitico.mx\/index.php?rest_route=\/wp\/v2\/posts"}],"about":[{"href":"https:\/\/quehacerpolitico.mx\/index.php?rest_route=\/wp\/v2\/types\/post"}],"author":[{"embeddable":true,"href":"https:\/\/quehacerpolitico.mx\/index.php?rest_route=\/wp\/v2\/users\/2"}],"replies":[{"embeddable":true,"href":"https:\/\/quehacerpolitico.mx\/index.php?rest_route=%2Fwp%2Fv2%2Fcomments&post=19229"}],"version-history":[{"count":0,"href":"https:\/\/quehacerpolitico.mx\/index.php?rest_route=\/wp\/v2\/posts\/19229\/revisions"}],"wp:featuredmedia":[{"embeddable":true,"href":"https:\/\/quehacerpolitico.mx\/index.php?rest_route=\/"}],"wp:attachment":[{"href":"https:\/\/quehacerpolitico.mx\/index.php?rest_route=%2Fwp%2Fv2%2Fmedia&parent=19229"}],"wp:term":[{"taxonomy":"category","embeddable":true,"href":"https:\/\/quehacerpolitico.mx\/index.php?rest_route=%2Fwp%2Fv2%2Fcategories&post=19229"},{"taxonomy":"post_tag","embeddable":true,"href":"https:\/\/quehacerpolitico.mx\/index.php?rest_route=%2Fwp%2Fv2%2Ftags&post=19229"}],"curies":[{"name":"wp","href":"https:\/\/api.w.org\/{rel}","templated":true}]}}