{"id":19226,"date":"2019-03-05T21:34:20","date_gmt":"2019-03-05T21:34:20","guid":{"rendered":"http:\/\/quehacerpolitico.mx\/proponen-incluir-en-la-ley-de-salud-local-la-atencion-integral-del-cancer-de-prostata-y-testicular\/"},"modified":"2019-03-05T21:34:20","modified_gmt":"2019-03-05T21:34:20","slug":"proponen-incluir-en-la-ley-de-salud-local-la-atencion-integral-del-cancer-de-prostata-y-testicular","status":"publish","type":"post","link":"https:\/\/quehacerpolitico.mx\/?p=19226","title":{"rendered":"PROPONEN INCLUIR EN LA LEY DE SALUD LOCAL LA ATENCI\u00d3N INTEGRAL DEL C\u00c1NCER DE PR\u00d3STATA Y TESTICULAR"},"content":{"rendered":"<p>PROPONEN INCLUIR EN LA LEY DE SALUD LOCAL LA ATENCI\u00d3N INTEGRAL DEL<br \/>C\u00c1NCER DE PR\u00d3STATA Y TESTICULAR<\/p>\n<p>Por Redacci\u00f3n QP<\/p>\n<p>La diputada Teresa Ramos presenta iniciativa en el Congreso<br \/>de la Ciudad para atender el padecimiento que se ubica entre las<br \/>principales causas de muerte en hombres<\/p>\n<p>Durante la sesi\u00f3n ordinaria, el diputado Efra\u00edn Morales<br \/>propuso crear el Laboratorio de Salud P\u00fablica citadino<\/p>\n<p>Para su an\u00e1lisis y posible dictaminaci\u00f3n, el pleno del Congreso de la<br \/>Ciudad de M\u00e9xico turn\u00f3 a la Comisi\u00f3n de Salud la iniciativa con<br \/>proyecto de decreto para incluir en la Ley de Salud local un cap\u00edtulo<br \/>relativo a la atenci\u00f3n integral del c\u00e1ncer de pr\u00f3stata y testicular.<\/p>\n<p>A nombre del grupo parlamentario del Partido Verde Ecologista de<br \/>M\u00e9xico, la diputada Teresa Ramos Arreola sostuvo que estos<br \/>padecimientos se encuentran entre las principales causas de muerte del<br \/>g\u00e9nero masculino.<\/p>\n<p>El c\u00e1ncer de pr\u00f3stata a\u00f1adi\u00f3 es reconocido como el tumor maligno<br \/>m\u00e1s frecuente en varones mayores de 50 a\u00f1os y representa la primera<br \/>causa de muerte, con una tasa de mortalidad cercana a siete mil. Cada<br \/>a\u00f1o se reportan entre 21 mil y 25 mil nuevos casos.<\/p>\n<p>Sin embargo, dijo la legisladora, este padecimiento es curable mediante<br \/>cirug\u00eda, radioterapia o quimioterapia, especialmente cuando se detecta<br \/>en una fase temprana, pero \u201clo realmente alarmante es que en 93 por<br \/>ciento de los casos, la enfermedad se detecta cuando ya se ha dado un<br \/>proceso de met\u00e1stasis\u201d.<\/p>\n<p>\u201cA trav\u00e9s de esta iniciativa de ley estamos buscando despertar<br \/>conciencias para que el tema de la salud masculina deje de ser un tab\u00fa,<br \/>as\u00ed como lo fue hace algunos a\u00f1os el c\u00e1ncer de mama\u201d, concluy\u00f3.<\/p>\n","protected":false},"excerpt":{"rendered":"<p>PROPONEN INCLUIR EN LA LEY DE SALUD LOCAL LA ATENCI\u00d3N INTEGRAL DEL<br \/>\nC\u00c1NCER DE PR\u00d3STATA Y TESTICULAR<br \/>\nPor Redacci\u00f3n QP<\/p>\n","protected":false},"author":2,"featured_media":19225,"comment_status":"open","ping_status":"open","sticky":false,"template":"","format":"standard","meta":{"_monsterinsights_skip_tracking":false,"_monsterinsights_sitenote_active":false,"_monsterinsights_sitenote_note":"","_monsterinsights_sitenote_category":0,"footnotes":""},"categories":[55],"tags":[],"class_list":["post-19226","post","type-post","status-publish","format-standard","has-post-thumbnail","hentry","category-cdmx"],"yoast_head":"<!-- This site is optimized with the Yoast SEO plugin v27.3 - https:\/\/yoast.com\/product\/yoast-seo-wordpress\/ -->\n<title>PROPONEN INCLUIR EN LA LEY DE SALUD LOCAL LA ATENCI\u00d3N INTEGRAL DEL C\u00c1NCER DE PR\u00d3STATA Y TESTICULAR -<\/title>\n<meta name=\"robots\" content=\"index, follow, max-snippet:-1, max-image-preview:large, max-video-preview:-1\" \/>\n<link rel=\"canonical\" href=\"https:\/\/quehacerpolitico.mx\/?p=19226\" \/>\n<meta property=\"og:locale\" content=\"es_MX\" \/>\n<meta property=\"og:type\" content=\"article\" \/>\n<meta property=\"og:title\" content=\"PROPONEN INCLUIR EN LA LEY DE SALUD LOCAL LA ATENCI\u00d3N INTEGRAL DEL C\u00c1NCER DE PR\u00d3STATA Y TESTICULAR -\" \/>\n<meta property=\"og:description\" content=\"PROPONEN INCLUIR EN LA LEY DE SALUD LOCAL LA ATENCI\u00d3N INTEGRAL DEL C\u00c1NCER DE PR\u00d3STATA Y TESTICULAR Por Redacci\u00f3n QP\" \/>\n<meta property=\"og:url\" content=\"https:\/\/quehacerpolitico.mx\/?p=19226\" \/>\n<meta property=\"article:published_time\" content=\"2019-03-05T21:34:20+00:00\" \/>\n<meta name=\"author\" content=\"Redacci\u00f3n QP\" \/>\n<meta name=\"twitter:card\" content=\"summary_large_image\" \/>\n<meta name=\"twitter:label1\" content=\"Escrito por\" \/>\n\t<meta name=\"twitter:data1\" content=\"Redacci\u00f3n QP\" \/>\n\t<meta name=\"twitter:label2\" content=\"Tiempo de lectura\" \/>\n\t<meta name=\"twitter:data2\" content=\"1 minuto\" \/>\n<script type=\"application\/ld+json\" class=\"yoast-schema-graph\">{\"@context\":\"https:\\\/\\\/schema.org\",\"@graph\":[{\"@type\":\"Article\",\"@id\":\"https:\\\/\\\/quehacerpolitico.mx\\\/?p=19226#article\",\"isPartOf\":{\"@id\":\"https:\\\/\\\/quehacerpolitico.mx\\\/?p=19226\"},\"author\":{\"name\":\"Redacci\u00f3n QP\",\"@id\":\"https:\\\/\\\/quehacerpolitico.mx\\\/#\\\/schema\\\/person\\\/496d8ad2d1d3f8036101dca7ee39e585\"},\"headline\":\"PROPONEN INCLUIR EN LA LEY DE SALUD LOCAL LA ATENCI\u00d3N INTEGRAL DEL C\u00c1NCER DE PR\u00d3STATA Y TESTICULAR\",\"datePublished\":\"2019-03-05T21:34:20+00:00\",\"mainEntityOfPage\":{\"@id\":\"https:\\\/\\\/quehacerpolitico.mx\\\/?p=19226\"},\"wordCount\":299,\"commentCount\":0,\"image\":{\"@id\":\"https:\\\/\\\/quehacerpolitico.mx\\\/?p=19226#primaryimage\"},\"thumbnailUrl\":\"\",\"articleSection\":[\"CDMX\"],\"inLanguage\":\"es\",\"potentialAction\":[{\"@type\":\"CommentAction\",\"name\":\"Comment\",\"target\":[\"https:\\\/\\\/quehacerpolitico.mx\\\/?p=19226#respond\"]}]},{\"@type\":\"WebPage\",\"@id\":\"https:\\\/\\\/quehacerpolitico.mx\\\/?p=19226\",\"url\":\"https:\\\/\\\/quehacerpolitico.mx\\\/?p=19226\",\"name\":\"PROPONEN INCLUIR EN LA LEY DE SALUD LOCAL LA ATENCI\u00d3N INTEGRAL DEL C\u00c1NCER DE PR\u00d3STATA Y TESTICULAR -\",\"isPartOf\":{\"@id\":\"https:\\\/\\\/quehacerpolitico.mx\\\/#website\"},\"primaryImageOfPage\":{\"@id\":\"https:\\\/\\\/quehacerpolitico.mx\\\/?p=19226#primaryimage\"},\"image\":{\"@id\":\"https:\\\/\\\/quehacerpolitico.mx\\\/?p=19226#primaryimage\"},\"thumbnailUrl\":\"\",\"datePublished\":\"2019-03-05T21:34:20+00:00\",\"author\":{\"@id\":\"https:\\\/\\\/quehacerpolitico.mx\\\/#\\\/schema\\\/person\\\/496d8ad2d1d3f8036101dca7ee39e585\"},\"breadcrumb\":{\"@id\":\"https:\\\/\\\/quehacerpolitico.mx\\\/?p=19226#breadcrumb\"},\"inLanguage\":\"es\",\"potentialAction\":[{\"@type\":\"ReadAction\",\"target\":[\"https:\\\/\\\/quehacerpolitico.mx\\\/?p=19226\"]}]},{\"@type\":\"ImageObject\",\"inLanguage\":\"es\",\"@id\":\"https:\\\/\\\/quehacerpolitico.mx\\\/?p=19226#primaryimage\",\"url\":\"\",\"contentUrl\":\"\"},{\"@type\":\"BreadcrumbList\",\"@id\":\"https:\\\/\\\/quehacerpolitico.mx\\\/?p=19226#breadcrumb\",\"itemListElement\":[{\"@type\":\"ListItem\",\"position\":1,\"name\":\"Inicio\",\"item\":\"https:\\\/\\\/quehacerpolitico.mx\\\/\"},{\"@type\":\"ListItem\",\"position\":2,\"name\":\"PROPONEN INCLUIR EN LA LEY DE SALUD LOCAL LA ATENCI\u00d3N INTEGRAL DEL C\u00c1NCER DE PR\u00d3STATA Y TESTICULAR\"}]},{\"@type\":\"WebSite\",\"@id\":\"https:\\\/\\\/quehacerpolitico.mx\\\/#website\",\"url\":\"https:\\\/\\\/quehacerpolitico.mx\\\/\",\"name\":\"\",\"description\":\"\",\"potentialAction\":[{\"@type\":\"SearchAction\",\"target\":{\"@type\":\"EntryPoint\",\"urlTemplate\":\"https:\\\/\\\/quehacerpolitico.mx\\\/?s={search_term_string}\"},\"query-input\":{\"@type\":\"PropertyValueSpecification\",\"valueRequired\":true,\"valueName\":\"search_term_string\"}}],\"inLanguage\":\"es\"},{\"@type\":\"Person\",\"@id\":\"https:\\\/\\\/quehacerpolitico.mx\\\/#\\\/schema\\\/person\\\/496d8ad2d1d3f8036101dca7ee39e585\",\"name\":\"Redacci\u00f3n QP\",\"image\":{\"@type\":\"ImageObject\",\"inLanguage\":\"es\",\"@id\":\"https:\\\/\\\/secure.gravatar.com\\\/avatar\\\/c7164ed6fdec453195284ad24a5ae5b6e1eed2b848477fa2a4787ba9adf39a41?s=96&d=mm&r=g\",\"url\":\"https:\\\/\\\/secure.gravatar.com\\\/avatar\\\/c7164ed6fdec453195284ad24a5ae5b6e1eed2b848477fa2a4787ba9adf39a41?s=96&d=mm&r=g\",\"contentUrl\":\"https:\\\/\\\/secure.gravatar.com\\\/avatar\\\/c7164ed6fdec453195284ad24a5ae5b6e1eed2b848477fa2a4787ba9adf39a41?s=96&d=mm&r=g\",\"caption\":\"Redacci\u00f3n QP\"},\"url\":\"https:\\\/\\\/quehacerpolitico.mx\\\/?author=2\"}]}<\/script>\n<!-- \/ Yoast SEO plugin. -->","yoast_head_json":{"title":"PROPONEN INCLUIR EN LA LEY DE SALUD LOCAL LA ATENCI\u00d3N INTEGRAL DEL C\u00c1NCER DE PR\u00d3STATA Y TESTICULAR -","robots":{"index":"index","follow":"follow","max-snippet":"max-snippet:-1","max-image-preview":"max-image-preview:large","max-video-preview":"max-video-preview:-1"},"canonical":"https:\/\/quehacerpolitico.mx\/?p=19226","og_locale":"es_MX","og_type":"article","og_title":"PROPONEN INCLUIR EN LA LEY DE SALUD LOCAL LA ATENCI\u00d3N INTEGRAL DEL C\u00c1NCER DE PR\u00d3STATA Y TESTICULAR -","og_description":"PROPONEN INCLUIR EN LA LEY DE SALUD LOCAL LA ATENCI\u00d3N INTEGRAL DEL C\u00c1NCER DE PR\u00d3STATA Y TESTICULAR Por Redacci\u00f3n QP","og_url":"https:\/\/quehacerpolitico.mx\/?p=19226","article_published_time":"2019-03-05T21:34:20+00:00","author":"Redacci\u00f3n QP","twitter_card":"summary_large_image","twitter_misc":{"Escrito por":"Redacci\u00f3n QP","Tiempo de lectura":"1 minuto"},"schema":{"@context":"https:\/\/schema.org","@graph":[{"@type":"Article","@id":"https:\/\/quehacerpolitico.mx\/?p=19226#article","isPartOf":{"@id":"https:\/\/quehacerpolitico.mx\/?p=19226"},"author":{"name":"Redacci\u00f3n QP","@id":"https:\/\/quehacerpolitico.mx\/#\/schema\/person\/496d8ad2d1d3f8036101dca7ee39e585"},"headline":"PROPONEN INCLUIR EN LA LEY DE SALUD LOCAL LA ATENCI\u00d3N INTEGRAL DEL C\u00c1NCER DE PR\u00d3STATA Y TESTICULAR","datePublished":"2019-03-05T21:34:20+00:00","mainEntityOfPage":{"@id":"https:\/\/quehacerpolitico.mx\/?p=19226"},"wordCount":299,"commentCount":0,"image":{"@id":"https:\/\/quehacerpolitico.mx\/?p=19226#primaryimage"},"thumbnailUrl":"","articleSection":["CDMX"],"inLanguage":"es","potentialAction":[{"@type":"CommentAction","name":"Comment","target":["https:\/\/quehacerpolitico.mx\/?p=19226#respond"]}]},{"@type":"WebPage","@id":"https:\/\/quehacerpolitico.mx\/?p=19226","url":"https:\/\/quehacerpolitico.mx\/?p=19226","name":"PROPONEN INCLUIR EN LA LEY DE SALUD LOCAL LA ATENCI\u00d3N INTEGRAL DEL C\u00c1NCER DE PR\u00d3STATA Y TESTICULAR -","isPartOf":{"@id":"https:\/\/quehacerpolitico.mx\/#website"},"primaryImageOfPage":{"@id":"https:\/\/quehacerpolitico.mx\/?p=19226#primaryimage"},"image":{"@id":"https:\/\/quehacerpolitico.mx\/?p=19226#primaryimage"},"thumbnailUrl":"","datePublished":"2019-03-05T21:34:20+00:00","author":{"@id":"https:\/\/quehacerpolitico.mx\/#\/schema\/person\/496d8ad2d1d3f8036101dca7ee39e585"},"breadcrumb":{"@id":"https:\/\/quehacerpolitico.mx\/?p=19226#breadcrumb"},"inLanguage":"es","potentialAction":[{"@type":"ReadAction","target":["https:\/\/quehacerpolitico.mx\/?p=19226"]}]},{"@type":"ImageObject","inLanguage":"es","@id":"https:\/\/quehacerpolitico.mx\/?p=19226#primaryimage","url":"","contentUrl":""},{"@type":"BreadcrumbList","@id":"https:\/\/quehacerpolitico.mx\/?p=19226#breadcrumb","itemListElement":[{"@type":"ListItem","position":1,"name":"Inicio","item":"https:\/\/quehacerpolitico.mx\/"},{"@type":"ListItem","position":2,"name":"PROPONEN INCLUIR EN LA LEY DE SALUD LOCAL LA ATENCI\u00d3N INTEGRAL DEL C\u00c1NCER DE PR\u00d3STATA Y TESTICULAR"}]},{"@type":"WebSite","@id":"https:\/\/quehacerpolitico.mx\/#website","url":"https:\/\/quehacerpolitico.mx\/","name":"","description":"","potentialAction":[{"@type":"SearchAction","target":{"@type":"EntryPoint","urlTemplate":"https:\/\/quehacerpolitico.mx\/?s={search_term_string}"},"query-input":{"@type":"PropertyValueSpecification","valueRequired":true,"valueName":"search_term_string"}}],"inLanguage":"es"},{"@type":"Person","@id":"https:\/\/quehacerpolitico.mx\/#\/schema\/person\/496d8ad2d1d3f8036101dca7ee39e585","name":"Redacci\u00f3n QP","image":{"@type":"ImageObject","inLanguage":"es","@id":"https:\/\/secure.gravatar.com\/avatar\/c7164ed6fdec453195284ad24a5ae5b6e1eed2b848477fa2a4787ba9adf39a41?s=96&d=mm&r=g","url":"https:\/\/secure.gravatar.com\/avatar\/c7164ed6fdec453195284ad24a5ae5b6e1eed2b848477fa2a4787ba9adf39a41?s=96&d=mm&r=g","contentUrl":"https:\/\/secure.gravatar.com\/avatar\/c7164ed6fdec453195284ad24a5ae5b6e1eed2b848477fa2a4787ba9adf39a41?s=96&d=mm&r=g","caption":"Redacci\u00f3n QP"},"url":"https:\/\/quehacerpolitico.mx\/?author=2"}]}},"featured_image_urls":{"full":"","thumbnail":"","medium":"","medium_large":"","large":"","1536x1536":"","2048x2048":"","covernews-featured":"","covernews-medium":""},"author_info":{"display_name":"Redacci\u00f3n QP","author_link":"https:\/\/quehacerpolitico.mx\/?author=2"},"category_info":"<a href=\"https:\/\/quehacerpolitico.mx\/?cat=55\" rel=\"category\">CDMX<\/a>","tag_info":"CDMX","comment_count":"0","_links":{"self":[{"href":"https:\/\/quehacerpolitico.mx\/index.php?rest_route=\/wp\/v2\/posts\/19226","targetHints":{"allow":["GET"]}}],"collection":[{"href":"https:\/\/quehacerpolitico.mx\/index.php?rest_route=\/wp\/v2\/posts"}],"about":[{"href":"https:\/\/quehacerpolitico.mx\/index.php?rest_route=\/wp\/v2\/types\/post"}],"author":[{"embeddable":true,"href":"https:\/\/quehacerpolitico.mx\/index.php?rest_route=\/wp\/v2\/users\/2"}],"replies":[{"embeddable":true,"href":"https:\/\/quehacerpolitico.mx\/index.php?rest_route=%2Fwp%2Fv2%2Fcomments&post=19226"}],"version-history":[{"count":0,"href":"https:\/\/quehacerpolitico.mx\/index.php?rest_route=\/wp\/v2\/posts\/19226\/revisions"}],"wp:featuredmedia":[{"embeddable":true,"href":"https:\/\/quehacerpolitico.mx\/index.php?rest_route=\/"}],"wp:attachment":[{"href":"https:\/\/quehacerpolitico.mx\/index.php?rest_route=%2Fwp%2Fv2%2Fmedia&parent=19226"}],"wp:term":[{"taxonomy":"category","embeddable":true,"href":"https:\/\/quehacerpolitico.mx\/index.php?rest_route=%2Fwp%2Fv2%2Fcategories&post=19226"},{"taxonomy":"post_tag","embeddable":true,"href":"https:\/\/quehacerpolitico.mx\/index.php?rest_route=%2Fwp%2Fv2%2Ftags&post=19226"}],"curies":[{"name":"wp","href":"https:\/\/api.w.org\/{rel}","templated":true}]}}