{"id":19211,"date":"2019-03-05T20:57:38","date_gmt":"2019-03-05T20:57:38","guid":{"rendered":"http:\/\/quehacerpolitico.mx\/dan-clases-de-historia-durante-vuelo-de-lopez-obrador-a-manzanillo\/"},"modified":"2019-03-05T20:57:38","modified_gmt":"2019-03-05T20:57:38","slug":"dan-clases-de-historia-durante-vuelo-de-lopez-obrador-a-manzanillo","status":"publish","type":"post","link":"https:\/\/quehacerpolitico.mx\/?p=19211","title":{"rendered":"Dan clases de historia durante vuelo de L\u00f3pez Obrador a Manzanillo"},"content":{"rendered":"<h1 class=\"news-title\">Dan clases de historia durante vuelo de L\u00f3pez Obrador a Manzanillo<\/h1>\n<p>Por Redacci\u00f3n QP<\/p>\n<header class=\"news-header\">\n<div class=\"news-subtitle\">\n<p>El capit\u00e1n de la aeronave us\u00f3 los altavoces para dar clases de historia sobre el Lago de Texcoco y dio algunos detalles sobre los lugares que sobrevolaba<\/p>\n<\/div>\n<\/header>\n<div class=\"news-content\">\n<div class=\"news-body row\">\n<p>Algo inusual ocurri\u00f3 este martes durante el vuelo del Presidente Andres Manuel L\u00f3pez Obrador\u00a0hacia Manzanillo, Colima. El capit\u00e1n de la aeronave, Alejandro Aguilera, us\u00f3 los altavoces para dar clases de historia sobre el Lago de Texcoco y luego algunos detalles sobre los lugares que sobrevolaba el vuelo 2564 de Aerom\u00e9xico.<\/p>\n<p>El piloto comenz\u00f3 con una bienvenida al Presidente, despu\u00e9s se dedic\u00f3 a explicar los sitios por d\u00f3nde pasar\u00eda el avi\u00f3n rumbo a Manzanillo. Se refiri\u00f3, entonces, al Lago de Texcoco y su grandeza en el periodo de la historia de la Conquista.<\/p>\n<p><strong>&#8220;Llegaron los espa\u00f1oles, conquistaron a los Aztecas y decidieron poner la capital de la Nueva Espa\u00f1a en el centro del Lago de Texcoco, pero los espa\u00f1oles no ten\u00edan el conocimiento de los pueblos originarios y entonces se les empez\u00f3 a inundar la ciudad de M\u00e9xico y despu\u00e9s decidieron secar el Lago de Texcoco&#8221;<\/strong>, explic\u00f3.<\/p>\n<p>Mientras el Presidente escuchaba atento en su asiento de la salida de emergencia, al sobrevolar el Lago de Texcoco, el capit\u00e1n Aguilera indic\u00f3 que a la derecha se ve\u00eda lo que quedaba de ese cuerpo de agua, <strong>&#8220;porque en el intento de construir el nuevo aeropuerto intentaron acabar otra vez con \u00e9l&#8221;<\/strong>.<\/p>\n<p>As\u00ed, el piloto fue explicando algunos lugares que se ve\u00edan en miniatura desde los aires, como las cubiertas blancas de los invernaderos de Milpa Alta, las urbanizaci\u00f3n de Ecatepec, el Estadio Azteca; adem\u00e1s de sitios en el Estado de M\u00e9xico como el Nevado de Toluca, el Cerro del Carb\u00f3n, Valle de Bravo y el municipio de Atlacomulco.<\/p>\n<p>Tambi\u00e9n lugares de Michoac\u00e1n, como los azufres, los lagos Cuitzeo y P\u00e1tzcuaro, adem\u00e1s de la ciudad de Morelia.<\/p>\n<p>Mientras el Presidente L\u00f3pez Obrador aceptaba tomarse algunas fotograf\u00edas con los pasajeros, <strong>el capit\u00e1n del avi\u00f3n segu\u00eda como un gu\u00eda de turistas, algo que seg\u00fan las azafatas hace siempre que el viaje parte de la Ciudad de M\u00e9xico<\/strong>.<\/p>\n<p>La gu\u00eda concluy\u00f3 con la menci\u00f3n a lugares como Ciudad Guzm\u00e1n y las faldas del Volc\u00e1n de Fuego de Colima.<\/p>\n<\/div>\n<\/div>\n","protected":false},"excerpt":{"rendered":"<p>Dan clases de historia durante vuelo de L\u00f3pez Obrador a Manzanillo<br \/>\nPor Redacci\u00f3n QP<\/p>\n","protected":false},"author":2,"featured_media":19210,"comment_status":"open","ping_status":"open","sticky":false,"template":"","format":"standard","meta":{"_monsterinsights_skip_tracking":false,"_monsterinsights_sitenote_active":false,"_monsterinsights_sitenote_note":"","_monsterinsights_sitenote_category":0,"footnotes":""},"categories":[2],"tags":[],"class_list":["post-19211","post","type-post","status-publish","format-standard","has-post-thumbnail","hentry","category-noticias"],"yoast_head":"<!-- This site is optimized with the Yoast SEO plugin v27.3 - https:\/\/yoast.com\/product\/yoast-seo-wordpress\/ -->\n<title>Dan clases de historia durante vuelo de L\u00f3pez Obrador a Manzanillo -<\/title>\n<meta name=\"robots\" content=\"index, follow, max-snippet:-1, max-image-preview:large, max-video-preview:-1\" \/>\n<link rel=\"canonical\" href=\"https:\/\/quehacerpolitico.mx\/?p=19211\" \/>\n<meta property=\"og:locale\" content=\"es_MX\" \/>\n<meta property=\"og:type\" content=\"article\" \/>\n<meta property=\"og:title\" content=\"Dan clases de historia durante vuelo de L\u00f3pez Obrador a Manzanillo -\" \/>\n<meta property=\"og:description\" content=\"Dan clases de historia durante vuelo de L\u00f3pez Obrador a Manzanillo Por Redacci\u00f3n QP\" \/>\n<meta property=\"og:url\" content=\"https:\/\/quehacerpolitico.mx\/?p=19211\" \/>\n<meta property=\"article:published_time\" content=\"2019-03-05T20:57:38+00:00\" \/>\n<meta name=\"author\" content=\"Redacci\u00f3n QP\" \/>\n<meta name=\"twitter:card\" content=\"summary_large_image\" \/>\n<meta name=\"twitter:label1\" content=\"Escrito por\" \/>\n\t<meta name=\"twitter:data1\" content=\"Redacci\u00f3n QP\" \/>\n\t<meta name=\"twitter:label2\" content=\"Tiempo de lectura\" \/>\n\t<meta name=\"twitter:data2\" content=\"2 minutos\" \/>\n<script type=\"application\/ld+json\" class=\"yoast-schema-graph\">{\"@context\":\"https:\\\/\\\/schema.org\",\"@graph\":[{\"@type\":\"Article\",\"@id\":\"https:\\\/\\\/quehacerpolitico.mx\\\/?p=19211#article\",\"isPartOf\":{\"@id\":\"https:\\\/\\\/quehacerpolitico.mx\\\/?p=19211\"},\"author\":{\"name\":\"Redacci\u00f3n QP\",\"@id\":\"https:\\\/\\\/quehacerpolitico.mx\\\/#\\\/schema\\\/person\\\/496d8ad2d1d3f8036101dca7ee39e585\"},\"headline\":\"Dan clases de historia durante vuelo de L\u00f3pez Obrador a Manzanillo\",\"datePublished\":\"2019-03-05T20:57:38+00:00\",\"mainEntityOfPage\":{\"@id\":\"https:\\\/\\\/quehacerpolitico.mx\\\/?p=19211\"},\"wordCount\":423,\"commentCount\":0,\"image\":{\"@id\":\"https:\\\/\\\/quehacerpolitico.mx\\\/?p=19211#primaryimage\"},\"thumbnailUrl\":\"\",\"articleSection\":[\"Noticias\"],\"inLanguage\":\"es\",\"potentialAction\":[{\"@type\":\"CommentAction\",\"name\":\"Comment\",\"target\":[\"https:\\\/\\\/quehacerpolitico.mx\\\/?p=19211#respond\"]}]},{\"@type\":\"WebPage\",\"@id\":\"https:\\\/\\\/quehacerpolitico.mx\\\/?p=19211\",\"url\":\"https:\\\/\\\/quehacerpolitico.mx\\\/?p=19211\",\"name\":\"Dan clases de historia durante vuelo de L\u00f3pez Obrador a Manzanillo -\",\"isPartOf\":{\"@id\":\"https:\\\/\\\/quehacerpolitico.mx\\\/#website\"},\"primaryImageOfPage\":{\"@id\":\"https:\\\/\\\/quehacerpolitico.mx\\\/?p=19211#primaryimage\"},\"image\":{\"@id\":\"https:\\\/\\\/quehacerpolitico.mx\\\/?p=19211#primaryimage\"},\"thumbnailUrl\":\"\",\"datePublished\":\"2019-03-05T20:57:38+00:00\",\"author\":{\"@id\":\"https:\\\/\\\/quehacerpolitico.mx\\\/#\\\/schema\\\/person\\\/496d8ad2d1d3f8036101dca7ee39e585\"},\"breadcrumb\":{\"@id\":\"https:\\\/\\\/quehacerpolitico.mx\\\/?p=19211#breadcrumb\"},\"inLanguage\":\"es\",\"potentialAction\":[{\"@type\":\"ReadAction\",\"target\":[\"https:\\\/\\\/quehacerpolitico.mx\\\/?p=19211\"]}]},{\"@type\":\"ImageObject\",\"inLanguage\":\"es\",\"@id\":\"https:\\\/\\\/quehacerpolitico.mx\\\/?p=19211#primaryimage\",\"url\":\"\",\"contentUrl\":\"\"},{\"@type\":\"BreadcrumbList\",\"@id\":\"https:\\\/\\\/quehacerpolitico.mx\\\/?p=19211#breadcrumb\",\"itemListElement\":[{\"@type\":\"ListItem\",\"position\":1,\"name\":\"Inicio\",\"item\":\"https:\\\/\\\/quehacerpolitico.mx\\\/\"},{\"@type\":\"ListItem\",\"position\":2,\"name\":\"Dan clases de historia durante vuelo de L\u00f3pez Obrador a Manzanillo\"}]},{\"@type\":\"WebSite\",\"@id\":\"https:\\\/\\\/quehacerpolitico.mx\\\/#website\",\"url\":\"https:\\\/\\\/quehacerpolitico.mx\\\/\",\"name\":\"\",\"description\":\"\",\"potentialAction\":[{\"@type\":\"SearchAction\",\"target\":{\"@type\":\"EntryPoint\",\"urlTemplate\":\"https:\\\/\\\/quehacerpolitico.mx\\\/?s={search_term_string}\"},\"query-input\":{\"@type\":\"PropertyValueSpecification\",\"valueRequired\":true,\"valueName\":\"search_term_string\"}}],\"inLanguage\":\"es\"},{\"@type\":\"Person\",\"@id\":\"https:\\\/\\\/quehacerpolitico.mx\\\/#\\\/schema\\\/person\\\/496d8ad2d1d3f8036101dca7ee39e585\",\"name\":\"Redacci\u00f3n QP\",\"image\":{\"@type\":\"ImageObject\",\"inLanguage\":\"es\",\"@id\":\"https:\\\/\\\/secure.gravatar.com\\\/avatar\\\/c7164ed6fdec453195284ad24a5ae5b6e1eed2b848477fa2a4787ba9adf39a41?s=96&d=mm&r=g\",\"url\":\"https:\\\/\\\/secure.gravatar.com\\\/avatar\\\/c7164ed6fdec453195284ad24a5ae5b6e1eed2b848477fa2a4787ba9adf39a41?s=96&d=mm&r=g\",\"contentUrl\":\"https:\\\/\\\/secure.gravatar.com\\\/avatar\\\/c7164ed6fdec453195284ad24a5ae5b6e1eed2b848477fa2a4787ba9adf39a41?s=96&d=mm&r=g\",\"caption\":\"Redacci\u00f3n QP\"},\"url\":\"https:\\\/\\\/quehacerpolitico.mx\\\/?author=2\"}]}<\/script>\n<!-- \/ Yoast SEO plugin. -->","yoast_head_json":{"title":"Dan clases de historia durante vuelo de L\u00f3pez Obrador a Manzanillo -","robots":{"index":"index","follow":"follow","max-snippet":"max-snippet:-1","max-image-preview":"max-image-preview:large","max-video-preview":"max-video-preview:-1"},"canonical":"https:\/\/quehacerpolitico.mx\/?p=19211","og_locale":"es_MX","og_type":"article","og_title":"Dan clases de historia durante vuelo de L\u00f3pez Obrador a Manzanillo -","og_description":"Dan clases de historia durante vuelo de L\u00f3pez Obrador a Manzanillo Por Redacci\u00f3n QP","og_url":"https:\/\/quehacerpolitico.mx\/?p=19211","article_published_time":"2019-03-05T20:57:38+00:00","author":"Redacci\u00f3n QP","twitter_card":"summary_large_image","twitter_misc":{"Escrito por":"Redacci\u00f3n QP","Tiempo de lectura":"2 minutos"},"schema":{"@context":"https:\/\/schema.org","@graph":[{"@type":"Article","@id":"https:\/\/quehacerpolitico.mx\/?p=19211#article","isPartOf":{"@id":"https:\/\/quehacerpolitico.mx\/?p=19211"},"author":{"name":"Redacci\u00f3n QP","@id":"https:\/\/quehacerpolitico.mx\/#\/schema\/person\/496d8ad2d1d3f8036101dca7ee39e585"},"headline":"Dan clases de historia durante vuelo de L\u00f3pez Obrador a Manzanillo","datePublished":"2019-03-05T20:57:38+00:00","mainEntityOfPage":{"@id":"https:\/\/quehacerpolitico.mx\/?p=19211"},"wordCount":423,"commentCount":0,"image":{"@id":"https:\/\/quehacerpolitico.mx\/?p=19211#primaryimage"},"thumbnailUrl":"","articleSection":["Noticias"],"inLanguage":"es","potentialAction":[{"@type":"CommentAction","name":"Comment","target":["https:\/\/quehacerpolitico.mx\/?p=19211#respond"]}]},{"@type":"WebPage","@id":"https:\/\/quehacerpolitico.mx\/?p=19211","url":"https:\/\/quehacerpolitico.mx\/?p=19211","name":"Dan clases de historia durante vuelo de L\u00f3pez Obrador a Manzanillo -","isPartOf":{"@id":"https:\/\/quehacerpolitico.mx\/#website"},"primaryImageOfPage":{"@id":"https:\/\/quehacerpolitico.mx\/?p=19211#primaryimage"},"image":{"@id":"https:\/\/quehacerpolitico.mx\/?p=19211#primaryimage"},"thumbnailUrl":"","datePublished":"2019-03-05T20:57:38+00:00","author":{"@id":"https:\/\/quehacerpolitico.mx\/#\/schema\/person\/496d8ad2d1d3f8036101dca7ee39e585"},"breadcrumb":{"@id":"https:\/\/quehacerpolitico.mx\/?p=19211#breadcrumb"},"inLanguage":"es","potentialAction":[{"@type":"ReadAction","target":["https:\/\/quehacerpolitico.mx\/?p=19211"]}]},{"@type":"ImageObject","inLanguage":"es","@id":"https:\/\/quehacerpolitico.mx\/?p=19211#primaryimage","url":"","contentUrl":""},{"@type":"BreadcrumbList","@id":"https:\/\/quehacerpolitico.mx\/?p=19211#breadcrumb","itemListElement":[{"@type":"ListItem","position":1,"name":"Inicio","item":"https:\/\/quehacerpolitico.mx\/"},{"@type":"ListItem","position":2,"name":"Dan clases de historia durante vuelo de L\u00f3pez Obrador a Manzanillo"}]},{"@type":"WebSite","@id":"https:\/\/quehacerpolitico.mx\/#website","url":"https:\/\/quehacerpolitico.mx\/","name":"","description":"","potentialAction":[{"@type":"SearchAction","target":{"@type":"EntryPoint","urlTemplate":"https:\/\/quehacerpolitico.mx\/?s={search_term_string}"},"query-input":{"@type":"PropertyValueSpecification","valueRequired":true,"valueName":"search_term_string"}}],"inLanguage":"es"},{"@type":"Person","@id":"https:\/\/quehacerpolitico.mx\/#\/schema\/person\/496d8ad2d1d3f8036101dca7ee39e585","name":"Redacci\u00f3n QP","image":{"@type":"ImageObject","inLanguage":"es","@id":"https:\/\/secure.gravatar.com\/avatar\/c7164ed6fdec453195284ad24a5ae5b6e1eed2b848477fa2a4787ba9adf39a41?s=96&d=mm&r=g","url":"https:\/\/secure.gravatar.com\/avatar\/c7164ed6fdec453195284ad24a5ae5b6e1eed2b848477fa2a4787ba9adf39a41?s=96&d=mm&r=g","contentUrl":"https:\/\/secure.gravatar.com\/avatar\/c7164ed6fdec453195284ad24a5ae5b6e1eed2b848477fa2a4787ba9adf39a41?s=96&d=mm&r=g","caption":"Redacci\u00f3n QP"},"url":"https:\/\/quehacerpolitico.mx\/?author=2"}]}},"featured_image_urls":{"full":"","thumbnail":"","medium":"","medium_large":"","large":"","1536x1536":"","2048x2048":"","covernews-featured":"","covernews-medium":""},"author_info":{"display_name":"Redacci\u00f3n QP","author_link":"https:\/\/quehacerpolitico.mx\/?author=2"},"category_info":"<a href=\"https:\/\/quehacerpolitico.mx\/?cat=2\" rel=\"category\">Noticias<\/a>","tag_info":"Noticias","comment_count":"0","_links":{"self":[{"href":"https:\/\/quehacerpolitico.mx\/index.php?rest_route=\/wp\/v2\/posts\/19211","targetHints":{"allow":["GET"]}}],"collection":[{"href":"https:\/\/quehacerpolitico.mx\/index.php?rest_route=\/wp\/v2\/posts"}],"about":[{"href":"https:\/\/quehacerpolitico.mx\/index.php?rest_route=\/wp\/v2\/types\/post"}],"author":[{"embeddable":true,"href":"https:\/\/quehacerpolitico.mx\/index.php?rest_route=\/wp\/v2\/users\/2"}],"replies":[{"embeddable":true,"href":"https:\/\/quehacerpolitico.mx\/index.php?rest_route=%2Fwp%2Fv2%2Fcomments&post=19211"}],"version-history":[{"count":0,"href":"https:\/\/quehacerpolitico.mx\/index.php?rest_route=\/wp\/v2\/posts\/19211\/revisions"}],"wp:featuredmedia":[{"embeddable":true,"href":"https:\/\/quehacerpolitico.mx\/index.php?rest_route=\/"}],"wp:attachment":[{"href":"https:\/\/quehacerpolitico.mx\/index.php?rest_route=%2Fwp%2Fv2%2Fmedia&parent=19211"}],"wp:term":[{"taxonomy":"category","embeddable":true,"href":"https:\/\/quehacerpolitico.mx\/index.php?rest_route=%2Fwp%2Fv2%2Fcategories&post=19211"},{"taxonomy":"post_tag","embeddable":true,"href":"https:\/\/quehacerpolitico.mx\/index.php?rest_route=%2Fwp%2Fv2%2Ftags&post=19211"}],"curies":[{"name":"wp","href":"https:\/\/api.w.org\/{rel}","templated":true}]}}