{"id":19166,"date":"2019-03-05T14:32:45","date_gmt":"2019-03-05T14:32:45","guid":{"rendered":"http:\/\/quehacerpolitico.mx\/estoy-bateando-arriba-de-300-afirma-amlo-sobre-su-salud-antes-de-sus-100-dias-de-gobierno\/"},"modified":"2019-03-05T14:32:45","modified_gmt":"2019-03-05T14:32:45","slug":"estoy-bateando-arriba-de-300-afirma-amlo-sobre-su-salud-antes-de-sus-100-dias-de-gobierno","status":"publish","type":"post","link":"https:\/\/quehacerpolitico.mx\/?p=19166","title":{"rendered":"\u201cEstoy Bateando arriba de 300\u201d afirma AMLO sobre su salud antes de sus 100 d\u00edas de Gobierno"},"content":{"rendered":"<p>\u201cEstoy Bateando arriba de 300\u201d afirma AMLO sobre su salud antes de sus 100 d\u00edas de Gobierno<\/p>\n<p>Por Redacci\u00f3n QP<\/p>\n<p>El<strong> Presidente Andr\u00e9s Manuel L\u00f3pez Obrador<\/strong> asegur\u00f3 que se encuentra <strong>muy bien de salud<\/strong>, que est\u00e1 al cien y que a\u00fan est\u00e1 \u201c<strong>bateando arriba de 300<\/strong>\u201d.<\/p>\n<p>Esta ma\u00f1ana, durante su conferencia matutina, L\u00f3pez Obrador fue cuestionado sobre c\u00f3mo se encuentra su salud a 95 d\u00edas de que inici\u00f3 su Gobierno. Aunque reconoci\u00f3 que no ha podido acudir al m\u00e9dico.<\/p>\n<blockquote>\n<p>\u201cEstoy al cien. No he podido estar con el m\u00e9dico, pero estoy bateando arriba de 300 todav\u00eda, estoy muy bien\u201d, asever\u00f3.<\/p>\n<p>El pr\u00f3ximo domingo se cumplir\u00e1n los primeros 100 d\u00edas del Gobierno del morenista, quien de lunes a viernes da una conferencia matutina a las 07:00 horas y los fines de semana encabeza hasta dos eventos diarios en diferentes estados.<\/p>\n<p>El Jefe del Ejecutivo Federal se ha mantenido tambi\u00e9n durante estos casi 100 d\u00edas sin mayor seguridad m\u00e1s que la de su Ayudant\u00eda.<\/p>\n<p>Ayer, L\u00f3pez Obrador asegur\u00f3 esta ma\u00f1ana que no tiene preocupaci\u00f3n por lo que come, y que come tranquilo tanto en restaurantes como en fondas. Lo anterior al ser cuestionado sobre las declaraciones de la Diputada Tatiana Clouthier, quien dijo que durante la campa\u00f1a le alertaron de que \u201chasta podr\u00edan envenenar\u201d al entonces candidato.<\/p>\n<p>\u201cNo tengo yo ning\u00fan informe sobre ese asunto. Es hasta ahora que me estoy enterando, y no hay preocupaci\u00f3n por eso. Voy a restaurantes, voy a fondas donde me atienden muy bien, tanto los chefs, como los trabajadores de hoteles, de restaurantes, en las fondas, y les tengo toda la confianza y no hay un operativo especial para que alguien est\u00e9 pendiente de qu\u00e9 van a concinarnos\u201d, asegur\u00f3 esta ma\u00f1ana en conferencia de prensa.<\/p>\n<p>\u201cComemos lo que hay en los restaurantes, en las fondas\u201d, a\u00f1adi\u00f3.<\/p>\n<p>El domingo, El Universal difundi\u00f3 un adelanto del libro \u201cJuntos Hicimos Historia\u201d de Tatiana Clouthier, quien fue coordinadora de la campa\u00f1a que llev\u00f3 a L\u00f3pez Obrador a la campa\u00f1a. En el, la hoy legisladora detalla:<\/p>\n<p>\u201cInformaci\u00f3n de muchas fuentes nos advert\u00eda que nuestro aspirante era vulnerable, por lo que yo s\u00ed tem\u00eda que le hicieran algo, desde un \u2018trabajito\u2019 hasta darle alg\u00fan tipo de sustancia que lo da\u00f1ara f\u00edsicamente\u201d.<\/p>\n<blockquote class=\"twitter-tweet\" data-width=\"550\" data-dnt=\"true\">\n<p lang=\"es\" dir=\"ltr\">Conferencia de prensa matutina desde Palacio Nacional. <a href=\"https:\/\/t.co\/Gq4YLdlyHx\">https:\/\/t.co\/Gq4YLdlyHx<\/a><\/p>\n<p>&mdash; Andr\u00e9s Manuel (@lopezobrador_) <a href=\"https:\/\/twitter.com\/lopezobrador_\/status\/1102917338872012800?ref_src=twsrc%5Etfw\">March 5, 2019<\/a><\/p><\/blockquote>\n<p><script async src=\"https:\/\/platform.twitter.com\/widgets.js\" charset=\"utf-8\"><\/script><\/p>\n<\/blockquote>\n","protected":false},"excerpt":{"rendered":"<p>\u201cEstoy Bateando arriba de 300\u201d afirma AMLO sobre su salud antes de sus 100 d\u00edas de Gobierno<br \/>\nPor Redacci\u00f3n QP<\/p>\n","protected":false},"author":2,"featured_media":19165,"comment_status":"open","ping_status":"open","sticky":false,"template":"","format":"standard","meta":{"_monsterinsights_skip_tracking":false,"_monsterinsights_sitenote_active":false,"_monsterinsights_sitenote_note":"","_monsterinsights_sitenote_category":0,"footnotes":""},"categories":[2],"tags":[],"class_list":["post-19166","post","type-post","status-publish","format-standard","has-post-thumbnail","hentry","category-noticias"],"yoast_head":"<!-- This site is optimized with the Yoast SEO plugin v27.3 - https:\/\/yoast.com\/product\/yoast-seo-wordpress\/ -->\n<title>\u201cEstoy Bateando arriba de 300\u201d afirma AMLO sobre su salud antes de sus 100 d\u00edas de Gobierno -<\/title>\n<meta name=\"robots\" content=\"index, follow, max-snippet:-1, max-image-preview:large, max-video-preview:-1\" \/>\n<link rel=\"canonical\" href=\"https:\/\/quehacerpolitico.mx\/?p=19166\" \/>\n<meta property=\"og:locale\" content=\"es_MX\" \/>\n<meta property=\"og:type\" content=\"article\" \/>\n<meta property=\"og:title\" content=\"\u201cEstoy Bateando arriba de 300\u201d afirma AMLO sobre su salud antes de sus 100 d\u00edas de Gobierno -\" \/>\n<meta property=\"og:description\" content=\"\u201cEstoy Bateando arriba de 300\u201d afirma AMLO sobre su salud antes de sus 100 d\u00edas de Gobierno Por Redacci\u00f3n QP\" \/>\n<meta property=\"og:url\" content=\"https:\/\/quehacerpolitico.mx\/?p=19166\" \/>\n<meta property=\"article:published_time\" content=\"2019-03-05T14:32:45+00:00\" \/>\n<meta name=\"author\" content=\"Redacci\u00f3n QP\" \/>\n<meta name=\"twitter:card\" content=\"summary_large_image\" \/>\n<meta name=\"twitter:label1\" content=\"Escrito por\" \/>\n\t<meta name=\"twitter:data1\" content=\"Redacci\u00f3n QP\" \/>\n\t<meta name=\"twitter:label2\" content=\"Tiempo de lectura\" \/>\n\t<meta name=\"twitter:data2\" content=\"2 minutos\" \/>\n<script type=\"application\/ld+json\" class=\"yoast-schema-graph\">{\"@context\":\"https:\\\/\\\/schema.org\",\"@graph\":[{\"@type\":\"Article\",\"@id\":\"https:\\\/\\\/quehacerpolitico.mx\\\/?p=19166#article\",\"isPartOf\":{\"@id\":\"https:\\\/\\\/quehacerpolitico.mx\\\/?p=19166\"},\"author\":{\"name\":\"Redacci\u00f3n QP\",\"@id\":\"https:\\\/\\\/quehacerpolitico.mx\\\/#\\\/schema\\\/person\\\/496d8ad2d1d3f8036101dca7ee39e585\"},\"headline\":\"\u201cEstoy Bateando arriba de 300\u201d afirma AMLO sobre su salud antes de sus 100 d\u00edas de Gobierno\",\"datePublished\":\"2019-03-05T14:32:45+00:00\",\"mainEntityOfPage\":{\"@id\":\"https:\\\/\\\/quehacerpolitico.mx\\\/?p=19166\"},\"wordCount\":420,\"commentCount\":0,\"image\":{\"@id\":\"https:\\\/\\\/quehacerpolitico.mx\\\/?p=19166#primaryimage\"},\"thumbnailUrl\":\"\",\"articleSection\":[\"Noticias\"],\"inLanguage\":\"es\",\"potentialAction\":[{\"@type\":\"CommentAction\",\"name\":\"Comment\",\"target\":[\"https:\\\/\\\/quehacerpolitico.mx\\\/?p=19166#respond\"]}]},{\"@type\":\"WebPage\",\"@id\":\"https:\\\/\\\/quehacerpolitico.mx\\\/?p=19166\",\"url\":\"https:\\\/\\\/quehacerpolitico.mx\\\/?p=19166\",\"name\":\"\u201cEstoy Bateando arriba de 300\u201d afirma AMLO sobre su salud antes de sus 100 d\u00edas de Gobierno -\",\"isPartOf\":{\"@id\":\"https:\\\/\\\/quehacerpolitico.mx\\\/#website\"},\"primaryImageOfPage\":{\"@id\":\"https:\\\/\\\/quehacerpolitico.mx\\\/?p=19166#primaryimage\"},\"image\":{\"@id\":\"https:\\\/\\\/quehacerpolitico.mx\\\/?p=19166#primaryimage\"},\"thumbnailUrl\":\"\",\"datePublished\":\"2019-03-05T14:32:45+00:00\",\"author\":{\"@id\":\"https:\\\/\\\/quehacerpolitico.mx\\\/#\\\/schema\\\/person\\\/496d8ad2d1d3f8036101dca7ee39e585\"},\"breadcrumb\":{\"@id\":\"https:\\\/\\\/quehacerpolitico.mx\\\/?p=19166#breadcrumb\"},\"inLanguage\":\"es\",\"potentialAction\":[{\"@type\":\"ReadAction\",\"target\":[\"https:\\\/\\\/quehacerpolitico.mx\\\/?p=19166\"]}]},{\"@type\":\"ImageObject\",\"inLanguage\":\"es\",\"@id\":\"https:\\\/\\\/quehacerpolitico.mx\\\/?p=19166#primaryimage\",\"url\":\"\",\"contentUrl\":\"\"},{\"@type\":\"BreadcrumbList\",\"@id\":\"https:\\\/\\\/quehacerpolitico.mx\\\/?p=19166#breadcrumb\",\"itemListElement\":[{\"@type\":\"ListItem\",\"position\":1,\"name\":\"Inicio\",\"item\":\"https:\\\/\\\/quehacerpolitico.mx\\\/\"},{\"@type\":\"ListItem\",\"position\":2,\"name\":\"\u201cEstoy Bateando arriba de 300\u201d afirma AMLO sobre su salud antes de sus 100 d\u00edas de Gobierno\"}]},{\"@type\":\"WebSite\",\"@id\":\"https:\\\/\\\/quehacerpolitico.mx\\\/#website\",\"url\":\"https:\\\/\\\/quehacerpolitico.mx\\\/\",\"name\":\"\",\"description\":\"\",\"potentialAction\":[{\"@type\":\"SearchAction\",\"target\":{\"@type\":\"EntryPoint\",\"urlTemplate\":\"https:\\\/\\\/quehacerpolitico.mx\\\/?s={search_term_string}\"},\"query-input\":{\"@type\":\"PropertyValueSpecification\",\"valueRequired\":true,\"valueName\":\"search_term_string\"}}],\"inLanguage\":\"es\"},{\"@type\":\"Person\",\"@id\":\"https:\\\/\\\/quehacerpolitico.mx\\\/#\\\/schema\\\/person\\\/496d8ad2d1d3f8036101dca7ee39e585\",\"name\":\"Redacci\u00f3n QP\",\"image\":{\"@type\":\"ImageObject\",\"inLanguage\":\"es\",\"@id\":\"https:\\\/\\\/secure.gravatar.com\\\/avatar\\\/c7164ed6fdec453195284ad24a5ae5b6e1eed2b848477fa2a4787ba9adf39a41?s=96&d=mm&r=g\",\"url\":\"https:\\\/\\\/secure.gravatar.com\\\/avatar\\\/c7164ed6fdec453195284ad24a5ae5b6e1eed2b848477fa2a4787ba9adf39a41?s=96&d=mm&r=g\",\"contentUrl\":\"https:\\\/\\\/secure.gravatar.com\\\/avatar\\\/c7164ed6fdec453195284ad24a5ae5b6e1eed2b848477fa2a4787ba9adf39a41?s=96&d=mm&r=g\",\"caption\":\"Redacci\u00f3n QP\"},\"url\":\"https:\\\/\\\/quehacerpolitico.mx\\\/?author=2\"}]}<\/script>\n<!-- \/ Yoast SEO plugin. -->","yoast_head_json":{"title":"\u201cEstoy Bateando arriba de 300\u201d afirma AMLO sobre su salud antes de sus 100 d\u00edas de Gobierno -","robots":{"index":"index","follow":"follow","max-snippet":"max-snippet:-1","max-image-preview":"max-image-preview:large","max-video-preview":"max-video-preview:-1"},"canonical":"https:\/\/quehacerpolitico.mx\/?p=19166","og_locale":"es_MX","og_type":"article","og_title":"\u201cEstoy Bateando arriba de 300\u201d afirma AMLO sobre su salud antes de sus 100 d\u00edas de Gobierno -","og_description":"\u201cEstoy Bateando arriba de 300\u201d afirma AMLO sobre su salud antes de sus 100 d\u00edas de Gobierno Por Redacci\u00f3n QP","og_url":"https:\/\/quehacerpolitico.mx\/?p=19166","article_published_time":"2019-03-05T14:32:45+00:00","author":"Redacci\u00f3n QP","twitter_card":"summary_large_image","twitter_misc":{"Escrito por":"Redacci\u00f3n QP","Tiempo de lectura":"2 minutos"},"schema":{"@context":"https:\/\/schema.org","@graph":[{"@type":"Article","@id":"https:\/\/quehacerpolitico.mx\/?p=19166#article","isPartOf":{"@id":"https:\/\/quehacerpolitico.mx\/?p=19166"},"author":{"name":"Redacci\u00f3n QP","@id":"https:\/\/quehacerpolitico.mx\/#\/schema\/person\/496d8ad2d1d3f8036101dca7ee39e585"},"headline":"\u201cEstoy Bateando arriba de 300\u201d afirma AMLO sobre su salud antes de sus 100 d\u00edas de Gobierno","datePublished":"2019-03-05T14:32:45+00:00","mainEntityOfPage":{"@id":"https:\/\/quehacerpolitico.mx\/?p=19166"},"wordCount":420,"commentCount":0,"image":{"@id":"https:\/\/quehacerpolitico.mx\/?p=19166#primaryimage"},"thumbnailUrl":"","articleSection":["Noticias"],"inLanguage":"es","potentialAction":[{"@type":"CommentAction","name":"Comment","target":["https:\/\/quehacerpolitico.mx\/?p=19166#respond"]}]},{"@type":"WebPage","@id":"https:\/\/quehacerpolitico.mx\/?p=19166","url":"https:\/\/quehacerpolitico.mx\/?p=19166","name":"\u201cEstoy Bateando arriba de 300\u201d afirma AMLO sobre su salud antes de sus 100 d\u00edas de Gobierno -","isPartOf":{"@id":"https:\/\/quehacerpolitico.mx\/#website"},"primaryImageOfPage":{"@id":"https:\/\/quehacerpolitico.mx\/?p=19166#primaryimage"},"image":{"@id":"https:\/\/quehacerpolitico.mx\/?p=19166#primaryimage"},"thumbnailUrl":"","datePublished":"2019-03-05T14:32:45+00:00","author":{"@id":"https:\/\/quehacerpolitico.mx\/#\/schema\/person\/496d8ad2d1d3f8036101dca7ee39e585"},"breadcrumb":{"@id":"https:\/\/quehacerpolitico.mx\/?p=19166#breadcrumb"},"inLanguage":"es","potentialAction":[{"@type":"ReadAction","target":["https:\/\/quehacerpolitico.mx\/?p=19166"]}]},{"@type":"ImageObject","inLanguage":"es","@id":"https:\/\/quehacerpolitico.mx\/?p=19166#primaryimage","url":"","contentUrl":""},{"@type":"BreadcrumbList","@id":"https:\/\/quehacerpolitico.mx\/?p=19166#breadcrumb","itemListElement":[{"@type":"ListItem","position":1,"name":"Inicio","item":"https:\/\/quehacerpolitico.mx\/"},{"@type":"ListItem","position":2,"name":"\u201cEstoy Bateando arriba de 300\u201d afirma AMLO sobre su salud antes de sus 100 d\u00edas de Gobierno"}]},{"@type":"WebSite","@id":"https:\/\/quehacerpolitico.mx\/#website","url":"https:\/\/quehacerpolitico.mx\/","name":"","description":"","potentialAction":[{"@type":"SearchAction","target":{"@type":"EntryPoint","urlTemplate":"https:\/\/quehacerpolitico.mx\/?s={search_term_string}"},"query-input":{"@type":"PropertyValueSpecification","valueRequired":true,"valueName":"search_term_string"}}],"inLanguage":"es"},{"@type":"Person","@id":"https:\/\/quehacerpolitico.mx\/#\/schema\/person\/496d8ad2d1d3f8036101dca7ee39e585","name":"Redacci\u00f3n QP","image":{"@type":"ImageObject","inLanguage":"es","@id":"https:\/\/secure.gravatar.com\/avatar\/c7164ed6fdec453195284ad24a5ae5b6e1eed2b848477fa2a4787ba9adf39a41?s=96&d=mm&r=g","url":"https:\/\/secure.gravatar.com\/avatar\/c7164ed6fdec453195284ad24a5ae5b6e1eed2b848477fa2a4787ba9adf39a41?s=96&d=mm&r=g","contentUrl":"https:\/\/secure.gravatar.com\/avatar\/c7164ed6fdec453195284ad24a5ae5b6e1eed2b848477fa2a4787ba9adf39a41?s=96&d=mm&r=g","caption":"Redacci\u00f3n QP"},"url":"https:\/\/quehacerpolitico.mx\/?author=2"}]}},"featured_image_urls":{"full":"","thumbnail":"","medium":"","medium_large":"","large":"","1536x1536":"","2048x2048":"","covernews-featured":"","covernews-medium":""},"author_info":{"display_name":"Redacci\u00f3n QP","author_link":"https:\/\/quehacerpolitico.mx\/?author=2"},"category_info":"<a href=\"https:\/\/quehacerpolitico.mx\/?cat=2\" rel=\"category\">Noticias<\/a>","tag_info":"Noticias","comment_count":"0","_links":{"self":[{"href":"https:\/\/quehacerpolitico.mx\/index.php?rest_route=\/wp\/v2\/posts\/19166","targetHints":{"allow":["GET"]}}],"collection":[{"href":"https:\/\/quehacerpolitico.mx\/index.php?rest_route=\/wp\/v2\/posts"}],"about":[{"href":"https:\/\/quehacerpolitico.mx\/index.php?rest_route=\/wp\/v2\/types\/post"}],"author":[{"embeddable":true,"href":"https:\/\/quehacerpolitico.mx\/index.php?rest_route=\/wp\/v2\/users\/2"}],"replies":[{"embeddable":true,"href":"https:\/\/quehacerpolitico.mx\/index.php?rest_route=%2Fwp%2Fv2%2Fcomments&post=19166"}],"version-history":[{"count":0,"href":"https:\/\/quehacerpolitico.mx\/index.php?rest_route=\/wp\/v2\/posts\/19166\/revisions"}],"wp:featuredmedia":[{"embeddable":true,"href":"https:\/\/quehacerpolitico.mx\/index.php?rest_route=\/"}],"wp:attachment":[{"href":"https:\/\/quehacerpolitico.mx\/index.php?rest_route=%2Fwp%2Fv2%2Fmedia&parent=19166"}],"wp:term":[{"taxonomy":"category","embeddable":true,"href":"https:\/\/quehacerpolitico.mx\/index.php?rest_route=%2Fwp%2Fv2%2Fcategories&post=19166"},{"taxonomy":"post_tag","embeddable":true,"href":"https:\/\/quehacerpolitico.mx\/index.php?rest_route=%2Fwp%2Fv2%2Ftags&post=19166"}],"curies":[{"name":"wp","href":"https:\/\/api.w.org\/{rel}","templated":true}]}}