{"id":19162,"date":"2019-03-05T14:18:28","date_gmt":"2019-03-05T14:18:28","guid":{"rendered":"http:\/\/quehacerpolitico.mx\/sp-castiga-a-mexico-en-la-epoca-del-neoliberalismo-nadie-dijo-nada-ahora-nos-toca-pagar-los-platos-rotos-amlo\/"},"modified":"2019-03-05T14:18:28","modified_gmt":"2019-03-05T14:18:28","slug":"sp-castiga-a-mexico-en-la-epoca-del-neoliberalismo-nadie-dijo-nada-ahora-nos-toca-pagar-los-platos-rotos-amlo","status":"publish","type":"post","link":"https:\/\/quehacerpolitico.mx\/?p=19162","title":{"rendered":"S&#038;P castiga a M\u00e9xico, En la \u00e9poca del neoliberalismo nadie dijo nada ahora \u201cnos toca pagar los platos rotos\u201d : AMLO"},"content":{"rendered":"<h1>S&amp;P castiga a M\u00e9xico, En la \u00e9poca del neoliberalismo nadie dijo nada ahora \u201cnos toca pagar los platos rotos\u201d : AMLO<\/h1>\n<p>Por Redacci\u00f3n QP<\/p>\n<p>El <strong>Presidente Andr\u00e9s Manuel L\u00f3pez Obrador<\/strong> dijo esta ma\u00f1ana que su <strong>Gobierno<\/strong>est\u00e1 \u201c<strong>pagando los platos rotos<\/strong>\u201d del rotundo fracaso de la<strong> pol\u00edtica neoliberal<\/strong> durante los \u00faltimos 36 a\u00f1os y en espec\u00edfico el a\u00f1o pasado, el \u00faltimo del ex Presidente Enrique Pe\u00f1a Nieto. Lo anterior al ser cuestionado sobre la la avalancha de revisiones a la baja que hizo la calificadora estadounidense <strong>Standard &amp; Poor\u2019s<\/strong> al sistema financiero mexicano en los \u00faltimos d\u00edas.<\/p>\n<p>La calificadora pas\u00f3 a \u201cnegativa\u201d las perspectivas del propio Gobierno soberano de M\u00e9xico, de sus dos empresas productivas (Petr\u00f3leos Mexicanos y la Comisi\u00f3n Federal de Electricidad), de 77 instituciones bancarias entre las que se encuentran algunos de los bancos m\u00e1s importantes del pa\u00eds y de 7 aseguradoras.<\/p>\n<p>L\u00f3pez Obrador dijo esta ma\u00f1ana que se preocupa por la bajada de las calificaciones pero que sobre todo se ocupa. Sin embargo recalc\u00f3 que la calificadora est\u00e1 castigando al pa\u00eds por el fracaso de la pol\u00edtica neoliberal.<\/p>\n<blockquote>\n<p>\u201cYo me preocupo y me ocupo sobre todo\u201d, asegur\u00f3.<\/p>\n<p>\u201cLo que considero acerca de esta calificaci\u00f3n es que se est\u00e1 castigando al pa\u00eds por la pol\u00edtica neoliberal que se aplic\u00f3 en los \u00faltimos 36 a\u00f1os, que fue un rotundo fracaso. Sobre todo en los \u00faltimos a\u00f1os, y para ser m\u00e1s preciso el a\u00f1o pasado, que no ten\u00edamos nosotros nada que ver con el Gobierno, pero nos toca pagar los platos rotos\u201d, a\u00f1adi\u00f3.<\/p>\n<\/blockquote>\n<p>Recalc\u00f3 \u201cque fue una pol\u00edtica econ\u00f3mica ineficiente caracterizada por el saqueo, por la corrupci\u00f3n\u201d.<\/p>\n<blockquote>\n<p>\u201cNeoliberalismo es el caso de M\u00e9xico sin\u00f3nimo de corrupci\u00f3n, de robo\u201d, consider\u00f3.<\/p>\n<p>E insisti\u00f3 que tanto la CFE y Pemex fueron las empresas m\u00e1s saqueadas.<\/p>\n<blockquote>\n<p>Dijo que lo \u00fanico que puede reprochar, de manera fraterna y respetuosa, a las calificadoras, \u201ces que durante todo ese tiempo que imper\u00f3 la corrupci\u00f3n en CFE y Pemex, permanecieron callados; calificaban con 10, con excelencia\u201d.<\/p>\n<\/blockquote>\n<p>Sin embargo dijo que respeta las decisiones de las calificadoras, pero les envi\u00f3 un mensaje:<\/p>\n<p>\u201cCon absoluta seguridad [les digo] vamos a rescatar a Pemex y a la Comisi\u00f3n Federal de Electricidad\u201d, recalc\u00f3.<\/p>\n<blockquote>\n<p>\u201cBasamos nuestro optimismo en un elemento, como dicen los tecnocr\u00e1tas, en una variable important\u00edsima, que no se tomaba en cuenta y sigue sin tomarse en cuenta: no va a haber corrupci\u00f3n, no se tolera la corrupci\u00f3n ni en Pemex, ni en CFE ni en el Gobierno y eso hace la diferencia\u201d, asegur\u00f3.<\/p>\n<\/blockquote>\n<p>El Jefe del Ejecutivo Federal asever\u00f3 que aunque hay resistencias, no se seguir\u00e1 por el mismo camino del neoliberalismo. \u201cRepito, no es un asunto ideol\u00f3gico, es juicio pr\u00e1ctico, a ver los defensores de esa pol\u00edtica que salgan a argumentar por qu\u00e9 debemos seguir con lo mismo\u201d, asever\u00f3.<\/p>\n<blockquote>\n<p>\u201cNing\u00fan modelo econ\u00f3mico funciona con una corrupci\u00f3n tan desbordante como la que se padec\u00eda en M\u00e9xico. [\u2026] La variable de corrupci\u00f3n dinamita cualquier modelo\u201d, critic\u00f3.<\/p>\n<p><strong>LAS REVISIONES DE S&amp;P<\/strong><\/p>\n<p>Las revisiones a la baja que realiz\u00f3 S&amp;P indican que, de continuar las condiciones de incertidumbre sobre la econom\u00eda mexicana que observa la calificadora, la firma rebajar\u00e1 la calificaci\u00f3n crediticia de M\u00e9xico y de todas las instituciones a las que revis\u00f3 este lunes, con lo cual M\u00e9xico perder\u00eda su \u2018grado de inversi\u00f3n\u2019 y con ello se encarecer\u00edan los cr\u00e9ditos y las condiciones de financiamiento tanto para el gobierno como para las empresas de los sectores p\u00fablico y privado del pa\u00eds.<\/p>\n<p>El pasado 1 de marzo Standard &amp; Poor\u2019s inaugurar\u00f3 una serie de revisiones a casi un centenar de instituciones mexicanas, comenzando por Pemex, citando tambi\u00e9n la insuficiencia del plan de rescate del gobierno para la empresa.<\/p>\n<p>La intricada dependencia que tienen las finanzas p\u00fablicas del pa\u00eds y las de Pemex provocan que los malos pron\u00f3sticos para una afecten directamente a la otra, por lo que la calificadora tambi\u00e9n cambi\u00f3 la perspectiva soberana de M\u00e9xico. Para tomar esta medida S&amp;P argument\u00f3 los cambios en las pol\u00edticas p\u00fablicas del gobierno, dirigidas a reducir la perticipaci\u00f3n de la iniciativa privada en el sector energ\u00e9tico. As\u00ed, una menor inversi\u00f3n privada podr\u00eda generar un menor crecimiento econ\u00f3mico y se debilitar\u00eda la \u201cresiliencia econ\u00f3mica\u201d del pa\u00eds.<\/p>\n<p>Seg\u00fan las propias reglas de S&amp;P, las grandes empresas privadas del pa\u00eds, independientemente de su solidez financiera, solo pueden tener una calificaci\u00f3n que est\u00e9 un nivel por arriba de la nota soberana de M\u00e9xico, morivo por el cual la firma decidi\u00f3 asignar una perspectiva \u2018negativa\u2019 a las gigantes Am\u00e9rica M\u00f3vil, Liverpool y Coca-Cola Femsa, tres de las compa\u00f1\u00edas con m\u00e1s peso en el principal \u00edndice burs\u00e1til mexicano (el IPC). \u201cLas empresas de telecomunicaciones y de bebidas son moderadamente sensibles al riesgo pa\u00eds\u201d, dijo la calificadora. Sobre la cadena de tiendas departamentales Liverpool, indic\u00f3 que se trata de una empresa que genera la mayor parte de sus ingresos en M\u00e9xico y por ello es \u201caltamente sensible a una crisis econ\u00f3mica\u201d.<\/p>\n<p>Ya entrada la noche del mismo lunes, S&amp;P inform\u00f3 que tomaba la misma medida sobre la otra empresa productiva del Estado, CFE, tambi\u00e9n criticando la intenci\u00f3n de que se reduzca la inversi\u00f3n privada en el sector energ\u00e9tico mexicano.<\/p>\n<p>Otras 77 instituciones financieras de M\u00e9xico pasaron por el cuchillo de S&amp;P, entre las que se encuentran Nacional Financiera, Bancomext, Basefi, Infonavit, BBVA Bancomer, HSBC, Banorte, Citibanamex, HSBC, Inbursa y Scotiabank. \u201cEn nuestra opini\u00f3n existe un riesgo de que persista un crecimiento econ\u00f3mico d\u00e9bil, lo que afectar\u00eda la resiliencia econ\u00f3mica del pa\u00eds y complicar\u00eda las condiciones operativas para las instituciones financieras locales\u201d, dijo la calificadora.<\/p>\n<p>Por \u00faltimo, la firma estadounidense decidi\u00f3 bajar la perspectiva a 7 aseguradoras mexicanas: AIG Seguros M\u00e9xico, Allianz M\u00e9xico, AXA Seguros, Grupo Nacional Provincial, Sompo Seguros M\u00e9xico, Seguros Afirme y Kot Insurance. Para ello explic\u00f3 que las calificaciones de estas compa\u00f1\u00edas \u201cest\u00e1n limitadas por las calificaciones soberanas dado que sus operaciones est\u00e1n totalmente basadas en M\u00e9xico y debido a que sus carteras de inversi\u00f3n tienen una porci\u00f3n significativa de deuda soberana\u201d.<\/p>\n<p><em>Con informaci\u00f3n de Econom\u00eda Hoy<\/em><\/p>\n<blockquote class=\"twitter-tweet\" data-width=\"550\" data-dnt=\"true\">\n<p lang=\"es\" dir=\"ltr\">Conferencia de prensa matutina desde Palacio Nacional. <a href=\"https:\/\/t.co\/Gq4YLdlyHx\">https:\/\/t.co\/Gq4YLdlyHx<\/a><\/p>\n<p>&mdash; Andr\u00e9s Manuel (@lopezobrador_) <a href=\"https:\/\/twitter.com\/lopezobrador_\/status\/1102917338872012800?ref_src=twsrc%5Etfw\">March 5, 2019<\/a><\/p><\/blockquote>\n<p><script async src=\"https:\/\/platform.twitter.com\/widgets.js\" charset=\"utf-8\"><\/script><\/p>\n<\/blockquote>\n<\/blockquote>\n","protected":false},"excerpt":{"rendered":"<p>S&#038;P castiga a M\u00e9xico, En la \u00e9poca del neoliberalismo nadie dijo nada ahora \u201cnos toca pagar los platos rotos\u201d : AMLO<br \/>\nPor Redacci\u00f3n QP<\/p>\n","protected":false},"author":2,"featured_media":19161,"comment_status":"open","ping_status":"open","sticky":false,"template":"","format":"standard","meta":{"_monsterinsights_skip_tracking":false,"_monsterinsights_sitenote_active":false,"_monsterinsights_sitenote_note":"","_monsterinsights_sitenote_category":0,"footnotes":""},"categories":[2],"tags":[],"class_list":["post-19162","post","type-post","status-publish","format-standard","has-post-thumbnail","hentry","category-noticias"],"yoast_head":"<!-- This site is optimized with the Yoast SEO plugin v27.3 - https:\/\/yoast.com\/product\/yoast-seo-wordpress\/ -->\n<title>S&amp;P castiga a M\u00e9xico, En la \u00e9poca del neoliberalismo nadie dijo nada ahora \u201cnos toca pagar los platos rotos\u201d : AMLO -<\/title>\n<meta name=\"robots\" content=\"index, follow, max-snippet:-1, max-image-preview:large, max-video-preview:-1\" \/>\n<link rel=\"canonical\" href=\"https:\/\/quehacerpolitico.mx\/?p=19162\" \/>\n<meta property=\"og:locale\" content=\"es_MX\" \/>\n<meta property=\"og:type\" content=\"article\" \/>\n<meta property=\"og:title\" content=\"S&amp;P castiga a M\u00e9xico, En la \u00e9poca del neoliberalismo nadie dijo nada ahora \u201cnos toca pagar los platos rotos\u201d : AMLO -\" \/>\n<meta property=\"og:description\" content=\"S&amp;P castiga a M\u00e9xico, En la \u00e9poca del neoliberalismo nadie dijo nada ahora \u201cnos toca pagar los platos rotos\u201d : AMLO Por Redacci\u00f3n QP\" \/>\n<meta property=\"og:url\" content=\"https:\/\/quehacerpolitico.mx\/?p=19162\" \/>\n<meta property=\"article:published_time\" content=\"2019-03-05T14:18:28+00:00\" \/>\n<meta name=\"author\" content=\"Redacci\u00f3n QP\" \/>\n<meta name=\"twitter:card\" content=\"summary_large_image\" \/>\n<meta name=\"twitter:label1\" content=\"Escrito por\" \/>\n\t<meta name=\"twitter:data1\" content=\"Redacci\u00f3n QP\" \/>\n\t<meta name=\"twitter:label2\" content=\"Tiempo de lectura\" \/>\n\t<meta name=\"twitter:data2\" content=\"6 minutos\" \/>\n<script type=\"application\/ld+json\" class=\"yoast-schema-graph\">{\"@context\":\"https:\\\/\\\/schema.org\",\"@graph\":[{\"@type\":\"Article\",\"@id\":\"https:\\\/\\\/quehacerpolitico.mx\\\/?p=19162#article\",\"isPartOf\":{\"@id\":\"https:\\\/\\\/quehacerpolitico.mx\\\/?p=19162\"},\"author\":{\"name\":\"Redacci\u00f3n QP\",\"@id\":\"https:\\\/\\\/quehacerpolitico.mx\\\/#\\\/schema\\\/person\\\/496d8ad2d1d3f8036101dca7ee39e585\"},\"headline\":\"S&#038;P castiga a M\u00e9xico, En la \u00e9poca del neoliberalismo nadie dijo nada ahora \u201cnos toca pagar los platos rotos\u201d : AMLO\",\"datePublished\":\"2019-03-05T14:18:28+00:00\",\"mainEntityOfPage\":{\"@id\":\"https:\\\/\\\/quehacerpolitico.mx\\\/?p=19162\"},\"wordCount\":1131,\"commentCount\":0,\"image\":{\"@id\":\"https:\\\/\\\/quehacerpolitico.mx\\\/?p=19162#primaryimage\"},\"thumbnailUrl\":\"\",\"articleSection\":[\"Noticias\"],\"inLanguage\":\"es\",\"potentialAction\":[{\"@type\":\"CommentAction\",\"name\":\"Comment\",\"target\":[\"https:\\\/\\\/quehacerpolitico.mx\\\/?p=19162#respond\"]}]},{\"@type\":\"WebPage\",\"@id\":\"https:\\\/\\\/quehacerpolitico.mx\\\/?p=19162\",\"url\":\"https:\\\/\\\/quehacerpolitico.mx\\\/?p=19162\",\"name\":\"S&P castiga a M\u00e9xico, En la \u00e9poca del neoliberalismo nadie dijo nada ahora \u201cnos toca pagar los platos rotos\u201d : AMLO -\",\"isPartOf\":{\"@id\":\"https:\\\/\\\/quehacerpolitico.mx\\\/#website\"},\"primaryImageOfPage\":{\"@id\":\"https:\\\/\\\/quehacerpolitico.mx\\\/?p=19162#primaryimage\"},\"image\":{\"@id\":\"https:\\\/\\\/quehacerpolitico.mx\\\/?p=19162#primaryimage\"},\"thumbnailUrl\":\"\",\"datePublished\":\"2019-03-05T14:18:28+00:00\",\"author\":{\"@id\":\"https:\\\/\\\/quehacerpolitico.mx\\\/#\\\/schema\\\/person\\\/496d8ad2d1d3f8036101dca7ee39e585\"},\"breadcrumb\":{\"@id\":\"https:\\\/\\\/quehacerpolitico.mx\\\/?p=19162#breadcrumb\"},\"inLanguage\":\"es\",\"potentialAction\":[{\"@type\":\"ReadAction\",\"target\":[\"https:\\\/\\\/quehacerpolitico.mx\\\/?p=19162\"]}]},{\"@type\":\"ImageObject\",\"inLanguage\":\"es\",\"@id\":\"https:\\\/\\\/quehacerpolitico.mx\\\/?p=19162#primaryimage\",\"url\":\"\",\"contentUrl\":\"\"},{\"@type\":\"BreadcrumbList\",\"@id\":\"https:\\\/\\\/quehacerpolitico.mx\\\/?p=19162#breadcrumb\",\"itemListElement\":[{\"@type\":\"ListItem\",\"position\":1,\"name\":\"Inicio\",\"item\":\"https:\\\/\\\/quehacerpolitico.mx\\\/\"},{\"@type\":\"ListItem\",\"position\":2,\"name\":\"S&#038;P castiga a M\u00e9xico, En la \u00e9poca del neoliberalismo nadie dijo nada ahora \u201cnos toca pagar los platos rotos\u201d : AMLO\"}]},{\"@type\":\"WebSite\",\"@id\":\"https:\\\/\\\/quehacerpolitico.mx\\\/#website\",\"url\":\"https:\\\/\\\/quehacerpolitico.mx\\\/\",\"name\":\"\",\"description\":\"\",\"potentialAction\":[{\"@type\":\"SearchAction\",\"target\":{\"@type\":\"EntryPoint\",\"urlTemplate\":\"https:\\\/\\\/quehacerpolitico.mx\\\/?s={search_term_string}\"},\"query-input\":{\"@type\":\"PropertyValueSpecification\",\"valueRequired\":true,\"valueName\":\"search_term_string\"}}],\"inLanguage\":\"es\"},{\"@type\":\"Person\",\"@id\":\"https:\\\/\\\/quehacerpolitico.mx\\\/#\\\/schema\\\/person\\\/496d8ad2d1d3f8036101dca7ee39e585\",\"name\":\"Redacci\u00f3n QP\",\"image\":{\"@type\":\"ImageObject\",\"inLanguage\":\"es\",\"@id\":\"https:\\\/\\\/secure.gravatar.com\\\/avatar\\\/c7164ed6fdec453195284ad24a5ae5b6e1eed2b848477fa2a4787ba9adf39a41?s=96&d=mm&r=g\",\"url\":\"https:\\\/\\\/secure.gravatar.com\\\/avatar\\\/c7164ed6fdec453195284ad24a5ae5b6e1eed2b848477fa2a4787ba9adf39a41?s=96&d=mm&r=g\",\"contentUrl\":\"https:\\\/\\\/secure.gravatar.com\\\/avatar\\\/c7164ed6fdec453195284ad24a5ae5b6e1eed2b848477fa2a4787ba9adf39a41?s=96&d=mm&r=g\",\"caption\":\"Redacci\u00f3n QP\"},\"url\":\"https:\\\/\\\/quehacerpolitico.mx\\\/?author=2\"}]}<\/script>\n<!-- \/ Yoast SEO plugin. -->","yoast_head_json":{"title":"S&P castiga a M\u00e9xico, En la \u00e9poca del neoliberalismo nadie dijo nada ahora \u201cnos toca pagar los platos rotos\u201d : AMLO -","robots":{"index":"index","follow":"follow","max-snippet":"max-snippet:-1","max-image-preview":"max-image-preview:large","max-video-preview":"max-video-preview:-1"},"canonical":"https:\/\/quehacerpolitico.mx\/?p=19162","og_locale":"es_MX","og_type":"article","og_title":"S&P castiga a M\u00e9xico, En la \u00e9poca del neoliberalismo nadie dijo nada ahora \u201cnos toca pagar los platos rotos\u201d : AMLO -","og_description":"S&P castiga a M\u00e9xico, En la \u00e9poca del neoliberalismo nadie dijo nada ahora \u201cnos toca pagar los platos rotos\u201d : AMLO Por Redacci\u00f3n QP","og_url":"https:\/\/quehacerpolitico.mx\/?p=19162","article_published_time":"2019-03-05T14:18:28+00:00","author":"Redacci\u00f3n QP","twitter_card":"summary_large_image","twitter_misc":{"Escrito por":"Redacci\u00f3n QP","Tiempo de lectura":"6 minutos"},"schema":{"@context":"https:\/\/schema.org","@graph":[{"@type":"Article","@id":"https:\/\/quehacerpolitico.mx\/?p=19162#article","isPartOf":{"@id":"https:\/\/quehacerpolitico.mx\/?p=19162"},"author":{"name":"Redacci\u00f3n QP","@id":"https:\/\/quehacerpolitico.mx\/#\/schema\/person\/496d8ad2d1d3f8036101dca7ee39e585"},"headline":"S&#038;P castiga a M\u00e9xico, En la \u00e9poca del neoliberalismo nadie dijo nada ahora \u201cnos toca pagar los platos rotos\u201d : AMLO","datePublished":"2019-03-05T14:18:28+00:00","mainEntityOfPage":{"@id":"https:\/\/quehacerpolitico.mx\/?p=19162"},"wordCount":1131,"commentCount":0,"image":{"@id":"https:\/\/quehacerpolitico.mx\/?p=19162#primaryimage"},"thumbnailUrl":"","articleSection":["Noticias"],"inLanguage":"es","potentialAction":[{"@type":"CommentAction","name":"Comment","target":["https:\/\/quehacerpolitico.mx\/?p=19162#respond"]}]},{"@type":"WebPage","@id":"https:\/\/quehacerpolitico.mx\/?p=19162","url":"https:\/\/quehacerpolitico.mx\/?p=19162","name":"S&P castiga a M\u00e9xico, En la \u00e9poca del neoliberalismo nadie dijo nada ahora \u201cnos toca pagar los platos rotos\u201d : AMLO -","isPartOf":{"@id":"https:\/\/quehacerpolitico.mx\/#website"},"primaryImageOfPage":{"@id":"https:\/\/quehacerpolitico.mx\/?p=19162#primaryimage"},"image":{"@id":"https:\/\/quehacerpolitico.mx\/?p=19162#primaryimage"},"thumbnailUrl":"","datePublished":"2019-03-05T14:18:28+00:00","author":{"@id":"https:\/\/quehacerpolitico.mx\/#\/schema\/person\/496d8ad2d1d3f8036101dca7ee39e585"},"breadcrumb":{"@id":"https:\/\/quehacerpolitico.mx\/?p=19162#breadcrumb"},"inLanguage":"es","potentialAction":[{"@type":"ReadAction","target":["https:\/\/quehacerpolitico.mx\/?p=19162"]}]},{"@type":"ImageObject","inLanguage":"es","@id":"https:\/\/quehacerpolitico.mx\/?p=19162#primaryimage","url":"","contentUrl":""},{"@type":"BreadcrumbList","@id":"https:\/\/quehacerpolitico.mx\/?p=19162#breadcrumb","itemListElement":[{"@type":"ListItem","position":1,"name":"Inicio","item":"https:\/\/quehacerpolitico.mx\/"},{"@type":"ListItem","position":2,"name":"S&#038;P castiga a M\u00e9xico, En la \u00e9poca del neoliberalismo nadie dijo nada ahora \u201cnos toca pagar los platos rotos\u201d : AMLO"}]},{"@type":"WebSite","@id":"https:\/\/quehacerpolitico.mx\/#website","url":"https:\/\/quehacerpolitico.mx\/","name":"","description":"","potentialAction":[{"@type":"SearchAction","target":{"@type":"EntryPoint","urlTemplate":"https:\/\/quehacerpolitico.mx\/?s={search_term_string}"},"query-input":{"@type":"PropertyValueSpecification","valueRequired":true,"valueName":"search_term_string"}}],"inLanguage":"es"},{"@type":"Person","@id":"https:\/\/quehacerpolitico.mx\/#\/schema\/person\/496d8ad2d1d3f8036101dca7ee39e585","name":"Redacci\u00f3n QP","image":{"@type":"ImageObject","inLanguage":"es","@id":"https:\/\/secure.gravatar.com\/avatar\/c7164ed6fdec453195284ad24a5ae5b6e1eed2b848477fa2a4787ba9adf39a41?s=96&d=mm&r=g","url":"https:\/\/secure.gravatar.com\/avatar\/c7164ed6fdec453195284ad24a5ae5b6e1eed2b848477fa2a4787ba9adf39a41?s=96&d=mm&r=g","contentUrl":"https:\/\/secure.gravatar.com\/avatar\/c7164ed6fdec453195284ad24a5ae5b6e1eed2b848477fa2a4787ba9adf39a41?s=96&d=mm&r=g","caption":"Redacci\u00f3n QP"},"url":"https:\/\/quehacerpolitico.mx\/?author=2"}]}},"featured_image_urls":{"full":"","thumbnail":"","medium":"","medium_large":"","large":"","1536x1536":"","2048x2048":"","covernews-featured":"","covernews-medium":""},"author_info":{"display_name":"Redacci\u00f3n QP","author_link":"https:\/\/quehacerpolitico.mx\/?author=2"},"category_info":"<a href=\"https:\/\/quehacerpolitico.mx\/?cat=2\" rel=\"category\">Noticias<\/a>","tag_info":"Noticias","comment_count":"0","_links":{"self":[{"href":"https:\/\/quehacerpolitico.mx\/index.php?rest_route=\/wp\/v2\/posts\/19162","targetHints":{"allow":["GET"]}}],"collection":[{"href":"https:\/\/quehacerpolitico.mx\/index.php?rest_route=\/wp\/v2\/posts"}],"about":[{"href":"https:\/\/quehacerpolitico.mx\/index.php?rest_route=\/wp\/v2\/types\/post"}],"author":[{"embeddable":true,"href":"https:\/\/quehacerpolitico.mx\/index.php?rest_route=\/wp\/v2\/users\/2"}],"replies":[{"embeddable":true,"href":"https:\/\/quehacerpolitico.mx\/index.php?rest_route=%2Fwp%2Fv2%2Fcomments&post=19162"}],"version-history":[{"count":0,"href":"https:\/\/quehacerpolitico.mx\/index.php?rest_route=\/wp\/v2\/posts\/19162\/revisions"}],"wp:featuredmedia":[{"embeddable":true,"href":"https:\/\/quehacerpolitico.mx\/index.php?rest_route=\/"}],"wp:attachment":[{"href":"https:\/\/quehacerpolitico.mx\/index.php?rest_route=%2Fwp%2Fv2%2Fmedia&parent=19162"}],"wp:term":[{"taxonomy":"category","embeddable":true,"href":"https:\/\/quehacerpolitico.mx\/index.php?rest_route=%2Fwp%2Fv2%2Fcategories&post=19162"},{"taxonomy":"post_tag","embeddable":true,"href":"https:\/\/quehacerpolitico.mx\/index.php?rest_route=%2Fwp%2Fv2%2Ftags&post=19162"}],"curies":[{"name":"wp","href":"https:\/\/api.w.org\/{rel}","templated":true}]}}