{"id":19101,"date":"2019-03-05T04:33:38","date_gmt":"2019-03-05T04:33:38","guid":{"rendered":"http:\/\/quehacerpolitico.mx\/cayo-el-felipillo-hijo-el-ojos-fundador-del-cartel-de-tlahuac\/"},"modified":"2019-03-05T04:33:38","modified_gmt":"2019-03-05T04:33:38","slug":"cayo-el-felipillo-hijo-el-ojos-fundador-del-cartel-de-tlahuac","status":"publish","type":"post","link":"https:\/\/quehacerpolitico.mx\/?p=19101","title":{"rendered":"Cay\u00f3 El Felipillo, hijo El Ojos, fundador del cartel de Tl\u00e1huac"},"content":{"rendered":"<h3 class=\"post-title entry-title\">Cay\u00f3 El Felipillo, hijo El Ojos, fundador del cartel de Tl\u00e1huac<\/h3>\n<p>Por Redacci\u00f3n QP<\/p>\n<p>Luis Felipe P\u00e9rez Flores, El Felipillo, hijo de quien fuera fundador del cartel de Tl\u00e1huac, Felipe de Jes\u00fas P\u00e9rez Luna, El Ojos, fue detenido por agentes de la Polic\u00eda Federal Ministerial de la Fiscal\u00eda General de la Rep\u00fablica en calles de la plaza comercial Pabell\u00f3n Cuemanco, localizada en los l\u00edmites de las alcald\u00edas de Tl\u00e1huac y Tlalpan.<\/p>\n<p>Junto con El Felipillo, fue capturado uno de sus principales lugartenientes, a bordo de un veh\u00edculo y se les aseguraron, armas de fuego para uso exclusivo de las Fuerzas Armadas, cartuchos \u00fatiles y una importante cantidad de droga.<\/p>\n<p>Fueron elementos de la Fiscal\u00eda General de la Rep\u00fablica (FGR), adscritos a la Polic\u00eda Federal Ministerial (PFM), los que detuvieron a Luis Felipe P\u00e9rez Flores, debido a que cuenta con una orden de aprehensi\u00f3n emitida por el Juez por Ministerio de Ley del Juzgado Quinto Penal en la Ciudad de M\u00e9xico.<\/p>\n<p>De acuerdo a los archivos de la Fiscal\u00eda General de la Rep\u00fablica, Luis Felipe P\u00e9rez Flores, El Felipillo est\u00e1 relacionado en una carpeta de investigaci\u00f3n iniciada por la Subprocuradur\u00eda Especializada en Investigaci\u00f3n en Delincuencia Organizada (SEIDO), por su probable responsabilidad en la comisi\u00f3n de delitos contra la salud.<\/p>\n<p>Sin uso de violencia ni afectaci\u00f3n a terceros, con pleno respeto en todo momento a sus derechos humanos, polic\u00edas federales ministeriales detuvieron al individuo en la alcald\u00eda Tlalpan de la Ciudad de M\u00e9xico.<\/p>\n<p>Al momento de ser detenido, junto con otra persona, se aseguraron armas de fuego, cartuchos \u00fatiles, estupefaciente y un autom\u00f3vil.<\/p>\n<p>El detenido y los objetos asegurados ser\u00e1n puestos a disposici\u00f3n del agente del Ministerio P\u00fablico Federal (MPF), a efecto de que se determine su situaci\u00f3n jur\u00eddica.<\/p>\n<p>VAN POR LAS HIJAS Y YERNOS DE EL OJOS<\/p>\n<p>En la zona sur de la CDMX operan los grupos criminales denominados &#8220;Los Rodolfos&#8221;; el Cartel de Tl\u00e1huac y \u00faltimamente han entrado ya el grupo criminal denominado &#8220;Los Rusos&#8221;. Estos \u00faltimos adem\u00e1s de operar en Chalco y Valle de Chalco, tambi\u00e9n se encuentran ya en Tl\u00e1huac y Xochimilco.<\/p>\n<p>El cartel de Tl\u00e1huac, a\u00fan sigue operando y mantiene una disputa por el control de la venta de drogas con estos grupos delictivos. El cartel de Tl\u00e1huac ahora lo dirigen los cinco hijos de Felipe de Jes\u00fas P\u00e9rez Luna &#8220;El Ojos&#8221;, quien fuera l\u00edder fundador del Cartel de Tl\u00e1huac, abatido por la Marina Armada de M\u00e9xico.<\/p>\n<p>A los hijos de &#8220;El Ojos, las \u00e1reas de inteligencia de las polic\u00edas locales y federales, los tienen identificados como Camila, Samantha, Karen y sus esposos, Gerardo, Diego y El Sindy. Estos, tienen divida por zonas el control de la venta de drogas de Tl\u00e1huac. Samanta y Gerardo, controlan La Conchita y Tempiluli; El Sindy, tiene el control la zona de la Miguel Hidalgo, Nopalera y la Metropolitana.<\/p>\n<p>Otros que forman parte de esta organizaci\u00f3n criminal se encuentran identificados como El Toro, El Chucho, El Mor\u00edn, El Mercedor, La Xochil. Estos que forman parte del denominado cartel de Tl\u00e1huac, tiene nexos con el cartel Guerreros Unidos y son \u00e9stos los que le surten de drogas.<\/p>\n<blockquote class=\"twitter-tweet\" data-width=\"550\" data-dnt=\"true\">\n<p lang=\"es\" dir=\"ltr\">As\u00ed detuvieron al Felipillo, hijo de Felipe de Jes\u00fas P\u00e9rez Luna, el Ojos, por su probable responsabilidad en la comisi\u00f3n de delitos contra la salud.<br \/>Se le aseguraron armas de fuego, cartuchos \u00fatiles, estupefaciente y un autom\u00f3vil.<a href=\"https:\/\/t.co\/qoa1NUh0Nk\">pic.twitter.com\/qoa1NUh0Nk<\/a><\/p>\n<p>&mdash; Ruido en la Red (@RuidoEnLaRed) <a href=\"https:\/\/twitter.com\/RuidoEnLaRed\/status\/1102758166297759744?ref_src=twsrc%5Etfw\">March 5, 2019<\/a><\/p><\/blockquote>\n<p><script async src=\"https:\/\/platform.twitter.com\/widgets.js\" charset=\"utf-8\"><\/script><\/p>\n","protected":false},"excerpt":{"rendered":"<p>Cay\u00f3 El Felipillo, hijo El Ojos, fundador del cartel de Tl\u00e1huac<br \/>\nPor Redacci\u00f3n QP<\/p>\n","protected":false},"author":2,"featured_media":19100,"comment_status":"open","ping_status":"open","sticky":false,"template":"","format":"standard","meta":{"_monsterinsights_skip_tracking":false,"_monsterinsights_sitenote_active":false,"_monsterinsights_sitenote_note":"","_monsterinsights_sitenote_category":0,"footnotes":""},"categories":[55],"tags":[],"class_list":["post-19101","post","type-post","status-publish","format-standard","has-post-thumbnail","hentry","category-cdmx"],"yoast_head":"<!-- This site is optimized with the Yoast SEO plugin v27.3 - https:\/\/yoast.com\/product\/yoast-seo-wordpress\/ -->\n<title>Cay\u00f3 El Felipillo, hijo El Ojos, fundador del cartel de Tl\u00e1huac -<\/title>\n<meta name=\"robots\" content=\"index, follow, max-snippet:-1, max-image-preview:large, max-video-preview:-1\" \/>\n<link rel=\"canonical\" href=\"https:\/\/quehacerpolitico.mx\/?p=19101\" \/>\n<meta property=\"og:locale\" content=\"es_MX\" \/>\n<meta property=\"og:type\" content=\"article\" \/>\n<meta property=\"og:title\" content=\"Cay\u00f3 El Felipillo, hijo El Ojos, fundador del cartel de Tl\u00e1huac -\" \/>\n<meta property=\"og:description\" content=\"Cay\u00f3 El Felipillo, hijo El Ojos, fundador del cartel de Tl\u00e1huac Por Redacci\u00f3n QP\" \/>\n<meta property=\"og:url\" content=\"https:\/\/quehacerpolitico.mx\/?p=19101\" \/>\n<meta property=\"article:published_time\" content=\"2019-03-05T04:33:38+00:00\" \/>\n<meta name=\"author\" content=\"Redacci\u00f3n QP\" \/>\n<meta name=\"twitter:card\" content=\"summary_large_image\" \/>\n<meta name=\"twitter:label1\" content=\"Escrito por\" \/>\n\t<meta name=\"twitter:data1\" content=\"Redacci\u00f3n QP\" \/>\n\t<meta name=\"twitter:label2\" content=\"Tiempo de lectura\" \/>\n\t<meta name=\"twitter:data2\" content=\"3 minutos\" \/>\n<script type=\"application\/ld+json\" class=\"yoast-schema-graph\">{\"@context\":\"https:\\\/\\\/schema.org\",\"@graph\":[{\"@type\":\"Article\",\"@id\":\"https:\\\/\\\/quehacerpolitico.mx\\\/?p=19101#article\",\"isPartOf\":{\"@id\":\"https:\\\/\\\/quehacerpolitico.mx\\\/?p=19101\"},\"author\":{\"name\":\"Redacci\u00f3n QP\",\"@id\":\"https:\\\/\\\/quehacerpolitico.mx\\\/#\\\/schema\\\/person\\\/496d8ad2d1d3f8036101dca7ee39e585\"},\"headline\":\"Cay\u00f3 El Felipillo, hijo El Ojos, fundador del cartel de Tl\u00e1huac\",\"datePublished\":\"2019-03-05T04:33:38+00:00\",\"mainEntityOfPage\":{\"@id\":\"https:\\\/\\\/quehacerpolitico.mx\\\/?p=19101\"},\"wordCount\":587,\"commentCount\":0,\"image\":{\"@id\":\"https:\\\/\\\/quehacerpolitico.mx\\\/?p=19101#primaryimage\"},\"thumbnailUrl\":\"\",\"articleSection\":[\"CDMX\"],\"inLanguage\":\"es\",\"potentialAction\":[{\"@type\":\"CommentAction\",\"name\":\"Comment\",\"target\":[\"https:\\\/\\\/quehacerpolitico.mx\\\/?p=19101#respond\"]}]},{\"@type\":\"WebPage\",\"@id\":\"https:\\\/\\\/quehacerpolitico.mx\\\/?p=19101\",\"url\":\"https:\\\/\\\/quehacerpolitico.mx\\\/?p=19101\",\"name\":\"Cay\u00f3 El Felipillo, hijo El Ojos, fundador del cartel de Tl\u00e1huac -\",\"isPartOf\":{\"@id\":\"https:\\\/\\\/quehacerpolitico.mx\\\/#website\"},\"primaryImageOfPage\":{\"@id\":\"https:\\\/\\\/quehacerpolitico.mx\\\/?p=19101#primaryimage\"},\"image\":{\"@id\":\"https:\\\/\\\/quehacerpolitico.mx\\\/?p=19101#primaryimage\"},\"thumbnailUrl\":\"\",\"datePublished\":\"2019-03-05T04:33:38+00:00\",\"author\":{\"@id\":\"https:\\\/\\\/quehacerpolitico.mx\\\/#\\\/schema\\\/person\\\/496d8ad2d1d3f8036101dca7ee39e585\"},\"breadcrumb\":{\"@id\":\"https:\\\/\\\/quehacerpolitico.mx\\\/?p=19101#breadcrumb\"},\"inLanguage\":\"es\",\"potentialAction\":[{\"@type\":\"ReadAction\",\"target\":[\"https:\\\/\\\/quehacerpolitico.mx\\\/?p=19101\"]}]},{\"@type\":\"ImageObject\",\"inLanguage\":\"es\",\"@id\":\"https:\\\/\\\/quehacerpolitico.mx\\\/?p=19101#primaryimage\",\"url\":\"\",\"contentUrl\":\"\"},{\"@type\":\"BreadcrumbList\",\"@id\":\"https:\\\/\\\/quehacerpolitico.mx\\\/?p=19101#breadcrumb\",\"itemListElement\":[{\"@type\":\"ListItem\",\"position\":1,\"name\":\"Inicio\",\"item\":\"https:\\\/\\\/quehacerpolitico.mx\\\/\"},{\"@type\":\"ListItem\",\"position\":2,\"name\":\"Cay\u00f3 El Felipillo, hijo El Ojos, fundador del cartel de Tl\u00e1huac\"}]},{\"@type\":\"WebSite\",\"@id\":\"https:\\\/\\\/quehacerpolitico.mx\\\/#website\",\"url\":\"https:\\\/\\\/quehacerpolitico.mx\\\/\",\"name\":\"\",\"description\":\"\",\"potentialAction\":[{\"@type\":\"SearchAction\",\"target\":{\"@type\":\"EntryPoint\",\"urlTemplate\":\"https:\\\/\\\/quehacerpolitico.mx\\\/?s={search_term_string}\"},\"query-input\":{\"@type\":\"PropertyValueSpecification\",\"valueRequired\":true,\"valueName\":\"search_term_string\"}}],\"inLanguage\":\"es\"},{\"@type\":\"Person\",\"@id\":\"https:\\\/\\\/quehacerpolitico.mx\\\/#\\\/schema\\\/person\\\/496d8ad2d1d3f8036101dca7ee39e585\",\"name\":\"Redacci\u00f3n QP\",\"image\":{\"@type\":\"ImageObject\",\"inLanguage\":\"es\",\"@id\":\"https:\\\/\\\/secure.gravatar.com\\\/avatar\\\/c7164ed6fdec453195284ad24a5ae5b6e1eed2b848477fa2a4787ba9adf39a41?s=96&d=mm&r=g\",\"url\":\"https:\\\/\\\/secure.gravatar.com\\\/avatar\\\/c7164ed6fdec453195284ad24a5ae5b6e1eed2b848477fa2a4787ba9adf39a41?s=96&d=mm&r=g\",\"contentUrl\":\"https:\\\/\\\/secure.gravatar.com\\\/avatar\\\/c7164ed6fdec453195284ad24a5ae5b6e1eed2b848477fa2a4787ba9adf39a41?s=96&d=mm&r=g\",\"caption\":\"Redacci\u00f3n QP\"},\"url\":\"https:\\\/\\\/quehacerpolitico.mx\\\/?author=2\"}]}<\/script>\n<!-- \/ Yoast SEO plugin. -->","yoast_head_json":{"title":"Cay\u00f3 El Felipillo, hijo El Ojos, fundador del cartel de Tl\u00e1huac -","robots":{"index":"index","follow":"follow","max-snippet":"max-snippet:-1","max-image-preview":"max-image-preview:large","max-video-preview":"max-video-preview:-1"},"canonical":"https:\/\/quehacerpolitico.mx\/?p=19101","og_locale":"es_MX","og_type":"article","og_title":"Cay\u00f3 El Felipillo, hijo El Ojos, fundador del cartel de Tl\u00e1huac -","og_description":"Cay\u00f3 El Felipillo, hijo El Ojos, fundador del cartel de Tl\u00e1huac Por Redacci\u00f3n QP","og_url":"https:\/\/quehacerpolitico.mx\/?p=19101","article_published_time":"2019-03-05T04:33:38+00:00","author":"Redacci\u00f3n QP","twitter_card":"summary_large_image","twitter_misc":{"Escrito por":"Redacci\u00f3n QP","Tiempo de lectura":"3 minutos"},"schema":{"@context":"https:\/\/schema.org","@graph":[{"@type":"Article","@id":"https:\/\/quehacerpolitico.mx\/?p=19101#article","isPartOf":{"@id":"https:\/\/quehacerpolitico.mx\/?p=19101"},"author":{"name":"Redacci\u00f3n QP","@id":"https:\/\/quehacerpolitico.mx\/#\/schema\/person\/496d8ad2d1d3f8036101dca7ee39e585"},"headline":"Cay\u00f3 El Felipillo, hijo El Ojos, fundador del cartel de Tl\u00e1huac","datePublished":"2019-03-05T04:33:38+00:00","mainEntityOfPage":{"@id":"https:\/\/quehacerpolitico.mx\/?p=19101"},"wordCount":587,"commentCount":0,"image":{"@id":"https:\/\/quehacerpolitico.mx\/?p=19101#primaryimage"},"thumbnailUrl":"","articleSection":["CDMX"],"inLanguage":"es","potentialAction":[{"@type":"CommentAction","name":"Comment","target":["https:\/\/quehacerpolitico.mx\/?p=19101#respond"]}]},{"@type":"WebPage","@id":"https:\/\/quehacerpolitico.mx\/?p=19101","url":"https:\/\/quehacerpolitico.mx\/?p=19101","name":"Cay\u00f3 El Felipillo, hijo El Ojos, fundador del cartel de Tl\u00e1huac -","isPartOf":{"@id":"https:\/\/quehacerpolitico.mx\/#website"},"primaryImageOfPage":{"@id":"https:\/\/quehacerpolitico.mx\/?p=19101#primaryimage"},"image":{"@id":"https:\/\/quehacerpolitico.mx\/?p=19101#primaryimage"},"thumbnailUrl":"","datePublished":"2019-03-05T04:33:38+00:00","author":{"@id":"https:\/\/quehacerpolitico.mx\/#\/schema\/person\/496d8ad2d1d3f8036101dca7ee39e585"},"breadcrumb":{"@id":"https:\/\/quehacerpolitico.mx\/?p=19101#breadcrumb"},"inLanguage":"es","potentialAction":[{"@type":"ReadAction","target":["https:\/\/quehacerpolitico.mx\/?p=19101"]}]},{"@type":"ImageObject","inLanguage":"es","@id":"https:\/\/quehacerpolitico.mx\/?p=19101#primaryimage","url":"","contentUrl":""},{"@type":"BreadcrumbList","@id":"https:\/\/quehacerpolitico.mx\/?p=19101#breadcrumb","itemListElement":[{"@type":"ListItem","position":1,"name":"Inicio","item":"https:\/\/quehacerpolitico.mx\/"},{"@type":"ListItem","position":2,"name":"Cay\u00f3 El Felipillo, hijo El Ojos, fundador del cartel de Tl\u00e1huac"}]},{"@type":"WebSite","@id":"https:\/\/quehacerpolitico.mx\/#website","url":"https:\/\/quehacerpolitico.mx\/","name":"","description":"","potentialAction":[{"@type":"SearchAction","target":{"@type":"EntryPoint","urlTemplate":"https:\/\/quehacerpolitico.mx\/?s={search_term_string}"},"query-input":{"@type":"PropertyValueSpecification","valueRequired":true,"valueName":"search_term_string"}}],"inLanguage":"es"},{"@type":"Person","@id":"https:\/\/quehacerpolitico.mx\/#\/schema\/person\/496d8ad2d1d3f8036101dca7ee39e585","name":"Redacci\u00f3n QP","image":{"@type":"ImageObject","inLanguage":"es","@id":"https:\/\/secure.gravatar.com\/avatar\/c7164ed6fdec453195284ad24a5ae5b6e1eed2b848477fa2a4787ba9adf39a41?s=96&d=mm&r=g","url":"https:\/\/secure.gravatar.com\/avatar\/c7164ed6fdec453195284ad24a5ae5b6e1eed2b848477fa2a4787ba9adf39a41?s=96&d=mm&r=g","contentUrl":"https:\/\/secure.gravatar.com\/avatar\/c7164ed6fdec453195284ad24a5ae5b6e1eed2b848477fa2a4787ba9adf39a41?s=96&d=mm&r=g","caption":"Redacci\u00f3n QP"},"url":"https:\/\/quehacerpolitico.mx\/?author=2"}]}},"featured_image_urls":{"full":"","thumbnail":"","medium":"","medium_large":"","large":"","1536x1536":"","2048x2048":"","covernews-featured":"","covernews-medium":""},"author_info":{"display_name":"Redacci\u00f3n QP","author_link":"https:\/\/quehacerpolitico.mx\/?author=2"},"category_info":"<a href=\"https:\/\/quehacerpolitico.mx\/?cat=55\" rel=\"category\">CDMX<\/a>","tag_info":"CDMX","comment_count":"0","_links":{"self":[{"href":"https:\/\/quehacerpolitico.mx\/index.php?rest_route=\/wp\/v2\/posts\/19101","targetHints":{"allow":["GET"]}}],"collection":[{"href":"https:\/\/quehacerpolitico.mx\/index.php?rest_route=\/wp\/v2\/posts"}],"about":[{"href":"https:\/\/quehacerpolitico.mx\/index.php?rest_route=\/wp\/v2\/types\/post"}],"author":[{"embeddable":true,"href":"https:\/\/quehacerpolitico.mx\/index.php?rest_route=\/wp\/v2\/users\/2"}],"replies":[{"embeddable":true,"href":"https:\/\/quehacerpolitico.mx\/index.php?rest_route=%2Fwp%2Fv2%2Fcomments&post=19101"}],"version-history":[{"count":0,"href":"https:\/\/quehacerpolitico.mx\/index.php?rest_route=\/wp\/v2\/posts\/19101\/revisions"}],"wp:featuredmedia":[{"embeddable":true,"href":"https:\/\/quehacerpolitico.mx\/index.php?rest_route=\/"}],"wp:attachment":[{"href":"https:\/\/quehacerpolitico.mx\/index.php?rest_route=%2Fwp%2Fv2%2Fmedia&parent=19101"}],"wp:term":[{"taxonomy":"category","embeddable":true,"href":"https:\/\/quehacerpolitico.mx\/index.php?rest_route=%2Fwp%2Fv2%2Fcategories&post=19101"},{"taxonomy":"post_tag","embeddable":true,"href":"https:\/\/quehacerpolitico.mx\/index.php?rest_route=%2Fwp%2Fv2%2Ftags&post=19101"}],"curies":[{"name":"wp","href":"https:\/\/api.w.org\/{rel}","templated":true}]}}