{"id":19095,"date":"2019-03-05T00:58:11","date_gmt":"2019-03-05T00:58:11","guid":{"rendered":"http:\/\/quehacerpolitico.mx\/en-punto-kassandra-castillo-congreso-local-realiza-coloquio-de-movilidad-sustentable-y-equidad-de-genero\/"},"modified":"2019-03-05T00:58:11","modified_gmt":"2019-03-05T00:58:11","slug":"en-punto-kassandra-castillo-congreso-local-realiza-coloquio-de-movilidad-sustentable-y-equidad-de-genero","status":"publish","type":"post","link":"https:\/\/quehacerpolitico.mx\/?p=19095","title":{"rendered":"En Punto\/\/\/Kassandra Castillo\/\/\/CONGRESO LOCAL REALIZA COLOQUIO DE MOVILIDAD SUSTENTABLE Y EQUIDAD DE G\u00c9NERO"},"content":{"rendered":"<p>CONGRESO LOCAL REALIZA COLOQUIO DE MOVILIDAD SUSTENTABLE Y EQUIDAD DE G\u00c9NERO<\/p>\n<p>Por Redacci\u00f3n QP<\/p>\n<p>El intercambio de ideas y propuestas son fundamentales para<br \/>crear nuevas leyes que permitan una mejor convivencia: diputado Miguel<br \/>\u00c1ngel Macedo<\/p>\n<p>Se deben atender las necesidades espec\u00edficas de las mujeres<br \/>para el pleno disfrute del espacio p\u00fablico y del transporte: diputado<br \/>Ricardo Ruiz<\/p>\n<p>Pensar en la movilidad con perspectiva de g\u00e9nero es conocer<br \/>las necesidades y usos distintos y diferenciados entre hombres y<br \/>mujeres: Yazm\u00edn P\u00e9rez Haro<\/p>\n<p>El intercambio de ideas, propuestas y demandas de los ciudadanos son<br \/>fundamentales para crear las nuevas normas y leyes que permitan una<br \/>mejor convivencia en el espacio p\u00fablico, as\u00ed como en el transporte de<br \/>la Ciudad de M\u00e9xico, se\u00f1al\u00f3 este lunes el diputado Miguel \u00c1ngel<br \/>Macedo Escart\u00edn, durante la inauguraci\u00f3n del coloquio \u201cMovilidad<br \/><a dir=\"ltr\" href=\"x-apple-data-detectors:\/\/2\">Sustentable en la Ciudad de M\u00e9xico<\/a>\u201d.<\/p>\n<p>En el sal\u00f3n Heberto Castillo del recinto legislativo de Donceles, el<br \/>presidente de la Comisi\u00f3n de Movilidad Sustentable del Congreso local<br \/>explic\u00f3 que el coloquio se inscribe en el \u00a0marco de las actividades<br \/>conmemorativas al D\u00eda Internacional de la Mujer, con la realizaci\u00f3n de<br \/>tres mesas sobre \u201cDerecho a la Movilidad con Equidad de G\u00e9nero\u201d.<\/p>\n<p>Durante inauguraci\u00f3n del coloquio, el presidente de la Junta de<br \/>Coordinaci\u00f3n Pol\u00edtica (Jucopo), diputado Ricardo Ruiz Su\u00e1rez,<br \/>mencion\u00f3 que estos foros de discusi\u00f3n abonan al conocimiento de c\u00f3mo<br \/>funciona la ciudad, tambi\u00e9n para normar, desde el punto de vista de las<br \/>leyes y los reglamentos, las pol\u00edticas p\u00fablicas para atender<br \/>necesidades espec\u00edficas de las mujeres en el disfrute del espacio<br \/>p\u00fablico y del transporte.<\/p>\n<p>\u201cCreo que esta reflexi\u00f3n debe dar puntualidad para que permita<br \/>trabajar m\u00e1s espec\u00edficamente \u00a0desde las leyes, pero tambi\u00e9n desde el<br \/>punto de vista de los recursos y de las pol\u00edticas p\u00fablicas\u201d, apunt\u00f3<br \/>el legislador.<\/p>\n<p>El diputado Ruiz Su\u00e1rez llam\u00f3 a aprovechar la conmemoraci\u00f3n del D\u00eda<br \/>Internacional de la Mujer \u2013el pr\u00f3ximo 8 de marzo-, para atender temas<br \/>que en ocasiones se pierden, adem\u00e1s de fortalecer el v\u00ednculo entre<br \/>funcionarias de diferentes \u00e1reas del gobierno, diputadas y te\u00f3ricas<br \/>para hacer una s\u00edntesis de las conclusiones.<\/p>\n<p>MOVILIDAD Y ESPACIO P\u00daBLICO<\/p>\n<p>La diputada Paula Soto Maldonado, presidenta de la Comisi\u00f3n de Igualdad<br \/>de G\u00e9nero, reconoci\u00f3 el reto de las mujeres, para quienes \u201cno es<br \/>sencillo salir de nuestra casa y regresar vivas, sanas, salvas todos los<br \/>d\u00edas\u201d. Y enfatiz\u00f3 que hablar de movilidad no s\u00f3lo es una cuesti\u00f3n<br \/>de infraestructura y de seguridad, sino de c\u00f3mo las mujeres viven el<br \/>espacio p\u00fablico.<\/p>\n<p>\u201cSi logramos tener una ciudad amigable para una ni\u00f1a o ni\u00f1o, el<br \/>resto de las personas podemos sentirnos seguras. Hoy no es as\u00ed, porque<br \/>nuestra ciudad se encuentra dentro de las m\u00e1s violentas e inseguras en<br \/>el mundo\u201d, asegur\u00f3 la legisladora de MORENA.<\/p>\n<p>Reconoci\u00f3 que la movilidad con perspectiva de g\u00e9nero es un tema<br \/>multifactorial, cuyo reto es garantizar que hombres, mujeres y ni\u00f1os,<br \/>tengan un tr\u00e1nsito seguro, una ciudad disfrutable, donde se debe poner<br \/>al centro a las personas en la pol\u00edtica p\u00fablica.<\/p>\n<p>En su intervenci\u00f3n, el diputado Jos\u00e9 Luis Rodr\u00edguez D\u00edaz de Le\u00f3n<br \/>(MORENA) mencion\u00f3 que existen condiciones inmejorables para generar<br \/>esquemas de eliminaci\u00f3n de todo tipo de violencia sobre mujeres y<br \/>ni\u00f1as, y que el transporte p\u00fablico no ser\u00e1 la excepci\u00f3n. \u201cVamos a<br \/>escuchar con mucha atenci\u00f3n, para visualizar la articulaci\u00f3n de<br \/>reformas al marco legal para garantizar una ciudad libre de violencia<br \/>contra las mujeres\u201d.<\/p>\n<p>Rodr\u00edguez subray\u00f3 que no basta con modificar la Ley de Movilidad o la<br \/>adecuaci\u00f3n de C\u00f3digos penales, tanto el local como el federal, sino<br \/>que se debe trabajar en eliminar las brechas de desigualdad, generando<br \/>mejores oportunidades tanto para hombres como para mujeres.<\/p>\n<p>MOVILIDAD CON PERSPECTIVA DE G\u00c9NERO ES CONOCER NECESIDADES Y USOS<br \/>DISTINTOS ENTRE HOMBRES Y MUJERES<\/p>\n<p>En su oportunidad, la directora general de Igualdad Sustantiva de la<br \/>Secretar\u00eda de las Mujeres de la Ciudad de M\u00e9xico, Yazm\u00edn P\u00e9rez Haro,<br \/>dijo que pensar en la movilidad con perspectiva de g\u00e9nero es conocer<br \/>las necesidades y usos distintos, y diferenciados entre hombres y<br \/>mujeres.<\/p>\n<p>\u201cEs una invitaci\u00f3n a pensar y construir una v\u00eda eficiente y eficaz<br \/>que nos permita transitar desde los distintos puntos de la megal\u00f3polis<br \/>en condiciones dignas y seguras. \u201cEs conocer no s\u00f3lo la percepci\u00f3n<br \/>de inseguridad, tambi\u00e9n satisfacer necesidades, ya que actualmente hay<br \/>personas que invierten tres o cuatro horas s\u00f3lo en el transporte,<br \/>rest\u00e1ndole tiempo para dedic\u00e1rselo a ellas misma, con una movilidad<br \/>con perspectiva de g\u00e9nero, calidad de vida, vida digna, justicia<br \/>social\u201d, se\u00f1al\u00f3.<\/p>\n<p>La subprocuradora de Atenci\u00f3n a V\u00edctimas de Delito y Servicios a la<br \/>Comunidad, Nelly Montealegre, consider\u00f3 como una obligaci\u00f3n del<br \/>gobierno garantizar el derecho a la movilidad, y conocer las condiciones<br \/>en c\u00f3mo se trasladan en la ciudad tanto hombres como mujeres. Revel\u00f3<br \/>que en la reciente encuesta de victimizaci\u00f3n y percepci\u00f3n de la<br \/>seguridad entre la poblaci\u00f3n de 18 a\u00f1os y m\u00e1s, 90.1 por ciento<br \/>percibe como inseguro el transporte p\u00fablico.<\/p>\n<p>\u201cEs importante reflexionar c\u00f3mo influye la percepci\u00f3n negativa en el<br \/>transporte p\u00fablico y c\u00f3mo podemos construir condiciones amigables\u201d,<br \/>indic\u00f3.<\/p>\n<p>Dijo que los cinco m\u00f3dulos que instal\u00f3 la Procuradur\u00eda de Justicia de<br \/>la Ciudad de M\u00e9xico en el transporte p\u00fablico han sido casos de \u00e9xito<br \/>al reducir de forma importante las denuncias derivadas relacionadas con<br \/>el hostigamiento y acoso sexual. En la \u00faltima semana, s\u00f3lo se tuvo una<br \/>denuncia.<\/p>\n<p>Coment\u00f3 que la dependencia da seguimiento y respuesta a las carpetas de<br \/>investigaci\u00f3n para identificar _modus operandi_, an\u00e1lisis de video,<br \/>mapas de riesgo, entre otras acciones realizadas por un grupo<br \/>especializado de la \u00a0Polic\u00eda de Investigaci\u00f3n.<\/p>\n<p>FRENAR HOSTIGAMIENTO Y ACOSO SEXUAL HACIA LAS MUJERES<\/p>\n<p>Cinthya Galicia Mendoza, acad\u00e9mica de El Colegio de M\u00e9xico, sostuvo<br \/>que a una d\u00e9cada del programa _Ciudad Segura_ no existe una evaluaci\u00f3n<br \/>que permita medir y conocer qui\u00e9nes son las usuarias y como se usa<br \/>transporte p\u00fablico.<\/p>\n<p>Hizo ver que encuestas en materia de percepci\u00f3n de seguridad exhiben<br \/>que m\u00e1s de 91 por ciento de las mujeres se siente insegura en el<br \/>transporte p\u00fablico colocando a la Ciudad de M\u00e9xico s\u00f3lo por debajo de<br \/>los municipios de Ecatepec y Nezahualc\u00f3yotl, Estado de M\u00e9xico y de<br \/>Chilpancingo, Guerrero.<\/p>\n<p>Dijo tambi\u00e9n que no existe una ley que regule al transporte p\u00fablico<br \/>privado \u2013Uber, Cabify, entre otros\u2014 pese a que un estudio realizado<br \/>en Nueva York, Estados Unidos, demostr\u00f3 que en el periodo 2012-2015<br \/>ocurrieron 11 mil 897 agresiones sexuales en ese tipo de transporte.<br \/>\u201cEn el caso de la Ciudad de M\u00e9xico, se tienen 175 denuncias por<br \/>agresiones sexuales y s\u00f3lo 20 choferes han sido despedidos,<br \/>deslind\u00e1ndose la empresa de los hechos\u201d, subray\u00f3.<\/p>\n<p>Finalmente, se\u00f1al\u00f3 que es necesario tener una legislaci\u00f3n clara sobre<br \/>el hostigamiento y acoso sexual toda vez que se ha comprobado que estos<br \/>comportamientos tienen que ver con la desaparici\u00f3n, e incluso con el<br \/>feminicidio.<\/p>\n","protected":false},"excerpt":{"rendered":"<p>CONGRESO LOCAL REALIZA COLOQUIO DE MOVILIDAD SUSTENTABLE Y EQUIDAD DE G\u00c9NERO<br \/>\nPor Kassandra Castillo<\/p>\n","protected":false},"author":2,"featured_media":19094,"comment_status":"open","ping_status":"open","sticky":false,"template":"","format":"standard","meta":{"_monsterinsights_skip_tracking":false,"_monsterinsights_sitenote_active":false,"_monsterinsights_sitenote_note":"","_monsterinsights_sitenote_category":0,"footnotes":""},"categories":[55],"tags":[],"class_list":["post-19095","post","type-post","status-publish","format-standard","has-post-thumbnail","hentry","category-cdmx"],"yoast_head":"<!-- This site is optimized with the Yoast SEO plugin v27.3 - https:\/\/yoast.com\/product\/yoast-seo-wordpress\/ -->\n<title>En Punto\/\/\/Kassandra Castillo\/\/\/CONGRESO LOCAL REALIZA COLOQUIO DE MOVILIDAD SUSTENTABLE Y EQUIDAD DE G\u00c9NERO -<\/title>\n<meta name=\"robots\" content=\"index, follow, max-snippet:-1, max-image-preview:large, max-video-preview:-1\" \/>\n<link rel=\"canonical\" href=\"https:\/\/quehacerpolitico.mx\/?p=19095\" \/>\n<meta property=\"og:locale\" content=\"es_MX\" \/>\n<meta property=\"og:type\" content=\"article\" \/>\n<meta property=\"og:title\" content=\"En Punto\/\/\/Kassandra Castillo\/\/\/CONGRESO LOCAL REALIZA COLOQUIO DE MOVILIDAD SUSTENTABLE Y EQUIDAD DE G\u00c9NERO -\" \/>\n<meta property=\"og:description\" content=\"CONGRESO LOCAL REALIZA COLOQUIO DE MOVILIDAD SUSTENTABLE Y EQUIDAD DE G\u00c9NERO Por Kassandra Castillo\" \/>\n<meta property=\"og:url\" content=\"https:\/\/quehacerpolitico.mx\/?p=19095\" \/>\n<meta property=\"article:published_time\" content=\"2019-03-05T00:58:11+00:00\" \/>\n<meta name=\"author\" content=\"Redacci\u00f3n QP\" \/>\n<meta name=\"twitter:card\" content=\"summary_large_image\" \/>\n<meta name=\"twitter:label1\" content=\"Escrito por\" \/>\n\t<meta name=\"twitter:data1\" content=\"Redacci\u00f3n QP\" \/>\n\t<meta name=\"twitter:label2\" content=\"Tiempo de lectura\" \/>\n\t<meta name=\"twitter:data2\" content=\"6 minutos\" \/>\n<script type=\"application\/ld+json\" class=\"yoast-schema-graph\">{\"@context\":\"https:\\\/\\\/schema.org\",\"@graph\":[{\"@type\":\"Article\",\"@id\":\"https:\\\/\\\/quehacerpolitico.mx\\\/?p=19095#article\",\"isPartOf\":{\"@id\":\"https:\\\/\\\/quehacerpolitico.mx\\\/?p=19095\"},\"author\":{\"name\":\"Redacci\u00f3n QP\",\"@id\":\"https:\\\/\\\/quehacerpolitico.mx\\\/#\\\/schema\\\/person\\\/496d8ad2d1d3f8036101dca7ee39e585\"},\"headline\":\"En Punto\\\/\\\/\\\/Kassandra Castillo\\\/\\\/\\\/CONGRESO LOCAL REALIZA COLOQUIO DE MOVILIDAD SUSTENTABLE Y EQUIDAD DE G\u00c9NERO\",\"datePublished\":\"2019-03-05T00:58:11+00:00\",\"mainEntityOfPage\":{\"@id\":\"https:\\\/\\\/quehacerpolitico.mx\\\/?p=19095\"},\"wordCount\":1181,\"commentCount\":0,\"image\":{\"@id\":\"https:\\\/\\\/quehacerpolitico.mx\\\/?p=19095#primaryimage\"},\"thumbnailUrl\":\"\",\"articleSection\":[\"CDMX\"],\"inLanguage\":\"es\",\"potentialAction\":[{\"@type\":\"CommentAction\",\"name\":\"Comment\",\"target\":[\"https:\\\/\\\/quehacerpolitico.mx\\\/?p=19095#respond\"]}]},{\"@type\":\"WebPage\",\"@id\":\"https:\\\/\\\/quehacerpolitico.mx\\\/?p=19095\",\"url\":\"https:\\\/\\\/quehacerpolitico.mx\\\/?p=19095\",\"name\":\"En Punto\\\/\\\/\\\/Kassandra Castillo\\\/\\\/\\\/CONGRESO LOCAL REALIZA COLOQUIO DE MOVILIDAD SUSTENTABLE Y EQUIDAD DE G\u00c9NERO -\",\"isPartOf\":{\"@id\":\"https:\\\/\\\/quehacerpolitico.mx\\\/#website\"},\"primaryImageOfPage\":{\"@id\":\"https:\\\/\\\/quehacerpolitico.mx\\\/?p=19095#primaryimage\"},\"image\":{\"@id\":\"https:\\\/\\\/quehacerpolitico.mx\\\/?p=19095#primaryimage\"},\"thumbnailUrl\":\"\",\"datePublished\":\"2019-03-05T00:58:11+00:00\",\"author\":{\"@id\":\"https:\\\/\\\/quehacerpolitico.mx\\\/#\\\/schema\\\/person\\\/496d8ad2d1d3f8036101dca7ee39e585\"},\"breadcrumb\":{\"@id\":\"https:\\\/\\\/quehacerpolitico.mx\\\/?p=19095#breadcrumb\"},\"inLanguage\":\"es\",\"potentialAction\":[{\"@type\":\"ReadAction\",\"target\":[\"https:\\\/\\\/quehacerpolitico.mx\\\/?p=19095\"]}]},{\"@type\":\"ImageObject\",\"inLanguage\":\"es\",\"@id\":\"https:\\\/\\\/quehacerpolitico.mx\\\/?p=19095#primaryimage\",\"url\":\"\",\"contentUrl\":\"\"},{\"@type\":\"BreadcrumbList\",\"@id\":\"https:\\\/\\\/quehacerpolitico.mx\\\/?p=19095#breadcrumb\",\"itemListElement\":[{\"@type\":\"ListItem\",\"position\":1,\"name\":\"Inicio\",\"item\":\"https:\\\/\\\/quehacerpolitico.mx\\\/\"},{\"@type\":\"ListItem\",\"position\":2,\"name\":\"En Punto\\\/\\\/\\\/Kassandra Castillo\\\/\\\/\\\/CONGRESO LOCAL REALIZA COLOQUIO DE MOVILIDAD SUSTENTABLE Y EQUIDAD DE G\u00c9NERO\"}]},{\"@type\":\"WebSite\",\"@id\":\"https:\\\/\\\/quehacerpolitico.mx\\\/#website\",\"url\":\"https:\\\/\\\/quehacerpolitico.mx\\\/\",\"name\":\"\",\"description\":\"\",\"potentialAction\":[{\"@type\":\"SearchAction\",\"target\":{\"@type\":\"EntryPoint\",\"urlTemplate\":\"https:\\\/\\\/quehacerpolitico.mx\\\/?s={search_term_string}\"},\"query-input\":{\"@type\":\"PropertyValueSpecification\",\"valueRequired\":true,\"valueName\":\"search_term_string\"}}],\"inLanguage\":\"es\"},{\"@type\":\"Person\",\"@id\":\"https:\\\/\\\/quehacerpolitico.mx\\\/#\\\/schema\\\/person\\\/496d8ad2d1d3f8036101dca7ee39e585\",\"name\":\"Redacci\u00f3n QP\",\"image\":{\"@type\":\"ImageObject\",\"inLanguage\":\"es\",\"@id\":\"https:\\\/\\\/secure.gravatar.com\\\/avatar\\\/c7164ed6fdec453195284ad24a5ae5b6e1eed2b848477fa2a4787ba9adf39a41?s=96&d=mm&r=g\",\"url\":\"https:\\\/\\\/secure.gravatar.com\\\/avatar\\\/c7164ed6fdec453195284ad24a5ae5b6e1eed2b848477fa2a4787ba9adf39a41?s=96&d=mm&r=g\",\"contentUrl\":\"https:\\\/\\\/secure.gravatar.com\\\/avatar\\\/c7164ed6fdec453195284ad24a5ae5b6e1eed2b848477fa2a4787ba9adf39a41?s=96&d=mm&r=g\",\"caption\":\"Redacci\u00f3n QP\"},\"url\":\"https:\\\/\\\/quehacerpolitico.mx\\\/?author=2\"}]}<\/script>\n<!-- \/ Yoast SEO plugin. -->","yoast_head_json":{"title":"En Punto\/\/\/Kassandra Castillo\/\/\/CONGRESO LOCAL REALIZA COLOQUIO DE MOVILIDAD SUSTENTABLE Y EQUIDAD DE G\u00c9NERO -","robots":{"index":"index","follow":"follow","max-snippet":"max-snippet:-1","max-image-preview":"max-image-preview:large","max-video-preview":"max-video-preview:-1"},"canonical":"https:\/\/quehacerpolitico.mx\/?p=19095","og_locale":"es_MX","og_type":"article","og_title":"En Punto\/\/\/Kassandra Castillo\/\/\/CONGRESO LOCAL REALIZA COLOQUIO DE MOVILIDAD SUSTENTABLE Y EQUIDAD DE G\u00c9NERO -","og_description":"CONGRESO LOCAL REALIZA COLOQUIO DE MOVILIDAD SUSTENTABLE Y EQUIDAD DE G\u00c9NERO Por Kassandra Castillo","og_url":"https:\/\/quehacerpolitico.mx\/?p=19095","article_published_time":"2019-03-05T00:58:11+00:00","author":"Redacci\u00f3n QP","twitter_card":"summary_large_image","twitter_misc":{"Escrito por":"Redacci\u00f3n QP","Tiempo de lectura":"6 minutos"},"schema":{"@context":"https:\/\/schema.org","@graph":[{"@type":"Article","@id":"https:\/\/quehacerpolitico.mx\/?p=19095#article","isPartOf":{"@id":"https:\/\/quehacerpolitico.mx\/?p=19095"},"author":{"name":"Redacci\u00f3n QP","@id":"https:\/\/quehacerpolitico.mx\/#\/schema\/person\/496d8ad2d1d3f8036101dca7ee39e585"},"headline":"En Punto\/\/\/Kassandra Castillo\/\/\/CONGRESO LOCAL REALIZA COLOQUIO DE MOVILIDAD SUSTENTABLE Y EQUIDAD DE G\u00c9NERO","datePublished":"2019-03-05T00:58:11+00:00","mainEntityOfPage":{"@id":"https:\/\/quehacerpolitico.mx\/?p=19095"},"wordCount":1181,"commentCount":0,"image":{"@id":"https:\/\/quehacerpolitico.mx\/?p=19095#primaryimage"},"thumbnailUrl":"","articleSection":["CDMX"],"inLanguage":"es","potentialAction":[{"@type":"CommentAction","name":"Comment","target":["https:\/\/quehacerpolitico.mx\/?p=19095#respond"]}]},{"@type":"WebPage","@id":"https:\/\/quehacerpolitico.mx\/?p=19095","url":"https:\/\/quehacerpolitico.mx\/?p=19095","name":"En Punto\/\/\/Kassandra Castillo\/\/\/CONGRESO LOCAL REALIZA COLOQUIO DE MOVILIDAD SUSTENTABLE Y EQUIDAD DE G\u00c9NERO -","isPartOf":{"@id":"https:\/\/quehacerpolitico.mx\/#website"},"primaryImageOfPage":{"@id":"https:\/\/quehacerpolitico.mx\/?p=19095#primaryimage"},"image":{"@id":"https:\/\/quehacerpolitico.mx\/?p=19095#primaryimage"},"thumbnailUrl":"","datePublished":"2019-03-05T00:58:11+00:00","author":{"@id":"https:\/\/quehacerpolitico.mx\/#\/schema\/person\/496d8ad2d1d3f8036101dca7ee39e585"},"breadcrumb":{"@id":"https:\/\/quehacerpolitico.mx\/?p=19095#breadcrumb"},"inLanguage":"es","potentialAction":[{"@type":"ReadAction","target":["https:\/\/quehacerpolitico.mx\/?p=19095"]}]},{"@type":"ImageObject","inLanguage":"es","@id":"https:\/\/quehacerpolitico.mx\/?p=19095#primaryimage","url":"","contentUrl":""},{"@type":"BreadcrumbList","@id":"https:\/\/quehacerpolitico.mx\/?p=19095#breadcrumb","itemListElement":[{"@type":"ListItem","position":1,"name":"Inicio","item":"https:\/\/quehacerpolitico.mx\/"},{"@type":"ListItem","position":2,"name":"En Punto\/\/\/Kassandra Castillo\/\/\/CONGRESO LOCAL REALIZA COLOQUIO DE MOVILIDAD SUSTENTABLE Y EQUIDAD DE G\u00c9NERO"}]},{"@type":"WebSite","@id":"https:\/\/quehacerpolitico.mx\/#website","url":"https:\/\/quehacerpolitico.mx\/","name":"","description":"","potentialAction":[{"@type":"SearchAction","target":{"@type":"EntryPoint","urlTemplate":"https:\/\/quehacerpolitico.mx\/?s={search_term_string}"},"query-input":{"@type":"PropertyValueSpecification","valueRequired":true,"valueName":"search_term_string"}}],"inLanguage":"es"},{"@type":"Person","@id":"https:\/\/quehacerpolitico.mx\/#\/schema\/person\/496d8ad2d1d3f8036101dca7ee39e585","name":"Redacci\u00f3n QP","image":{"@type":"ImageObject","inLanguage":"es","@id":"https:\/\/secure.gravatar.com\/avatar\/c7164ed6fdec453195284ad24a5ae5b6e1eed2b848477fa2a4787ba9adf39a41?s=96&d=mm&r=g","url":"https:\/\/secure.gravatar.com\/avatar\/c7164ed6fdec453195284ad24a5ae5b6e1eed2b848477fa2a4787ba9adf39a41?s=96&d=mm&r=g","contentUrl":"https:\/\/secure.gravatar.com\/avatar\/c7164ed6fdec453195284ad24a5ae5b6e1eed2b848477fa2a4787ba9adf39a41?s=96&d=mm&r=g","caption":"Redacci\u00f3n QP"},"url":"https:\/\/quehacerpolitico.mx\/?author=2"}]}},"featured_image_urls":{"full":"","thumbnail":"","medium":"","medium_large":"","large":"","1536x1536":"","2048x2048":"","covernews-featured":"","covernews-medium":""},"author_info":{"display_name":"Redacci\u00f3n QP","author_link":"https:\/\/quehacerpolitico.mx\/?author=2"},"category_info":"<a href=\"https:\/\/quehacerpolitico.mx\/?cat=55\" rel=\"category\">CDMX<\/a>","tag_info":"CDMX","comment_count":"0","_links":{"self":[{"href":"https:\/\/quehacerpolitico.mx\/index.php?rest_route=\/wp\/v2\/posts\/19095","targetHints":{"allow":["GET"]}}],"collection":[{"href":"https:\/\/quehacerpolitico.mx\/index.php?rest_route=\/wp\/v2\/posts"}],"about":[{"href":"https:\/\/quehacerpolitico.mx\/index.php?rest_route=\/wp\/v2\/types\/post"}],"author":[{"embeddable":true,"href":"https:\/\/quehacerpolitico.mx\/index.php?rest_route=\/wp\/v2\/users\/2"}],"replies":[{"embeddable":true,"href":"https:\/\/quehacerpolitico.mx\/index.php?rest_route=%2Fwp%2Fv2%2Fcomments&post=19095"}],"version-history":[{"count":0,"href":"https:\/\/quehacerpolitico.mx\/index.php?rest_route=\/wp\/v2\/posts\/19095\/revisions"}],"wp:featuredmedia":[{"embeddable":true,"href":"https:\/\/quehacerpolitico.mx\/index.php?rest_route=\/"}],"wp:attachment":[{"href":"https:\/\/quehacerpolitico.mx\/index.php?rest_route=%2Fwp%2Fv2%2Fmedia&parent=19095"}],"wp:term":[{"taxonomy":"category","embeddable":true,"href":"https:\/\/quehacerpolitico.mx\/index.php?rest_route=%2Fwp%2Fv2%2Fcategories&post=19095"},{"taxonomy":"post_tag","embeddable":true,"href":"https:\/\/quehacerpolitico.mx\/index.php?rest_route=%2Fwp%2Fv2%2Ftags&post=19095"}],"curies":[{"name":"wp","href":"https:\/\/api.w.org\/{rel}","templated":true}]}}