{"id":19080,"date":"2019-03-04T20:04:47","date_gmt":"2019-03-04T20:04:47","guid":{"rendered":"http:\/\/quehacerpolitico.mx\/dos-pasajeros-son-asesinados-durante-asalto-a-un-camion-en-la-alcaldia-de-iztapalapa-cdmx\/"},"modified":"2019-03-04T20:04:47","modified_gmt":"2019-03-04T20:04:47","slug":"dos-pasajeros-son-asesinados-durante-asalto-a-un-camion-en-la-alcaldia-de-iztapalapa-cdmx","status":"publish","type":"post","link":"https:\/\/quehacerpolitico.mx\/?p=19080","title":{"rendered":"Dos pasajeros son asesinados durante asalto a un cami\u00f3n en la Alcald\u00eda de Iztapalapa, CdMx"},"content":{"rendered":"<h1>Dos pasajeros son asesinados durante asalto a un cami\u00f3n en la Alcald\u00eda de Iztapalapa, CdMx<\/h1>\n<p>Por Redacci\u00f3n QP<\/p>\n<p>Dos pasajeros de un cami\u00f3n de transporte p\u00fablico fueron asesinados durante un asalto\u00a0en la Colonia Sector Popular de la Alcald\u00eda Iztapalapa, en la Ciudad de M\u00e9xico.<\/p>\n<p>De acuerdo con informaci\u00f3n publicada en medios nacionales, la unidad de transporte del corredor M1 circulaba por los carriles centrales de Churubusco y en el cruce con La Viga cuando presuntos asalatantes amenazaron a las y los pasajeros de la unidad con armas de fuego y les pidieron entregar sus objetos de valor.<\/p>\n<p>Testigos del incidente afirmaron que una de las v\u00edctima trat\u00f3 de resistirse al asalto y el otro muri\u00f3 por el disparo de uno de los agresores.<\/p>\n<p>La Procuradur\u00eda General de Justicia capitalina inform\u00f3 en Twitter que servicios periciales realizaron la diligencias en el lugar y se inici\u00f3 una carpeta de investigaci\u00f3n.<\/p>\n<p>Los asaltos con armas de fuego son cada vez m\u00e1s frecuentes en la Ciudad de M\u00e9xico, tan solo ayer\u00a0dos\u00a0hombres armados\u00a0asaltaron una joyer\u00eda ubicada de la\u00a0Plaza Portal Centro, en la Alcald\u00eda\u00a0Cuauht\u00e9moc.<\/p>\n<p>Los hombres rompieron vitrinas para robarse la mercanc\u00eda cerca de las 11:00 horas de hoy, luego habr\u00edan detonado varias veces sus armas y lograron escapar, de acuerdo con informaci\u00f3n publicada en medios nacionales.<\/p>\n<blockquote class=\"twitter-tweet\" data-width=\"550\" data-dnt=\"true\">\n<p lang=\"es\" dir=\"ltr\">Dos personas fallecieron esta ma\u00f1ana en una unidad de transporte p\u00fablico en Churubusco casi al cruce con La Viga, en <a href=\"https:\/\/twitter.com\/hashtag\/IztapalapaCDMX?src=hash&amp;ref_src=twsrc%5Etfw\">#IztapalapaCDMX<\/a> <br \/>Presuntamente se resistieron a un asalto. <a href=\"https:\/\/t.co\/upp7EVM2wZ\">pic.twitter.com\/upp7EVM2wZ<\/a><\/p>\n<p>&mdash; Ruido en la Red (@RuidoEnLaRed) <a href=\"https:\/\/twitter.com\/RuidoEnLaRed\/status\/1102633108392890368?ref_src=twsrc%5Etfw\">March 4, 2019<\/a><\/p><\/blockquote>\n<p><script async src=\"https:\/\/platform.twitter.com\/widgets.js\" charset=\"utf-8\"><\/script><\/p>\n","protected":false},"excerpt":{"rendered":"<p>Dos pasajeros son asesinados durante asalto a un cami\u00f3n en la Alcald\u00eda de Iztapalapa, CdMx<br \/>\nPor Redacci\u00f3n QP<\/p>\n","protected":false},"author":2,"featured_media":19079,"comment_status":"open","ping_status":"open","sticky":false,"template":"","format":"standard","meta":{"_monsterinsights_skip_tracking":false,"_monsterinsights_sitenote_active":false,"_monsterinsights_sitenote_note":"","_monsterinsights_sitenote_category":0,"footnotes":""},"categories":[55],"tags":[],"class_list":["post-19080","post","type-post","status-publish","format-standard","has-post-thumbnail","hentry","category-cdmx"],"yoast_head":"<!-- This site is optimized with the Yoast SEO plugin v27.3 - https:\/\/yoast.com\/product\/yoast-seo-wordpress\/ -->\n<title>Dos pasajeros son asesinados durante asalto a un cami\u00f3n en la Alcald\u00eda de Iztapalapa, CdMx -<\/title>\n<meta name=\"robots\" content=\"index, follow, max-snippet:-1, max-image-preview:large, max-video-preview:-1\" \/>\n<link rel=\"canonical\" href=\"https:\/\/quehacerpolitico.mx\/?p=19080\" \/>\n<meta property=\"og:locale\" content=\"es_MX\" \/>\n<meta property=\"og:type\" content=\"article\" \/>\n<meta property=\"og:title\" content=\"Dos pasajeros son asesinados durante asalto a un cami\u00f3n en la Alcald\u00eda de Iztapalapa, CdMx -\" \/>\n<meta property=\"og:description\" content=\"Dos pasajeros son asesinados durante asalto a un cami\u00f3n en la Alcald\u00eda de Iztapalapa, CdMx Por Redacci\u00f3n QP\" \/>\n<meta property=\"og:url\" content=\"https:\/\/quehacerpolitico.mx\/?p=19080\" \/>\n<meta property=\"article:published_time\" content=\"2019-03-04T20:04:47+00:00\" \/>\n<meta name=\"author\" content=\"Redacci\u00f3n QP\" \/>\n<meta name=\"twitter:card\" content=\"summary_large_image\" \/>\n<meta name=\"twitter:label1\" content=\"Escrito por\" \/>\n\t<meta name=\"twitter:data1\" content=\"Redacci\u00f3n QP\" \/>\n\t<meta name=\"twitter:label2\" content=\"Tiempo de lectura\" \/>\n\t<meta name=\"twitter:data2\" content=\"1 minuto\" \/>\n<script type=\"application\/ld+json\" class=\"yoast-schema-graph\">{\"@context\":\"https:\\\/\\\/schema.org\",\"@graph\":[{\"@type\":\"Article\",\"@id\":\"https:\\\/\\\/quehacerpolitico.mx\\\/?p=19080#article\",\"isPartOf\":{\"@id\":\"https:\\\/\\\/quehacerpolitico.mx\\\/?p=19080\"},\"author\":{\"name\":\"Redacci\u00f3n QP\",\"@id\":\"https:\\\/\\\/quehacerpolitico.mx\\\/#\\\/schema\\\/person\\\/496d8ad2d1d3f8036101dca7ee39e585\"},\"headline\":\"Dos pasajeros son asesinados durante asalto a un cami\u00f3n en la Alcald\u00eda de Iztapalapa, CdMx\",\"datePublished\":\"2019-03-04T20:04:47+00:00\",\"mainEntityOfPage\":{\"@id\":\"https:\\\/\\\/quehacerpolitico.mx\\\/?p=19080\"},\"wordCount\":258,\"commentCount\":0,\"image\":{\"@id\":\"https:\\\/\\\/quehacerpolitico.mx\\\/?p=19080#primaryimage\"},\"thumbnailUrl\":\"\",\"articleSection\":[\"CDMX\"],\"inLanguage\":\"es\",\"potentialAction\":[{\"@type\":\"CommentAction\",\"name\":\"Comment\",\"target\":[\"https:\\\/\\\/quehacerpolitico.mx\\\/?p=19080#respond\"]}]},{\"@type\":\"WebPage\",\"@id\":\"https:\\\/\\\/quehacerpolitico.mx\\\/?p=19080\",\"url\":\"https:\\\/\\\/quehacerpolitico.mx\\\/?p=19080\",\"name\":\"Dos pasajeros son asesinados durante asalto a un cami\u00f3n en la Alcald\u00eda de Iztapalapa, CdMx -\",\"isPartOf\":{\"@id\":\"https:\\\/\\\/quehacerpolitico.mx\\\/#website\"},\"primaryImageOfPage\":{\"@id\":\"https:\\\/\\\/quehacerpolitico.mx\\\/?p=19080#primaryimage\"},\"image\":{\"@id\":\"https:\\\/\\\/quehacerpolitico.mx\\\/?p=19080#primaryimage\"},\"thumbnailUrl\":\"\",\"datePublished\":\"2019-03-04T20:04:47+00:00\",\"author\":{\"@id\":\"https:\\\/\\\/quehacerpolitico.mx\\\/#\\\/schema\\\/person\\\/496d8ad2d1d3f8036101dca7ee39e585\"},\"breadcrumb\":{\"@id\":\"https:\\\/\\\/quehacerpolitico.mx\\\/?p=19080#breadcrumb\"},\"inLanguage\":\"es\",\"potentialAction\":[{\"@type\":\"ReadAction\",\"target\":[\"https:\\\/\\\/quehacerpolitico.mx\\\/?p=19080\"]}]},{\"@type\":\"ImageObject\",\"inLanguage\":\"es\",\"@id\":\"https:\\\/\\\/quehacerpolitico.mx\\\/?p=19080#primaryimage\",\"url\":\"\",\"contentUrl\":\"\"},{\"@type\":\"BreadcrumbList\",\"@id\":\"https:\\\/\\\/quehacerpolitico.mx\\\/?p=19080#breadcrumb\",\"itemListElement\":[{\"@type\":\"ListItem\",\"position\":1,\"name\":\"Inicio\",\"item\":\"https:\\\/\\\/quehacerpolitico.mx\\\/\"},{\"@type\":\"ListItem\",\"position\":2,\"name\":\"Dos pasajeros son asesinados durante asalto a un cami\u00f3n en la Alcald\u00eda de Iztapalapa, CdMx\"}]},{\"@type\":\"WebSite\",\"@id\":\"https:\\\/\\\/quehacerpolitico.mx\\\/#website\",\"url\":\"https:\\\/\\\/quehacerpolitico.mx\\\/\",\"name\":\"\",\"description\":\"\",\"potentialAction\":[{\"@type\":\"SearchAction\",\"target\":{\"@type\":\"EntryPoint\",\"urlTemplate\":\"https:\\\/\\\/quehacerpolitico.mx\\\/?s={search_term_string}\"},\"query-input\":{\"@type\":\"PropertyValueSpecification\",\"valueRequired\":true,\"valueName\":\"search_term_string\"}}],\"inLanguage\":\"es\"},{\"@type\":\"Person\",\"@id\":\"https:\\\/\\\/quehacerpolitico.mx\\\/#\\\/schema\\\/person\\\/496d8ad2d1d3f8036101dca7ee39e585\",\"name\":\"Redacci\u00f3n QP\",\"image\":{\"@type\":\"ImageObject\",\"inLanguage\":\"es\",\"@id\":\"https:\\\/\\\/secure.gravatar.com\\\/avatar\\\/c7164ed6fdec453195284ad24a5ae5b6e1eed2b848477fa2a4787ba9adf39a41?s=96&d=mm&r=g\",\"url\":\"https:\\\/\\\/secure.gravatar.com\\\/avatar\\\/c7164ed6fdec453195284ad24a5ae5b6e1eed2b848477fa2a4787ba9adf39a41?s=96&d=mm&r=g\",\"contentUrl\":\"https:\\\/\\\/secure.gravatar.com\\\/avatar\\\/c7164ed6fdec453195284ad24a5ae5b6e1eed2b848477fa2a4787ba9adf39a41?s=96&d=mm&r=g\",\"caption\":\"Redacci\u00f3n QP\"},\"url\":\"https:\\\/\\\/quehacerpolitico.mx\\\/?author=2\"}]}<\/script>\n<!-- \/ Yoast SEO plugin. -->","yoast_head_json":{"title":"Dos pasajeros son asesinados durante asalto a un cami\u00f3n en la Alcald\u00eda de Iztapalapa, CdMx -","robots":{"index":"index","follow":"follow","max-snippet":"max-snippet:-1","max-image-preview":"max-image-preview:large","max-video-preview":"max-video-preview:-1"},"canonical":"https:\/\/quehacerpolitico.mx\/?p=19080","og_locale":"es_MX","og_type":"article","og_title":"Dos pasajeros son asesinados durante asalto a un cami\u00f3n en la Alcald\u00eda de Iztapalapa, CdMx -","og_description":"Dos pasajeros son asesinados durante asalto a un cami\u00f3n en la Alcald\u00eda de Iztapalapa, CdMx Por Redacci\u00f3n QP","og_url":"https:\/\/quehacerpolitico.mx\/?p=19080","article_published_time":"2019-03-04T20:04:47+00:00","author":"Redacci\u00f3n QP","twitter_card":"summary_large_image","twitter_misc":{"Escrito por":"Redacci\u00f3n QP","Tiempo de lectura":"1 minuto"},"schema":{"@context":"https:\/\/schema.org","@graph":[{"@type":"Article","@id":"https:\/\/quehacerpolitico.mx\/?p=19080#article","isPartOf":{"@id":"https:\/\/quehacerpolitico.mx\/?p=19080"},"author":{"name":"Redacci\u00f3n QP","@id":"https:\/\/quehacerpolitico.mx\/#\/schema\/person\/496d8ad2d1d3f8036101dca7ee39e585"},"headline":"Dos pasajeros son asesinados durante asalto a un cami\u00f3n en la Alcald\u00eda de Iztapalapa, CdMx","datePublished":"2019-03-04T20:04:47+00:00","mainEntityOfPage":{"@id":"https:\/\/quehacerpolitico.mx\/?p=19080"},"wordCount":258,"commentCount":0,"image":{"@id":"https:\/\/quehacerpolitico.mx\/?p=19080#primaryimage"},"thumbnailUrl":"","articleSection":["CDMX"],"inLanguage":"es","potentialAction":[{"@type":"CommentAction","name":"Comment","target":["https:\/\/quehacerpolitico.mx\/?p=19080#respond"]}]},{"@type":"WebPage","@id":"https:\/\/quehacerpolitico.mx\/?p=19080","url":"https:\/\/quehacerpolitico.mx\/?p=19080","name":"Dos pasajeros son asesinados durante asalto a un cami\u00f3n en la Alcald\u00eda de Iztapalapa, CdMx -","isPartOf":{"@id":"https:\/\/quehacerpolitico.mx\/#website"},"primaryImageOfPage":{"@id":"https:\/\/quehacerpolitico.mx\/?p=19080#primaryimage"},"image":{"@id":"https:\/\/quehacerpolitico.mx\/?p=19080#primaryimage"},"thumbnailUrl":"","datePublished":"2019-03-04T20:04:47+00:00","author":{"@id":"https:\/\/quehacerpolitico.mx\/#\/schema\/person\/496d8ad2d1d3f8036101dca7ee39e585"},"breadcrumb":{"@id":"https:\/\/quehacerpolitico.mx\/?p=19080#breadcrumb"},"inLanguage":"es","potentialAction":[{"@type":"ReadAction","target":["https:\/\/quehacerpolitico.mx\/?p=19080"]}]},{"@type":"ImageObject","inLanguage":"es","@id":"https:\/\/quehacerpolitico.mx\/?p=19080#primaryimage","url":"","contentUrl":""},{"@type":"BreadcrumbList","@id":"https:\/\/quehacerpolitico.mx\/?p=19080#breadcrumb","itemListElement":[{"@type":"ListItem","position":1,"name":"Inicio","item":"https:\/\/quehacerpolitico.mx\/"},{"@type":"ListItem","position":2,"name":"Dos pasajeros son asesinados durante asalto a un cami\u00f3n en la Alcald\u00eda de Iztapalapa, CdMx"}]},{"@type":"WebSite","@id":"https:\/\/quehacerpolitico.mx\/#website","url":"https:\/\/quehacerpolitico.mx\/","name":"","description":"","potentialAction":[{"@type":"SearchAction","target":{"@type":"EntryPoint","urlTemplate":"https:\/\/quehacerpolitico.mx\/?s={search_term_string}"},"query-input":{"@type":"PropertyValueSpecification","valueRequired":true,"valueName":"search_term_string"}}],"inLanguage":"es"},{"@type":"Person","@id":"https:\/\/quehacerpolitico.mx\/#\/schema\/person\/496d8ad2d1d3f8036101dca7ee39e585","name":"Redacci\u00f3n QP","image":{"@type":"ImageObject","inLanguage":"es","@id":"https:\/\/secure.gravatar.com\/avatar\/c7164ed6fdec453195284ad24a5ae5b6e1eed2b848477fa2a4787ba9adf39a41?s=96&d=mm&r=g","url":"https:\/\/secure.gravatar.com\/avatar\/c7164ed6fdec453195284ad24a5ae5b6e1eed2b848477fa2a4787ba9adf39a41?s=96&d=mm&r=g","contentUrl":"https:\/\/secure.gravatar.com\/avatar\/c7164ed6fdec453195284ad24a5ae5b6e1eed2b848477fa2a4787ba9adf39a41?s=96&d=mm&r=g","caption":"Redacci\u00f3n QP"},"url":"https:\/\/quehacerpolitico.mx\/?author=2"}]}},"featured_image_urls":{"full":"","thumbnail":"","medium":"","medium_large":"","large":"","1536x1536":"","2048x2048":"","covernews-featured":"","covernews-medium":""},"author_info":{"display_name":"Redacci\u00f3n QP","author_link":"https:\/\/quehacerpolitico.mx\/?author=2"},"category_info":"<a href=\"https:\/\/quehacerpolitico.mx\/?cat=55\" rel=\"category\">CDMX<\/a>","tag_info":"CDMX","comment_count":"0","_links":{"self":[{"href":"https:\/\/quehacerpolitico.mx\/index.php?rest_route=\/wp\/v2\/posts\/19080","targetHints":{"allow":["GET"]}}],"collection":[{"href":"https:\/\/quehacerpolitico.mx\/index.php?rest_route=\/wp\/v2\/posts"}],"about":[{"href":"https:\/\/quehacerpolitico.mx\/index.php?rest_route=\/wp\/v2\/types\/post"}],"author":[{"embeddable":true,"href":"https:\/\/quehacerpolitico.mx\/index.php?rest_route=\/wp\/v2\/users\/2"}],"replies":[{"embeddable":true,"href":"https:\/\/quehacerpolitico.mx\/index.php?rest_route=%2Fwp%2Fv2%2Fcomments&post=19080"}],"version-history":[{"count":0,"href":"https:\/\/quehacerpolitico.mx\/index.php?rest_route=\/wp\/v2\/posts\/19080\/revisions"}],"wp:featuredmedia":[{"embeddable":true,"href":"https:\/\/quehacerpolitico.mx\/index.php?rest_route=\/"}],"wp:attachment":[{"href":"https:\/\/quehacerpolitico.mx\/index.php?rest_route=%2Fwp%2Fv2%2Fmedia&parent=19080"}],"wp:term":[{"taxonomy":"category","embeddable":true,"href":"https:\/\/quehacerpolitico.mx\/index.php?rest_route=%2Fwp%2Fv2%2Fcategories&post=19080"},{"taxonomy":"post_tag","embeddable":true,"href":"https:\/\/quehacerpolitico.mx\/index.php?rest_route=%2Fwp%2Fv2%2Ftags&post=19080"}],"curies":[{"name":"wp","href":"https:\/\/api.w.org\/{rel}","templated":true}]}}