{"id":19024,"date":"2019-03-04T01:39:22","date_gmt":"2019-03-04T01:39:22","guid":{"rendered":"http:\/\/quehacerpolitico.mx\/rinden-homenaje-a-fernando-del-paso-en-la-feria-del-libro-de-mineria\/"},"modified":"2019-03-04T01:39:22","modified_gmt":"2019-03-04T01:39:22","slug":"rinden-homenaje-a-fernando-del-paso-en-la-feria-del-libro-de-mineria","status":"publish","type":"post","link":"https:\/\/quehacerpolitico.mx\/?p=19024","title":{"rendered":"Rinden homenaje a Fernando del Paso en la Feria del Libro de Miner\u00eda"},"content":{"rendered":"<h1 class=\"news-title\">Rinden homenaje a Fernando del Paso en la Feria del Libro de Miner\u00eda<\/h1>\n<p>Por Redacci\u00f3n QP<\/p>\n<header class=\"news-header\">\n<div class=\"news-subtitle\">\n<p>La escritora Carmen Villoro destaca la creatividad y capacidad de &#8220;colorear el mundo&#8221; que ten\u00eda el intelectual<\/p>\n<\/div>\n<\/header>\n<div class=\"news-content\">\n<div class=\"news-body row\">\n<p>Durante el homenaje que se rindi\u00f3 a Fernando del Paso en el marco de la 40 Feria Internacional del Libro en el Palacio de Miner\u00eda (FILPM), la escritora Carmen Villoro\u00a0destac\u00f3 que \u201cla creatividad es la capacidad de colorear el mundo y eso hac\u00eda el destacado maestro Fernando del Paso\u00a0en todas las esferas de su vida&#8221;.<\/p>\n<p>Acompa\u00f1ada por Paulina del Paso y Alejandro del Paso, hijos del intelectual, <strong>asever\u00f3 que \u201cEl hombre que juega es aquel que ha integrado los dones del pensamiento, el afecto y la imaginaci\u00f3n para crear una realidad interna y rica que se despliega en la obra de arte, como siempre lo fue el maestro Fernando del Paso&#8221;.<\/strong><\/p>\n<p>\u201cSolo juega el hombre, cuando es hombre en pleno sentido de la palabra y solo es plenamente hombre cuando juega. Fernando del Paso (lo dijo en presente) es un ejemplar destacado de esa especie superior\u201d, a\u00f1adi\u00f3 Villoro.<\/p>\n<p>Al hablar de su figura inconfundible, <strong>mencion\u00f3 que su capacidad de disfrutar las cosas comenzaba diariamente por la ma\u00f1ana en la elecci\u00f3n de su ropa para ese d\u00eda. \u201cAtrevidas combinaciones de sacos, corbatas, lentes, zapatos y pa\u00f1uelos que siempre sorprend\u00edan<\/strong>\u201d, y daban el sello distintivo a su personalidad.<\/p>\n<p>Record\u00f3 que la tambi\u00e9n escritora Elena Poniatowska describ\u00eda as\u00ed a Fernando del Paso, con quien cultiv\u00f3 una amistad que dur\u00f3 varias d\u00e9cadas: \u201cLos verdes que te quiero verde, los amarillo de la copa de oro, y el lila de las jacarandas. Como una inmensa flor, Fernando del Paso levanta su corona hacia los primeros rayos de la ma\u00f1ana\u2026\u201d.<\/p>\n<p>Y a\u00f1adi\u00f3 que <strong>son tan caracter\u00edsticos los colores que le gustaban, tan vitales, que dan ganas de ponerles su nombre, el nombre de \u201cFernando\u201d. <\/strong>En las paletas de los artistas pl\u00e1sticos deber\u00eda aparecer un rojo \u201cFernando del Paso\u201d inconfundible, porque el escritor y artista utilizaba su persona para comunicar una actitud.<\/p>\n<p>El homenajeado es c\u00e9lebre y particularmente reconocido por tres grandes novelas de su autor\u00eda, actualmente identificadas entre las mejores dentro de la narrativa mexicana del siglo XX, \u201cJos\u00e9 Trigo\u201d (1966), \u201cPalinuro de M\u00e9xico\u201d (1977) y \u201cNoticias del Imperio\u201d (1987); en su conjunto, su obra le hizo ganar el Premio Cervantes en 2015.<\/p>\n<\/div>\n<\/div>\n","protected":false},"excerpt":{"rendered":"<p>Rinden homenaje a Fernando del Paso en la Feria del Libro de Miner\u00eda<br \/>\nPor Redacci\u00f3n QP<\/p>\n","protected":false},"author":2,"featured_media":19023,"comment_status":"open","ping_status":"open","sticky":false,"template":"","format":"standard","meta":{"_monsterinsights_skip_tracking":false,"_monsterinsights_sitenote_active":false,"_monsterinsights_sitenote_note":"","_monsterinsights_sitenote_category":0,"footnotes":""},"categories":[58],"tags":[],"class_list":["post-19024","post","type-post","status-publish","format-standard","has-post-thumbnail","hentry","category-cultura"],"yoast_head":"<!-- This site is optimized with the Yoast SEO plugin v27.3 - https:\/\/yoast.com\/product\/yoast-seo-wordpress\/ -->\n<title>Rinden homenaje a Fernando del Paso en la Feria del Libro de Miner\u00eda -<\/title>\n<meta name=\"robots\" content=\"index, follow, max-snippet:-1, max-image-preview:large, max-video-preview:-1\" \/>\n<link rel=\"canonical\" href=\"https:\/\/quehacerpolitico.mx\/?p=19024\" \/>\n<meta property=\"og:locale\" content=\"es_MX\" \/>\n<meta property=\"og:type\" content=\"article\" \/>\n<meta property=\"og:title\" content=\"Rinden homenaje a Fernando del Paso en la Feria del Libro de Miner\u00eda -\" \/>\n<meta property=\"og:description\" content=\"Rinden homenaje a Fernando del Paso en la Feria del Libro de Miner\u00eda Por Redacci\u00f3n QP\" \/>\n<meta property=\"og:url\" content=\"https:\/\/quehacerpolitico.mx\/?p=19024\" \/>\n<meta property=\"article:published_time\" content=\"2019-03-04T01:39:22+00:00\" \/>\n<meta name=\"author\" content=\"Redacci\u00f3n QP\" \/>\n<meta name=\"twitter:card\" content=\"summary_large_image\" \/>\n<meta name=\"twitter:label1\" content=\"Escrito por\" \/>\n\t<meta name=\"twitter:data1\" content=\"Redacci\u00f3n QP\" \/>\n\t<meta name=\"twitter:label2\" content=\"Tiempo de lectura\" \/>\n\t<meta name=\"twitter:data2\" content=\"2 minutos\" \/>\n<script type=\"application\/ld+json\" class=\"yoast-schema-graph\">{\"@context\":\"https:\\\/\\\/schema.org\",\"@graph\":[{\"@type\":\"Article\",\"@id\":\"https:\\\/\\\/quehacerpolitico.mx\\\/?p=19024#article\",\"isPartOf\":{\"@id\":\"https:\\\/\\\/quehacerpolitico.mx\\\/?p=19024\"},\"author\":{\"name\":\"Redacci\u00f3n QP\",\"@id\":\"https:\\\/\\\/quehacerpolitico.mx\\\/#\\\/schema\\\/person\\\/496d8ad2d1d3f8036101dca7ee39e585\"},\"headline\":\"Rinden homenaje a Fernando del Paso en la Feria del Libro de Miner\u00eda\",\"datePublished\":\"2019-03-04T01:39:22+00:00\",\"mainEntityOfPage\":{\"@id\":\"https:\\\/\\\/quehacerpolitico.mx\\\/?p=19024\"},\"wordCount\":425,\"commentCount\":0,\"image\":{\"@id\":\"https:\\\/\\\/quehacerpolitico.mx\\\/?p=19024#primaryimage\"},\"thumbnailUrl\":\"\",\"articleSection\":[\"Cultura y Entretenimiento\"],\"inLanguage\":\"es\",\"potentialAction\":[{\"@type\":\"CommentAction\",\"name\":\"Comment\",\"target\":[\"https:\\\/\\\/quehacerpolitico.mx\\\/?p=19024#respond\"]}]},{\"@type\":\"WebPage\",\"@id\":\"https:\\\/\\\/quehacerpolitico.mx\\\/?p=19024\",\"url\":\"https:\\\/\\\/quehacerpolitico.mx\\\/?p=19024\",\"name\":\"Rinden homenaje a Fernando del Paso en la Feria del Libro de Miner\u00eda -\",\"isPartOf\":{\"@id\":\"https:\\\/\\\/quehacerpolitico.mx\\\/#website\"},\"primaryImageOfPage\":{\"@id\":\"https:\\\/\\\/quehacerpolitico.mx\\\/?p=19024#primaryimage\"},\"image\":{\"@id\":\"https:\\\/\\\/quehacerpolitico.mx\\\/?p=19024#primaryimage\"},\"thumbnailUrl\":\"\",\"datePublished\":\"2019-03-04T01:39:22+00:00\",\"author\":{\"@id\":\"https:\\\/\\\/quehacerpolitico.mx\\\/#\\\/schema\\\/person\\\/496d8ad2d1d3f8036101dca7ee39e585\"},\"breadcrumb\":{\"@id\":\"https:\\\/\\\/quehacerpolitico.mx\\\/?p=19024#breadcrumb\"},\"inLanguage\":\"es\",\"potentialAction\":[{\"@type\":\"ReadAction\",\"target\":[\"https:\\\/\\\/quehacerpolitico.mx\\\/?p=19024\"]}]},{\"@type\":\"ImageObject\",\"inLanguage\":\"es\",\"@id\":\"https:\\\/\\\/quehacerpolitico.mx\\\/?p=19024#primaryimage\",\"url\":\"\",\"contentUrl\":\"\"},{\"@type\":\"BreadcrumbList\",\"@id\":\"https:\\\/\\\/quehacerpolitico.mx\\\/?p=19024#breadcrumb\",\"itemListElement\":[{\"@type\":\"ListItem\",\"position\":1,\"name\":\"Inicio\",\"item\":\"https:\\\/\\\/quehacerpolitico.mx\\\/\"},{\"@type\":\"ListItem\",\"position\":2,\"name\":\"Rinden homenaje a Fernando del Paso en la Feria del Libro de Miner\u00eda\"}]},{\"@type\":\"WebSite\",\"@id\":\"https:\\\/\\\/quehacerpolitico.mx\\\/#website\",\"url\":\"https:\\\/\\\/quehacerpolitico.mx\\\/\",\"name\":\"\",\"description\":\"\",\"potentialAction\":[{\"@type\":\"SearchAction\",\"target\":{\"@type\":\"EntryPoint\",\"urlTemplate\":\"https:\\\/\\\/quehacerpolitico.mx\\\/?s={search_term_string}\"},\"query-input\":{\"@type\":\"PropertyValueSpecification\",\"valueRequired\":true,\"valueName\":\"search_term_string\"}}],\"inLanguage\":\"es\"},{\"@type\":\"Person\",\"@id\":\"https:\\\/\\\/quehacerpolitico.mx\\\/#\\\/schema\\\/person\\\/496d8ad2d1d3f8036101dca7ee39e585\",\"name\":\"Redacci\u00f3n QP\",\"image\":{\"@type\":\"ImageObject\",\"inLanguage\":\"es\",\"@id\":\"https:\\\/\\\/secure.gravatar.com\\\/avatar\\\/c7164ed6fdec453195284ad24a5ae5b6e1eed2b848477fa2a4787ba9adf39a41?s=96&d=mm&r=g\",\"url\":\"https:\\\/\\\/secure.gravatar.com\\\/avatar\\\/c7164ed6fdec453195284ad24a5ae5b6e1eed2b848477fa2a4787ba9adf39a41?s=96&d=mm&r=g\",\"contentUrl\":\"https:\\\/\\\/secure.gravatar.com\\\/avatar\\\/c7164ed6fdec453195284ad24a5ae5b6e1eed2b848477fa2a4787ba9adf39a41?s=96&d=mm&r=g\",\"caption\":\"Redacci\u00f3n QP\"},\"url\":\"https:\\\/\\\/quehacerpolitico.mx\\\/?author=2\"}]}<\/script>\n<!-- \/ Yoast SEO plugin. -->","yoast_head_json":{"title":"Rinden homenaje a Fernando del Paso en la Feria del Libro de Miner\u00eda -","robots":{"index":"index","follow":"follow","max-snippet":"max-snippet:-1","max-image-preview":"max-image-preview:large","max-video-preview":"max-video-preview:-1"},"canonical":"https:\/\/quehacerpolitico.mx\/?p=19024","og_locale":"es_MX","og_type":"article","og_title":"Rinden homenaje a Fernando del Paso en la Feria del Libro de Miner\u00eda -","og_description":"Rinden homenaje a Fernando del Paso en la Feria del Libro de Miner\u00eda Por Redacci\u00f3n QP","og_url":"https:\/\/quehacerpolitico.mx\/?p=19024","article_published_time":"2019-03-04T01:39:22+00:00","author":"Redacci\u00f3n QP","twitter_card":"summary_large_image","twitter_misc":{"Escrito por":"Redacci\u00f3n QP","Tiempo de lectura":"2 minutos"},"schema":{"@context":"https:\/\/schema.org","@graph":[{"@type":"Article","@id":"https:\/\/quehacerpolitico.mx\/?p=19024#article","isPartOf":{"@id":"https:\/\/quehacerpolitico.mx\/?p=19024"},"author":{"name":"Redacci\u00f3n QP","@id":"https:\/\/quehacerpolitico.mx\/#\/schema\/person\/496d8ad2d1d3f8036101dca7ee39e585"},"headline":"Rinden homenaje a Fernando del Paso en la Feria del Libro de Miner\u00eda","datePublished":"2019-03-04T01:39:22+00:00","mainEntityOfPage":{"@id":"https:\/\/quehacerpolitico.mx\/?p=19024"},"wordCount":425,"commentCount":0,"image":{"@id":"https:\/\/quehacerpolitico.mx\/?p=19024#primaryimage"},"thumbnailUrl":"","articleSection":["Cultura y Entretenimiento"],"inLanguage":"es","potentialAction":[{"@type":"CommentAction","name":"Comment","target":["https:\/\/quehacerpolitico.mx\/?p=19024#respond"]}]},{"@type":"WebPage","@id":"https:\/\/quehacerpolitico.mx\/?p=19024","url":"https:\/\/quehacerpolitico.mx\/?p=19024","name":"Rinden homenaje a Fernando del Paso en la Feria del Libro de Miner\u00eda -","isPartOf":{"@id":"https:\/\/quehacerpolitico.mx\/#website"},"primaryImageOfPage":{"@id":"https:\/\/quehacerpolitico.mx\/?p=19024#primaryimage"},"image":{"@id":"https:\/\/quehacerpolitico.mx\/?p=19024#primaryimage"},"thumbnailUrl":"","datePublished":"2019-03-04T01:39:22+00:00","author":{"@id":"https:\/\/quehacerpolitico.mx\/#\/schema\/person\/496d8ad2d1d3f8036101dca7ee39e585"},"breadcrumb":{"@id":"https:\/\/quehacerpolitico.mx\/?p=19024#breadcrumb"},"inLanguage":"es","potentialAction":[{"@type":"ReadAction","target":["https:\/\/quehacerpolitico.mx\/?p=19024"]}]},{"@type":"ImageObject","inLanguage":"es","@id":"https:\/\/quehacerpolitico.mx\/?p=19024#primaryimage","url":"","contentUrl":""},{"@type":"BreadcrumbList","@id":"https:\/\/quehacerpolitico.mx\/?p=19024#breadcrumb","itemListElement":[{"@type":"ListItem","position":1,"name":"Inicio","item":"https:\/\/quehacerpolitico.mx\/"},{"@type":"ListItem","position":2,"name":"Rinden homenaje a Fernando del Paso en la Feria del Libro de Miner\u00eda"}]},{"@type":"WebSite","@id":"https:\/\/quehacerpolitico.mx\/#website","url":"https:\/\/quehacerpolitico.mx\/","name":"","description":"","potentialAction":[{"@type":"SearchAction","target":{"@type":"EntryPoint","urlTemplate":"https:\/\/quehacerpolitico.mx\/?s={search_term_string}"},"query-input":{"@type":"PropertyValueSpecification","valueRequired":true,"valueName":"search_term_string"}}],"inLanguage":"es"},{"@type":"Person","@id":"https:\/\/quehacerpolitico.mx\/#\/schema\/person\/496d8ad2d1d3f8036101dca7ee39e585","name":"Redacci\u00f3n QP","image":{"@type":"ImageObject","inLanguage":"es","@id":"https:\/\/secure.gravatar.com\/avatar\/c7164ed6fdec453195284ad24a5ae5b6e1eed2b848477fa2a4787ba9adf39a41?s=96&d=mm&r=g","url":"https:\/\/secure.gravatar.com\/avatar\/c7164ed6fdec453195284ad24a5ae5b6e1eed2b848477fa2a4787ba9adf39a41?s=96&d=mm&r=g","contentUrl":"https:\/\/secure.gravatar.com\/avatar\/c7164ed6fdec453195284ad24a5ae5b6e1eed2b848477fa2a4787ba9adf39a41?s=96&d=mm&r=g","caption":"Redacci\u00f3n QP"},"url":"https:\/\/quehacerpolitico.mx\/?author=2"}]}},"featured_image_urls":{"full":"","thumbnail":"","medium":"","medium_large":"","large":"","1536x1536":"","2048x2048":"","covernews-featured":"","covernews-medium":""},"author_info":{"display_name":"Redacci\u00f3n QP","author_link":"https:\/\/quehacerpolitico.mx\/?author=2"},"category_info":"<a href=\"https:\/\/quehacerpolitico.mx\/?cat=58\" rel=\"category\">Cultura y Entretenimiento<\/a>","tag_info":"Cultura y Entretenimiento","comment_count":"0","_links":{"self":[{"href":"https:\/\/quehacerpolitico.mx\/index.php?rest_route=\/wp\/v2\/posts\/19024","targetHints":{"allow":["GET"]}}],"collection":[{"href":"https:\/\/quehacerpolitico.mx\/index.php?rest_route=\/wp\/v2\/posts"}],"about":[{"href":"https:\/\/quehacerpolitico.mx\/index.php?rest_route=\/wp\/v2\/types\/post"}],"author":[{"embeddable":true,"href":"https:\/\/quehacerpolitico.mx\/index.php?rest_route=\/wp\/v2\/users\/2"}],"replies":[{"embeddable":true,"href":"https:\/\/quehacerpolitico.mx\/index.php?rest_route=%2Fwp%2Fv2%2Fcomments&post=19024"}],"version-history":[{"count":0,"href":"https:\/\/quehacerpolitico.mx\/index.php?rest_route=\/wp\/v2\/posts\/19024\/revisions"}],"wp:featuredmedia":[{"embeddable":true,"href":"https:\/\/quehacerpolitico.mx\/index.php?rest_route=\/"}],"wp:attachment":[{"href":"https:\/\/quehacerpolitico.mx\/index.php?rest_route=%2Fwp%2Fv2%2Fmedia&parent=19024"}],"wp:term":[{"taxonomy":"category","embeddable":true,"href":"https:\/\/quehacerpolitico.mx\/index.php?rest_route=%2Fwp%2Fv2%2Fcategories&post=19024"},{"taxonomy":"post_tag","embeddable":true,"href":"https:\/\/quehacerpolitico.mx\/index.php?rest_route=%2Fwp%2Fv2%2Ftags&post=19024"}],"curies":[{"name":"wp","href":"https:\/\/api.w.org\/{rel}","templated":true}]}}