{"id":18975,"date":"2019-03-03T17:50:25","date_gmt":"2019-03-03T17:50:25","guid":{"rendered":"http:\/\/quehacerpolitico.mx\/chivas-cedio-ante-los-regios\/"},"modified":"2019-03-03T17:50:25","modified_gmt":"2019-03-03T17:50:25","slug":"chivas-cedio-ante-los-regios","status":"publish","type":"post","link":"https:\/\/quehacerpolitico.mx\/?p=18975","title":{"rendered":"Chivas cedi\u00f3 ante los regios"},"content":{"rendered":"<h1 class=\"news-title\">Chivas cedi\u00f3 ante los regios<\/h1>\n<p>Por Redacci\u00f3n QP<\/p>\n<p>Dos tiros de media distancia y poca claridad al frente le cuestan a Chivas la derrota en casa<\/p>\n<p>Monterrey demostr\u00f3 por qu\u00e9 es la plantilla m\u00e1s cara del campeonato. Chivas demostr\u00f3 \u00a0por qu\u00e9 vale la mitad que Rayados.<\/p>\n<p><strong>El Reba\u00f1o fue borrado por el equipo regio que requiri\u00f3 de un par de ca\u00f1onazos de DorlanPab\u00f3n en el arranque y en la agon\u00eda del juego, para vencer 2-0 a Chivas y dejar a los locales con 14 puntos y en peligro de salir de zona de clasificaci\u00f3n.<\/strong><\/p>\n<p>Jos\u00e9 Cardozo mand\u00f3 a su equipo sin modificaciones respecto a los dos \u00faltimos partidos de la Liga, pero apenas en 90 segundos ya perd\u00eda el cotejo con un doble error en la zaga.<\/p>\n<p>Primero, Jair Pereira quiso salir jugando con un trazo largo como si fuera Rafa M\u00e1rquez y termin\u00f3 saliendo como Jair, es decir, entregando la pelota en medio campo. El esf\u00e9rico cay\u00f3 para Pab\u00f3n, quien desde tres cuartos de cancha le peg\u00f3 al arco, donde Ra\u00fal Gudi\u00f1o tuvo su pecado recurrente: se tir\u00f3 desde donde estaba, sin recorrer, y el disparo del colombiano se meti\u00f3 pegado al poste derecho para el 1-0 de Rayados.<\/p>\n<p><strong>Al Reba\u00f1o le cost\u00f3 meterse en el juego ante un Monterrey que le arrebat\u00f3 el esf\u00e9rico y lo apret\u00f3 en toda la cancha. Al minuto 33 Chivas se salv\u00f3 del segundo gol cuando Gudi\u00f1o hizo una triple atajada espectacular.<\/strong><\/p>\n<p>Sobre el final de la primera mitad lleg\u00f3 la \u00fanica jugada peligrosa del Reba\u00f1o cuando Josecarlos Van Rankin escap\u00f3 por derecha y meti\u00f3 servicio violento a segundo poste que Carlos Cisneros se encontr\u00f3 y s\u00f3lo atin\u00f3 a meterle la rodilla para ponerlo en el larguero. Fue todo para Chivas en ese primer tiempo.<\/p>\n<p>En el complemento el Reba\u00f1o fue m\u00e1s vehemente, pero los circuitos se manten\u00edan interrumpidos con un Monterrey de rendimiento parejo.<\/p>\n<p><strong>Sobre los 10 minutos de la reanudaci\u00f3n entraron Ronaldo Cisneros y Luis Madrigal con la idea de que llovieran los centros al \u00e1rea, cosa que s\u00ed ocurri\u00f3 pero no con la certeza requerida.<\/strong><\/p>\n<p>Uno de esos servicios gener\u00f3 la esperanza del p\u00fablico rojiblanco, cuando Jes\u00fas Molina remat\u00f3 a segundo poste un centro a bal\u00f3n parado de Alan Pulido por derecha, para ponerlo en las redes. La explosi\u00f3n del Akron se apag\u00f3 con la revisi\u00f3n del VAR, que sancion\u00f3 fuera de lugar.<\/p>\n<p><strong>Monterrey ajust\u00f3 con los ingresos de FunesMori, Maxi Meza y C\u00e9sar Montes y Chivas se ahog\u00f3 en su lluvia de centros hasta que DorlanPab\u00f3n, con otro ca\u00f1onazo cuando se acababa el juego, dibuj\u00f3 el 2-0 con el que Monterrey venci\u00f3 a Chivas y puso las cosas claras.<\/strong><\/p>\n<h3>Momentos clave<\/h3>\n<h4>Tres errores, un gol<\/h4>\n<div>\n<figure class=\"image\"><img decoding=\"async\" title=\"\" src=\"https:\/\/www.informador.mx\/export\/sites\/elinformador\/img\/2019\/03\/03\/imagen_20190303-636871857375017131.jpg_347421144.jpg\" alt=\"\" hspace=\"5\" vspace=\"5\" data-height=\"466\" data-size=\"w:2008,h:1339\" data-width=\"700\" \/><figcaption>EFE<\/figcaption><\/figure>\n<\/div>\n<p>Primer error: Jair Pereira quiso salir con toque largo y termin\u00f3 entreg\u00e1ndola a Carlos Rodr\u00edguez. Segundo error: Dorlan Pab\u00f3n recibe y Dieter Villalpando no presiona. Tercer error: Ra\u00fal Gudi\u00f1o no hace bien su recorrido y cae el gol. El acierto es de Pab\u00f3n en el tiro de media distancia que sorprendi\u00f3 en el arranque de partido.<\/p>\n<h4>Desorientados<\/h4>\n<div>\n<figure class=\"image\"><img decoding=\"async\" title=\"\" src=\"https:\/\/www.informador.mx\/export\/sites\/elinformador\/img\/2019\/03\/03\/imagen_chivas-vs-mty-02-de-marzo-2019-3-201_x10845076x.jpg_347421144.jpg\" alt=\"\" hspace=\"5\" vspace=\"5\" data-height=\"466\" data-size=\"w:2008,h:1339\" data-width=\"700\" \/><figcaption>EL INFORMADOR<\/figcaption><\/figure>\n<\/div>\n<p>Desde el inicio del encuentro Chivas se vio sorprendido por la presi\u00f3n que ejerci\u00f3 Rayados, que con el paso del tiempo desesper\u00f3 al Guadalajara y provoc\u00f3 que perdieran muchos balones, as\u00ed como l\u00edneas distantes una de otra. El primer tiempo fue malo del local; mejor\u00f3 en el segundo, pero no le alcanz\u00f3.<\/p>\n<h4>Inferioridad que ni se sinti\u00f3<\/h4>\n<div>\n<figure class=\"image\"><img decoding=\"async\" title=\"\" src=\"https:\/\/www.informador.mx\/export\/sites\/elinformador\/img\/2019\/03\/03\/imagen_20190302_838_1.jpg_348344665.jpg\" alt=\"\" hspace=\"5\" vspace=\"5\" data-height=\"465\" data-size=\"w:2013,h:1339\" data-width=\"700\" \/><figcaption>MEXSPORT<\/figcaption><\/figure>\n<\/div>\n<p>Rodolfo Pizarro fue expulsado al minuto 80 y Rayados dio prioridad al orden defensivo, s\u00f3lo Rogelio Funes Mori se qued\u00f3 en el ataque. Chivas hab\u00eda mandado a Guillermo Madrigal y Ronaldo Cisneros, as\u00ed que Rayados cambi\u00f3 a l\u00ednea de cinco con el ingreso de C\u00e9sar Montes. Esperaban una individual y Pab\u00f3n lo liquid\u00f3.\u00a0<\/p>\n<h3>Alineaciones<\/h3>\n<h4>Chivas<\/h4>\n<p>1. Ra\u00fal Gudi\u00f1o, 2. Josecarlos Van Rankin, 4. Jair Pereira, 21. Hiram Mier, 16. Miguel Ponce, 11. Isaac Brizuela, 20. Jes\u00fas Molina, 6. Dieter Villalpando, 24. Carlos Cisneros, 9. Alan Pulido, 7. Alexis Vega, DT. Jos\u00e9 Cardozo.<\/p>\n<p><strong>Cambios<\/strong><\/p>\n<p>52\u2019 18. Ronaldo Cisneros por 24. Cisneros<br \/>65\u2019 19. Luis Madrigal por 7. Vega<br \/>82\u2019 13. Gael Sandoval por 16. Ponce<\/p>\n<h4>Monterrey<\/h4>\n<p>1. Marcelo Barovero, 21. Miguel Lay\u00fan, 4. Nicol\u00e1s S\u00e1nchez, 23. Johan V\u00e1squez, 11. Leonel Vangioni, 29. Carlos Rodr\u00edguez, 16. Celso Ortiz, 17. Jes\u00fas Gallardo, 20. Rodolfo Pizarro, 8. Dorlan Pab\u00f3n, 19. \u00c1ngel Zald\u00edvar, DT. Diego Alonso.<\/p>\n<p><strong>Cambios<\/strong><\/p>\n<p>67\u2019 7. Rogelio Funes Mori por 19. Zald\u00edvar<br \/>76\u2019 32. Maxi Meza por 29. Rodr\u00edguez<br \/>76\u2019 3. C\u00e9sar Montes por 17. Gallardo<\/p>\n<ul>\n<li>Sede: Estadio Akron<\/li>\n<li>\u00c1rbitro: Adona\u00ed Escobedo<\/li>\n<\/ul>\n","protected":false},"excerpt":{"rendered":"<p>Chivas cedi\u00f3 ante los regios<br \/>\nPor Redacci\u00f3n QP<\/p>\n","protected":false},"author":2,"featured_media":18974,"comment_status":"open","ping_status":"open","sticky":false,"template":"","format":"standard","meta":{"_monsterinsights_skip_tracking":false,"_monsterinsights_sitenote_active":false,"_monsterinsights_sitenote_note":"","_monsterinsights_sitenote_category":0,"footnotes":""},"categories":[54],"tags":[],"class_list":["post-18975","post","type-post","status-publish","format-standard","has-post-thumbnail","hentry","category-deportes"],"yoast_head":"<!-- This site is optimized with the Yoast SEO plugin v27.3 - https:\/\/yoast.com\/product\/yoast-seo-wordpress\/ -->\n<title>Chivas cedi\u00f3 ante los regios -<\/title>\n<meta name=\"robots\" content=\"index, follow, max-snippet:-1, max-image-preview:large, max-video-preview:-1\" \/>\n<link rel=\"canonical\" href=\"https:\/\/quehacerpolitico.mx\/?p=18975\" \/>\n<meta property=\"og:locale\" content=\"es_MX\" \/>\n<meta property=\"og:type\" content=\"article\" \/>\n<meta property=\"og:title\" content=\"Chivas cedi\u00f3 ante los regios -\" \/>\n<meta property=\"og:description\" content=\"Chivas cedi\u00f3 ante los regios Por Redacci\u00f3n QP\" \/>\n<meta property=\"og:url\" content=\"https:\/\/quehacerpolitico.mx\/?p=18975\" \/>\n<meta property=\"article:published_time\" content=\"2019-03-03T17:50:25+00:00\" \/>\n<meta name=\"author\" content=\"Redacci\u00f3n QP\" \/>\n<meta name=\"twitter:card\" content=\"summary_large_image\" \/>\n<meta name=\"twitter:label1\" content=\"Escrito por\" \/>\n\t<meta name=\"twitter:data1\" content=\"Redacci\u00f3n QP\" \/>\n\t<meta name=\"twitter:label2\" content=\"Tiempo de lectura\" \/>\n\t<meta name=\"twitter:data2\" content=\"4 minutos\" \/>\n<script type=\"application\/ld+json\" class=\"yoast-schema-graph\">{\"@context\":\"https:\\\/\\\/schema.org\",\"@graph\":[{\"@type\":\"Article\",\"@id\":\"https:\\\/\\\/quehacerpolitico.mx\\\/?p=18975#article\",\"isPartOf\":{\"@id\":\"https:\\\/\\\/quehacerpolitico.mx\\\/?p=18975\"},\"author\":{\"name\":\"Redacci\u00f3n QP\",\"@id\":\"https:\\\/\\\/quehacerpolitico.mx\\\/#\\\/schema\\\/person\\\/496d8ad2d1d3f8036101dca7ee39e585\"},\"headline\":\"Chivas cedi\u00f3 ante los regios\",\"datePublished\":\"2019-03-03T17:50:25+00:00\",\"mainEntityOfPage\":{\"@id\":\"https:\\\/\\\/quehacerpolitico.mx\\\/?p=18975\"},\"wordCount\":761,\"commentCount\":0,\"image\":{\"@id\":\"https:\\\/\\\/quehacerpolitico.mx\\\/?p=18975#primaryimage\"},\"thumbnailUrl\":\"\",\"articleSection\":[\"Deportes\"],\"inLanguage\":\"es\",\"potentialAction\":[{\"@type\":\"CommentAction\",\"name\":\"Comment\",\"target\":[\"https:\\\/\\\/quehacerpolitico.mx\\\/?p=18975#respond\"]}]},{\"@type\":\"WebPage\",\"@id\":\"https:\\\/\\\/quehacerpolitico.mx\\\/?p=18975\",\"url\":\"https:\\\/\\\/quehacerpolitico.mx\\\/?p=18975\",\"name\":\"Chivas cedi\u00f3 ante los regios -\",\"isPartOf\":{\"@id\":\"https:\\\/\\\/quehacerpolitico.mx\\\/#website\"},\"primaryImageOfPage\":{\"@id\":\"https:\\\/\\\/quehacerpolitico.mx\\\/?p=18975#primaryimage\"},\"image\":{\"@id\":\"https:\\\/\\\/quehacerpolitico.mx\\\/?p=18975#primaryimage\"},\"thumbnailUrl\":\"\",\"datePublished\":\"2019-03-03T17:50:25+00:00\",\"author\":{\"@id\":\"https:\\\/\\\/quehacerpolitico.mx\\\/#\\\/schema\\\/person\\\/496d8ad2d1d3f8036101dca7ee39e585\"},\"breadcrumb\":{\"@id\":\"https:\\\/\\\/quehacerpolitico.mx\\\/?p=18975#breadcrumb\"},\"inLanguage\":\"es\",\"potentialAction\":[{\"@type\":\"ReadAction\",\"target\":[\"https:\\\/\\\/quehacerpolitico.mx\\\/?p=18975\"]}]},{\"@type\":\"ImageObject\",\"inLanguage\":\"es\",\"@id\":\"https:\\\/\\\/quehacerpolitico.mx\\\/?p=18975#primaryimage\",\"url\":\"\",\"contentUrl\":\"\"},{\"@type\":\"BreadcrumbList\",\"@id\":\"https:\\\/\\\/quehacerpolitico.mx\\\/?p=18975#breadcrumb\",\"itemListElement\":[{\"@type\":\"ListItem\",\"position\":1,\"name\":\"Inicio\",\"item\":\"https:\\\/\\\/quehacerpolitico.mx\\\/\"},{\"@type\":\"ListItem\",\"position\":2,\"name\":\"Chivas cedi\u00f3 ante los regios\"}]},{\"@type\":\"WebSite\",\"@id\":\"https:\\\/\\\/quehacerpolitico.mx\\\/#website\",\"url\":\"https:\\\/\\\/quehacerpolitico.mx\\\/\",\"name\":\"\",\"description\":\"\",\"potentialAction\":[{\"@type\":\"SearchAction\",\"target\":{\"@type\":\"EntryPoint\",\"urlTemplate\":\"https:\\\/\\\/quehacerpolitico.mx\\\/?s={search_term_string}\"},\"query-input\":{\"@type\":\"PropertyValueSpecification\",\"valueRequired\":true,\"valueName\":\"search_term_string\"}}],\"inLanguage\":\"es\"},{\"@type\":\"Person\",\"@id\":\"https:\\\/\\\/quehacerpolitico.mx\\\/#\\\/schema\\\/person\\\/496d8ad2d1d3f8036101dca7ee39e585\",\"name\":\"Redacci\u00f3n QP\",\"image\":{\"@type\":\"ImageObject\",\"inLanguage\":\"es\",\"@id\":\"https:\\\/\\\/secure.gravatar.com\\\/avatar\\\/c7164ed6fdec453195284ad24a5ae5b6e1eed2b848477fa2a4787ba9adf39a41?s=96&d=mm&r=g\",\"url\":\"https:\\\/\\\/secure.gravatar.com\\\/avatar\\\/c7164ed6fdec453195284ad24a5ae5b6e1eed2b848477fa2a4787ba9adf39a41?s=96&d=mm&r=g\",\"contentUrl\":\"https:\\\/\\\/secure.gravatar.com\\\/avatar\\\/c7164ed6fdec453195284ad24a5ae5b6e1eed2b848477fa2a4787ba9adf39a41?s=96&d=mm&r=g\",\"caption\":\"Redacci\u00f3n QP\"},\"url\":\"https:\\\/\\\/quehacerpolitico.mx\\\/?author=2\"}]}<\/script>\n<!-- \/ Yoast SEO plugin. -->","yoast_head_json":{"title":"Chivas cedi\u00f3 ante los regios -","robots":{"index":"index","follow":"follow","max-snippet":"max-snippet:-1","max-image-preview":"max-image-preview:large","max-video-preview":"max-video-preview:-1"},"canonical":"https:\/\/quehacerpolitico.mx\/?p=18975","og_locale":"es_MX","og_type":"article","og_title":"Chivas cedi\u00f3 ante los regios -","og_description":"Chivas cedi\u00f3 ante los regios Por Redacci\u00f3n QP","og_url":"https:\/\/quehacerpolitico.mx\/?p=18975","article_published_time":"2019-03-03T17:50:25+00:00","author":"Redacci\u00f3n QP","twitter_card":"summary_large_image","twitter_misc":{"Escrito por":"Redacci\u00f3n QP","Tiempo de lectura":"4 minutos"},"schema":{"@context":"https:\/\/schema.org","@graph":[{"@type":"Article","@id":"https:\/\/quehacerpolitico.mx\/?p=18975#article","isPartOf":{"@id":"https:\/\/quehacerpolitico.mx\/?p=18975"},"author":{"name":"Redacci\u00f3n QP","@id":"https:\/\/quehacerpolitico.mx\/#\/schema\/person\/496d8ad2d1d3f8036101dca7ee39e585"},"headline":"Chivas cedi\u00f3 ante los regios","datePublished":"2019-03-03T17:50:25+00:00","mainEntityOfPage":{"@id":"https:\/\/quehacerpolitico.mx\/?p=18975"},"wordCount":761,"commentCount":0,"image":{"@id":"https:\/\/quehacerpolitico.mx\/?p=18975#primaryimage"},"thumbnailUrl":"","articleSection":["Deportes"],"inLanguage":"es","potentialAction":[{"@type":"CommentAction","name":"Comment","target":["https:\/\/quehacerpolitico.mx\/?p=18975#respond"]}]},{"@type":"WebPage","@id":"https:\/\/quehacerpolitico.mx\/?p=18975","url":"https:\/\/quehacerpolitico.mx\/?p=18975","name":"Chivas cedi\u00f3 ante los regios -","isPartOf":{"@id":"https:\/\/quehacerpolitico.mx\/#website"},"primaryImageOfPage":{"@id":"https:\/\/quehacerpolitico.mx\/?p=18975#primaryimage"},"image":{"@id":"https:\/\/quehacerpolitico.mx\/?p=18975#primaryimage"},"thumbnailUrl":"","datePublished":"2019-03-03T17:50:25+00:00","author":{"@id":"https:\/\/quehacerpolitico.mx\/#\/schema\/person\/496d8ad2d1d3f8036101dca7ee39e585"},"breadcrumb":{"@id":"https:\/\/quehacerpolitico.mx\/?p=18975#breadcrumb"},"inLanguage":"es","potentialAction":[{"@type":"ReadAction","target":["https:\/\/quehacerpolitico.mx\/?p=18975"]}]},{"@type":"ImageObject","inLanguage":"es","@id":"https:\/\/quehacerpolitico.mx\/?p=18975#primaryimage","url":"","contentUrl":""},{"@type":"BreadcrumbList","@id":"https:\/\/quehacerpolitico.mx\/?p=18975#breadcrumb","itemListElement":[{"@type":"ListItem","position":1,"name":"Inicio","item":"https:\/\/quehacerpolitico.mx\/"},{"@type":"ListItem","position":2,"name":"Chivas cedi\u00f3 ante los regios"}]},{"@type":"WebSite","@id":"https:\/\/quehacerpolitico.mx\/#website","url":"https:\/\/quehacerpolitico.mx\/","name":"","description":"","potentialAction":[{"@type":"SearchAction","target":{"@type":"EntryPoint","urlTemplate":"https:\/\/quehacerpolitico.mx\/?s={search_term_string}"},"query-input":{"@type":"PropertyValueSpecification","valueRequired":true,"valueName":"search_term_string"}}],"inLanguage":"es"},{"@type":"Person","@id":"https:\/\/quehacerpolitico.mx\/#\/schema\/person\/496d8ad2d1d3f8036101dca7ee39e585","name":"Redacci\u00f3n QP","image":{"@type":"ImageObject","inLanguage":"es","@id":"https:\/\/secure.gravatar.com\/avatar\/c7164ed6fdec453195284ad24a5ae5b6e1eed2b848477fa2a4787ba9adf39a41?s=96&d=mm&r=g","url":"https:\/\/secure.gravatar.com\/avatar\/c7164ed6fdec453195284ad24a5ae5b6e1eed2b848477fa2a4787ba9adf39a41?s=96&d=mm&r=g","contentUrl":"https:\/\/secure.gravatar.com\/avatar\/c7164ed6fdec453195284ad24a5ae5b6e1eed2b848477fa2a4787ba9adf39a41?s=96&d=mm&r=g","caption":"Redacci\u00f3n QP"},"url":"https:\/\/quehacerpolitico.mx\/?author=2"}]}},"featured_image_urls":{"full":"","thumbnail":"","medium":"","medium_large":"","large":"","1536x1536":"","2048x2048":"","covernews-featured":"","covernews-medium":""},"author_info":{"display_name":"Redacci\u00f3n QP","author_link":"https:\/\/quehacerpolitico.mx\/?author=2"},"category_info":"<a href=\"https:\/\/quehacerpolitico.mx\/?cat=54\" rel=\"category\">Deportes<\/a>","tag_info":"Deportes","comment_count":"0","_links":{"self":[{"href":"https:\/\/quehacerpolitico.mx\/index.php?rest_route=\/wp\/v2\/posts\/18975","targetHints":{"allow":["GET"]}}],"collection":[{"href":"https:\/\/quehacerpolitico.mx\/index.php?rest_route=\/wp\/v2\/posts"}],"about":[{"href":"https:\/\/quehacerpolitico.mx\/index.php?rest_route=\/wp\/v2\/types\/post"}],"author":[{"embeddable":true,"href":"https:\/\/quehacerpolitico.mx\/index.php?rest_route=\/wp\/v2\/users\/2"}],"replies":[{"embeddable":true,"href":"https:\/\/quehacerpolitico.mx\/index.php?rest_route=%2Fwp%2Fv2%2Fcomments&post=18975"}],"version-history":[{"count":0,"href":"https:\/\/quehacerpolitico.mx\/index.php?rest_route=\/wp\/v2\/posts\/18975\/revisions"}],"wp:featuredmedia":[{"embeddable":true,"href":"https:\/\/quehacerpolitico.mx\/index.php?rest_route=\/"}],"wp:attachment":[{"href":"https:\/\/quehacerpolitico.mx\/index.php?rest_route=%2Fwp%2Fv2%2Fmedia&parent=18975"}],"wp:term":[{"taxonomy":"category","embeddable":true,"href":"https:\/\/quehacerpolitico.mx\/index.php?rest_route=%2Fwp%2Fv2%2Fcategories&post=18975"},{"taxonomy":"post_tag","embeddable":true,"href":"https:\/\/quehacerpolitico.mx\/index.php?rest_route=%2Fwp%2Fv2%2Ftags&post=18975"}],"curies":[{"name":"wp","href":"https:\/\/api.w.org\/{rel}","templated":true}]}}