{"id":18920,"date":"2019-03-02T20:58:02","date_gmt":"2019-03-02T20:58:02","guid":{"rendered":"http:\/\/quehacerpolitico.mx\/retiran-planton-que-se-mantuvo-80-dias-afuera-de-la-scjn\/"},"modified":"2019-03-02T20:58:02","modified_gmt":"2019-03-02T20:58:02","slug":"retiran-planton-que-se-mantuvo-80-dias-afuera-de-la-scjn","status":"publish","type":"post","link":"https:\/\/quehacerpolitico.mx\/?p=18920","title":{"rendered":"Retiran plant\u00f3n que se mantuvo 80 d\u00edas afuera de la SCJN"},"content":{"rendered":"<h1 class=\"news-title\">Retiran plant\u00f3n que se mantuvo 80 d\u00edas afuera de la SCJN<\/h1>\n<p>Por Redacci\u00f3n QP<\/p>\n<header class=\"news-header\">\n<div class=\"news-subtitle\">\n<p>Exig\u00edan\u00a0que los ministros del m\u00e1ximo tribunal se redujeran el sueldo o renunciaran<\/p>\n<\/div>\n<\/header>\n<div class=\"news-content\">\n<div class=\"news-body row\">\n<p>El plant\u00f3n que se ubicaba en la entrada principal de la Suprema Corte de Justicia de la Naci\u00f3n (SCJN), liderado por el morenista Armando Monter, fue levantado este s\u00e1bado por la madrugada despu\u00e9s de 80 d\u00edas.<\/p>\n<p><strong>Los manifestantes, que ten\u00edan la consigna de exigir que los ministros del m\u00e1ximo tribunal se redujeran el sueldo o renunciaran, bloquearon el acceso del inmueble sobre la calle Pino Su\u00e1rez el 11 de diciembre de 2018<\/strong> y colocaron diversas tiendas de campa\u00f1a y pancartas en las que se le\u00edan &#8220;SCJN prostituta&#8221;, asimismo, mesas de recolecci\u00f3n de firmas y figuras con vestimenta de ministro y cabeza de cerdo.<\/p>\n<p>En entrevista el pasado 7 de febrero, Monter asegur\u00f3 ser militante de Morena y simpatizar con los ideales del Presidente AAndres Manuel L\u00f3pez Obrador<\/p>\n<p>&#8220;Queremos que los ministros, magistrados y jueces apliquen como cualquier persona y que se lleve a las urnas, que el pueblo decida. Ya no queremos que estos ministros sean puestos por dedazo presidencial&#8221;, expuso.<\/p>\n<p>Los 35 hombres y mujeres que manten\u00edan cercadas las puertas de bronce de tres y media toneladas afirmaban haber tenido pl\u00e1ticas con personal de Gobernaci\u00f3n a fin de alcanzar un acuerdo.<\/p>\n<p>Cabe destacar que Monter -quien en sus redes sociales tiene fotograf\u00edas con personajes como Olga S\u00e1nchez Cordero, Yeidckol Polevnsky, Marti Batres y Manuel Bartlett- incluso mencion\u00f3 que AMLO estaba al tanto de sus pretensiones.<\/p>\n<p>Por su parte, L\u00f3pez Obrador, durante su conferencia de prensa matutina del 8 de febrero, sostuvo que desconoc\u00eda la raz\u00f3n por la que el campamento segu\u00eda impidiendo el acceso a la Corte y pidi\u00f3 a los manifestantes que lo levantaran.<\/p>\n<p>&#8220;No s\u00e9 bien porqu\u00e9 contin\u00faan. Seg\u00fan me informaron, era por los salarios de los ministros, pero eso ya est\u00e1 resolvi\u00e9ndose legalmente. Ojal\u00e1 ellos, por su propia voluntad decidan levantar la protesta, yo los llamar\u00eda a eso&#8221;.<\/p>\n<p>No obstante, pese al llamado del Ejecutivo, los miembros del plant\u00f3n dijeron que no se iban a quitar hasta que obtuvieran una respuesta favorable a sus demandas.<\/p>\n<p>&#8220;Nosotros no nos vamos a mover porque el Presidente ha dicho que respetar\u00e1 la libre expresi\u00f3n&#8221;.<\/p>\n<p>Algunas de las exigencias -adem\u00e1s de las ya mencionadas- inclu\u00edan la elecci\u00f3n democr\u00e1tica de los ministros y la creaci\u00f3n de un \u00f3rgano colegiado para que regule y supervise sus acciones.<\/p>\n<\/div>\n<\/div>\n","protected":false},"excerpt":{"rendered":"<p>Retiran plant\u00f3n que se mantuvo 80 d\u00edas afuera de la SCJN<br \/>\nPor Redacci\u00f3n QP<\/p>\n","protected":false},"author":2,"featured_media":18919,"comment_status":"open","ping_status":"open","sticky":false,"template":"","format":"standard","meta":{"_monsterinsights_skip_tracking":false,"_monsterinsights_sitenote_active":false,"_monsterinsights_sitenote_note":"","_monsterinsights_sitenote_category":0,"footnotes":""},"categories":[2],"tags":[],"class_list":["post-18920","post","type-post","status-publish","format-standard","has-post-thumbnail","hentry","category-noticias"],"yoast_head":"<!-- This site is optimized with the Yoast SEO plugin v27.3 - https:\/\/yoast.com\/product\/yoast-seo-wordpress\/ -->\n<title>Retiran plant\u00f3n que se mantuvo 80 d\u00edas afuera de la SCJN -<\/title>\n<meta name=\"robots\" content=\"index, follow, max-snippet:-1, max-image-preview:large, max-video-preview:-1\" \/>\n<link rel=\"canonical\" href=\"https:\/\/quehacerpolitico.mx\/?p=18920\" \/>\n<meta property=\"og:locale\" content=\"es_MX\" \/>\n<meta property=\"og:type\" content=\"article\" \/>\n<meta property=\"og:title\" content=\"Retiran plant\u00f3n que se mantuvo 80 d\u00edas afuera de la SCJN -\" \/>\n<meta property=\"og:description\" content=\"Retiran plant\u00f3n que se mantuvo 80 d\u00edas afuera de la SCJN Por Redacci\u00f3n QP\" \/>\n<meta property=\"og:url\" content=\"https:\/\/quehacerpolitico.mx\/?p=18920\" \/>\n<meta property=\"article:published_time\" content=\"2019-03-02T20:58:02+00:00\" \/>\n<meta name=\"author\" content=\"Redacci\u00f3n QP\" \/>\n<meta name=\"twitter:card\" content=\"summary_large_image\" \/>\n<meta name=\"twitter:label1\" content=\"Escrito por\" \/>\n\t<meta name=\"twitter:data1\" content=\"Redacci\u00f3n QP\" \/>\n\t<meta name=\"twitter:label2\" content=\"Tiempo de lectura\" \/>\n\t<meta name=\"twitter:data2\" content=\"2 minutos\" \/>\n<script type=\"application\/ld+json\" class=\"yoast-schema-graph\">{\"@context\":\"https:\\\/\\\/schema.org\",\"@graph\":[{\"@type\":\"Article\",\"@id\":\"https:\\\/\\\/quehacerpolitico.mx\\\/?p=18920#article\",\"isPartOf\":{\"@id\":\"https:\\\/\\\/quehacerpolitico.mx\\\/?p=18920\"},\"author\":{\"name\":\"Redacci\u00f3n QP\",\"@id\":\"https:\\\/\\\/quehacerpolitico.mx\\\/#\\\/schema\\\/person\\\/496d8ad2d1d3f8036101dca7ee39e585\"},\"headline\":\"Retiran plant\u00f3n que se mantuvo 80 d\u00edas afuera de la SCJN\",\"datePublished\":\"2019-03-02T20:58:02+00:00\",\"mainEntityOfPage\":{\"@id\":\"https:\\\/\\\/quehacerpolitico.mx\\\/?p=18920\"},\"wordCount\":444,\"commentCount\":0,\"image\":{\"@id\":\"https:\\\/\\\/quehacerpolitico.mx\\\/?p=18920#primaryimage\"},\"thumbnailUrl\":\"\",\"articleSection\":[\"Noticias\"],\"inLanguage\":\"es\",\"potentialAction\":[{\"@type\":\"CommentAction\",\"name\":\"Comment\",\"target\":[\"https:\\\/\\\/quehacerpolitico.mx\\\/?p=18920#respond\"]}]},{\"@type\":\"WebPage\",\"@id\":\"https:\\\/\\\/quehacerpolitico.mx\\\/?p=18920\",\"url\":\"https:\\\/\\\/quehacerpolitico.mx\\\/?p=18920\",\"name\":\"Retiran plant\u00f3n que se mantuvo 80 d\u00edas afuera de la SCJN -\",\"isPartOf\":{\"@id\":\"https:\\\/\\\/quehacerpolitico.mx\\\/#website\"},\"primaryImageOfPage\":{\"@id\":\"https:\\\/\\\/quehacerpolitico.mx\\\/?p=18920#primaryimage\"},\"image\":{\"@id\":\"https:\\\/\\\/quehacerpolitico.mx\\\/?p=18920#primaryimage\"},\"thumbnailUrl\":\"\",\"datePublished\":\"2019-03-02T20:58:02+00:00\",\"author\":{\"@id\":\"https:\\\/\\\/quehacerpolitico.mx\\\/#\\\/schema\\\/person\\\/496d8ad2d1d3f8036101dca7ee39e585\"},\"breadcrumb\":{\"@id\":\"https:\\\/\\\/quehacerpolitico.mx\\\/?p=18920#breadcrumb\"},\"inLanguage\":\"es\",\"potentialAction\":[{\"@type\":\"ReadAction\",\"target\":[\"https:\\\/\\\/quehacerpolitico.mx\\\/?p=18920\"]}]},{\"@type\":\"ImageObject\",\"inLanguage\":\"es\",\"@id\":\"https:\\\/\\\/quehacerpolitico.mx\\\/?p=18920#primaryimage\",\"url\":\"\",\"contentUrl\":\"\"},{\"@type\":\"BreadcrumbList\",\"@id\":\"https:\\\/\\\/quehacerpolitico.mx\\\/?p=18920#breadcrumb\",\"itemListElement\":[{\"@type\":\"ListItem\",\"position\":1,\"name\":\"Inicio\",\"item\":\"https:\\\/\\\/quehacerpolitico.mx\\\/\"},{\"@type\":\"ListItem\",\"position\":2,\"name\":\"Retiran plant\u00f3n que se mantuvo 80 d\u00edas afuera de la SCJN\"}]},{\"@type\":\"WebSite\",\"@id\":\"https:\\\/\\\/quehacerpolitico.mx\\\/#website\",\"url\":\"https:\\\/\\\/quehacerpolitico.mx\\\/\",\"name\":\"\",\"description\":\"\",\"potentialAction\":[{\"@type\":\"SearchAction\",\"target\":{\"@type\":\"EntryPoint\",\"urlTemplate\":\"https:\\\/\\\/quehacerpolitico.mx\\\/?s={search_term_string}\"},\"query-input\":{\"@type\":\"PropertyValueSpecification\",\"valueRequired\":true,\"valueName\":\"search_term_string\"}}],\"inLanguage\":\"es\"},{\"@type\":\"Person\",\"@id\":\"https:\\\/\\\/quehacerpolitico.mx\\\/#\\\/schema\\\/person\\\/496d8ad2d1d3f8036101dca7ee39e585\",\"name\":\"Redacci\u00f3n QP\",\"image\":{\"@type\":\"ImageObject\",\"inLanguage\":\"es\",\"@id\":\"https:\\\/\\\/secure.gravatar.com\\\/avatar\\\/c7164ed6fdec453195284ad24a5ae5b6e1eed2b848477fa2a4787ba9adf39a41?s=96&d=mm&r=g\",\"url\":\"https:\\\/\\\/secure.gravatar.com\\\/avatar\\\/c7164ed6fdec453195284ad24a5ae5b6e1eed2b848477fa2a4787ba9adf39a41?s=96&d=mm&r=g\",\"contentUrl\":\"https:\\\/\\\/secure.gravatar.com\\\/avatar\\\/c7164ed6fdec453195284ad24a5ae5b6e1eed2b848477fa2a4787ba9adf39a41?s=96&d=mm&r=g\",\"caption\":\"Redacci\u00f3n QP\"},\"url\":\"https:\\\/\\\/quehacerpolitico.mx\\\/?author=2\"}]}<\/script>\n<!-- \/ Yoast SEO plugin. -->","yoast_head_json":{"title":"Retiran plant\u00f3n que se mantuvo 80 d\u00edas afuera de la SCJN -","robots":{"index":"index","follow":"follow","max-snippet":"max-snippet:-1","max-image-preview":"max-image-preview:large","max-video-preview":"max-video-preview:-1"},"canonical":"https:\/\/quehacerpolitico.mx\/?p=18920","og_locale":"es_MX","og_type":"article","og_title":"Retiran plant\u00f3n que se mantuvo 80 d\u00edas afuera de la SCJN -","og_description":"Retiran plant\u00f3n que se mantuvo 80 d\u00edas afuera de la SCJN Por Redacci\u00f3n QP","og_url":"https:\/\/quehacerpolitico.mx\/?p=18920","article_published_time":"2019-03-02T20:58:02+00:00","author":"Redacci\u00f3n QP","twitter_card":"summary_large_image","twitter_misc":{"Escrito por":"Redacci\u00f3n QP","Tiempo de lectura":"2 minutos"},"schema":{"@context":"https:\/\/schema.org","@graph":[{"@type":"Article","@id":"https:\/\/quehacerpolitico.mx\/?p=18920#article","isPartOf":{"@id":"https:\/\/quehacerpolitico.mx\/?p=18920"},"author":{"name":"Redacci\u00f3n QP","@id":"https:\/\/quehacerpolitico.mx\/#\/schema\/person\/496d8ad2d1d3f8036101dca7ee39e585"},"headline":"Retiran plant\u00f3n que se mantuvo 80 d\u00edas afuera de la SCJN","datePublished":"2019-03-02T20:58:02+00:00","mainEntityOfPage":{"@id":"https:\/\/quehacerpolitico.mx\/?p=18920"},"wordCount":444,"commentCount":0,"image":{"@id":"https:\/\/quehacerpolitico.mx\/?p=18920#primaryimage"},"thumbnailUrl":"","articleSection":["Noticias"],"inLanguage":"es","potentialAction":[{"@type":"CommentAction","name":"Comment","target":["https:\/\/quehacerpolitico.mx\/?p=18920#respond"]}]},{"@type":"WebPage","@id":"https:\/\/quehacerpolitico.mx\/?p=18920","url":"https:\/\/quehacerpolitico.mx\/?p=18920","name":"Retiran plant\u00f3n que se mantuvo 80 d\u00edas afuera de la SCJN -","isPartOf":{"@id":"https:\/\/quehacerpolitico.mx\/#website"},"primaryImageOfPage":{"@id":"https:\/\/quehacerpolitico.mx\/?p=18920#primaryimage"},"image":{"@id":"https:\/\/quehacerpolitico.mx\/?p=18920#primaryimage"},"thumbnailUrl":"","datePublished":"2019-03-02T20:58:02+00:00","author":{"@id":"https:\/\/quehacerpolitico.mx\/#\/schema\/person\/496d8ad2d1d3f8036101dca7ee39e585"},"breadcrumb":{"@id":"https:\/\/quehacerpolitico.mx\/?p=18920#breadcrumb"},"inLanguage":"es","potentialAction":[{"@type":"ReadAction","target":["https:\/\/quehacerpolitico.mx\/?p=18920"]}]},{"@type":"ImageObject","inLanguage":"es","@id":"https:\/\/quehacerpolitico.mx\/?p=18920#primaryimage","url":"","contentUrl":""},{"@type":"BreadcrumbList","@id":"https:\/\/quehacerpolitico.mx\/?p=18920#breadcrumb","itemListElement":[{"@type":"ListItem","position":1,"name":"Inicio","item":"https:\/\/quehacerpolitico.mx\/"},{"@type":"ListItem","position":2,"name":"Retiran plant\u00f3n que se mantuvo 80 d\u00edas afuera de la SCJN"}]},{"@type":"WebSite","@id":"https:\/\/quehacerpolitico.mx\/#website","url":"https:\/\/quehacerpolitico.mx\/","name":"","description":"","potentialAction":[{"@type":"SearchAction","target":{"@type":"EntryPoint","urlTemplate":"https:\/\/quehacerpolitico.mx\/?s={search_term_string}"},"query-input":{"@type":"PropertyValueSpecification","valueRequired":true,"valueName":"search_term_string"}}],"inLanguage":"es"},{"@type":"Person","@id":"https:\/\/quehacerpolitico.mx\/#\/schema\/person\/496d8ad2d1d3f8036101dca7ee39e585","name":"Redacci\u00f3n QP","image":{"@type":"ImageObject","inLanguage":"es","@id":"https:\/\/secure.gravatar.com\/avatar\/c7164ed6fdec453195284ad24a5ae5b6e1eed2b848477fa2a4787ba9adf39a41?s=96&d=mm&r=g","url":"https:\/\/secure.gravatar.com\/avatar\/c7164ed6fdec453195284ad24a5ae5b6e1eed2b848477fa2a4787ba9adf39a41?s=96&d=mm&r=g","contentUrl":"https:\/\/secure.gravatar.com\/avatar\/c7164ed6fdec453195284ad24a5ae5b6e1eed2b848477fa2a4787ba9adf39a41?s=96&d=mm&r=g","caption":"Redacci\u00f3n QP"},"url":"https:\/\/quehacerpolitico.mx\/?author=2"}]}},"featured_image_urls":{"full":"","thumbnail":"","medium":"","medium_large":"","large":"","1536x1536":"","2048x2048":"","covernews-featured":"","covernews-medium":""},"author_info":{"display_name":"Redacci\u00f3n QP","author_link":"https:\/\/quehacerpolitico.mx\/?author=2"},"category_info":"<a href=\"https:\/\/quehacerpolitico.mx\/?cat=2\" rel=\"category\">Noticias<\/a>","tag_info":"Noticias","comment_count":"0","_links":{"self":[{"href":"https:\/\/quehacerpolitico.mx\/index.php?rest_route=\/wp\/v2\/posts\/18920","targetHints":{"allow":["GET"]}}],"collection":[{"href":"https:\/\/quehacerpolitico.mx\/index.php?rest_route=\/wp\/v2\/posts"}],"about":[{"href":"https:\/\/quehacerpolitico.mx\/index.php?rest_route=\/wp\/v2\/types\/post"}],"author":[{"embeddable":true,"href":"https:\/\/quehacerpolitico.mx\/index.php?rest_route=\/wp\/v2\/users\/2"}],"replies":[{"embeddable":true,"href":"https:\/\/quehacerpolitico.mx\/index.php?rest_route=%2Fwp%2Fv2%2Fcomments&post=18920"}],"version-history":[{"count":0,"href":"https:\/\/quehacerpolitico.mx\/index.php?rest_route=\/wp\/v2\/posts\/18920\/revisions"}],"wp:featuredmedia":[{"embeddable":true,"href":"https:\/\/quehacerpolitico.mx\/index.php?rest_route=\/"}],"wp:attachment":[{"href":"https:\/\/quehacerpolitico.mx\/index.php?rest_route=%2Fwp%2Fv2%2Fmedia&parent=18920"}],"wp:term":[{"taxonomy":"category","embeddable":true,"href":"https:\/\/quehacerpolitico.mx\/index.php?rest_route=%2Fwp%2Fv2%2Fcategories&post=18920"},{"taxonomy":"post_tag","embeddable":true,"href":"https:\/\/quehacerpolitico.mx\/index.php?rest_route=%2Fwp%2Fv2%2Ftags&post=18920"}],"curies":[{"name":"wp","href":"https:\/\/api.w.org\/{rel}","templated":true}]}}