{"id":18917,"date":"2019-03-02T19:05:43","date_gmt":"2019-03-02T19:05:43","guid":{"rendered":"http:\/\/quehacerpolitico.mx\/opositores-merecen-respeto-afirma-lopez-obrador\/"},"modified":"2019-03-02T19:05:43","modified_gmt":"2019-03-02T19:05:43","slug":"opositores-merecen-respeto-afirma-lopez-obrador","status":"publish","type":"post","link":"https:\/\/quehacerpolitico.mx\/?p=18917","title":{"rendered":"Opositores merecen respeto, afirma L\u00f3pez Obrador"},"content":{"rendered":"<h1 class=\"news-title\">Opositores merecen respeto, afirma L\u00f3pez Obrador<\/h1>\n<p>Por Redacci\u00f3n QP<\/p>\n<header class=\"news-header\">\n<div class=\"news-subtitle\">\n<p>Durante la entrega de Tandas para el Bienestar en el estado de Chihuahua, el Presidente se\u00f1ala que la Cuarta Transformaci\u00f3n tiene que ser para la reconciliaci\u00f3n nacional<\/p>\n<\/div>\n<\/header>\n<div class=\"news-content\">\n<div class=\"news-body row\">\n<p>El Presidente Andres Manuel L\u00f3pez Obrador\u00a0<strong>afirm\u00f3 que la Cuarta Transformaci\u00f3n tambi\u00e9n tiene que ser para la reconciliaci\u00f3n nacional<\/strong>, por lo que llam\u00f3 a la unidad a trabajar, juntos y sin pleitos, <strong>en beneficio de los mexicanos.<\/strong><\/p>\n<p><iframe loading=\"lazy\" title=\"Entrega #TandasParaElBienestar desde Chihuahua, Chihuahua | Gobierno de M\u00e9xico\" width=\"640\" height=\"360\" src=\"https:\/\/www.youtube.com\/embed\/06aQ4m8_5S4?feature=oembed\" frameborder=\"0\" allow=\"accelerometer; autoplay; clipboard-write; encrypted-media; gyroscope; picture-in-picture; web-share\" referrerpolicy=\"strict-origin-when-cross-origin\" allowfullscreen><\/iframe><\/p>\n<p>En ese sentido, durante la entrega de Tandas para el Bienestar en el estado de Chihuahua,\u00a0el Mandatario Federal expres\u00f3 su respeto absoluto y sin condiciones al gobernador de Chihuahua, Javier Corral Jurado, &#8220;podemos tener diferencias, porque eso es la democracia, es pluralidad, no es pensamiento \u00fanico&#8221;.<\/p>\n<p>Incuso, <strong>L\u00f3pez Obrador asever\u00f3 que &#8220;merecen m\u00e1s respeto los opositores que los abyectos&#8221;, e indic\u00f3 que se tiene que respetar a todas las autoridades, sobre todo si son autoridades leg\u00edtimas, surgidas de un proceso democr\u00e1tico,<\/strong>&#8220;cuando elige el pueblo se tiene que respetar a la autoridad&#8221;.\u00a0<\/p>\n<p>Por eso, a\u00f1adi\u00f3 el Presidente, tenemos que respetar a todos los autoridades. Lo dijo frente a Javier Corral Jurado, Gobernador de Chihuahua, y a\u00f1adi\u00f3: sobre todo si esas autoridades son emanadas de procesos leg\u00edtimos.<\/p>\n<blockquote>\n<p>\u201cPor eso mi respeto sin condiciones al Gobernador de Chihuahua, Javier Corral Jurado\u201d. Tenemos nuestras diferencias, dijo AMLO, pero se le va a respetar. \u201cMerecen m\u00e1s respeto los opositores que los abyectos\u201d, destac\u00f3 el Jefe del Ejecutivo federal.<\/p>\n<\/blockquote>\n<p>Nunca a Chihuahua le van a faltar recursos, ni tampoco habr\u00e1 represalias a las cr\u00edticas, a\u00f1adi\u00f3. \u201cFuimos mucho tiempo opositores y nos hicieron muchas cochinadas. No, no vamos a actuar as\u00ed, no somos los mismos\u201d, agreg\u00f3. \u201cLe reitero mi apoyo al Gobernador, no est\u00e1 solo y cuenta con el apoyo del Gobierno federal\u201d, dijo el Primer Mandatario.<\/p>\n<p>Antes, a la llegada de L\u00f3pez Obrador a Chihuahua, ninguno de los dos mandatarios quiso hablar sobre el tema que los confront\u00f3 durante esta semana: la creaci\u00f3n de un grupo de pol\u00edticos, intelectuales e integrantes de organizaciones civiles que pretende generar ideas de contrapeso al poder del actual Gobierno federal.<\/p>\n<p><strong>LA POL\u00c9MICA DE LOS CONTRAPESOS<\/strong><\/p>\n<p>El pasado 23 de febrero,\u00a0<em>Reforma<\/em>\u00a0inform\u00f3 sobre un frente integrado por el Gobernador de Jalisco, Enrique Alfaro, los empresarios Gustavo de Hoyos y Jos\u00e9 Luis \u201cChacho\u201d Barraza; los escritores Juan Villoro, H\u00e9ctor Aguilar Cam\u00edn y Jorge G. Casta\u00f1eda, y pol\u00edticos como Salom\u00f3n Chertorivski, Martha Tagle, Cecilia Soto, Agust\u00edn Basave, Luis Colosio Riojas y Emilio \u00c1lvarez Icaza.<\/p>\n<p>Sin embargo, el escritor e intelectual mexicano\u00a0Juan Villoro, Enrique Alfaro Ram\u00edrez, Gobernador de Jalisco, y el tambi\u00e9n escritor e intelectual\u00a0H\u00e9ctor Aguilar Cam\u00edn\u00a0se\u00a0deslindaron\u00a0de un\u00a0supuesto\u00a0frente\u00a0conformado por\u00a0pol\u00edticos,\u00a0empresarios,\u00a0activistas\u00a0e intelectuales que impulsar\u00eda movimientos de contrapeso al poder del\u00a0Presidente Andr\u00e9s Manuel L\u00f3pez Obrador.<\/p>\n<p>En repuesta, esta semana L\u00f3pez Obrador\u00a0habl\u00f3 durante su conferencia matutina del supuesto\u00a0grupo,\u00a0y\u00a0recomend\u00f3 al conservadurismo mexicano que \u201chaga bien las cosas\u201d, que formen una escuela de cuadros para formar la nueva clase pol\u00edtica conservadora del pa\u00eds. Sin embargo consider\u00f3 que por ahora s\u00f3lo \u201ces muy ficticio, es como para decirles ternuritas\u201d.<\/p>\n<blockquote>\n<p>El Jefe del Ejecutivo Federal asegur\u00f3 que \u201ces leg\u00edtimo, nosotros garantizamos el derecho a disentir, entiendo que est\u00e1n desesperados porque no se reponen el conservadurismo\u201d.<\/p>\n<\/blockquote>\n<p>El Presidente fue cuestionado sobre el supuesto frente que se arm\u00f3 para hacer un contrapeso a su Gobierno y que al parecer incluye a pol\u00edticos, empresarios y activistas.<\/p>\n<p><strong>LA F\u00d3RMULA NO TIENE PIERDE: AMLO<\/strong><\/p>\n<p>Acabar con la corrupci\u00f3n y la impunidad es la f\u00f3rmula con la que contribuiremos al bienestar de nuestro pueblo, dijo AMLO.<\/p>\n<blockquote>\n<p>El Presidente insisti\u00f3 en que con su Gobierno se acabar\u00e1 la corrupci\u00f3n, y repiti\u00f3 su ya famosa frase \u201c\u00a1Me canso ganso!\u201d, ante el aplauso y los gritos de los chihuahuenses reunidos en la plaza central de esa capital.<\/p>\n<\/blockquote>\n<p>Andr\u00e9s Manuel expuso que todav\u00eda hay resistencias del viejo sistema que est\u00e1n poniendo trabas para hacer los cambios, pero dio su palabra de no subir los precios del gas, de la luz y de las gasolinas en t\u00e9rminos reales.<\/p>\n<blockquote>\n<p>Tampoco, agreg\u00f3, habr\u00e1 necesidad de endeudarse \u201cy le digo a los financieros que habr\u00e1 disciplina fiscal\u201d. Todos los problemas se resolver\u00e1n poco a poco, a\u00f1adi\u00f3.<br \/>Unread messages<\/p>\n<\/blockquote>\n<p>\u201cSon muchos, grandes y graves los problemas nacionales. No estoy ech\u00e1ndome para atr\u00e1s, los vamos a enfrentar todos\u201d, reiter\u00f3 el Presidente.<\/p>\n<blockquote>\n<p>Queremos que los apoyos lleguen de manera directa a los beneficiarios, desde la Tesorer\u00eda del Gobierno federal hasta el beneficiario, destac\u00f3. No vamos a entregar nada a intermediarios, insisti\u00f3.<\/p>\n<\/blockquote>\n<p>\u00bfPor qu\u00e9 no?, pregunt\u00f3 el Jefe del Ejecutivo. \u201cPorque de esa manera no llega o llega con piquete de ojo, con moche\u201d, a\u00f1adi\u00f3 L\u00f3pez Obrador.<\/p>\n<blockquote>\n<p>Tambi\u00e9n dijo que las c\u00e1rceles est\u00e1n llenas de j\u00f3venes y los que pierden la vida en M\u00e9xico, en su mayor\u00eda, son j\u00f3venes. Por eso, agreg\u00f3, los j\u00f3venes tienen prioridad en los apoyos sociales para educaci\u00f3n y trabajo.<\/p>\n<\/blockquote>\n<p>El Jefe del Ejecutivo federal anunci\u00f3 dos universidades p\u00fablicas en Chihuahua: una en Urique y otra en Guadalupe y Calvo, y a ese \u00faltimo municipio, a\u00f1adi\u00f3, ya viene una carretera que unir\u00e1 a las sierras de Chihuahua y Sinaloa.<\/p>\n<\/div>\n<\/div>\n","protected":false},"excerpt":{"rendered":"<p>Opositores merecen respeto, afirma L\u00f3pez Obrador<br \/>\nPor Redacci\u00f3n QP<\/p>\n","protected":false},"author":2,"featured_media":18916,"comment_status":"open","ping_status":"open","sticky":false,"template":"","format":"standard","meta":{"_monsterinsights_skip_tracking":false,"_monsterinsights_sitenote_active":false,"_monsterinsights_sitenote_note":"","_monsterinsights_sitenote_category":0,"footnotes":""},"categories":[2],"tags":[],"class_list":["post-18917","post","type-post","status-publish","format-standard","has-post-thumbnail","hentry","category-noticias"],"yoast_head":"<!-- This site is optimized with the Yoast SEO plugin v27.3 - https:\/\/yoast.com\/product\/yoast-seo-wordpress\/ -->\n<title>Opositores merecen respeto, afirma L\u00f3pez Obrador -<\/title>\n<meta name=\"robots\" content=\"index, follow, max-snippet:-1, max-image-preview:large, max-video-preview:-1\" \/>\n<link rel=\"canonical\" href=\"https:\/\/quehacerpolitico.mx\/?p=18917\" \/>\n<meta property=\"og:locale\" content=\"es_MX\" \/>\n<meta property=\"og:type\" content=\"article\" \/>\n<meta property=\"og:title\" content=\"Opositores merecen respeto, afirma L\u00f3pez Obrador -\" \/>\n<meta property=\"og:description\" content=\"Opositores merecen respeto, afirma L\u00f3pez Obrador Por Redacci\u00f3n QP\" \/>\n<meta property=\"og:url\" content=\"https:\/\/quehacerpolitico.mx\/?p=18917\" \/>\n<meta property=\"article:published_time\" content=\"2019-03-02T19:05:43+00:00\" \/>\n<meta name=\"author\" content=\"Redacci\u00f3n QP\" \/>\n<meta name=\"twitter:card\" content=\"summary_large_image\" \/>\n<meta name=\"twitter:label1\" content=\"Escrito por\" \/>\n\t<meta name=\"twitter:data1\" content=\"Redacci\u00f3n QP\" \/>\n\t<meta name=\"twitter:label2\" content=\"Tiempo de lectura\" \/>\n\t<meta name=\"twitter:data2\" content=\"5 minutos\" \/>\n<script type=\"application\/ld+json\" class=\"yoast-schema-graph\">{\"@context\":\"https:\\\/\\\/schema.org\",\"@graph\":[{\"@type\":\"Article\",\"@id\":\"https:\\\/\\\/quehacerpolitico.mx\\\/?p=18917#article\",\"isPartOf\":{\"@id\":\"https:\\\/\\\/quehacerpolitico.mx\\\/?p=18917\"},\"author\":{\"name\":\"Redacci\u00f3n QP\",\"@id\":\"https:\\\/\\\/quehacerpolitico.mx\\\/#\\\/schema\\\/person\\\/496d8ad2d1d3f8036101dca7ee39e585\"},\"headline\":\"Opositores merecen respeto, afirma L\u00f3pez Obrador\",\"datePublished\":\"2019-03-02T19:05:43+00:00\",\"mainEntityOfPage\":{\"@id\":\"https:\\\/\\\/quehacerpolitico.mx\\\/?p=18917\"},\"wordCount\":928,\"commentCount\":0,\"image\":{\"@id\":\"https:\\\/\\\/quehacerpolitico.mx\\\/?p=18917#primaryimage\"},\"thumbnailUrl\":\"\",\"articleSection\":[\"Noticias\"],\"inLanguage\":\"es\",\"potentialAction\":[{\"@type\":\"CommentAction\",\"name\":\"Comment\",\"target\":[\"https:\\\/\\\/quehacerpolitico.mx\\\/?p=18917#respond\"]}]},{\"@type\":\"WebPage\",\"@id\":\"https:\\\/\\\/quehacerpolitico.mx\\\/?p=18917\",\"url\":\"https:\\\/\\\/quehacerpolitico.mx\\\/?p=18917\",\"name\":\"Opositores merecen respeto, afirma L\u00f3pez Obrador -\",\"isPartOf\":{\"@id\":\"https:\\\/\\\/quehacerpolitico.mx\\\/#website\"},\"primaryImageOfPage\":{\"@id\":\"https:\\\/\\\/quehacerpolitico.mx\\\/?p=18917#primaryimage\"},\"image\":{\"@id\":\"https:\\\/\\\/quehacerpolitico.mx\\\/?p=18917#primaryimage\"},\"thumbnailUrl\":\"\",\"datePublished\":\"2019-03-02T19:05:43+00:00\",\"author\":{\"@id\":\"https:\\\/\\\/quehacerpolitico.mx\\\/#\\\/schema\\\/person\\\/496d8ad2d1d3f8036101dca7ee39e585\"},\"breadcrumb\":{\"@id\":\"https:\\\/\\\/quehacerpolitico.mx\\\/?p=18917#breadcrumb\"},\"inLanguage\":\"es\",\"potentialAction\":[{\"@type\":\"ReadAction\",\"target\":[\"https:\\\/\\\/quehacerpolitico.mx\\\/?p=18917\"]}]},{\"@type\":\"ImageObject\",\"inLanguage\":\"es\",\"@id\":\"https:\\\/\\\/quehacerpolitico.mx\\\/?p=18917#primaryimage\",\"url\":\"\",\"contentUrl\":\"\"},{\"@type\":\"BreadcrumbList\",\"@id\":\"https:\\\/\\\/quehacerpolitico.mx\\\/?p=18917#breadcrumb\",\"itemListElement\":[{\"@type\":\"ListItem\",\"position\":1,\"name\":\"Inicio\",\"item\":\"https:\\\/\\\/quehacerpolitico.mx\\\/\"},{\"@type\":\"ListItem\",\"position\":2,\"name\":\"Opositores merecen respeto, afirma L\u00f3pez Obrador\"}]},{\"@type\":\"WebSite\",\"@id\":\"https:\\\/\\\/quehacerpolitico.mx\\\/#website\",\"url\":\"https:\\\/\\\/quehacerpolitico.mx\\\/\",\"name\":\"\",\"description\":\"\",\"potentialAction\":[{\"@type\":\"SearchAction\",\"target\":{\"@type\":\"EntryPoint\",\"urlTemplate\":\"https:\\\/\\\/quehacerpolitico.mx\\\/?s={search_term_string}\"},\"query-input\":{\"@type\":\"PropertyValueSpecification\",\"valueRequired\":true,\"valueName\":\"search_term_string\"}}],\"inLanguage\":\"es\"},{\"@type\":\"Person\",\"@id\":\"https:\\\/\\\/quehacerpolitico.mx\\\/#\\\/schema\\\/person\\\/496d8ad2d1d3f8036101dca7ee39e585\",\"name\":\"Redacci\u00f3n QP\",\"image\":{\"@type\":\"ImageObject\",\"inLanguage\":\"es\",\"@id\":\"https:\\\/\\\/secure.gravatar.com\\\/avatar\\\/c7164ed6fdec453195284ad24a5ae5b6e1eed2b848477fa2a4787ba9adf39a41?s=96&d=mm&r=g\",\"url\":\"https:\\\/\\\/secure.gravatar.com\\\/avatar\\\/c7164ed6fdec453195284ad24a5ae5b6e1eed2b848477fa2a4787ba9adf39a41?s=96&d=mm&r=g\",\"contentUrl\":\"https:\\\/\\\/secure.gravatar.com\\\/avatar\\\/c7164ed6fdec453195284ad24a5ae5b6e1eed2b848477fa2a4787ba9adf39a41?s=96&d=mm&r=g\",\"caption\":\"Redacci\u00f3n QP\"},\"url\":\"https:\\\/\\\/quehacerpolitico.mx\\\/?author=2\"}]}<\/script>\n<!-- \/ Yoast SEO plugin. -->","yoast_head_json":{"title":"Opositores merecen respeto, afirma L\u00f3pez Obrador -","robots":{"index":"index","follow":"follow","max-snippet":"max-snippet:-1","max-image-preview":"max-image-preview:large","max-video-preview":"max-video-preview:-1"},"canonical":"https:\/\/quehacerpolitico.mx\/?p=18917","og_locale":"es_MX","og_type":"article","og_title":"Opositores merecen respeto, afirma L\u00f3pez Obrador -","og_description":"Opositores merecen respeto, afirma L\u00f3pez Obrador Por Redacci\u00f3n QP","og_url":"https:\/\/quehacerpolitico.mx\/?p=18917","article_published_time":"2019-03-02T19:05:43+00:00","author":"Redacci\u00f3n QP","twitter_card":"summary_large_image","twitter_misc":{"Escrito por":"Redacci\u00f3n QP","Tiempo de lectura":"5 minutos"},"schema":{"@context":"https:\/\/schema.org","@graph":[{"@type":"Article","@id":"https:\/\/quehacerpolitico.mx\/?p=18917#article","isPartOf":{"@id":"https:\/\/quehacerpolitico.mx\/?p=18917"},"author":{"name":"Redacci\u00f3n QP","@id":"https:\/\/quehacerpolitico.mx\/#\/schema\/person\/496d8ad2d1d3f8036101dca7ee39e585"},"headline":"Opositores merecen respeto, afirma L\u00f3pez Obrador","datePublished":"2019-03-02T19:05:43+00:00","mainEntityOfPage":{"@id":"https:\/\/quehacerpolitico.mx\/?p=18917"},"wordCount":928,"commentCount":0,"image":{"@id":"https:\/\/quehacerpolitico.mx\/?p=18917#primaryimage"},"thumbnailUrl":"","articleSection":["Noticias"],"inLanguage":"es","potentialAction":[{"@type":"CommentAction","name":"Comment","target":["https:\/\/quehacerpolitico.mx\/?p=18917#respond"]}]},{"@type":"WebPage","@id":"https:\/\/quehacerpolitico.mx\/?p=18917","url":"https:\/\/quehacerpolitico.mx\/?p=18917","name":"Opositores merecen respeto, afirma L\u00f3pez Obrador -","isPartOf":{"@id":"https:\/\/quehacerpolitico.mx\/#website"},"primaryImageOfPage":{"@id":"https:\/\/quehacerpolitico.mx\/?p=18917#primaryimage"},"image":{"@id":"https:\/\/quehacerpolitico.mx\/?p=18917#primaryimage"},"thumbnailUrl":"","datePublished":"2019-03-02T19:05:43+00:00","author":{"@id":"https:\/\/quehacerpolitico.mx\/#\/schema\/person\/496d8ad2d1d3f8036101dca7ee39e585"},"breadcrumb":{"@id":"https:\/\/quehacerpolitico.mx\/?p=18917#breadcrumb"},"inLanguage":"es","potentialAction":[{"@type":"ReadAction","target":["https:\/\/quehacerpolitico.mx\/?p=18917"]}]},{"@type":"ImageObject","inLanguage":"es","@id":"https:\/\/quehacerpolitico.mx\/?p=18917#primaryimage","url":"","contentUrl":""},{"@type":"BreadcrumbList","@id":"https:\/\/quehacerpolitico.mx\/?p=18917#breadcrumb","itemListElement":[{"@type":"ListItem","position":1,"name":"Inicio","item":"https:\/\/quehacerpolitico.mx\/"},{"@type":"ListItem","position":2,"name":"Opositores merecen respeto, afirma L\u00f3pez Obrador"}]},{"@type":"WebSite","@id":"https:\/\/quehacerpolitico.mx\/#website","url":"https:\/\/quehacerpolitico.mx\/","name":"","description":"","potentialAction":[{"@type":"SearchAction","target":{"@type":"EntryPoint","urlTemplate":"https:\/\/quehacerpolitico.mx\/?s={search_term_string}"},"query-input":{"@type":"PropertyValueSpecification","valueRequired":true,"valueName":"search_term_string"}}],"inLanguage":"es"},{"@type":"Person","@id":"https:\/\/quehacerpolitico.mx\/#\/schema\/person\/496d8ad2d1d3f8036101dca7ee39e585","name":"Redacci\u00f3n QP","image":{"@type":"ImageObject","inLanguage":"es","@id":"https:\/\/secure.gravatar.com\/avatar\/c7164ed6fdec453195284ad24a5ae5b6e1eed2b848477fa2a4787ba9adf39a41?s=96&d=mm&r=g","url":"https:\/\/secure.gravatar.com\/avatar\/c7164ed6fdec453195284ad24a5ae5b6e1eed2b848477fa2a4787ba9adf39a41?s=96&d=mm&r=g","contentUrl":"https:\/\/secure.gravatar.com\/avatar\/c7164ed6fdec453195284ad24a5ae5b6e1eed2b848477fa2a4787ba9adf39a41?s=96&d=mm&r=g","caption":"Redacci\u00f3n QP"},"url":"https:\/\/quehacerpolitico.mx\/?author=2"}]}},"featured_image_urls":{"full":"","thumbnail":"","medium":"","medium_large":"","large":"","1536x1536":"","2048x2048":"","covernews-featured":"","covernews-medium":""},"author_info":{"display_name":"Redacci\u00f3n QP","author_link":"https:\/\/quehacerpolitico.mx\/?author=2"},"category_info":"<a href=\"https:\/\/quehacerpolitico.mx\/?cat=2\" rel=\"category\">Noticias<\/a>","tag_info":"Noticias","comment_count":"0","_links":{"self":[{"href":"https:\/\/quehacerpolitico.mx\/index.php?rest_route=\/wp\/v2\/posts\/18917","targetHints":{"allow":["GET"]}}],"collection":[{"href":"https:\/\/quehacerpolitico.mx\/index.php?rest_route=\/wp\/v2\/posts"}],"about":[{"href":"https:\/\/quehacerpolitico.mx\/index.php?rest_route=\/wp\/v2\/types\/post"}],"author":[{"embeddable":true,"href":"https:\/\/quehacerpolitico.mx\/index.php?rest_route=\/wp\/v2\/users\/2"}],"replies":[{"embeddable":true,"href":"https:\/\/quehacerpolitico.mx\/index.php?rest_route=%2Fwp%2Fv2%2Fcomments&post=18917"}],"version-history":[{"count":0,"href":"https:\/\/quehacerpolitico.mx\/index.php?rest_route=\/wp\/v2\/posts\/18917\/revisions"}],"wp:featuredmedia":[{"embeddable":true,"href":"https:\/\/quehacerpolitico.mx\/index.php?rest_route=\/"}],"wp:attachment":[{"href":"https:\/\/quehacerpolitico.mx\/index.php?rest_route=%2Fwp%2Fv2%2Fmedia&parent=18917"}],"wp:term":[{"taxonomy":"category","embeddable":true,"href":"https:\/\/quehacerpolitico.mx\/index.php?rest_route=%2Fwp%2Fv2%2Fcategories&post=18917"},{"taxonomy":"post_tag","embeddable":true,"href":"https:\/\/quehacerpolitico.mx\/index.php?rest_route=%2Fwp%2Fv2%2Ftags&post=18917"}],"curies":[{"name":"wp","href":"https:\/\/api.w.org\/{rel}","templated":true}]}}