{"id":18914,"date":"2019-03-02T18:22:06","date_gmt":"2019-03-02T18:22:06","guid":{"rendered":"http:\/\/quehacerpolitico.mx\/el-acceso-a-mejor-movilidad-servicios-y-tramites-para-discapacitados-fundamental-para-la-ley-del-sistema-de-cuidados\/"},"modified":"2019-03-02T18:22:06","modified_gmt":"2019-03-02T18:22:06","slug":"el-acceso-a-mejor-movilidad-servicios-y-tramites-para-discapacitados-fundamental-para-la-ley-del-sistema-de-cuidados","status":"publish","type":"post","link":"https:\/\/quehacerpolitico.mx\/?p=18914","title":{"rendered":"EL ACCESO A MEJOR MOVILIDAD, SERVICIOS Y TR\u00c1MITES PARA DISCAPACITADOS, FUNDAMENTAL PARA LA LEY DEL SISTEMA DE CUIDADOS"},"content":{"rendered":"<p>EL ACCESO A MEJOR MOVILIDAD, SERVICIOS Y TR\u00c1MITES PARA DISCAPACITADOS,<br \/>FUNDAMENTAL PARA LA LEY DEL SISTEMA DE CUIDADOS<\/p>\n<p>Por Redacci\u00f3n QP<\/p>\n<p>\u201cSe debe garantizar la accesibilidad al entorno f\u00edsico, al<br \/>transporte, la informaci\u00f3n y a las comunicaciones, incluidos los<br \/>sistemas y tecnolog\u00edas de la informaci\u00f3n\u201d: diputado Tem\u00edstocles<br \/>Villanueva.<\/p>\n<p>La adecuaci\u00f3n de espacios f\u00edsicos, \u00f3ptimos servicios y un cambio<br \/>cultural hacia los discapacitados, fueron algunos de los temas tratados<br \/>por especialistas y funcionarios con el diputado local Tem\u00edstocles<br \/>Villanueva, con miras a la redacci\u00f3n de una ley del sistema de cuidados<br \/>para la Ciudad de M\u00e9xico.<\/p>\n<p>Durante la quinta mesa de trabajo sobre el Sistema Integral de Cuidados<br \/>de la capital, realizado el viernes 1 de marzo, se expusieron las<br \/>necesidades requeridas para crear una ley incluyente hacia grupos de<br \/>atenci\u00f3n prioritaria, que contemplan ni\u00f1as y ni\u00f1os, adolescentes,<br \/>j\u00f3venes, mujeres discapacitados, comunidad LGBTTTI, v\u00edctimas, personas<br \/>en situaci\u00f3n de calle y gente que vive en instituciones de asistencia<br \/>social.<\/p>\n<p>El legislador presidente de la Comisi\u00f3n de Derechos Humanos del<br \/>Congreso de la Ciudad de M\u00e9xico agreg\u00f3 que la accesibilidad y el<br \/>dise\u00f1o universal en adecuaciones a espacios f\u00edsicos para personas que<br \/>requieren de cuidados, resulta muy importante como parte del<br \/>otorgamiento de derechos por parte de sus instituciones.<\/p>\n<p>\u201cEs un cap\u00edtulo que fundamentalmente habla sobre la adecuaci\u00f3n de<br \/>los espacios f\u00edsicos para una buena parte de estas personas, algunas de<br \/>ellas que viven con discapacidad\u201d, dijo.<\/p>\n<p>En materia de movilidad, a\u00f1adi\u00f3 que se debe garantizar la<br \/>accesibilidad al entorno f\u00edsico, al transporte, la informaci\u00f3n y las<br \/>comunicaciones, incluidos los sistemas y tecnolog\u00edas de la<br \/>informaci\u00f3n, as\u00ed como servicios p\u00fablicos y sus\u00a0 instalaciones, tanto<br \/>en zonas urbanas como rurales.<\/p>\n<p>\u201cEl_ dise\u00f1o universal_ en mobiliarios e infraestructura que se<br \/>contemplar\u00e1 en la futura ley, presupone que todo lo que se fabrique y<br \/>desarrolle sea creado desde un punto de vista que tome en cuenta las<br \/>necesidades e intereses de todas y todos quienes requieren de<br \/>accesibilidad o cuidados especiales\u201d, detall\u00f3.<\/p>\n<p>En materia de servicios p\u00fablicos, el diputado integrante del grupo<br \/>parlamentario de MORENA dijo que en la futura legislaci\u00f3n se deber\u00e1n<br \/>incluir obras, educaci\u00f3n, tr\u00e1mites, servicios, transporte, atenci\u00f3n<br \/>m\u00e9dica, emergencias y recolecci\u00f3n de desperdicios, entre otros, con<br \/>una perspectiva pensada en\u00a0 los grupos de atenci\u00f3n prioritaria que<br \/>requerir\u00e1n el acceso por medio de la tecnolog\u00eda, la unificaci\u00f3n de<br \/>servicios y la sensibilizaci\u00f3n del personal de atenci\u00f3n.<\/p>\n<blockquote class=\"twitter-tweet\" data-width=\"550\" data-dnt=\"true\">\n<p lang=\"es\" dir=\"ltr\"><a href=\"https:\/\/twitter.com\/hashtag\/Dialoguemos?src=hash&amp;ref_src=twsrc%5Etfw\">#Dialoguemos<\/a>\ud83d\udcac sobre el Sistema Integral de Cuidados de la Ciudad de M\u00e9xico y los Servicios P\u00fablicos rumbo al Sistema Integral de Cuidados. <br \/>En esta mesa seguimos avanzando y escuchando sobre qui\u00e9nes pueden ser nuestros aliados en este tema. <br \/>\u00a1Gracias a todas lxs asistentes! <a href=\"https:\/\/t.co\/N56VrABHWq\">pic.twitter.com\/N56VrABHWq<\/a><\/p>\n<p>&mdash; Tem\u00edstocles Villanueva (@TemistoclesVR) <a href=\"https:\/\/twitter.com\/TemistoclesVR\/status\/1101677412834631680?ref_src=twsrc%5Etfw\">March 2, 2019<\/a><\/p><\/blockquote>\n<p><script async src=\"https:\/\/platform.twitter.com\/widgets.js\" charset=\"utf-8\"><\/script><\/p>\n","protected":false},"excerpt":{"rendered":"<p>EL ACCESO A MEJOR MOVILIDAD, SERVICIOS Y TR\u00c1MITES PARA DISCAPACITADOS,<br \/>\nFUNDAMENTAL PARA LA LEY DEL SISTEMA DE CUIDADOS<br \/>\nPor Redacci\u00f3n QP<\/p>\n","protected":false},"author":2,"featured_media":18913,"comment_status":"open","ping_status":"open","sticky":false,"template":"","format":"standard","meta":{"_monsterinsights_skip_tracking":false,"_monsterinsights_sitenote_active":false,"_monsterinsights_sitenote_note":"","_monsterinsights_sitenote_category":0,"footnotes":""},"categories":[55],"tags":[],"class_list":["post-18914","post","type-post","status-publish","format-standard","has-post-thumbnail","hentry","category-cdmx"],"yoast_head":"<!-- This site is optimized with the Yoast SEO plugin v27.3 - https:\/\/yoast.com\/product\/yoast-seo-wordpress\/ -->\n<title>EL ACCESO A MEJOR MOVILIDAD, SERVICIOS Y TR\u00c1MITES PARA DISCAPACITADOS, FUNDAMENTAL PARA LA LEY DEL SISTEMA DE CUIDADOS -<\/title>\n<meta name=\"robots\" content=\"index, follow, max-snippet:-1, max-image-preview:large, max-video-preview:-1\" \/>\n<link rel=\"canonical\" href=\"https:\/\/quehacerpolitico.mx\/?p=18914\" \/>\n<meta property=\"og:locale\" content=\"es_MX\" \/>\n<meta property=\"og:type\" content=\"article\" \/>\n<meta property=\"og:title\" content=\"EL ACCESO A MEJOR MOVILIDAD, SERVICIOS Y TR\u00c1MITES PARA DISCAPACITADOS, FUNDAMENTAL PARA LA LEY DEL SISTEMA DE CUIDADOS -\" \/>\n<meta property=\"og:description\" content=\"EL ACCESO A MEJOR MOVILIDAD, SERVICIOS Y TR\u00c1MITES PARA DISCAPACITADOS, FUNDAMENTAL PARA LA LEY DEL SISTEMA DE CUIDADOS Por Redacci\u00f3n QP\" \/>\n<meta property=\"og:url\" content=\"https:\/\/quehacerpolitico.mx\/?p=18914\" \/>\n<meta property=\"article:published_time\" content=\"2019-03-02T18:22:06+00:00\" \/>\n<meta name=\"author\" content=\"Redacci\u00f3n QP\" \/>\n<meta name=\"twitter:card\" content=\"summary_large_image\" \/>\n<meta name=\"twitter:label1\" content=\"Escrito por\" \/>\n\t<meta name=\"twitter:data1\" content=\"Redacci\u00f3n QP\" \/>\n\t<meta name=\"twitter:label2\" content=\"Tiempo de lectura\" \/>\n\t<meta name=\"twitter:data2\" content=\"2 minutos\" \/>\n<script type=\"application\/ld+json\" class=\"yoast-schema-graph\">{\"@context\":\"https:\\\/\\\/schema.org\",\"@graph\":[{\"@type\":\"Article\",\"@id\":\"https:\\\/\\\/quehacerpolitico.mx\\\/?p=18914#article\",\"isPartOf\":{\"@id\":\"https:\\\/\\\/quehacerpolitico.mx\\\/?p=18914\"},\"author\":{\"name\":\"Redacci\u00f3n QP\",\"@id\":\"https:\\\/\\\/quehacerpolitico.mx\\\/#\\\/schema\\\/person\\\/496d8ad2d1d3f8036101dca7ee39e585\"},\"headline\":\"EL ACCESO A MEJOR MOVILIDAD, SERVICIOS Y TR\u00c1MITES PARA DISCAPACITADOS, FUNDAMENTAL PARA LA LEY DEL SISTEMA DE CUIDADOS\",\"datePublished\":\"2019-03-02T18:22:06+00:00\",\"mainEntityOfPage\":{\"@id\":\"https:\\\/\\\/quehacerpolitico.mx\\\/?p=18914\"},\"wordCount\":430,\"commentCount\":0,\"image\":{\"@id\":\"https:\\\/\\\/quehacerpolitico.mx\\\/?p=18914#primaryimage\"},\"thumbnailUrl\":\"\",\"articleSection\":[\"CDMX\"],\"inLanguage\":\"es\",\"potentialAction\":[{\"@type\":\"CommentAction\",\"name\":\"Comment\",\"target\":[\"https:\\\/\\\/quehacerpolitico.mx\\\/?p=18914#respond\"]}]},{\"@type\":\"WebPage\",\"@id\":\"https:\\\/\\\/quehacerpolitico.mx\\\/?p=18914\",\"url\":\"https:\\\/\\\/quehacerpolitico.mx\\\/?p=18914\",\"name\":\"EL ACCESO A MEJOR MOVILIDAD, SERVICIOS Y TR\u00c1MITES PARA DISCAPACITADOS, FUNDAMENTAL PARA LA LEY DEL SISTEMA DE CUIDADOS -\",\"isPartOf\":{\"@id\":\"https:\\\/\\\/quehacerpolitico.mx\\\/#website\"},\"primaryImageOfPage\":{\"@id\":\"https:\\\/\\\/quehacerpolitico.mx\\\/?p=18914#primaryimage\"},\"image\":{\"@id\":\"https:\\\/\\\/quehacerpolitico.mx\\\/?p=18914#primaryimage\"},\"thumbnailUrl\":\"\",\"datePublished\":\"2019-03-02T18:22:06+00:00\",\"author\":{\"@id\":\"https:\\\/\\\/quehacerpolitico.mx\\\/#\\\/schema\\\/person\\\/496d8ad2d1d3f8036101dca7ee39e585\"},\"breadcrumb\":{\"@id\":\"https:\\\/\\\/quehacerpolitico.mx\\\/?p=18914#breadcrumb\"},\"inLanguage\":\"es\",\"potentialAction\":[{\"@type\":\"ReadAction\",\"target\":[\"https:\\\/\\\/quehacerpolitico.mx\\\/?p=18914\"]}]},{\"@type\":\"ImageObject\",\"inLanguage\":\"es\",\"@id\":\"https:\\\/\\\/quehacerpolitico.mx\\\/?p=18914#primaryimage\",\"url\":\"\",\"contentUrl\":\"\"},{\"@type\":\"BreadcrumbList\",\"@id\":\"https:\\\/\\\/quehacerpolitico.mx\\\/?p=18914#breadcrumb\",\"itemListElement\":[{\"@type\":\"ListItem\",\"position\":1,\"name\":\"Inicio\",\"item\":\"https:\\\/\\\/quehacerpolitico.mx\\\/\"},{\"@type\":\"ListItem\",\"position\":2,\"name\":\"EL ACCESO A MEJOR MOVILIDAD, SERVICIOS Y TR\u00c1MITES PARA DISCAPACITADOS, FUNDAMENTAL PARA LA LEY DEL SISTEMA DE CUIDADOS\"}]},{\"@type\":\"WebSite\",\"@id\":\"https:\\\/\\\/quehacerpolitico.mx\\\/#website\",\"url\":\"https:\\\/\\\/quehacerpolitico.mx\\\/\",\"name\":\"\",\"description\":\"\",\"potentialAction\":[{\"@type\":\"SearchAction\",\"target\":{\"@type\":\"EntryPoint\",\"urlTemplate\":\"https:\\\/\\\/quehacerpolitico.mx\\\/?s={search_term_string}\"},\"query-input\":{\"@type\":\"PropertyValueSpecification\",\"valueRequired\":true,\"valueName\":\"search_term_string\"}}],\"inLanguage\":\"es\"},{\"@type\":\"Person\",\"@id\":\"https:\\\/\\\/quehacerpolitico.mx\\\/#\\\/schema\\\/person\\\/496d8ad2d1d3f8036101dca7ee39e585\",\"name\":\"Redacci\u00f3n QP\",\"image\":{\"@type\":\"ImageObject\",\"inLanguage\":\"es\",\"@id\":\"https:\\\/\\\/secure.gravatar.com\\\/avatar\\\/c7164ed6fdec453195284ad24a5ae5b6e1eed2b848477fa2a4787ba9adf39a41?s=96&d=mm&r=g\",\"url\":\"https:\\\/\\\/secure.gravatar.com\\\/avatar\\\/c7164ed6fdec453195284ad24a5ae5b6e1eed2b848477fa2a4787ba9adf39a41?s=96&d=mm&r=g\",\"contentUrl\":\"https:\\\/\\\/secure.gravatar.com\\\/avatar\\\/c7164ed6fdec453195284ad24a5ae5b6e1eed2b848477fa2a4787ba9adf39a41?s=96&d=mm&r=g\",\"caption\":\"Redacci\u00f3n QP\"},\"url\":\"https:\\\/\\\/quehacerpolitico.mx\\\/?author=2\"}]}<\/script>\n<!-- \/ Yoast SEO plugin. -->","yoast_head_json":{"title":"EL ACCESO A MEJOR MOVILIDAD, SERVICIOS Y TR\u00c1MITES PARA DISCAPACITADOS, FUNDAMENTAL PARA LA LEY DEL SISTEMA DE CUIDADOS -","robots":{"index":"index","follow":"follow","max-snippet":"max-snippet:-1","max-image-preview":"max-image-preview:large","max-video-preview":"max-video-preview:-1"},"canonical":"https:\/\/quehacerpolitico.mx\/?p=18914","og_locale":"es_MX","og_type":"article","og_title":"EL ACCESO A MEJOR MOVILIDAD, SERVICIOS Y TR\u00c1MITES PARA DISCAPACITADOS, FUNDAMENTAL PARA LA LEY DEL SISTEMA DE CUIDADOS -","og_description":"EL ACCESO A MEJOR MOVILIDAD, SERVICIOS Y TR\u00c1MITES PARA DISCAPACITADOS, FUNDAMENTAL PARA LA LEY DEL SISTEMA DE CUIDADOS Por Redacci\u00f3n QP","og_url":"https:\/\/quehacerpolitico.mx\/?p=18914","article_published_time":"2019-03-02T18:22:06+00:00","author":"Redacci\u00f3n QP","twitter_card":"summary_large_image","twitter_misc":{"Escrito por":"Redacci\u00f3n QP","Tiempo de lectura":"2 minutos"},"schema":{"@context":"https:\/\/schema.org","@graph":[{"@type":"Article","@id":"https:\/\/quehacerpolitico.mx\/?p=18914#article","isPartOf":{"@id":"https:\/\/quehacerpolitico.mx\/?p=18914"},"author":{"name":"Redacci\u00f3n QP","@id":"https:\/\/quehacerpolitico.mx\/#\/schema\/person\/496d8ad2d1d3f8036101dca7ee39e585"},"headline":"EL ACCESO A MEJOR MOVILIDAD, SERVICIOS Y TR\u00c1MITES PARA DISCAPACITADOS, FUNDAMENTAL PARA LA LEY DEL SISTEMA DE CUIDADOS","datePublished":"2019-03-02T18:22:06+00:00","mainEntityOfPage":{"@id":"https:\/\/quehacerpolitico.mx\/?p=18914"},"wordCount":430,"commentCount":0,"image":{"@id":"https:\/\/quehacerpolitico.mx\/?p=18914#primaryimage"},"thumbnailUrl":"","articleSection":["CDMX"],"inLanguage":"es","potentialAction":[{"@type":"CommentAction","name":"Comment","target":["https:\/\/quehacerpolitico.mx\/?p=18914#respond"]}]},{"@type":"WebPage","@id":"https:\/\/quehacerpolitico.mx\/?p=18914","url":"https:\/\/quehacerpolitico.mx\/?p=18914","name":"EL ACCESO A MEJOR MOVILIDAD, SERVICIOS Y TR\u00c1MITES PARA DISCAPACITADOS, FUNDAMENTAL PARA LA LEY DEL SISTEMA DE CUIDADOS -","isPartOf":{"@id":"https:\/\/quehacerpolitico.mx\/#website"},"primaryImageOfPage":{"@id":"https:\/\/quehacerpolitico.mx\/?p=18914#primaryimage"},"image":{"@id":"https:\/\/quehacerpolitico.mx\/?p=18914#primaryimage"},"thumbnailUrl":"","datePublished":"2019-03-02T18:22:06+00:00","author":{"@id":"https:\/\/quehacerpolitico.mx\/#\/schema\/person\/496d8ad2d1d3f8036101dca7ee39e585"},"breadcrumb":{"@id":"https:\/\/quehacerpolitico.mx\/?p=18914#breadcrumb"},"inLanguage":"es","potentialAction":[{"@type":"ReadAction","target":["https:\/\/quehacerpolitico.mx\/?p=18914"]}]},{"@type":"ImageObject","inLanguage":"es","@id":"https:\/\/quehacerpolitico.mx\/?p=18914#primaryimage","url":"","contentUrl":""},{"@type":"BreadcrumbList","@id":"https:\/\/quehacerpolitico.mx\/?p=18914#breadcrumb","itemListElement":[{"@type":"ListItem","position":1,"name":"Inicio","item":"https:\/\/quehacerpolitico.mx\/"},{"@type":"ListItem","position":2,"name":"EL ACCESO A MEJOR MOVILIDAD, SERVICIOS Y TR\u00c1MITES PARA DISCAPACITADOS, FUNDAMENTAL PARA LA LEY DEL SISTEMA DE CUIDADOS"}]},{"@type":"WebSite","@id":"https:\/\/quehacerpolitico.mx\/#website","url":"https:\/\/quehacerpolitico.mx\/","name":"","description":"","potentialAction":[{"@type":"SearchAction","target":{"@type":"EntryPoint","urlTemplate":"https:\/\/quehacerpolitico.mx\/?s={search_term_string}"},"query-input":{"@type":"PropertyValueSpecification","valueRequired":true,"valueName":"search_term_string"}}],"inLanguage":"es"},{"@type":"Person","@id":"https:\/\/quehacerpolitico.mx\/#\/schema\/person\/496d8ad2d1d3f8036101dca7ee39e585","name":"Redacci\u00f3n QP","image":{"@type":"ImageObject","inLanguage":"es","@id":"https:\/\/secure.gravatar.com\/avatar\/c7164ed6fdec453195284ad24a5ae5b6e1eed2b848477fa2a4787ba9adf39a41?s=96&d=mm&r=g","url":"https:\/\/secure.gravatar.com\/avatar\/c7164ed6fdec453195284ad24a5ae5b6e1eed2b848477fa2a4787ba9adf39a41?s=96&d=mm&r=g","contentUrl":"https:\/\/secure.gravatar.com\/avatar\/c7164ed6fdec453195284ad24a5ae5b6e1eed2b848477fa2a4787ba9adf39a41?s=96&d=mm&r=g","caption":"Redacci\u00f3n QP"},"url":"https:\/\/quehacerpolitico.mx\/?author=2"}]}},"featured_image_urls":{"full":"","thumbnail":"","medium":"","medium_large":"","large":"","1536x1536":"","2048x2048":"","covernews-featured":"","covernews-medium":""},"author_info":{"display_name":"Redacci\u00f3n QP","author_link":"https:\/\/quehacerpolitico.mx\/?author=2"},"category_info":"<a href=\"https:\/\/quehacerpolitico.mx\/?cat=55\" rel=\"category\">CDMX<\/a>","tag_info":"CDMX","comment_count":"0","_links":{"self":[{"href":"https:\/\/quehacerpolitico.mx\/index.php?rest_route=\/wp\/v2\/posts\/18914","targetHints":{"allow":["GET"]}}],"collection":[{"href":"https:\/\/quehacerpolitico.mx\/index.php?rest_route=\/wp\/v2\/posts"}],"about":[{"href":"https:\/\/quehacerpolitico.mx\/index.php?rest_route=\/wp\/v2\/types\/post"}],"author":[{"embeddable":true,"href":"https:\/\/quehacerpolitico.mx\/index.php?rest_route=\/wp\/v2\/users\/2"}],"replies":[{"embeddable":true,"href":"https:\/\/quehacerpolitico.mx\/index.php?rest_route=%2Fwp%2Fv2%2Fcomments&post=18914"}],"version-history":[{"count":0,"href":"https:\/\/quehacerpolitico.mx\/index.php?rest_route=\/wp\/v2\/posts\/18914\/revisions"}],"wp:featuredmedia":[{"embeddable":true,"href":"https:\/\/quehacerpolitico.mx\/index.php?rest_route=\/"}],"wp:attachment":[{"href":"https:\/\/quehacerpolitico.mx\/index.php?rest_route=%2Fwp%2Fv2%2Fmedia&parent=18914"}],"wp:term":[{"taxonomy":"category","embeddable":true,"href":"https:\/\/quehacerpolitico.mx\/index.php?rest_route=%2Fwp%2Fv2%2Fcategories&post=18914"},{"taxonomy":"post_tag","embeddable":true,"href":"https:\/\/quehacerpolitico.mx\/index.php?rest_route=%2Fwp%2Fv2%2Ftags&post=18914"}],"curies":[{"name":"wp","href":"https:\/\/api.w.org\/{rel}","templated":true}]}}