{"id":18908,"date":"2019-03-02T17:58:04","date_gmt":"2019-03-02T17:58:04","guid":{"rendered":"http:\/\/quehacerpolitico.mx\/alcaldias-kassandra-castillo-cuauhtemoc-primera-alcaldia-en-aprobar-el-reglamento-para-el-uso-de-la-silla-ciudadana-como-mecanismo-de-participacion\/"},"modified":"2019-03-02T17:58:04","modified_gmt":"2019-03-02T17:58:04","slug":"alcaldias-kassandra-castillo-cuauhtemoc-primera-alcaldia-en-aprobar-el-reglamento-para-el-uso-de-la-silla-ciudadana-como-mecanismo-de-participacion","status":"publish","type":"post","link":"https:\/\/quehacerpolitico.mx\/?p=18908","title":{"rendered":"Alcald\u00edas\/\/\/Kassandra Castillo\/\/\/Cuauht\u00e9moc primera Alcald\u00eda en aprobar el reglamento para el uso de la \u201cSilla Ciudadana\u201d como mecanismo de participaci\u00f3n"},"content":{"rendered":"<p>Cuauht\u00e9moc primera Alcald\u00eda en aprobar el reglamento para el uso de la \u201cSilla Ciudadana\u201d como mecanismo de participaci\u00f3n<\/p>\n<p>Por Kassandra Castillo<\/p>\n<div class=\"s15\"><span class=\"s14\">Se busca que los vecinos expongan iniciativas en beneficio de la comunidad<\/span><\/div>\n<div class=\"s15\"><span class=\"s13\">\u2022 <\/span><span class=\"s14\">Vecinos de Ex Hip\u00f3dromo Condesa y Ex Hip\u00f3dromo de <\/span><span class=\"s14\">Peralvillo<\/span><span class=\"s14\"> fueron los primeros en participar en la din\u00e1mica<\/span><\/div>\n<p class=\"s4\">\u00a0<\/p>\n<p class=\"s16\"><span class=\"s14\">En la Cuarta Sesi\u00f3n Ordinaria del Consejo de la Alcald\u00eda Cuauht\u00e9moc, que estuvo presidida por el Alcalde N\u00e9stor N\u00fa\u00f1ez L\u00f3pez, y el Consejo Colegiado, se aprob\u00f3 el Reglamento para el uso de la Silla Ciudadana, un mecanismo de participaci\u00f3n instruido en la Constituci\u00f3n del Ciudad de M\u00e9xico. <\/span><\/p>\n<p class=\"s16\"><span class=\"s14\">Durante las sesiones de los consejos de la Alcald\u00eda, habr\u00e1 una silla que ser\u00e1 ocupada por alg\u00fan ciudadano que as\u00ed lo haya solicitado con anticipaci\u00f3n para exponer alg\u00fan tema de inter\u00e9s p\u00fablico.<\/span><\/p>\n<p class=\"s16\"><span class=\"s14\">N\u00e9stor N\u00fa\u00f1ez L\u00f3pez, recalc\u00f3 que esta nueva figura tiene como objetivo brindar una oportunidad a los vecinos para que presenten temas concretos en beneficio de la ciudadan\u00eda, frente a los integrantes del Consejo.<\/span><\/p>\n<p class=\"s16\"><span class=\"s14\">Los primeros vecinos en hacer uso de la Silla Ciudadana fueron, Dante Melgar de la colonia Hip\u00f3dromo Condesa, quien present\u00f3 el proyecto \u201cC\u00f3digo de la Calle\u201d y Tom\u00e1s Garc\u00eda Lozoya de la colonia Ex Hip\u00f3dromo de <\/span><span class=\"s14\">Peralvillo<\/span><span class=\"s14\"> que habl\u00f3 de los proyectos: \u201cLos defensores del patrimonio art\u00edstico y cultural tangible e intangible de la Alcald\u00eda, aprendiendo y haciendo memoria\u201d y \u201cEscuela de participaci\u00f3n ciudadana de la Alcald\u00eda Cuauht\u00e9moc\u201d.<\/span><\/p>\n<p class=\"s16\"><span class=\"s14\">El proyecto de Dante Melgar consiste en realizar una intervenci\u00f3n comunitaria para que los j\u00f3venes puedan convertirse en agentes de cambio, a trav\u00e9s de una camioneta adaptada donde podr\u00e1n tomar cursos de <\/span><span class=\"s14\">photoshop<\/span><span class=\"s14\">, <\/span><span class=\"s14\">ilustrator<\/span><span class=\"s14\">, dise\u00f1o gr\u00e1fico y edici\u00f3n de video digital, con el objetivo de que los j\u00f3venes aprovechen el tiempo que pasan en la calle.<\/span><\/p>\n<p class=\"s16\"><span class=\"s14\">Por su parte los proyectos presentados por Tom\u00e1s Garc\u00eda consistir\u00e1n en la impartici\u00f3n de cursos te\u00f3ricos-pr\u00e1cticos en el que los vecinos aprender\u00e1n t\u00e9cnicas para redactar historias sobre las colonias de la Alcald\u00eda las cuales ser\u00e1n difundidas a trav\u00e9s de las redes sociales con el objetivo de mantener la memoria hist\u00f3rica de la demarcaci\u00f3n, mientras que los vecinos desarrollan habilidades de escritura, creatividad y comunicaci\u00f3n.<\/span><\/p>\n","protected":false},"excerpt":{"rendered":"<p>Cuauht\u00e9moc primera Alcald\u00eda en aprobar el reglamento para el uso de la \u201cSilla Ciudadana\u201d como mecanismo de participaci\u00f3n<br \/>\nPor Kassandra Castillo<\/p>\n","protected":false},"author":2,"featured_media":18907,"comment_status":"open","ping_status":"open","sticky":false,"template":"","format":"standard","meta":{"_monsterinsights_skip_tracking":false,"_monsterinsights_sitenote_active":false,"_monsterinsights_sitenote_note":"","_monsterinsights_sitenote_category":0,"footnotes":""},"categories":[55],"tags":[],"class_list":["post-18908","post","type-post","status-publish","format-standard","has-post-thumbnail","hentry","category-cdmx"],"yoast_head":"<!-- This site is optimized with the Yoast SEO plugin v27.3 - https:\/\/yoast.com\/product\/yoast-seo-wordpress\/ -->\n<title>Alcald\u00edas\/\/\/Kassandra Castillo\/\/\/Cuauht\u00e9moc primera Alcald\u00eda en aprobar el reglamento para el uso de la \u201cSilla Ciudadana\u201d como mecanismo de participaci\u00f3n -<\/title>\n<meta name=\"robots\" content=\"index, follow, max-snippet:-1, max-image-preview:large, max-video-preview:-1\" \/>\n<link rel=\"canonical\" href=\"https:\/\/quehacerpolitico.mx\/?p=18908\" \/>\n<meta property=\"og:locale\" content=\"es_MX\" \/>\n<meta property=\"og:type\" content=\"article\" \/>\n<meta property=\"og:title\" content=\"Alcald\u00edas\/\/\/Kassandra Castillo\/\/\/Cuauht\u00e9moc primera Alcald\u00eda en aprobar el reglamento para el uso de la \u201cSilla Ciudadana\u201d como mecanismo de participaci\u00f3n -\" \/>\n<meta property=\"og:description\" content=\"Cuauht\u00e9moc primera Alcald\u00eda en aprobar el reglamento para el uso de la \u201cSilla Ciudadana\u201d como mecanismo de participaci\u00f3n Por Kassandra Castillo\" \/>\n<meta property=\"og:url\" content=\"https:\/\/quehacerpolitico.mx\/?p=18908\" \/>\n<meta property=\"article:published_time\" content=\"2019-03-02T17:58:04+00:00\" \/>\n<meta name=\"author\" content=\"Redacci\u00f3n QP\" \/>\n<meta name=\"twitter:card\" content=\"summary_large_image\" \/>\n<meta name=\"twitter:label1\" content=\"Escrito por\" \/>\n\t<meta name=\"twitter:data1\" content=\"Redacci\u00f3n QP\" \/>\n\t<meta name=\"twitter:label2\" content=\"Tiempo de lectura\" \/>\n\t<meta name=\"twitter:data2\" content=\"2 minutos\" \/>\n<script type=\"application\/ld+json\" class=\"yoast-schema-graph\">{\"@context\":\"https:\\\/\\\/schema.org\",\"@graph\":[{\"@type\":\"Article\",\"@id\":\"https:\\\/\\\/quehacerpolitico.mx\\\/?p=18908#article\",\"isPartOf\":{\"@id\":\"https:\\\/\\\/quehacerpolitico.mx\\\/?p=18908\"},\"author\":{\"name\":\"Redacci\u00f3n QP\",\"@id\":\"https:\\\/\\\/quehacerpolitico.mx\\\/#\\\/schema\\\/person\\\/496d8ad2d1d3f8036101dca7ee39e585\"},\"headline\":\"Alcald\u00edas\\\/\\\/\\\/Kassandra Castillo\\\/\\\/\\\/Cuauht\u00e9moc primera Alcald\u00eda en aprobar el reglamento para el uso de la \u201cSilla Ciudadana\u201d como mecanismo de participaci\u00f3n\",\"datePublished\":\"2019-03-02T17:58:04+00:00\",\"mainEntityOfPage\":{\"@id\":\"https:\\\/\\\/quehacerpolitico.mx\\\/?p=18908\"},\"wordCount\":433,\"commentCount\":0,\"image\":{\"@id\":\"https:\\\/\\\/quehacerpolitico.mx\\\/?p=18908#primaryimage\"},\"thumbnailUrl\":\"\",\"articleSection\":[\"CDMX\"],\"inLanguage\":\"es\",\"potentialAction\":[{\"@type\":\"CommentAction\",\"name\":\"Comment\",\"target\":[\"https:\\\/\\\/quehacerpolitico.mx\\\/?p=18908#respond\"]}]},{\"@type\":\"WebPage\",\"@id\":\"https:\\\/\\\/quehacerpolitico.mx\\\/?p=18908\",\"url\":\"https:\\\/\\\/quehacerpolitico.mx\\\/?p=18908\",\"name\":\"Alcald\u00edas\\\/\\\/\\\/Kassandra Castillo\\\/\\\/\\\/Cuauht\u00e9moc primera Alcald\u00eda en aprobar el reglamento para el uso de la \u201cSilla Ciudadana\u201d como mecanismo de participaci\u00f3n -\",\"isPartOf\":{\"@id\":\"https:\\\/\\\/quehacerpolitico.mx\\\/#website\"},\"primaryImageOfPage\":{\"@id\":\"https:\\\/\\\/quehacerpolitico.mx\\\/?p=18908#primaryimage\"},\"image\":{\"@id\":\"https:\\\/\\\/quehacerpolitico.mx\\\/?p=18908#primaryimage\"},\"thumbnailUrl\":\"\",\"datePublished\":\"2019-03-02T17:58:04+00:00\",\"author\":{\"@id\":\"https:\\\/\\\/quehacerpolitico.mx\\\/#\\\/schema\\\/person\\\/496d8ad2d1d3f8036101dca7ee39e585\"},\"breadcrumb\":{\"@id\":\"https:\\\/\\\/quehacerpolitico.mx\\\/?p=18908#breadcrumb\"},\"inLanguage\":\"es\",\"potentialAction\":[{\"@type\":\"ReadAction\",\"target\":[\"https:\\\/\\\/quehacerpolitico.mx\\\/?p=18908\"]}]},{\"@type\":\"ImageObject\",\"inLanguage\":\"es\",\"@id\":\"https:\\\/\\\/quehacerpolitico.mx\\\/?p=18908#primaryimage\",\"url\":\"\",\"contentUrl\":\"\"},{\"@type\":\"BreadcrumbList\",\"@id\":\"https:\\\/\\\/quehacerpolitico.mx\\\/?p=18908#breadcrumb\",\"itemListElement\":[{\"@type\":\"ListItem\",\"position\":1,\"name\":\"Inicio\",\"item\":\"https:\\\/\\\/quehacerpolitico.mx\\\/\"},{\"@type\":\"ListItem\",\"position\":2,\"name\":\"Alcald\u00edas\\\/\\\/\\\/Kassandra Castillo\\\/\\\/\\\/Cuauht\u00e9moc primera Alcald\u00eda en aprobar el reglamento para el uso de la \u201cSilla Ciudadana\u201d como mecanismo de participaci\u00f3n\"}]},{\"@type\":\"WebSite\",\"@id\":\"https:\\\/\\\/quehacerpolitico.mx\\\/#website\",\"url\":\"https:\\\/\\\/quehacerpolitico.mx\\\/\",\"name\":\"\",\"description\":\"\",\"potentialAction\":[{\"@type\":\"SearchAction\",\"target\":{\"@type\":\"EntryPoint\",\"urlTemplate\":\"https:\\\/\\\/quehacerpolitico.mx\\\/?s={search_term_string}\"},\"query-input\":{\"@type\":\"PropertyValueSpecification\",\"valueRequired\":true,\"valueName\":\"search_term_string\"}}],\"inLanguage\":\"es\"},{\"@type\":\"Person\",\"@id\":\"https:\\\/\\\/quehacerpolitico.mx\\\/#\\\/schema\\\/person\\\/496d8ad2d1d3f8036101dca7ee39e585\",\"name\":\"Redacci\u00f3n QP\",\"image\":{\"@type\":\"ImageObject\",\"inLanguage\":\"es\",\"@id\":\"https:\\\/\\\/secure.gravatar.com\\\/avatar\\\/c7164ed6fdec453195284ad24a5ae5b6e1eed2b848477fa2a4787ba9adf39a41?s=96&d=mm&r=g\",\"url\":\"https:\\\/\\\/secure.gravatar.com\\\/avatar\\\/c7164ed6fdec453195284ad24a5ae5b6e1eed2b848477fa2a4787ba9adf39a41?s=96&d=mm&r=g\",\"contentUrl\":\"https:\\\/\\\/secure.gravatar.com\\\/avatar\\\/c7164ed6fdec453195284ad24a5ae5b6e1eed2b848477fa2a4787ba9adf39a41?s=96&d=mm&r=g\",\"caption\":\"Redacci\u00f3n QP\"},\"url\":\"https:\\\/\\\/quehacerpolitico.mx\\\/?author=2\"}]}<\/script>\n<!-- \/ Yoast SEO plugin. -->","yoast_head_json":{"title":"Alcald\u00edas\/\/\/Kassandra Castillo\/\/\/Cuauht\u00e9moc primera Alcald\u00eda en aprobar el reglamento para el uso de la \u201cSilla Ciudadana\u201d como mecanismo de participaci\u00f3n -","robots":{"index":"index","follow":"follow","max-snippet":"max-snippet:-1","max-image-preview":"max-image-preview:large","max-video-preview":"max-video-preview:-1"},"canonical":"https:\/\/quehacerpolitico.mx\/?p=18908","og_locale":"es_MX","og_type":"article","og_title":"Alcald\u00edas\/\/\/Kassandra Castillo\/\/\/Cuauht\u00e9moc primera Alcald\u00eda en aprobar el reglamento para el uso de la \u201cSilla Ciudadana\u201d como mecanismo de participaci\u00f3n -","og_description":"Cuauht\u00e9moc primera Alcald\u00eda en aprobar el reglamento para el uso de la \u201cSilla Ciudadana\u201d como mecanismo de participaci\u00f3n Por Kassandra Castillo","og_url":"https:\/\/quehacerpolitico.mx\/?p=18908","article_published_time":"2019-03-02T17:58:04+00:00","author":"Redacci\u00f3n QP","twitter_card":"summary_large_image","twitter_misc":{"Escrito por":"Redacci\u00f3n QP","Tiempo de lectura":"2 minutos"},"schema":{"@context":"https:\/\/schema.org","@graph":[{"@type":"Article","@id":"https:\/\/quehacerpolitico.mx\/?p=18908#article","isPartOf":{"@id":"https:\/\/quehacerpolitico.mx\/?p=18908"},"author":{"name":"Redacci\u00f3n QP","@id":"https:\/\/quehacerpolitico.mx\/#\/schema\/person\/496d8ad2d1d3f8036101dca7ee39e585"},"headline":"Alcald\u00edas\/\/\/Kassandra Castillo\/\/\/Cuauht\u00e9moc primera Alcald\u00eda en aprobar el reglamento para el uso de la \u201cSilla Ciudadana\u201d como mecanismo de participaci\u00f3n","datePublished":"2019-03-02T17:58:04+00:00","mainEntityOfPage":{"@id":"https:\/\/quehacerpolitico.mx\/?p=18908"},"wordCount":433,"commentCount":0,"image":{"@id":"https:\/\/quehacerpolitico.mx\/?p=18908#primaryimage"},"thumbnailUrl":"","articleSection":["CDMX"],"inLanguage":"es","potentialAction":[{"@type":"CommentAction","name":"Comment","target":["https:\/\/quehacerpolitico.mx\/?p=18908#respond"]}]},{"@type":"WebPage","@id":"https:\/\/quehacerpolitico.mx\/?p=18908","url":"https:\/\/quehacerpolitico.mx\/?p=18908","name":"Alcald\u00edas\/\/\/Kassandra Castillo\/\/\/Cuauht\u00e9moc primera Alcald\u00eda en aprobar el reglamento para el uso de la \u201cSilla Ciudadana\u201d como mecanismo de participaci\u00f3n -","isPartOf":{"@id":"https:\/\/quehacerpolitico.mx\/#website"},"primaryImageOfPage":{"@id":"https:\/\/quehacerpolitico.mx\/?p=18908#primaryimage"},"image":{"@id":"https:\/\/quehacerpolitico.mx\/?p=18908#primaryimage"},"thumbnailUrl":"","datePublished":"2019-03-02T17:58:04+00:00","author":{"@id":"https:\/\/quehacerpolitico.mx\/#\/schema\/person\/496d8ad2d1d3f8036101dca7ee39e585"},"breadcrumb":{"@id":"https:\/\/quehacerpolitico.mx\/?p=18908#breadcrumb"},"inLanguage":"es","potentialAction":[{"@type":"ReadAction","target":["https:\/\/quehacerpolitico.mx\/?p=18908"]}]},{"@type":"ImageObject","inLanguage":"es","@id":"https:\/\/quehacerpolitico.mx\/?p=18908#primaryimage","url":"","contentUrl":""},{"@type":"BreadcrumbList","@id":"https:\/\/quehacerpolitico.mx\/?p=18908#breadcrumb","itemListElement":[{"@type":"ListItem","position":1,"name":"Inicio","item":"https:\/\/quehacerpolitico.mx\/"},{"@type":"ListItem","position":2,"name":"Alcald\u00edas\/\/\/Kassandra Castillo\/\/\/Cuauht\u00e9moc primera Alcald\u00eda en aprobar el reglamento para el uso de la \u201cSilla Ciudadana\u201d como mecanismo de participaci\u00f3n"}]},{"@type":"WebSite","@id":"https:\/\/quehacerpolitico.mx\/#website","url":"https:\/\/quehacerpolitico.mx\/","name":"","description":"","potentialAction":[{"@type":"SearchAction","target":{"@type":"EntryPoint","urlTemplate":"https:\/\/quehacerpolitico.mx\/?s={search_term_string}"},"query-input":{"@type":"PropertyValueSpecification","valueRequired":true,"valueName":"search_term_string"}}],"inLanguage":"es"},{"@type":"Person","@id":"https:\/\/quehacerpolitico.mx\/#\/schema\/person\/496d8ad2d1d3f8036101dca7ee39e585","name":"Redacci\u00f3n QP","image":{"@type":"ImageObject","inLanguage":"es","@id":"https:\/\/secure.gravatar.com\/avatar\/c7164ed6fdec453195284ad24a5ae5b6e1eed2b848477fa2a4787ba9adf39a41?s=96&d=mm&r=g","url":"https:\/\/secure.gravatar.com\/avatar\/c7164ed6fdec453195284ad24a5ae5b6e1eed2b848477fa2a4787ba9adf39a41?s=96&d=mm&r=g","contentUrl":"https:\/\/secure.gravatar.com\/avatar\/c7164ed6fdec453195284ad24a5ae5b6e1eed2b848477fa2a4787ba9adf39a41?s=96&d=mm&r=g","caption":"Redacci\u00f3n QP"},"url":"https:\/\/quehacerpolitico.mx\/?author=2"}]}},"featured_image_urls":{"full":"","thumbnail":"","medium":"","medium_large":"","large":"","1536x1536":"","2048x2048":"","covernews-featured":"","covernews-medium":""},"author_info":{"display_name":"Redacci\u00f3n QP","author_link":"https:\/\/quehacerpolitico.mx\/?author=2"},"category_info":"<a href=\"https:\/\/quehacerpolitico.mx\/?cat=55\" rel=\"category\">CDMX<\/a>","tag_info":"CDMX","comment_count":"0","_links":{"self":[{"href":"https:\/\/quehacerpolitico.mx\/index.php?rest_route=\/wp\/v2\/posts\/18908","targetHints":{"allow":["GET"]}}],"collection":[{"href":"https:\/\/quehacerpolitico.mx\/index.php?rest_route=\/wp\/v2\/posts"}],"about":[{"href":"https:\/\/quehacerpolitico.mx\/index.php?rest_route=\/wp\/v2\/types\/post"}],"author":[{"embeddable":true,"href":"https:\/\/quehacerpolitico.mx\/index.php?rest_route=\/wp\/v2\/users\/2"}],"replies":[{"embeddable":true,"href":"https:\/\/quehacerpolitico.mx\/index.php?rest_route=%2Fwp%2Fv2%2Fcomments&post=18908"}],"version-history":[{"count":0,"href":"https:\/\/quehacerpolitico.mx\/index.php?rest_route=\/wp\/v2\/posts\/18908\/revisions"}],"wp:featuredmedia":[{"embeddable":true,"href":"https:\/\/quehacerpolitico.mx\/index.php?rest_route=\/"}],"wp:attachment":[{"href":"https:\/\/quehacerpolitico.mx\/index.php?rest_route=%2Fwp%2Fv2%2Fmedia&parent=18908"}],"wp:term":[{"taxonomy":"category","embeddable":true,"href":"https:\/\/quehacerpolitico.mx\/index.php?rest_route=%2Fwp%2Fv2%2Fcategories&post=18908"},{"taxonomy":"post_tag","embeddable":true,"href":"https:\/\/quehacerpolitico.mx\/index.php?rest_route=%2Fwp%2Fv2%2Ftags&post=18908"}],"curies":[{"name":"wp","href":"https:\/\/api.w.org\/{rel}","templated":true}]}}