{"id":18902,"date":"2019-03-02T15:25:32","date_gmt":"2019-03-02T15:25:32","guid":{"rendered":"http:\/\/quehacerpolitico.mx\/el-gp-de-mexico-sin-garantia-de-seguir\/"},"modified":"2019-03-02T15:25:32","modified_gmt":"2019-03-02T15:25:32","slug":"el-gp-de-mexico-sin-garantia-de-seguir","status":"publish","type":"post","link":"https:\/\/quehacerpolitico.mx\/?p=18902","title":{"rendered":"EL GP de M\u00e9xico, sin garant\u00eda de seguir"},"content":{"rendered":"<h1 class=\"news-title\">EL GP de M\u00e9xico, sin garant\u00eda de seguir<\/h1>\n<p>Por Redacci\u00f3n QP<\/p>\n<header class=\"news-header\">\n<div class=\"news-subtitle\">\n<p>Despu\u00e9s de que el pasado jueves terminara el plazo para la renovaci\u00f3n de contrato, ahora el evento pierde\u00a0el derecho preferencial de cara a 2020<\/p>\n<\/div>\n<\/header>\n<div class=\"news-content\">\n<div class=\"news-body row\">\n<p><strong>Una vez que pas\u00f3 la fecha l\u00edmite para extender el contrato y conservar la fecha, el Gran Premio de M\u00e9xico perdi\u00f3 el derecho preferencial para ser parte del calendario de la F\u00f3rmula Uno para la Temporada 2020.<\/strong><\/p>\n<p>Debido a esto, nada asegura que la competici\u00f3n se mantenga dentro del calendario de la m\u00e1xima categor\u00eda del deporte motor, es decir, la empresa Liberty Media, la cual maneja la F\u00f3rmula Uno, est\u00e1 abierta para escuchar ofertas de otras ciudades que anhelan recibir este tipo de competencia de automovilismo en lugar de la Ciudad de M\u00e9xico.<\/p>\n<p>Sin embargo, las negociaciones del Comit\u00e9 Organizador del GP de M\u00e9xico seguir\u00e1n en pie con Liberty Media y con las autoridades gubernamentales del pa\u00eds, con el fin de que siga la permanencia de la carrera en la CDMX.<\/p>\n<p><strong>El contrato vigente vence en este 2019, por lo que el GP de M\u00e9xico, hasta estos momentos, est\u00e1 asegurado para celebrarse en octubre pr\u00f3ximo, del 25 al 27, en el Aut\u00f3dromoHermanos Rodr\u00edguez, en busca de un quinto galard\u00f3n consecutivo como la mejor carrera del a\u00f1o en la F\u00f3rmula Uno.<\/strong><\/p>\n<p>Por lo pronto, el Gran Premio de M\u00e9xico dio a conocer que \u201ccuando surjan noticias respecto a la negociaci\u00f3n que se lleva a cabo con las autoridades, oportunamente y \u00fanicamente a trav\u00e9s de los canales y voceros oficiales, las estaremos haciendo de conocimiento p\u00fablico\u201d.<\/p>\n<h3>Sergio P\u00e9rez termina pretemporada<\/h3>\n<p><strong>El piloto tapat\u00edo Sergio P\u00e9rez cumpli\u00f3 en la \u00faltima sesi\u00f3n de pretemporada con miras a la campa\u00f1a 2019 de la F\u00f3rmula Uno, a pesar de que se ubic\u00f3 segundo y medio detr\u00e1s del m\u00e1s veloz de la jornada, el alem\u00e1n SebastianVettel, de Ferrari.<\/strong><\/p>\n<p>El germano volvi\u00f3 a la actividad en los tests efectuados en el Circuito de Barcelona, luego de que el pasado mi\u00e9rcoles protagoniz\u00f3 un accidente en el que no pas\u00f3 a mayores y ayer fue el m\u00e1s r\u00e1pido.<\/p>\n<p>El conductor de Ferrari firm\u00f3 su mejor vuelta con tiempo de 1:16.221 minutos para ubicarse apenas tres mil\u00e9simas por delante del vigente campe\u00f3n, el brit\u00e1nico Lewis Hamilton, de Mercedes.<\/p>\n<p><strong>Si bien Checo P\u00e9rez, de Racing Point, concluy\u00f3 en el lugar 12, de los 13 pilotos que entraron en acci\u00f3n ayer, pudo concretar una jornada de 104 vueltas en el trazado para calar su monoplaza.<\/strong><\/p>\n<\/div>\n<\/div>\n","protected":false},"excerpt":{"rendered":"<p>EL GP de M\u00e9xico, sin garant\u00eda de seguir<br \/>\nPor Redacci\u00f3n QP<\/p>\n","protected":false},"author":2,"featured_media":18901,"comment_status":"open","ping_status":"open","sticky":false,"template":"","format":"standard","meta":{"_monsterinsights_skip_tracking":false,"_monsterinsights_sitenote_active":false,"_monsterinsights_sitenote_note":"","_monsterinsights_sitenote_category":0,"footnotes":""},"categories":[54],"tags":[],"class_list":["post-18902","post","type-post","status-publish","format-standard","has-post-thumbnail","hentry","category-deportes"],"yoast_head":"<!-- This site is optimized with the Yoast SEO plugin v27.3 - https:\/\/yoast.com\/product\/yoast-seo-wordpress\/ -->\n<title>EL GP de M\u00e9xico, sin garant\u00eda de seguir -<\/title>\n<meta name=\"robots\" content=\"index, follow, max-snippet:-1, max-image-preview:large, max-video-preview:-1\" \/>\n<link rel=\"canonical\" href=\"https:\/\/quehacerpolitico.mx\/?p=18902\" \/>\n<meta property=\"og:locale\" content=\"es_MX\" \/>\n<meta property=\"og:type\" content=\"article\" \/>\n<meta property=\"og:title\" content=\"EL GP de M\u00e9xico, sin garant\u00eda de seguir -\" \/>\n<meta property=\"og:description\" content=\"EL GP de M\u00e9xico, sin garant\u00eda de seguir Por Redacci\u00f3n QP\" \/>\n<meta property=\"og:url\" content=\"https:\/\/quehacerpolitico.mx\/?p=18902\" \/>\n<meta property=\"article:published_time\" content=\"2019-03-02T15:25:32+00:00\" \/>\n<meta name=\"author\" content=\"Redacci\u00f3n QP\" \/>\n<meta name=\"twitter:card\" content=\"summary_large_image\" \/>\n<meta name=\"twitter:label1\" content=\"Escrito por\" \/>\n\t<meta name=\"twitter:data1\" content=\"Redacci\u00f3n QP\" \/>\n\t<meta name=\"twitter:label2\" content=\"Tiempo de lectura\" \/>\n\t<meta name=\"twitter:data2\" content=\"2 minutos\" \/>\n<script type=\"application\/ld+json\" class=\"yoast-schema-graph\">{\"@context\":\"https:\\\/\\\/schema.org\",\"@graph\":[{\"@type\":\"Article\",\"@id\":\"https:\\\/\\\/quehacerpolitico.mx\\\/?p=18902#article\",\"isPartOf\":{\"@id\":\"https:\\\/\\\/quehacerpolitico.mx\\\/?p=18902\"},\"author\":{\"name\":\"Redacci\u00f3n QP\",\"@id\":\"https:\\\/\\\/quehacerpolitico.mx\\\/#\\\/schema\\\/person\\\/496d8ad2d1d3f8036101dca7ee39e585\"},\"headline\":\"EL GP de M\u00e9xico, sin garant\u00eda de seguir\",\"datePublished\":\"2019-03-02T15:25:32+00:00\",\"mainEntityOfPage\":{\"@id\":\"https:\\\/\\\/quehacerpolitico.mx\\\/?p=18902\"},\"wordCount\":452,\"commentCount\":0,\"image\":{\"@id\":\"https:\\\/\\\/quehacerpolitico.mx\\\/?p=18902#primaryimage\"},\"thumbnailUrl\":\"\",\"articleSection\":[\"Deportes\"],\"inLanguage\":\"es\",\"potentialAction\":[{\"@type\":\"CommentAction\",\"name\":\"Comment\",\"target\":[\"https:\\\/\\\/quehacerpolitico.mx\\\/?p=18902#respond\"]}]},{\"@type\":\"WebPage\",\"@id\":\"https:\\\/\\\/quehacerpolitico.mx\\\/?p=18902\",\"url\":\"https:\\\/\\\/quehacerpolitico.mx\\\/?p=18902\",\"name\":\"EL GP de M\u00e9xico, sin garant\u00eda de seguir -\",\"isPartOf\":{\"@id\":\"https:\\\/\\\/quehacerpolitico.mx\\\/#website\"},\"primaryImageOfPage\":{\"@id\":\"https:\\\/\\\/quehacerpolitico.mx\\\/?p=18902#primaryimage\"},\"image\":{\"@id\":\"https:\\\/\\\/quehacerpolitico.mx\\\/?p=18902#primaryimage\"},\"thumbnailUrl\":\"\",\"datePublished\":\"2019-03-02T15:25:32+00:00\",\"author\":{\"@id\":\"https:\\\/\\\/quehacerpolitico.mx\\\/#\\\/schema\\\/person\\\/496d8ad2d1d3f8036101dca7ee39e585\"},\"breadcrumb\":{\"@id\":\"https:\\\/\\\/quehacerpolitico.mx\\\/?p=18902#breadcrumb\"},\"inLanguage\":\"es\",\"potentialAction\":[{\"@type\":\"ReadAction\",\"target\":[\"https:\\\/\\\/quehacerpolitico.mx\\\/?p=18902\"]}]},{\"@type\":\"ImageObject\",\"inLanguage\":\"es\",\"@id\":\"https:\\\/\\\/quehacerpolitico.mx\\\/?p=18902#primaryimage\",\"url\":\"\",\"contentUrl\":\"\"},{\"@type\":\"BreadcrumbList\",\"@id\":\"https:\\\/\\\/quehacerpolitico.mx\\\/?p=18902#breadcrumb\",\"itemListElement\":[{\"@type\":\"ListItem\",\"position\":1,\"name\":\"Inicio\",\"item\":\"https:\\\/\\\/quehacerpolitico.mx\\\/\"},{\"@type\":\"ListItem\",\"position\":2,\"name\":\"EL GP de M\u00e9xico, sin garant\u00eda de seguir\"}]},{\"@type\":\"WebSite\",\"@id\":\"https:\\\/\\\/quehacerpolitico.mx\\\/#website\",\"url\":\"https:\\\/\\\/quehacerpolitico.mx\\\/\",\"name\":\"\",\"description\":\"\",\"potentialAction\":[{\"@type\":\"SearchAction\",\"target\":{\"@type\":\"EntryPoint\",\"urlTemplate\":\"https:\\\/\\\/quehacerpolitico.mx\\\/?s={search_term_string}\"},\"query-input\":{\"@type\":\"PropertyValueSpecification\",\"valueRequired\":true,\"valueName\":\"search_term_string\"}}],\"inLanguage\":\"es\"},{\"@type\":\"Person\",\"@id\":\"https:\\\/\\\/quehacerpolitico.mx\\\/#\\\/schema\\\/person\\\/496d8ad2d1d3f8036101dca7ee39e585\",\"name\":\"Redacci\u00f3n QP\",\"image\":{\"@type\":\"ImageObject\",\"inLanguage\":\"es\",\"@id\":\"https:\\\/\\\/secure.gravatar.com\\\/avatar\\\/c7164ed6fdec453195284ad24a5ae5b6e1eed2b848477fa2a4787ba9adf39a41?s=96&d=mm&r=g\",\"url\":\"https:\\\/\\\/secure.gravatar.com\\\/avatar\\\/c7164ed6fdec453195284ad24a5ae5b6e1eed2b848477fa2a4787ba9adf39a41?s=96&d=mm&r=g\",\"contentUrl\":\"https:\\\/\\\/secure.gravatar.com\\\/avatar\\\/c7164ed6fdec453195284ad24a5ae5b6e1eed2b848477fa2a4787ba9adf39a41?s=96&d=mm&r=g\",\"caption\":\"Redacci\u00f3n QP\"},\"url\":\"https:\\\/\\\/quehacerpolitico.mx\\\/?author=2\"}]}<\/script>\n<!-- \/ Yoast SEO plugin. -->","yoast_head_json":{"title":"EL GP de M\u00e9xico, sin garant\u00eda de seguir -","robots":{"index":"index","follow":"follow","max-snippet":"max-snippet:-1","max-image-preview":"max-image-preview:large","max-video-preview":"max-video-preview:-1"},"canonical":"https:\/\/quehacerpolitico.mx\/?p=18902","og_locale":"es_MX","og_type":"article","og_title":"EL GP de M\u00e9xico, sin garant\u00eda de seguir -","og_description":"EL GP de M\u00e9xico, sin garant\u00eda de seguir Por Redacci\u00f3n QP","og_url":"https:\/\/quehacerpolitico.mx\/?p=18902","article_published_time":"2019-03-02T15:25:32+00:00","author":"Redacci\u00f3n QP","twitter_card":"summary_large_image","twitter_misc":{"Escrito por":"Redacci\u00f3n QP","Tiempo de lectura":"2 minutos"},"schema":{"@context":"https:\/\/schema.org","@graph":[{"@type":"Article","@id":"https:\/\/quehacerpolitico.mx\/?p=18902#article","isPartOf":{"@id":"https:\/\/quehacerpolitico.mx\/?p=18902"},"author":{"name":"Redacci\u00f3n QP","@id":"https:\/\/quehacerpolitico.mx\/#\/schema\/person\/496d8ad2d1d3f8036101dca7ee39e585"},"headline":"EL GP de M\u00e9xico, sin garant\u00eda de seguir","datePublished":"2019-03-02T15:25:32+00:00","mainEntityOfPage":{"@id":"https:\/\/quehacerpolitico.mx\/?p=18902"},"wordCount":452,"commentCount":0,"image":{"@id":"https:\/\/quehacerpolitico.mx\/?p=18902#primaryimage"},"thumbnailUrl":"","articleSection":["Deportes"],"inLanguage":"es","potentialAction":[{"@type":"CommentAction","name":"Comment","target":["https:\/\/quehacerpolitico.mx\/?p=18902#respond"]}]},{"@type":"WebPage","@id":"https:\/\/quehacerpolitico.mx\/?p=18902","url":"https:\/\/quehacerpolitico.mx\/?p=18902","name":"EL GP de M\u00e9xico, sin garant\u00eda de seguir -","isPartOf":{"@id":"https:\/\/quehacerpolitico.mx\/#website"},"primaryImageOfPage":{"@id":"https:\/\/quehacerpolitico.mx\/?p=18902#primaryimage"},"image":{"@id":"https:\/\/quehacerpolitico.mx\/?p=18902#primaryimage"},"thumbnailUrl":"","datePublished":"2019-03-02T15:25:32+00:00","author":{"@id":"https:\/\/quehacerpolitico.mx\/#\/schema\/person\/496d8ad2d1d3f8036101dca7ee39e585"},"breadcrumb":{"@id":"https:\/\/quehacerpolitico.mx\/?p=18902#breadcrumb"},"inLanguage":"es","potentialAction":[{"@type":"ReadAction","target":["https:\/\/quehacerpolitico.mx\/?p=18902"]}]},{"@type":"ImageObject","inLanguage":"es","@id":"https:\/\/quehacerpolitico.mx\/?p=18902#primaryimage","url":"","contentUrl":""},{"@type":"BreadcrumbList","@id":"https:\/\/quehacerpolitico.mx\/?p=18902#breadcrumb","itemListElement":[{"@type":"ListItem","position":1,"name":"Inicio","item":"https:\/\/quehacerpolitico.mx\/"},{"@type":"ListItem","position":2,"name":"EL GP de M\u00e9xico, sin garant\u00eda de seguir"}]},{"@type":"WebSite","@id":"https:\/\/quehacerpolitico.mx\/#website","url":"https:\/\/quehacerpolitico.mx\/","name":"","description":"","potentialAction":[{"@type":"SearchAction","target":{"@type":"EntryPoint","urlTemplate":"https:\/\/quehacerpolitico.mx\/?s={search_term_string}"},"query-input":{"@type":"PropertyValueSpecification","valueRequired":true,"valueName":"search_term_string"}}],"inLanguage":"es"},{"@type":"Person","@id":"https:\/\/quehacerpolitico.mx\/#\/schema\/person\/496d8ad2d1d3f8036101dca7ee39e585","name":"Redacci\u00f3n QP","image":{"@type":"ImageObject","inLanguage":"es","@id":"https:\/\/secure.gravatar.com\/avatar\/c7164ed6fdec453195284ad24a5ae5b6e1eed2b848477fa2a4787ba9adf39a41?s=96&d=mm&r=g","url":"https:\/\/secure.gravatar.com\/avatar\/c7164ed6fdec453195284ad24a5ae5b6e1eed2b848477fa2a4787ba9adf39a41?s=96&d=mm&r=g","contentUrl":"https:\/\/secure.gravatar.com\/avatar\/c7164ed6fdec453195284ad24a5ae5b6e1eed2b848477fa2a4787ba9adf39a41?s=96&d=mm&r=g","caption":"Redacci\u00f3n QP"},"url":"https:\/\/quehacerpolitico.mx\/?author=2"}]}},"featured_image_urls":{"full":"","thumbnail":"","medium":"","medium_large":"","large":"","1536x1536":"","2048x2048":"","covernews-featured":"","covernews-medium":""},"author_info":{"display_name":"Redacci\u00f3n QP","author_link":"https:\/\/quehacerpolitico.mx\/?author=2"},"category_info":"<a href=\"https:\/\/quehacerpolitico.mx\/?cat=54\" rel=\"category\">Deportes<\/a>","tag_info":"Deportes","comment_count":"0","_links":{"self":[{"href":"https:\/\/quehacerpolitico.mx\/index.php?rest_route=\/wp\/v2\/posts\/18902","targetHints":{"allow":["GET"]}}],"collection":[{"href":"https:\/\/quehacerpolitico.mx\/index.php?rest_route=\/wp\/v2\/posts"}],"about":[{"href":"https:\/\/quehacerpolitico.mx\/index.php?rest_route=\/wp\/v2\/types\/post"}],"author":[{"embeddable":true,"href":"https:\/\/quehacerpolitico.mx\/index.php?rest_route=\/wp\/v2\/users\/2"}],"replies":[{"embeddable":true,"href":"https:\/\/quehacerpolitico.mx\/index.php?rest_route=%2Fwp%2Fv2%2Fcomments&post=18902"}],"version-history":[{"count":0,"href":"https:\/\/quehacerpolitico.mx\/index.php?rest_route=\/wp\/v2\/posts\/18902\/revisions"}],"wp:featuredmedia":[{"embeddable":true,"href":"https:\/\/quehacerpolitico.mx\/index.php?rest_route=\/"}],"wp:attachment":[{"href":"https:\/\/quehacerpolitico.mx\/index.php?rest_route=%2Fwp%2Fv2%2Fmedia&parent=18902"}],"wp:term":[{"taxonomy":"category","embeddable":true,"href":"https:\/\/quehacerpolitico.mx\/index.php?rest_route=%2Fwp%2Fv2%2Fcategories&post=18902"},{"taxonomy":"post_tag","embeddable":true,"href":"https:\/\/quehacerpolitico.mx\/index.php?rest_route=%2Fwp%2Fv2%2Ftags&post=18902"}],"curies":[{"name":"wp","href":"https:\/\/api.w.org\/{rel}","templated":true}]}}