{"id":18887,"date":"2019-03-02T04:38:40","date_gmt":"2019-03-02T04:38:40","guid":{"rendered":"http:\/\/quehacerpolitico.mx\/reforma-laboral-impulsara-una-nueva-relacion-entre-empleadores-y-trabajadores-stps\/"},"modified":"2019-03-02T04:38:40","modified_gmt":"2019-03-02T04:38:40","slug":"reforma-laboral-impulsara-una-nueva-relacion-entre-empleadores-y-trabajadores-stps","status":"publish","type":"post","link":"https:\/\/quehacerpolitico.mx\/?p=18887","title":{"rendered":"REFORMA LABORAL IMPULSAR\u00c1 UNA NUEVA RELACI\u00d3N ENTRE EMPLEADORES Y TRABAJADORES: STPS"},"content":{"rendered":"<h3 class=\"post-title entry-title\">REFORMA LABORAL IMPULSAR\u00c1 UNA NUEVA RELACI\u00d3N ENTRE EMPLEADORES Y TRABAJADORES: STPS<\/h3>\n<p>Por Redacci\u00f3n QP<\/p>\n<p class=\"yiv6638457671MsoNormal\"><span id=\"yMail_cursorElementTracker_1551491221137\" lang=\"EN-US\">La titular de la Secretar\u00eda del Trabajo y Previsi\u00f3n Social (STPS), Luisa Mar\u00eda Alcalde Luj\u00e1n, expuso ante empresarios de la C\u00e1mara de la Industria de la Transformaci\u00f3n (Caintra) los alcances de la propuesta de reforma laboral que se encuentra en discusi\u00f3n en la C\u00e1mara de Diputados y destac\u00f3 que empleadores y trabajadores son los actores centrales del di\u00e1logo y la negociaci\u00f3n, mientras a la autoridad le toca acompa\u00f1ar ese equilibrio y &#8220;no cargarse ni de un lado ni de otro&#8221;.<\/span><\/p>\n<p class=\"yiv6638457671MsoNormal\"><span id=\"yMail_cursorElementTracker_1551491219385\" lang=\"EN-US\">Durante una gira de trabajo por el estado de Nuevo Le\u00f3n, Alcalde Luj\u00e1n, dijo que las reformas a la Ley Federal del Trabajo, representan &#8220;sin duda, todo un reto para cambiar la cultura laboral desde todos los \u00e1mbitos y desde todos los actores que participan en el campo laboral&#8221;.<\/span><\/p>\n<p class=\"yiv6638457671MsoNormal\"><span id=\"yMail_cursorElementTracker_1551491217141\" lang=\"EN-US\">En el Club Industrial, la secretaria Luisa Mar\u00eda Alcalde present\u00f3 los cinco ejes que definen la iniciativa de reforma laboral, y que permitir\u00e1 pasar a un nuevo esquema de justicia y democracia sindical: Democracia en el trabajo; garant\u00edas en los contratos colectivos; creaci\u00f3n del Centro Federal de Conciliaci\u00f3n y Registro Laboral; sustituci\u00f3n de las juntas de Conciliaci\u00f3n y Arbitraje; as\u00ed como la eliminaci\u00f3n de la extorsi\u00f3n de sindicatos no reconocidos.<\/span><\/p>\n<p class=\"yiv6638457671MsoNormal\"><span id=\"yMail_cursorElementTracker_1551491215003\" lang=\"EN-US\">Ante el empresariado agreg\u00f3 que ese nuevo entramado legal tambi\u00e9n ayudar\u00e1 &#8220;a tener un marco normativo claro de todos estos procedimientos a implementar de libertad y democracia sindical&#8221;.<\/span><\/p>\n<p class=\"yiv6638457671MsoNormal\"><span id=\"yMail_cursorElementTracker_1551491213291\" lang=\"EN-US\">La encargada de la pol\u00edtica laboral del pa\u00eds reiter\u00f3 que para llevar a cabo la implementaci\u00f3n de esta reforma existen varios retos.<\/span><\/p>\n<p class=\"yiv6638457671MsoNormal\"><span id=\"yMail_cursorElementTracker_1551491211103\" lang=\"EN-US\">Dijo que tiene que haber una mayor preparaci\u00f3n por parte de los diferentes actores para el nuevo esquema laboral, &#8220;porque esto implica que va a haber una mayor negociaci\u00f3n colectiva, mayor di\u00e1logo, y necesitamos una actuaci\u00f3n imparcial de la autoridad&#8221;.<\/span><\/p>\n<p class=\"yiv6638457671MsoNormal\"><span id=\"yMail_cursorElementTracker_1551491209443\" lang=\"EN-US\">&#8220;Necesitamos mejorar nuestros canales de negociaci\u00f3n, una mayor cercan\u00eda entre los sindicatos y los trabajadores&#8221;.<\/span><\/p>\n<p class=\"yiv6638457671MsoNormal\"><span id=\"yMail_cursorElementTracker_1551491207164\" lang=\"EN-US\">Destac\u00f3 que son &#8220;los empleadores y los trabajadores los principales actores de la negociaci\u00f3n, y al gobierno le toca promover que haya un di\u00e1logo entre estos dos actores&#8221;.<\/span><\/p>\n<p class=\"yiv6638457671MsoNormal\"><span id=\"yMail_cursorElementTracker_1551491205565\" lang=\"EN-US\">La secretaria Luis Mar\u00eda Alcalde, explic\u00f3 que &#8220;en la negociaci\u00f3n debe haber un equilibrio entre los dos actores, y a la autoridad le toca acompa\u00f1ar ese equilibrio y no cargarse ni de un lado ni de otro&#8221;.<\/span><\/p>\n<p class=\"yiv6638457671MsoNormal\"><span id=\"yMail_cursorElementTracker_1551491203465\" lang=\"EN-US\">Afirm\u00f3 que el prop\u00f3sito es ir mejorando los salarios de los trabajadores, as\u00ed como las condiciones laborales para que haya un justo equilibrio, mejor productividad y se fortalezcan las empresas.<\/span><\/p>\n<p class=\"yiv6638457671MsoNormal\"><span id=\"yMail_cursorElementTracker_1551491201332\" lang=\"EN-US\">Durante su intervenci\u00f3n, agradeci\u00f3 la participaci\u00f3n del sector industrial de Nuevo Le\u00f3n que conforma la Caintra en el programa de J\u00f3venes Construyendo el Futuro que tiene como meta abrir una oportunidad a 2.3 millones de j\u00f3venes en el pa\u00eds que recibir\u00e1n apoyos mensuales por 3 mil 600 pesos hasta por un a\u00f1o y obtendr\u00e1n acceso al servicio m\u00e9dico a trav\u00e9s del IMSS.<\/span><\/p>\n<p class=\"yiv6638457671MsoNormal\"><span id=\"yMail_cursorElementTracker_1551491198996\" lang=\"EN-US\">Entre los aprendices se prev\u00e9 que miles de j\u00f3venes neolonenses sumen su talento al sector productivo porque hasta ahora estaban en b\u00fasqueda de oportunidades laborales y tener mejores condiciones de vida.<\/span><\/p>\n<p class=\"yiv6638457671MsoNormal\"><span lang=\"EN-US\">Alcalde Luj\u00e1n celebr\u00f3 y reconoci\u00f3 el mutuo deseo por fortalecer el crecimiento de esa regi\u00f3n del pa\u00eds.<\/span><\/p>\n","protected":false},"excerpt":{"rendered":"<p>REFORMA LABORAL IMPULSAR\u00c1 UNA NUEVA RELACI\u00d3N ENTRE EMPLEADORES Y TRABAJADORES: STPS<br \/>\nPor Redacci\u00f3n QP<\/p>\n","protected":false},"author":2,"featured_media":18886,"comment_status":"open","ping_status":"open","sticky":false,"template":"","format":"standard","meta":{"_monsterinsights_skip_tracking":false,"_monsterinsights_sitenote_active":false,"_monsterinsights_sitenote_note":"","_monsterinsights_sitenote_category":0,"footnotes":""},"categories":[2],"tags":[],"class_list":["post-18887","post","type-post","status-publish","format-standard","has-post-thumbnail","hentry","category-noticias"],"yoast_head":"<!-- This site is optimized with the Yoast SEO plugin v27.3 - https:\/\/yoast.com\/product\/yoast-seo-wordpress\/ -->\n<title>REFORMA LABORAL IMPULSAR\u00c1 UNA NUEVA RELACI\u00d3N ENTRE EMPLEADORES Y TRABAJADORES: STPS -<\/title>\n<meta name=\"robots\" content=\"index, follow, max-snippet:-1, max-image-preview:large, max-video-preview:-1\" \/>\n<link rel=\"canonical\" href=\"https:\/\/quehacerpolitico.mx\/?p=18887\" \/>\n<meta property=\"og:locale\" content=\"es_MX\" \/>\n<meta property=\"og:type\" content=\"article\" \/>\n<meta property=\"og:title\" content=\"REFORMA LABORAL IMPULSAR\u00c1 UNA NUEVA RELACI\u00d3N ENTRE EMPLEADORES Y TRABAJADORES: STPS -\" \/>\n<meta property=\"og:description\" content=\"REFORMA LABORAL IMPULSAR\u00c1 UNA NUEVA RELACI\u00d3N ENTRE EMPLEADORES Y TRABAJADORES: STPS Por Redacci\u00f3n QP\" \/>\n<meta property=\"og:url\" content=\"https:\/\/quehacerpolitico.mx\/?p=18887\" \/>\n<meta property=\"article:published_time\" content=\"2019-03-02T04:38:40+00:00\" \/>\n<meta name=\"author\" content=\"Redacci\u00f3n QP\" \/>\n<meta name=\"twitter:card\" content=\"summary_large_image\" \/>\n<meta name=\"twitter:label1\" content=\"Escrito por\" \/>\n\t<meta name=\"twitter:data1\" content=\"Redacci\u00f3n QP\" \/>\n\t<meta name=\"twitter:label2\" content=\"Tiempo de lectura\" \/>\n\t<meta name=\"twitter:data2\" content=\"3 minutos\" \/>\n<script type=\"application\/ld+json\" class=\"yoast-schema-graph\">{\"@context\":\"https:\\\/\\\/schema.org\",\"@graph\":[{\"@type\":\"Article\",\"@id\":\"https:\\\/\\\/quehacerpolitico.mx\\\/?p=18887#article\",\"isPartOf\":{\"@id\":\"https:\\\/\\\/quehacerpolitico.mx\\\/?p=18887\"},\"author\":{\"name\":\"Redacci\u00f3n QP\",\"@id\":\"https:\\\/\\\/quehacerpolitico.mx\\\/#\\\/schema\\\/person\\\/496d8ad2d1d3f8036101dca7ee39e585\"},\"headline\":\"REFORMA LABORAL IMPULSAR\u00c1 UNA NUEVA RELACI\u00d3N ENTRE EMPLEADORES Y TRABAJADORES: STPS\",\"datePublished\":\"2019-03-02T04:38:40+00:00\",\"mainEntityOfPage\":{\"@id\":\"https:\\\/\\\/quehacerpolitico.mx\\\/?p=18887\"},\"wordCount\":587,\"commentCount\":0,\"image\":{\"@id\":\"https:\\\/\\\/quehacerpolitico.mx\\\/?p=18887#primaryimage\"},\"thumbnailUrl\":\"\",\"articleSection\":[\"Noticias\"],\"inLanguage\":\"es\",\"potentialAction\":[{\"@type\":\"CommentAction\",\"name\":\"Comment\",\"target\":[\"https:\\\/\\\/quehacerpolitico.mx\\\/?p=18887#respond\"]}]},{\"@type\":\"WebPage\",\"@id\":\"https:\\\/\\\/quehacerpolitico.mx\\\/?p=18887\",\"url\":\"https:\\\/\\\/quehacerpolitico.mx\\\/?p=18887\",\"name\":\"REFORMA LABORAL IMPULSAR\u00c1 UNA NUEVA RELACI\u00d3N ENTRE EMPLEADORES Y TRABAJADORES: STPS -\",\"isPartOf\":{\"@id\":\"https:\\\/\\\/quehacerpolitico.mx\\\/#website\"},\"primaryImageOfPage\":{\"@id\":\"https:\\\/\\\/quehacerpolitico.mx\\\/?p=18887#primaryimage\"},\"image\":{\"@id\":\"https:\\\/\\\/quehacerpolitico.mx\\\/?p=18887#primaryimage\"},\"thumbnailUrl\":\"\",\"datePublished\":\"2019-03-02T04:38:40+00:00\",\"author\":{\"@id\":\"https:\\\/\\\/quehacerpolitico.mx\\\/#\\\/schema\\\/person\\\/496d8ad2d1d3f8036101dca7ee39e585\"},\"breadcrumb\":{\"@id\":\"https:\\\/\\\/quehacerpolitico.mx\\\/?p=18887#breadcrumb\"},\"inLanguage\":\"es\",\"potentialAction\":[{\"@type\":\"ReadAction\",\"target\":[\"https:\\\/\\\/quehacerpolitico.mx\\\/?p=18887\"]}]},{\"@type\":\"ImageObject\",\"inLanguage\":\"es\",\"@id\":\"https:\\\/\\\/quehacerpolitico.mx\\\/?p=18887#primaryimage\",\"url\":\"\",\"contentUrl\":\"\"},{\"@type\":\"BreadcrumbList\",\"@id\":\"https:\\\/\\\/quehacerpolitico.mx\\\/?p=18887#breadcrumb\",\"itemListElement\":[{\"@type\":\"ListItem\",\"position\":1,\"name\":\"Inicio\",\"item\":\"https:\\\/\\\/quehacerpolitico.mx\\\/\"},{\"@type\":\"ListItem\",\"position\":2,\"name\":\"REFORMA LABORAL IMPULSAR\u00c1 UNA NUEVA RELACI\u00d3N ENTRE EMPLEADORES Y TRABAJADORES: STPS\"}]},{\"@type\":\"WebSite\",\"@id\":\"https:\\\/\\\/quehacerpolitico.mx\\\/#website\",\"url\":\"https:\\\/\\\/quehacerpolitico.mx\\\/\",\"name\":\"\",\"description\":\"\",\"potentialAction\":[{\"@type\":\"SearchAction\",\"target\":{\"@type\":\"EntryPoint\",\"urlTemplate\":\"https:\\\/\\\/quehacerpolitico.mx\\\/?s={search_term_string}\"},\"query-input\":{\"@type\":\"PropertyValueSpecification\",\"valueRequired\":true,\"valueName\":\"search_term_string\"}}],\"inLanguage\":\"es\"},{\"@type\":\"Person\",\"@id\":\"https:\\\/\\\/quehacerpolitico.mx\\\/#\\\/schema\\\/person\\\/496d8ad2d1d3f8036101dca7ee39e585\",\"name\":\"Redacci\u00f3n QP\",\"image\":{\"@type\":\"ImageObject\",\"inLanguage\":\"es\",\"@id\":\"https:\\\/\\\/secure.gravatar.com\\\/avatar\\\/c7164ed6fdec453195284ad24a5ae5b6e1eed2b848477fa2a4787ba9adf39a41?s=96&d=mm&r=g\",\"url\":\"https:\\\/\\\/secure.gravatar.com\\\/avatar\\\/c7164ed6fdec453195284ad24a5ae5b6e1eed2b848477fa2a4787ba9adf39a41?s=96&d=mm&r=g\",\"contentUrl\":\"https:\\\/\\\/secure.gravatar.com\\\/avatar\\\/c7164ed6fdec453195284ad24a5ae5b6e1eed2b848477fa2a4787ba9adf39a41?s=96&d=mm&r=g\",\"caption\":\"Redacci\u00f3n QP\"},\"url\":\"https:\\\/\\\/quehacerpolitico.mx\\\/?author=2\"}]}<\/script>\n<!-- \/ Yoast SEO plugin. -->","yoast_head_json":{"title":"REFORMA LABORAL IMPULSAR\u00c1 UNA NUEVA RELACI\u00d3N ENTRE EMPLEADORES Y TRABAJADORES: STPS -","robots":{"index":"index","follow":"follow","max-snippet":"max-snippet:-1","max-image-preview":"max-image-preview:large","max-video-preview":"max-video-preview:-1"},"canonical":"https:\/\/quehacerpolitico.mx\/?p=18887","og_locale":"es_MX","og_type":"article","og_title":"REFORMA LABORAL IMPULSAR\u00c1 UNA NUEVA RELACI\u00d3N ENTRE EMPLEADORES Y TRABAJADORES: STPS -","og_description":"REFORMA LABORAL IMPULSAR\u00c1 UNA NUEVA RELACI\u00d3N ENTRE EMPLEADORES Y TRABAJADORES: STPS Por Redacci\u00f3n QP","og_url":"https:\/\/quehacerpolitico.mx\/?p=18887","article_published_time":"2019-03-02T04:38:40+00:00","author":"Redacci\u00f3n QP","twitter_card":"summary_large_image","twitter_misc":{"Escrito por":"Redacci\u00f3n QP","Tiempo de lectura":"3 minutos"},"schema":{"@context":"https:\/\/schema.org","@graph":[{"@type":"Article","@id":"https:\/\/quehacerpolitico.mx\/?p=18887#article","isPartOf":{"@id":"https:\/\/quehacerpolitico.mx\/?p=18887"},"author":{"name":"Redacci\u00f3n QP","@id":"https:\/\/quehacerpolitico.mx\/#\/schema\/person\/496d8ad2d1d3f8036101dca7ee39e585"},"headline":"REFORMA LABORAL IMPULSAR\u00c1 UNA NUEVA RELACI\u00d3N ENTRE EMPLEADORES Y TRABAJADORES: STPS","datePublished":"2019-03-02T04:38:40+00:00","mainEntityOfPage":{"@id":"https:\/\/quehacerpolitico.mx\/?p=18887"},"wordCount":587,"commentCount":0,"image":{"@id":"https:\/\/quehacerpolitico.mx\/?p=18887#primaryimage"},"thumbnailUrl":"","articleSection":["Noticias"],"inLanguage":"es","potentialAction":[{"@type":"CommentAction","name":"Comment","target":["https:\/\/quehacerpolitico.mx\/?p=18887#respond"]}]},{"@type":"WebPage","@id":"https:\/\/quehacerpolitico.mx\/?p=18887","url":"https:\/\/quehacerpolitico.mx\/?p=18887","name":"REFORMA LABORAL IMPULSAR\u00c1 UNA NUEVA RELACI\u00d3N ENTRE EMPLEADORES Y TRABAJADORES: STPS -","isPartOf":{"@id":"https:\/\/quehacerpolitico.mx\/#website"},"primaryImageOfPage":{"@id":"https:\/\/quehacerpolitico.mx\/?p=18887#primaryimage"},"image":{"@id":"https:\/\/quehacerpolitico.mx\/?p=18887#primaryimage"},"thumbnailUrl":"","datePublished":"2019-03-02T04:38:40+00:00","author":{"@id":"https:\/\/quehacerpolitico.mx\/#\/schema\/person\/496d8ad2d1d3f8036101dca7ee39e585"},"breadcrumb":{"@id":"https:\/\/quehacerpolitico.mx\/?p=18887#breadcrumb"},"inLanguage":"es","potentialAction":[{"@type":"ReadAction","target":["https:\/\/quehacerpolitico.mx\/?p=18887"]}]},{"@type":"ImageObject","inLanguage":"es","@id":"https:\/\/quehacerpolitico.mx\/?p=18887#primaryimage","url":"","contentUrl":""},{"@type":"BreadcrumbList","@id":"https:\/\/quehacerpolitico.mx\/?p=18887#breadcrumb","itemListElement":[{"@type":"ListItem","position":1,"name":"Inicio","item":"https:\/\/quehacerpolitico.mx\/"},{"@type":"ListItem","position":2,"name":"REFORMA LABORAL IMPULSAR\u00c1 UNA NUEVA RELACI\u00d3N ENTRE EMPLEADORES Y TRABAJADORES: STPS"}]},{"@type":"WebSite","@id":"https:\/\/quehacerpolitico.mx\/#website","url":"https:\/\/quehacerpolitico.mx\/","name":"","description":"","potentialAction":[{"@type":"SearchAction","target":{"@type":"EntryPoint","urlTemplate":"https:\/\/quehacerpolitico.mx\/?s={search_term_string}"},"query-input":{"@type":"PropertyValueSpecification","valueRequired":true,"valueName":"search_term_string"}}],"inLanguage":"es"},{"@type":"Person","@id":"https:\/\/quehacerpolitico.mx\/#\/schema\/person\/496d8ad2d1d3f8036101dca7ee39e585","name":"Redacci\u00f3n QP","image":{"@type":"ImageObject","inLanguage":"es","@id":"https:\/\/secure.gravatar.com\/avatar\/c7164ed6fdec453195284ad24a5ae5b6e1eed2b848477fa2a4787ba9adf39a41?s=96&d=mm&r=g","url":"https:\/\/secure.gravatar.com\/avatar\/c7164ed6fdec453195284ad24a5ae5b6e1eed2b848477fa2a4787ba9adf39a41?s=96&d=mm&r=g","contentUrl":"https:\/\/secure.gravatar.com\/avatar\/c7164ed6fdec453195284ad24a5ae5b6e1eed2b848477fa2a4787ba9adf39a41?s=96&d=mm&r=g","caption":"Redacci\u00f3n QP"},"url":"https:\/\/quehacerpolitico.mx\/?author=2"}]}},"featured_image_urls":{"full":"","thumbnail":"","medium":"","medium_large":"","large":"","1536x1536":"","2048x2048":"","covernews-featured":"","covernews-medium":""},"author_info":{"display_name":"Redacci\u00f3n QP","author_link":"https:\/\/quehacerpolitico.mx\/?author=2"},"category_info":"<a href=\"https:\/\/quehacerpolitico.mx\/?cat=2\" rel=\"category\">Noticias<\/a>","tag_info":"Noticias","comment_count":"0","_links":{"self":[{"href":"https:\/\/quehacerpolitico.mx\/index.php?rest_route=\/wp\/v2\/posts\/18887","targetHints":{"allow":["GET"]}}],"collection":[{"href":"https:\/\/quehacerpolitico.mx\/index.php?rest_route=\/wp\/v2\/posts"}],"about":[{"href":"https:\/\/quehacerpolitico.mx\/index.php?rest_route=\/wp\/v2\/types\/post"}],"author":[{"embeddable":true,"href":"https:\/\/quehacerpolitico.mx\/index.php?rest_route=\/wp\/v2\/users\/2"}],"replies":[{"embeddable":true,"href":"https:\/\/quehacerpolitico.mx\/index.php?rest_route=%2Fwp%2Fv2%2Fcomments&post=18887"}],"version-history":[{"count":0,"href":"https:\/\/quehacerpolitico.mx\/index.php?rest_route=\/wp\/v2\/posts\/18887\/revisions"}],"wp:featuredmedia":[{"embeddable":true,"href":"https:\/\/quehacerpolitico.mx\/index.php?rest_route=\/"}],"wp:attachment":[{"href":"https:\/\/quehacerpolitico.mx\/index.php?rest_route=%2Fwp%2Fv2%2Fmedia&parent=18887"}],"wp:term":[{"taxonomy":"category","embeddable":true,"href":"https:\/\/quehacerpolitico.mx\/index.php?rest_route=%2Fwp%2Fv2%2Fcategories&post=18887"},{"taxonomy":"post_tag","embeddable":true,"href":"https:\/\/quehacerpolitico.mx\/index.php?rest_route=%2Fwp%2Fv2%2Ftags&post=18887"}],"curies":[{"name":"wp","href":"https:\/\/api.w.org\/{rel}","templated":true}]}}