{"id":18841,"date":"2019-03-01T16:55:08","date_gmt":"2019-03-01T16:55:08","guid":{"rendered":"http:\/\/quehacerpolitico.mx\/no-se-dara-dinero-a-organismos-civiles-los-creo-el-regimen-neoliberal-no-cedere-amlo\/"},"modified":"2019-03-01T16:55:08","modified_gmt":"2019-03-01T16:55:08","slug":"no-se-dara-dinero-a-organismos-civiles-los-creo-el-regimen-neoliberal-no-cedere-amlo","status":"publish","type":"post","link":"https:\/\/quehacerpolitico.mx\/?p=18841","title":{"rendered":"No se dar\u00e1 dinero a organismos civiles, los cre\u00f3 el r\u00e9gimen neoliberal, No ceder\u00e9: AMLO"},"content":{"rendered":"<p>No se dar\u00e1 dinero a organismos civiles, los cre\u00f3 el r\u00e9gimen neoliberal, No ceder\u00e9: AMLO<\/p>\n<p>Por Redacci\u00f3n QP<\/p>\n<p>El <strong>Presidente Andr\u00e9s Manuel L\u00f3pez Obrador<\/strong> destac\u00f3 esta ma\u00f1ana que <strong>no habr\u00e1 transferencia de dinero<\/strong> p\u00fablico a <strong>organizaciones<\/strong> de la <strong>sociedad<\/strong> <strong>civil <\/strong>(OSC) sin excepci\u00f3n alguna. El Primer Mandatario explic\u00f3\u00a0 que se han encontrado muchas <strong>irregularidades<\/strong> en esas transferencias de dinero y critic\u00f3 que se daban recursos incluso para organizar eventos como torneos de golf.<\/p>\n<blockquote>\n<p>\u201cHab\u00eda transferencia de recursos hasta para la organizaci\u00f3n de torneos de golf\u201d, por lo que no habr\u00e1 excepciones, reiter\u00f3.<\/p>\n<\/blockquote>\n<p>El Jefe del Ejecutivo federal inform\u00f3 esta ma\u00f1ana que ha le\u00eddo que ya hay organizaciones pidiendo audiencias con \u00e9l para explicarle c\u00f3mo usan los recursos, pero expuso que por ahora la instrucci\u00f3n es que a ninguna se le otorgue dinero sino que los recursos se den directo a quienes lo necesitan, sean v\u00edctimas, personas con capacidades diferentes o mujeres violentadas en sus hogares.<\/p>\n<p>\u201cEn general se comet\u00edan muchos abusos y era bastante el dinero destinado. Por lo pronto, no hay esas transferencias; se terminan esas transferencias, nadie va a ejercer dinero de esa forma\u201d, a\u00f1adi\u00f3.<\/p>\n<blockquote>\n<p>\u201cNo voy a cambiar, no voy a ceder y tengo que ser estricto, no hacer excepciones, porque la primera que haga: \u2018es que se trata de la asociaci\u00f3n de ni\u00f1os de la calle\u2019, que se justifica mucho, \u2018bueno en este caso s\u00ed\u2019, pues por ah\u00ed se van a ir todos\u201d, asegur\u00f3.\u00a0\u201cSe tienen que tomar decisiones de aplicaci\u00f3n general\u201d, a\u00f1adi\u00f3. Sin embargo dijo que eso no significa que no se vayan a atender a los ni\u00f1os, pero dijo que para eso est\u00e1n la Segob y el DIF.<\/p>\n<p>Tambi\u00e9n critic\u00f3 que el r\u00e9gimen neoliberal cre\u00f3 toda una estructura de simulaci\u00f3n, por lo que llam\u00f3 a replantear la idea de la sociedad civil, que antes, dijo, era el pueblo:<\/p>\n<blockquote>\n<p>\u201cEl r\u00e9gimen neoliberal cre\u00f3 toda esta estructura para la simulaci\u00f3n, al mismo tiempo que se comet\u00eda el saqueo[\u2026]. Ya se acab\u00f3 eso. Y hay que replantearse lo de la sociedad civil, hay que estudiarlo\u201d, critic\u00f3 y dijo que hoy son un \u201cinstrumento de los conservadores, de los potentados, de los machuchones para justificar todo\u201d.<\/p>\n<\/blockquote>\n<p>\u201c\u00bfC\u00f3mo se le llamaba antes a la sociedad civil? Pueblo\u201d, asegur\u00f3.<\/p>\n<p><strong>SOBRE REFUGIOS DE MUJERES:<\/strong><\/p>\n<p>El Jefe del Ejecutivo Federal asegur\u00f3 que para los refugios de mujeres v\u00edctimas de violencia ser\u00e1 la Secretar\u00eda de Gobernaci\u00f3n quien se haga cargo de ello de manera directa. \u201cPara eso es el Gobierno\u201d, dijo.<\/p>\n<p>L\u00f3pez Obrador se\u00f1al\u00f3 que se est\u00e1 definiendo un programa para atender a las mujeres v\u00edctimas de violencia y que se les entregue de manera directa el apoyo. Asever\u00f3 que en los pr\u00f3ximos d\u00edas se dar\u00e1n a conocer los lineamientos para la atenci\u00f3n a las mujeres.<\/p>\n<p>Anunci\u00f3 que en el caso de las estancias infantiles, se est\u00e1 visitando casa por casa, apuntando a los ni\u00f1os, y d\u00e1ndoles toda la informaci\u00f3n.<\/p>\n<p>El Presidente insisti\u00f3 esta ma\u00f1ana que se encontr\u00f3 mal manejo de dinero en muchas organizaciones.<\/p>\n<p>\u201cTodas las organizaciones, hay organizaciones campesinas, de promoci\u00f3n de vivienda, de defensa de derechos humanos, de atenci\u00f3n a mujeres maltratadas, a feminicidio, a ni\u00f1os de la calle, a personas con discapacidad, a adultos mayores, deportivas, musicales, art\u00edsticas, culturales. Se compraban suscripciones de revistas, pero de un buen n\u00famero de revistas. Tenemos que evitar todo eso y transparentarlo\u201d, ejemplific\u00f3.<\/p>\n<p>\u201cLo que se entregue hacerlo p\u00fablico, es dinero de todo el pueblo\u201d, asegur\u00f3.<\/p>\n<blockquote class=\"twitter-tweet\" data-width=\"550\" data-dnt=\"true\">\n<p lang=\"es\" dir=\"ltr\">\u26a1\u00bfA d\u00f3nde pueden ir las mujeres maltratadas y v\u00edctimas de violencia en este momento?\u26a1<\/p>\n<p>Dice el Presidente <a href=\"https:\/\/twitter.com\/lopezobrador?ref_src=twsrc%5Etfw\">@lopezobrador<\/a> que a\u00fan lo est\u00e1n revisando pero que no cambiar\u00e1 de opini\u00f3n respecto a darle dinero a refugios y sociedad civil y que la ayudar\u00e1 ser\u00e1 atrav\u00e9s de SEGOB.<\/p>\n<p>\ud83d\ude12\ud83d\ude12\ud83d\ude12 <a href=\"https:\/\/t.co\/R3CF8Szl4g\">pic.twitter.com\/R3CF8Szl4g<\/a><\/p>\n<p>&mdash; Ruido en la Red (@RuidoEnLaRed) <a href=\"https:\/\/twitter.com\/RuidoEnLaRed\/status\/1101495186931286016?ref_src=twsrc%5Etfw\">March 1, 2019<\/a><\/p><\/blockquote>\n<p><script async src=\"https:\/\/platform.twitter.com\/widgets.js\" charset=\"utf-8\"><\/script><\/p>\n<\/blockquote>\n","protected":false},"excerpt":{"rendered":"<p>No se dar\u00e1 dinero a organismos civiles, los cre\u00f3 el r\u00e9gimen neoliberal, No ceder\u00e9: AMLO<br \/>\nPor Redacci\u00f3n QP<\/p>\n","protected":false},"author":2,"featured_media":18840,"comment_status":"open","ping_status":"open","sticky":false,"template":"","format":"standard","meta":{"_monsterinsights_skip_tracking":false,"_monsterinsights_sitenote_active":false,"_monsterinsights_sitenote_note":"","_monsterinsights_sitenote_category":0,"footnotes":""},"categories":[2],"tags":[],"class_list":["post-18841","post","type-post","status-publish","format-standard","has-post-thumbnail","hentry","category-noticias"],"yoast_head":"<!-- This site is optimized with the Yoast SEO plugin v27.3 - https:\/\/yoast.com\/product\/yoast-seo-wordpress\/ -->\n<title>No se dar\u00e1 dinero a organismos civiles, los cre\u00f3 el r\u00e9gimen neoliberal, No ceder\u00e9: AMLO -<\/title>\n<meta name=\"robots\" content=\"index, follow, max-snippet:-1, max-image-preview:large, max-video-preview:-1\" \/>\n<link rel=\"canonical\" href=\"https:\/\/quehacerpolitico.mx\/?p=18841\" \/>\n<meta property=\"og:locale\" content=\"es_MX\" \/>\n<meta property=\"og:type\" content=\"article\" \/>\n<meta property=\"og:title\" content=\"No se dar\u00e1 dinero a organismos civiles, los cre\u00f3 el r\u00e9gimen neoliberal, No ceder\u00e9: AMLO -\" \/>\n<meta property=\"og:description\" content=\"No se dar\u00e1 dinero a organismos civiles, los cre\u00f3 el r\u00e9gimen neoliberal, No ceder\u00e9: AMLO Por Redacci\u00f3n QP\" \/>\n<meta property=\"og:url\" content=\"https:\/\/quehacerpolitico.mx\/?p=18841\" \/>\n<meta property=\"article:published_time\" content=\"2019-03-01T16:55:08+00:00\" \/>\n<meta name=\"author\" content=\"Redacci\u00f3n QP\" \/>\n<meta name=\"twitter:card\" content=\"summary_large_image\" \/>\n<meta name=\"twitter:label1\" content=\"Escrito por\" \/>\n\t<meta name=\"twitter:data1\" content=\"Redacci\u00f3n QP\" \/>\n\t<meta name=\"twitter:label2\" content=\"Tiempo de lectura\" \/>\n\t<meta name=\"twitter:data2\" content=\"3 minutos\" \/>\n<script type=\"application\/ld+json\" class=\"yoast-schema-graph\">{\"@context\":\"https:\\\/\\\/schema.org\",\"@graph\":[{\"@type\":\"Article\",\"@id\":\"https:\\\/\\\/quehacerpolitico.mx\\\/?p=18841#article\",\"isPartOf\":{\"@id\":\"https:\\\/\\\/quehacerpolitico.mx\\\/?p=18841\"},\"author\":{\"name\":\"Redacci\u00f3n QP\",\"@id\":\"https:\\\/\\\/quehacerpolitico.mx\\\/#\\\/schema\\\/person\\\/496d8ad2d1d3f8036101dca7ee39e585\"},\"headline\":\"No se dar\u00e1 dinero a organismos civiles, los cre\u00f3 el r\u00e9gimen neoliberal, No ceder\u00e9: AMLO\",\"datePublished\":\"2019-03-01T16:55:08+00:00\",\"mainEntityOfPage\":{\"@id\":\"https:\\\/\\\/quehacerpolitico.mx\\\/?p=18841\"},\"wordCount\":634,\"commentCount\":0,\"image\":{\"@id\":\"https:\\\/\\\/quehacerpolitico.mx\\\/?p=18841#primaryimage\"},\"thumbnailUrl\":\"\",\"articleSection\":[\"Noticias\"],\"inLanguage\":\"es\",\"potentialAction\":[{\"@type\":\"CommentAction\",\"name\":\"Comment\",\"target\":[\"https:\\\/\\\/quehacerpolitico.mx\\\/?p=18841#respond\"]}]},{\"@type\":\"WebPage\",\"@id\":\"https:\\\/\\\/quehacerpolitico.mx\\\/?p=18841\",\"url\":\"https:\\\/\\\/quehacerpolitico.mx\\\/?p=18841\",\"name\":\"No se dar\u00e1 dinero a organismos civiles, los cre\u00f3 el r\u00e9gimen neoliberal, No ceder\u00e9: AMLO -\",\"isPartOf\":{\"@id\":\"https:\\\/\\\/quehacerpolitico.mx\\\/#website\"},\"primaryImageOfPage\":{\"@id\":\"https:\\\/\\\/quehacerpolitico.mx\\\/?p=18841#primaryimage\"},\"image\":{\"@id\":\"https:\\\/\\\/quehacerpolitico.mx\\\/?p=18841#primaryimage\"},\"thumbnailUrl\":\"\",\"datePublished\":\"2019-03-01T16:55:08+00:00\",\"author\":{\"@id\":\"https:\\\/\\\/quehacerpolitico.mx\\\/#\\\/schema\\\/person\\\/496d8ad2d1d3f8036101dca7ee39e585\"},\"breadcrumb\":{\"@id\":\"https:\\\/\\\/quehacerpolitico.mx\\\/?p=18841#breadcrumb\"},\"inLanguage\":\"es\",\"potentialAction\":[{\"@type\":\"ReadAction\",\"target\":[\"https:\\\/\\\/quehacerpolitico.mx\\\/?p=18841\"]}]},{\"@type\":\"ImageObject\",\"inLanguage\":\"es\",\"@id\":\"https:\\\/\\\/quehacerpolitico.mx\\\/?p=18841#primaryimage\",\"url\":\"\",\"contentUrl\":\"\"},{\"@type\":\"BreadcrumbList\",\"@id\":\"https:\\\/\\\/quehacerpolitico.mx\\\/?p=18841#breadcrumb\",\"itemListElement\":[{\"@type\":\"ListItem\",\"position\":1,\"name\":\"Inicio\",\"item\":\"https:\\\/\\\/quehacerpolitico.mx\\\/\"},{\"@type\":\"ListItem\",\"position\":2,\"name\":\"No se dar\u00e1 dinero a organismos civiles, los cre\u00f3 el r\u00e9gimen neoliberal, No ceder\u00e9: AMLO\"}]},{\"@type\":\"WebSite\",\"@id\":\"https:\\\/\\\/quehacerpolitico.mx\\\/#website\",\"url\":\"https:\\\/\\\/quehacerpolitico.mx\\\/\",\"name\":\"\",\"description\":\"\",\"potentialAction\":[{\"@type\":\"SearchAction\",\"target\":{\"@type\":\"EntryPoint\",\"urlTemplate\":\"https:\\\/\\\/quehacerpolitico.mx\\\/?s={search_term_string}\"},\"query-input\":{\"@type\":\"PropertyValueSpecification\",\"valueRequired\":true,\"valueName\":\"search_term_string\"}}],\"inLanguage\":\"es\"},{\"@type\":\"Person\",\"@id\":\"https:\\\/\\\/quehacerpolitico.mx\\\/#\\\/schema\\\/person\\\/496d8ad2d1d3f8036101dca7ee39e585\",\"name\":\"Redacci\u00f3n QP\",\"image\":{\"@type\":\"ImageObject\",\"inLanguage\":\"es\",\"@id\":\"https:\\\/\\\/secure.gravatar.com\\\/avatar\\\/c7164ed6fdec453195284ad24a5ae5b6e1eed2b848477fa2a4787ba9adf39a41?s=96&d=mm&r=g\",\"url\":\"https:\\\/\\\/secure.gravatar.com\\\/avatar\\\/c7164ed6fdec453195284ad24a5ae5b6e1eed2b848477fa2a4787ba9adf39a41?s=96&d=mm&r=g\",\"contentUrl\":\"https:\\\/\\\/secure.gravatar.com\\\/avatar\\\/c7164ed6fdec453195284ad24a5ae5b6e1eed2b848477fa2a4787ba9adf39a41?s=96&d=mm&r=g\",\"caption\":\"Redacci\u00f3n QP\"},\"url\":\"https:\\\/\\\/quehacerpolitico.mx\\\/?author=2\"}]}<\/script>\n<!-- \/ Yoast SEO plugin. -->","yoast_head_json":{"title":"No se dar\u00e1 dinero a organismos civiles, los cre\u00f3 el r\u00e9gimen neoliberal, No ceder\u00e9: AMLO -","robots":{"index":"index","follow":"follow","max-snippet":"max-snippet:-1","max-image-preview":"max-image-preview:large","max-video-preview":"max-video-preview:-1"},"canonical":"https:\/\/quehacerpolitico.mx\/?p=18841","og_locale":"es_MX","og_type":"article","og_title":"No se dar\u00e1 dinero a organismos civiles, los cre\u00f3 el r\u00e9gimen neoliberal, No ceder\u00e9: AMLO -","og_description":"No se dar\u00e1 dinero a organismos civiles, los cre\u00f3 el r\u00e9gimen neoliberal, No ceder\u00e9: AMLO Por Redacci\u00f3n QP","og_url":"https:\/\/quehacerpolitico.mx\/?p=18841","article_published_time":"2019-03-01T16:55:08+00:00","author":"Redacci\u00f3n QP","twitter_card":"summary_large_image","twitter_misc":{"Escrito por":"Redacci\u00f3n QP","Tiempo de lectura":"3 minutos"},"schema":{"@context":"https:\/\/schema.org","@graph":[{"@type":"Article","@id":"https:\/\/quehacerpolitico.mx\/?p=18841#article","isPartOf":{"@id":"https:\/\/quehacerpolitico.mx\/?p=18841"},"author":{"name":"Redacci\u00f3n QP","@id":"https:\/\/quehacerpolitico.mx\/#\/schema\/person\/496d8ad2d1d3f8036101dca7ee39e585"},"headline":"No se dar\u00e1 dinero a organismos civiles, los cre\u00f3 el r\u00e9gimen neoliberal, No ceder\u00e9: AMLO","datePublished":"2019-03-01T16:55:08+00:00","mainEntityOfPage":{"@id":"https:\/\/quehacerpolitico.mx\/?p=18841"},"wordCount":634,"commentCount":0,"image":{"@id":"https:\/\/quehacerpolitico.mx\/?p=18841#primaryimage"},"thumbnailUrl":"","articleSection":["Noticias"],"inLanguage":"es","potentialAction":[{"@type":"CommentAction","name":"Comment","target":["https:\/\/quehacerpolitico.mx\/?p=18841#respond"]}]},{"@type":"WebPage","@id":"https:\/\/quehacerpolitico.mx\/?p=18841","url":"https:\/\/quehacerpolitico.mx\/?p=18841","name":"No se dar\u00e1 dinero a organismos civiles, los cre\u00f3 el r\u00e9gimen neoliberal, No ceder\u00e9: AMLO -","isPartOf":{"@id":"https:\/\/quehacerpolitico.mx\/#website"},"primaryImageOfPage":{"@id":"https:\/\/quehacerpolitico.mx\/?p=18841#primaryimage"},"image":{"@id":"https:\/\/quehacerpolitico.mx\/?p=18841#primaryimage"},"thumbnailUrl":"","datePublished":"2019-03-01T16:55:08+00:00","author":{"@id":"https:\/\/quehacerpolitico.mx\/#\/schema\/person\/496d8ad2d1d3f8036101dca7ee39e585"},"breadcrumb":{"@id":"https:\/\/quehacerpolitico.mx\/?p=18841#breadcrumb"},"inLanguage":"es","potentialAction":[{"@type":"ReadAction","target":["https:\/\/quehacerpolitico.mx\/?p=18841"]}]},{"@type":"ImageObject","inLanguage":"es","@id":"https:\/\/quehacerpolitico.mx\/?p=18841#primaryimage","url":"","contentUrl":""},{"@type":"BreadcrumbList","@id":"https:\/\/quehacerpolitico.mx\/?p=18841#breadcrumb","itemListElement":[{"@type":"ListItem","position":1,"name":"Inicio","item":"https:\/\/quehacerpolitico.mx\/"},{"@type":"ListItem","position":2,"name":"No se dar\u00e1 dinero a organismos civiles, los cre\u00f3 el r\u00e9gimen neoliberal, No ceder\u00e9: AMLO"}]},{"@type":"WebSite","@id":"https:\/\/quehacerpolitico.mx\/#website","url":"https:\/\/quehacerpolitico.mx\/","name":"","description":"","potentialAction":[{"@type":"SearchAction","target":{"@type":"EntryPoint","urlTemplate":"https:\/\/quehacerpolitico.mx\/?s={search_term_string}"},"query-input":{"@type":"PropertyValueSpecification","valueRequired":true,"valueName":"search_term_string"}}],"inLanguage":"es"},{"@type":"Person","@id":"https:\/\/quehacerpolitico.mx\/#\/schema\/person\/496d8ad2d1d3f8036101dca7ee39e585","name":"Redacci\u00f3n QP","image":{"@type":"ImageObject","inLanguage":"es","@id":"https:\/\/secure.gravatar.com\/avatar\/c7164ed6fdec453195284ad24a5ae5b6e1eed2b848477fa2a4787ba9adf39a41?s=96&d=mm&r=g","url":"https:\/\/secure.gravatar.com\/avatar\/c7164ed6fdec453195284ad24a5ae5b6e1eed2b848477fa2a4787ba9adf39a41?s=96&d=mm&r=g","contentUrl":"https:\/\/secure.gravatar.com\/avatar\/c7164ed6fdec453195284ad24a5ae5b6e1eed2b848477fa2a4787ba9adf39a41?s=96&d=mm&r=g","caption":"Redacci\u00f3n QP"},"url":"https:\/\/quehacerpolitico.mx\/?author=2"}]}},"featured_image_urls":{"full":"","thumbnail":"","medium":"","medium_large":"","large":"","1536x1536":"","2048x2048":"","covernews-featured":"","covernews-medium":""},"author_info":{"display_name":"Redacci\u00f3n QP","author_link":"https:\/\/quehacerpolitico.mx\/?author=2"},"category_info":"<a href=\"https:\/\/quehacerpolitico.mx\/?cat=2\" rel=\"category\">Noticias<\/a>","tag_info":"Noticias","comment_count":"0","_links":{"self":[{"href":"https:\/\/quehacerpolitico.mx\/index.php?rest_route=\/wp\/v2\/posts\/18841","targetHints":{"allow":["GET"]}}],"collection":[{"href":"https:\/\/quehacerpolitico.mx\/index.php?rest_route=\/wp\/v2\/posts"}],"about":[{"href":"https:\/\/quehacerpolitico.mx\/index.php?rest_route=\/wp\/v2\/types\/post"}],"author":[{"embeddable":true,"href":"https:\/\/quehacerpolitico.mx\/index.php?rest_route=\/wp\/v2\/users\/2"}],"replies":[{"embeddable":true,"href":"https:\/\/quehacerpolitico.mx\/index.php?rest_route=%2Fwp%2Fv2%2Fcomments&post=18841"}],"version-history":[{"count":0,"href":"https:\/\/quehacerpolitico.mx\/index.php?rest_route=\/wp\/v2\/posts\/18841\/revisions"}],"wp:featuredmedia":[{"embeddable":true,"href":"https:\/\/quehacerpolitico.mx\/index.php?rest_route=\/"}],"wp:attachment":[{"href":"https:\/\/quehacerpolitico.mx\/index.php?rest_route=%2Fwp%2Fv2%2Fmedia&parent=18841"}],"wp:term":[{"taxonomy":"category","embeddable":true,"href":"https:\/\/quehacerpolitico.mx\/index.php?rest_route=%2Fwp%2Fv2%2Fcategories&post=18841"},{"taxonomy":"post_tag","embeddable":true,"href":"https:\/\/quehacerpolitico.mx\/index.php?rest_route=%2Fwp%2Fv2%2Ftags&post=18841"}],"curies":[{"name":"wp","href":"https:\/\/api.w.org\/{rel}","templated":true}]}}