{"id":18835,"date":"2019-03-01T16:38:32","date_gmt":"2019-03-01T16:38:32","guid":{"rendered":"http:\/\/quehacerpolitico.mx\/mexico-publicara-casi-100-anos-de-archivos-reservados-de-la-policia-federal\/"},"modified":"2019-03-01T16:38:32","modified_gmt":"2019-03-01T16:38:32","slug":"mexico-publicara-casi-100-anos-de-archivos-reservados-de-la-policia-federal","status":"publish","type":"post","link":"https:\/\/quehacerpolitico.mx\/?p=18835","title":{"rendered":"M\u00e9xico publicar\u00e1 casi 100 a\u00f1os de archivos reservados de la Polic\u00eda Federal"},"content":{"rendered":"<h1 class=\"news-title\">M\u00e9xico publicar\u00e1 casi 100 a\u00f1os de archivos reservados de la Polic\u00eda Federal<\/h1>\n<p>Por Redacci\u00f3n QP<\/p>\n<header class=\"news-header\">\n<div class=\"news-subtitle\">\n<p>El Presidente Andr\u00e9s Manuel indic\u00f3 que esto permitir\u00e1 acabar con d\u00e9cadas de reg\u00edmenes &#8220;autoritarios&#8221;<\/p>\n<\/div>\n<\/header>\n<div class=\"news-content\">\n<div class=\"news-body row\">\n<p>El Gobierno de M\u00e9xico anunci\u00f3 este viernes que en los pr\u00f3ximos meses <b>se abrir\u00e1n casi 100 a\u00f1os de archivos reservados, salvaguardando algunos datos personales, de la Polic\u00eda Federal y organismos de inteligencias <\/b>como el clausurado Centro de Investigaci\u00f3n y Seguridad Nacional (Cisen).<\/p>\n<p>&#8220;Es parte de la memoria hist\u00f3rica el que todos los mexicanos tengamos acceso a la informaci\u00f3n. Es una responsabilidad del Estado, garantizar el derecho a la informaci\u00f3n y ya cada persona de conformidad con el marco legal puede proceder con la informaci\u00f3n que se disponga&#8221;, apunt\u00f3 el presidente Andres Manuel L\u00f3pez Obrador<\/p>\n<p>En conferencia de prensa, indic\u00f3 que esto <b>permitir\u00e1 acabar con d\u00e9cadas de reg\u00edmenes &#8220;autoritarios&#8221; que persegu\u00eda a luchadores sociales <\/b>y atacaba quienes no pensaban igual.<\/p>\n<p>&#8220;No va a quedar ning\u00fan archivo secreto, porque es la decisi\u00f3n&#8221;, agreg\u00f3 el mandatario.<\/p>\n<p>El subsecretario federal de Gobernaci\u00f3n, Zo\u00e9 Robledo, explic\u00f3 que solo desde 1920 a 1985 se tienen siete mil 314 cajas del Departamento Confidencial, la Direcci\u00f3n Federal de Seguridad (DFS), de Investigaci\u00f3n de Pol\u00edticas Sociales (IPS) y de la Direcci\u00f3n de Investigaci\u00f3n y Seguridad Nacional (IDSN).<\/p>\n<p>Los archivos <b>de 1920 a 1948 tendr\u00e1n una apertura total, mientras que de 1949 a 1988 se reservar\u00e1n datos sensibles por tener 70 a\u00f1os o menos.<\/b><\/p>\n<p>Los archivos de 1988 a la fecha reservar\u00e1n datos personales para evitar afectaciones a los derechos personales, y existir\u00e1 la posibilidad de reservar entre 5 y 12 a\u00f1os documentos que puedan formar parte de procesos judiciales o violentar la protecci\u00f3n a los derechos humanos.<\/p>\n<p>Robledo denunci\u00f3 que en anteriores ocasiones <b>se hizo una apertura &#8220;simulada&#8221; del archivo.<\/b>Como ejemplo, el Cisen lleg\u00f3 a dar sus propias versiones de los archivos reservados.<\/p>\n<p>El director general del Archivo General de la Naci\u00f3n, Carlos Enrique Ruiz, destac\u00f3 en su turno de palabra que <b>se tienen d\u00e9cadas de informaci\u00f3n muy desorganizada, pues eran los mismos polic\u00edas quienes se encargaban de clasificar la documentaci\u00f3n.<\/b><\/p>\n<p>&#8220;No ten\u00edan ninguna actividad en archiv\u00edstica y hay todav\u00eda cajas&#8221;, puntualiz\u00f3 el titular del Archivo General de la Naci\u00f3n, quien indic\u00f3 plazos de entre un mes y tres meses para coordinarse con distintas instituciones p\u00fablicas e ir transparentando los documentos.<\/p>\n<p>En una primera revisi\u00f3n, dijo creer que la &#8220;informaci\u00f3n est\u00e1 intacta&#8221;.<\/p>\n<blockquote class=\"twitter-tweet\" data-width=\"550\" data-dnt=\"true\">\n<p lang=\"es\" dir=\"ltr\">Toma la palabra el subsecretario de gobernaci\u00f3n <a href=\"https:\/\/twitter.com\/zoerobledo?ref_src=twsrc%5Etfw\">@zoerobledo<\/a> <br \/>&#39;Los archivos del CISEN que se revelar\u00e1n ser\u00e1n los relacionados con persecuci\u00f3n pol\u00edtica, violaci\u00f3n a los DDHH de 1985 a la fecha&#39;.<a href=\"https:\/\/twitter.com\/hashtag\/DerechoALaMemoria?src=hash&amp;ref_src=twsrc%5Etfw\">#DerechoALaMemoria<\/a><a href=\"https:\/\/twitter.com\/hashtag\/ConferenciaPresidente?src=hash&amp;ref_src=twsrc%5Etfw\">#ConferenciaPresidente<\/a> <a href=\"https:\/\/t.co\/uWRATtnqzH\">pic.twitter.com\/uWRATtnqzH<\/a><\/p>\n<p>&mdash; Ruido en la Red (@RuidoEnLaRed) <a href=\"https:\/\/twitter.com\/RuidoEnLaRed\/status\/1101473943599362048?ref_src=twsrc%5Etfw\">March 1, 2019<\/a><\/p><\/blockquote>\n<p><script async src=\"https:\/\/platform.twitter.com\/widgets.js\" charset=\"utf-8\"><\/script><\/p>\n<\/div>\n<\/div>\n","protected":false},"excerpt":{"rendered":"<p>M\u00e9xico publicar\u00e1 casi 100 a\u00f1os de archivos reservados de la Polic\u00eda Federal<br \/>\nPor Redacci\u00f3n QP<\/p>\n","protected":false},"author":2,"featured_media":18834,"comment_status":"open","ping_status":"open","sticky":false,"template":"","format":"standard","meta":{"_monsterinsights_skip_tracking":false,"_monsterinsights_sitenote_active":false,"_monsterinsights_sitenote_note":"","_monsterinsights_sitenote_category":0,"footnotes":""},"categories":[2],"tags":[],"class_list":["post-18835","post","type-post","status-publish","format-standard","has-post-thumbnail","hentry","category-noticias"],"yoast_head":"<!-- This site is optimized with the Yoast SEO plugin v27.3 - https:\/\/yoast.com\/product\/yoast-seo-wordpress\/ -->\n<title>M\u00e9xico publicar\u00e1 casi 100 a\u00f1os de archivos reservados de la Polic\u00eda Federal -<\/title>\n<meta name=\"robots\" content=\"index, follow, max-snippet:-1, max-image-preview:large, max-video-preview:-1\" \/>\n<link rel=\"canonical\" href=\"https:\/\/quehacerpolitico.mx\/?p=18835\" \/>\n<meta property=\"og:locale\" content=\"es_MX\" \/>\n<meta property=\"og:type\" content=\"article\" \/>\n<meta property=\"og:title\" content=\"M\u00e9xico publicar\u00e1 casi 100 a\u00f1os de archivos reservados de la Polic\u00eda Federal -\" \/>\n<meta property=\"og:description\" content=\"M\u00e9xico publicar\u00e1 casi 100 a\u00f1os de archivos reservados de la Polic\u00eda Federal Por Redacci\u00f3n QP\" \/>\n<meta property=\"og:url\" content=\"https:\/\/quehacerpolitico.mx\/?p=18835\" \/>\n<meta property=\"article:published_time\" content=\"2019-03-01T16:38:32+00:00\" \/>\n<meta name=\"author\" content=\"Redacci\u00f3n QP\" \/>\n<meta name=\"twitter:card\" content=\"summary_large_image\" \/>\n<meta name=\"twitter:label1\" content=\"Escrito por\" \/>\n\t<meta name=\"twitter:data1\" content=\"Redacci\u00f3n QP\" \/>\n\t<meta name=\"twitter:label2\" content=\"Tiempo de lectura\" \/>\n\t<meta name=\"twitter:data2\" content=\"2 minutos\" \/>\n<script type=\"application\/ld+json\" class=\"yoast-schema-graph\">{\"@context\":\"https:\\\/\\\/schema.org\",\"@graph\":[{\"@type\":\"Article\",\"@id\":\"https:\\\/\\\/quehacerpolitico.mx\\\/?p=18835#article\",\"isPartOf\":{\"@id\":\"https:\\\/\\\/quehacerpolitico.mx\\\/?p=18835\"},\"author\":{\"name\":\"Redacci\u00f3n QP\",\"@id\":\"https:\\\/\\\/quehacerpolitico.mx\\\/#\\\/schema\\\/person\\\/496d8ad2d1d3f8036101dca7ee39e585\"},\"headline\":\"M\u00e9xico publicar\u00e1 casi 100 a\u00f1os de archivos reservados de la Polic\u00eda Federal\",\"datePublished\":\"2019-03-01T16:38:32+00:00\",\"mainEntityOfPage\":{\"@id\":\"https:\\\/\\\/quehacerpolitico.mx\\\/?p=18835\"},\"wordCount\":447,\"commentCount\":0,\"image\":{\"@id\":\"https:\\\/\\\/quehacerpolitico.mx\\\/?p=18835#primaryimage\"},\"thumbnailUrl\":\"\",\"articleSection\":[\"Noticias\"],\"inLanguage\":\"es\",\"potentialAction\":[{\"@type\":\"CommentAction\",\"name\":\"Comment\",\"target\":[\"https:\\\/\\\/quehacerpolitico.mx\\\/?p=18835#respond\"]}]},{\"@type\":\"WebPage\",\"@id\":\"https:\\\/\\\/quehacerpolitico.mx\\\/?p=18835\",\"url\":\"https:\\\/\\\/quehacerpolitico.mx\\\/?p=18835\",\"name\":\"M\u00e9xico publicar\u00e1 casi 100 a\u00f1os de archivos reservados de la Polic\u00eda Federal -\",\"isPartOf\":{\"@id\":\"https:\\\/\\\/quehacerpolitico.mx\\\/#website\"},\"primaryImageOfPage\":{\"@id\":\"https:\\\/\\\/quehacerpolitico.mx\\\/?p=18835#primaryimage\"},\"image\":{\"@id\":\"https:\\\/\\\/quehacerpolitico.mx\\\/?p=18835#primaryimage\"},\"thumbnailUrl\":\"\",\"datePublished\":\"2019-03-01T16:38:32+00:00\",\"author\":{\"@id\":\"https:\\\/\\\/quehacerpolitico.mx\\\/#\\\/schema\\\/person\\\/496d8ad2d1d3f8036101dca7ee39e585\"},\"breadcrumb\":{\"@id\":\"https:\\\/\\\/quehacerpolitico.mx\\\/?p=18835#breadcrumb\"},\"inLanguage\":\"es\",\"potentialAction\":[{\"@type\":\"ReadAction\",\"target\":[\"https:\\\/\\\/quehacerpolitico.mx\\\/?p=18835\"]}]},{\"@type\":\"ImageObject\",\"inLanguage\":\"es\",\"@id\":\"https:\\\/\\\/quehacerpolitico.mx\\\/?p=18835#primaryimage\",\"url\":\"\",\"contentUrl\":\"\"},{\"@type\":\"BreadcrumbList\",\"@id\":\"https:\\\/\\\/quehacerpolitico.mx\\\/?p=18835#breadcrumb\",\"itemListElement\":[{\"@type\":\"ListItem\",\"position\":1,\"name\":\"Inicio\",\"item\":\"https:\\\/\\\/quehacerpolitico.mx\\\/\"},{\"@type\":\"ListItem\",\"position\":2,\"name\":\"M\u00e9xico publicar\u00e1 casi 100 a\u00f1os de archivos reservados de la Polic\u00eda Federal\"}]},{\"@type\":\"WebSite\",\"@id\":\"https:\\\/\\\/quehacerpolitico.mx\\\/#website\",\"url\":\"https:\\\/\\\/quehacerpolitico.mx\\\/\",\"name\":\"\",\"description\":\"\",\"potentialAction\":[{\"@type\":\"SearchAction\",\"target\":{\"@type\":\"EntryPoint\",\"urlTemplate\":\"https:\\\/\\\/quehacerpolitico.mx\\\/?s={search_term_string}\"},\"query-input\":{\"@type\":\"PropertyValueSpecification\",\"valueRequired\":true,\"valueName\":\"search_term_string\"}}],\"inLanguage\":\"es\"},{\"@type\":\"Person\",\"@id\":\"https:\\\/\\\/quehacerpolitico.mx\\\/#\\\/schema\\\/person\\\/496d8ad2d1d3f8036101dca7ee39e585\",\"name\":\"Redacci\u00f3n QP\",\"image\":{\"@type\":\"ImageObject\",\"inLanguage\":\"es\",\"@id\":\"https:\\\/\\\/secure.gravatar.com\\\/avatar\\\/c7164ed6fdec453195284ad24a5ae5b6e1eed2b848477fa2a4787ba9adf39a41?s=96&d=mm&r=g\",\"url\":\"https:\\\/\\\/secure.gravatar.com\\\/avatar\\\/c7164ed6fdec453195284ad24a5ae5b6e1eed2b848477fa2a4787ba9adf39a41?s=96&d=mm&r=g\",\"contentUrl\":\"https:\\\/\\\/secure.gravatar.com\\\/avatar\\\/c7164ed6fdec453195284ad24a5ae5b6e1eed2b848477fa2a4787ba9adf39a41?s=96&d=mm&r=g\",\"caption\":\"Redacci\u00f3n QP\"},\"url\":\"https:\\\/\\\/quehacerpolitico.mx\\\/?author=2\"}]}<\/script>\n<!-- \/ Yoast SEO plugin. -->","yoast_head_json":{"title":"M\u00e9xico publicar\u00e1 casi 100 a\u00f1os de archivos reservados de la Polic\u00eda Federal -","robots":{"index":"index","follow":"follow","max-snippet":"max-snippet:-1","max-image-preview":"max-image-preview:large","max-video-preview":"max-video-preview:-1"},"canonical":"https:\/\/quehacerpolitico.mx\/?p=18835","og_locale":"es_MX","og_type":"article","og_title":"M\u00e9xico publicar\u00e1 casi 100 a\u00f1os de archivos reservados de la Polic\u00eda Federal -","og_description":"M\u00e9xico publicar\u00e1 casi 100 a\u00f1os de archivos reservados de la Polic\u00eda Federal Por Redacci\u00f3n QP","og_url":"https:\/\/quehacerpolitico.mx\/?p=18835","article_published_time":"2019-03-01T16:38:32+00:00","author":"Redacci\u00f3n QP","twitter_card":"summary_large_image","twitter_misc":{"Escrito por":"Redacci\u00f3n QP","Tiempo de lectura":"2 minutos"},"schema":{"@context":"https:\/\/schema.org","@graph":[{"@type":"Article","@id":"https:\/\/quehacerpolitico.mx\/?p=18835#article","isPartOf":{"@id":"https:\/\/quehacerpolitico.mx\/?p=18835"},"author":{"name":"Redacci\u00f3n QP","@id":"https:\/\/quehacerpolitico.mx\/#\/schema\/person\/496d8ad2d1d3f8036101dca7ee39e585"},"headline":"M\u00e9xico publicar\u00e1 casi 100 a\u00f1os de archivos reservados de la Polic\u00eda Federal","datePublished":"2019-03-01T16:38:32+00:00","mainEntityOfPage":{"@id":"https:\/\/quehacerpolitico.mx\/?p=18835"},"wordCount":447,"commentCount":0,"image":{"@id":"https:\/\/quehacerpolitico.mx\/?p=18835#primaryimage"},"thumbnailUrl":"","articleSection":["Noticias"],"inLanguage":"es","potentialAction":[{"@type":"CommentAction","name":"Comment","target":["https:\/\/quehacerpolitico.mx\/?p=18835#respond"]}]},{"@type":"WebPage","@id":"https:\/\/quehacerpolitico.mx\/?p=18835","url":"https:\/\/quehacerpolitico.mx\/?p=18835","name":"M\u00e9xico publicar\u00e1 casi 100 a\u00f1os de archivos reservados de la Polic\u00eda Federal -","isPartOf":{"@id":"https:\/\/quehacerpolitico.mx\/#website"},"primaryImageOfPage":{"@id":"https:\/\/quehacerpolitico.mx\/?p=18835#primaryimage"},"image":{"@id":"https:\/\/quehacerpolitico.mx\/?p=18835#primaryimage"},"thumbnailUrl":"","datePublished":"2019-03-01T16:38:32+00:00","author":{"@id":"https:\/\/quehacerpolitico.mx\/#\/schema\/person\/496d8ad2d1d3f8036101dca7ee39e585"},"breadcrumb":{"@id":"https:\/\/quehacerpolitico.mx\/?p=18835#breadcrumb"},"inLanguage":"es","potentialAction":[{"@type":"ReadAction","target":["https:\/\/quehacerpolitico.mx\/?p=18835"]}]},{"@type":"ImageObject","inLanguage":"es","@id":"https:\/\/quehacerpolitico.mx\/?p=18835#primaryimage","url":"","contentUrl":""},{"@type":"BreadcrumbList","@id":"https:\/\/quehacerpolitico.mx\/?p=18835#breadcrumb","itemListElement":[{"@type":"ListItem","position":1,"name":"Inicio","item":"https:\/\/quehacerpolitico.mx\/"},{"@type":"ListItem","position":2,"name":"M\u00e9xico publicar\u00e1 casi 100 a\u00f1os de archivos reservados de la Polic\u00eda Federal"}]},{"@type":"WebSite","@id":"https:\/\/quehacerpolitico.mx\/#website","url":"https:\/\/quehacerpolitico.mx\/","name":"","description":"","potentialAction":[{"@type":"SearchAction","target":{"@type":"EntryPoint","urlTemplate":"https:\/\/quehacerpolitico.mx\/?s={search_term_string}"},"query-input":{"@type":"PropertyValueSpecification","valueRequired":true,"valueName":"search_term_string"}}],"inLanguage":"es"},{"@type":"Person","@id":"https:\/\/quehacerpolitico.mx\/#\/schema\/person\/496d8ad2d1d3f8036101dca7ee39e585","name":"Redacci\u00f3n QP","image":{"@type":"ImageObject","inLanguage":"es","@id":"https:\/\/secure.gravatar.com\/avatar\/c7164ed6fdec453195284ad24a5ae5b6e1eed2b848477fa2a4787ba9adf39a41?s=96&d=mm&r=g","url":"https:\/\/secure.gravatar.com\/avatar\/c7164ed6fdec453195284ad24a5ae5b6e1eed2b848477fa2a4787ba9adf39a41?s=96&d=mm&r=g","contentUrl":"https:\/\/secure.gravatar.com\/avatar\/c7164ed6fdec453195284ad24a5ae5b6e1eed2b848477fa2a4787ba9adf39a41?s=96&d=mm&r=g","caption":"Redacci\u00f3n QP"},"url":"https:\/\/quehacerpolitico.mx\/?author=2"}]}},"featured_image_urls":{"full":"","thumbnail":"","medium":"","medium_large":"","large":"","1536x1536":"","2048x2048":"","covernews-featured":"","covernews-medium":""},"author_info":{"display_name":"Redacci\u00f3n QP","author_link":"https:\/\/quehacerpolitico.mx\/?author=2"},"category_info":"<a href=\"https:\/\/quehacerpolitico.mx\/?cat=2\" rel=\"category\">Noticias<\/a>","tag_info":"Noticias","comment_count":"0","_links":{"self":[{"href":"https:\/\/quehacerpolitico.mx\/index.php?rest_route=\/wp\/v2\/posts\/18835","targetHints":{"allow":["GET"]}}],"collection":[{"href":"https:\/\/quehacerpolitico.mx\/index.php?rest_route=\/wp\/v2\/posts"}],"about":[{"href":"https:\/\/quehacerpolitico.mx\/index.php?rest_route=\/wp\/v2\/types\/post"}],"author":[{"embeddable":true,"href":"https:\/\/quehacerpolitico.mx\/index.php?rest_route=\/wp\/v2\/users\/2"}],"replies":[{"embeddable":true,"href":"https:\/\/quehacerpolitico.mx\/index.php?rest_route=%2Fwp%2Fv2%2Fcomments&post=18835"}],"version-history":[{"count":0,"href":"https:\/\/quehacerpolitico.mx\/index.php?rest_route=\/wp\/v2\/posts\/18835\/revisions"}],"wp:featuredmedia":[{"embeddable":true,"href":"https:\/\/quehacerpolitico.mx\/index.php?rest_route=\/"}],"wp:attachment":[{"href":"https:\/\/quehacerpolitico.mx\/index.php?rest_route=%2Fwp%2Fv2%2Fmedia&parent=18835"}],"wp:term":[{"taxonomy":"category","embeddable":true,"href":"https:\/\/quehacerpolitico.mx\/index.php?rest_route=%2Fwp%2Fv2%2Fcategories&post=18835"},{"taxonomy":"post_tag","embeddable":true,"href":"https:\/\/quehacerpolitico.mx\/index.php?rest_route=%2Fwp%2Fv2%2Ftags&post=18835"}],"curies":[{"name":"wp","href":"https:\/\/api.w.org\/{rel}","templated":true}]}}