{"id":18386,"date":"2019-02-26T14:34:36","date_gmt":"2019-02-26T14:34:36","guid":{"rendered":"http:\/\/quehacerpolitico.mx\/expreso-mi-solidaridad-a-jorge-ramos-y-llamo-a-las-partes-en-venezuela-a-establecer-dialogo-pacifico-amlo\/"},"modified":"2019-02-26T14:34:36","modified_gmt":"2019-02-26T14:34:36","slug":"expreso-mi-solidaridad-a-jorge-ramos-y-llamo-a-las-partes-en-venezuela-a-establecer-dialogo-pacifico-amlo","status":"publish","type":"post","link":"https:\/\/quehacerpolitico.mx\/?p=18386","title":{"rendered":"Expres\u00f3 mi solidaridad a Jorge Ramos y llamo a las partes en Venezuela a establecer di\u00e1logo pac\u00edfico: AMLO"},"content":{"rendered":"<p>Expres\u00f3 mi solidaridad a Jorge Ramos y llamo a las partes en Venezuela a establecer di\u00e1logo pac\u00edfico: AMLO<\/p>\n<p>Por Redacci\u00f3n QP<\/p>\n<p><strong>El Presidente Andr\u00e9s Manuel L\u00f3pez Obrador<\/strong> expres\u00f3 su <strong>solidaridad<\/strong> con el periodista <strong>Jorge Ramos<\/strong> y su equipo, quienes fueron retenidos ayer por el Gobierno de <strong>Nicol\u00e1s Maduro<\/strong> en el Palacio de Miraflores, en <strong>Venezuela<\/strong>. Dijo que respalda la postura de la Canciller\u00eda mexicana en el tema, y llam\u00f3 tambi\u00e9n a las partes en el conflicto para que se sienten a <strong>dialogar<\/strong> y busquen una <strong>soluci\u00f3n<\/strong>pacifica.<\/p>\n<blockquote>\n<p>\u201cAcerca de lo de <strong>Venezuela<\/strong>, no quiero meterme en opiniones de ninguna \u00edndole. Ya fijamos nuestra postura, est\u00e1 suficientemente clara, est\u00e1 en la Constituci\u00f3n\u201d, recalc\u00f3 esta ma\u00f1ana el Presidente.<\/p>\n<\/blockquote>\n<p>Sin embargo, a\u00f1adi\u00f3: \u201cNosotros somos partidarios de la libertad de expresi\u00f3n, del respeto que debe de haber para el ejercicio libre del periodismo en M\u00e9xico y en el mundo\u201d.<\/p>\n<blockquote>\n<p>\u201cDesde ahora le expreso mi solidaridad [a Jorge Ramos], desde aqu\u00ed\u201d, dijo. Sin embargo recalc\u00f3: \u201cLo que no quiero es involucrarme en un asunto que est\u00e1 muy polarizado, no quiero se candil en la calle y oscuridad en el caso. Quiero primero atender nuestros asuntos\u201d.<\/p>\n<\/blockquote>\n<p>\u201cEs muy claro, M\u00e9xico va a ser respetuoso de la decisi\u00f3n que tomen otros pueblos y otros gobiernos. A nadie nos gusta que nuestros vecinos, o quienes viven en la colonia se metan en los asuntos de nuestras familias, que se metan a nuestras casas. No olvidemos: El respeto al derecho ajeno es la paz\u201d, dijo.<\/p>\n<p>Sin embargo dijo que todos los mexicanos en Venezuela tienen el respaldo del Gobierno mexicano y por eso volvi\u00f3 a llamar a que se resuelvan los problemas sin violencia.<\/p>\n<p>Le cuestionaron si ratifica la protesta de la Secretar\u00eda de Relaciones Exteriores (SRE) y la exigencia para que le devuelvan el equipo al periodista, y afirm\u00f3 que s\u00ed.<\/p>\n<p>Ante los cuestionamientos de la prensa, L\u00f3pez Obrador convoc\u00f3 a que ambas partes del conflicto en Venezuela se sienten a dialogar. Y tambi\u00e9n asegur\u00f3 que su Gobierno no ha recibido presi\u00f3n del de Estados Unidos para que cambie su postura al respecto de Venezuela.<\/p>\n<blockquote>\n<p>\u201cNo hemos tenido ning\u00fan tipo de presi\u00f3n [de EU]. Convoco respetuosamente a las partes en conflicto a que se sienten a dialogar y a buscar una salida pacifica. Eso s\u00ed lo puedo hacer, porque nuestra Constituci\u00f3n habla de la soluci\u00f3n pacifica en controversias\u201d, dijo.<\/p>\n<\/blockquote>\n<p>\u201cA eso convoco, no a la polarizaci\u00f3n, no a la confrontaci\u00f3n, no a la manipulaci\u00f3n, mucho menos a la violencia. Esa es mi postura: soluci\u00f3n pacifica al conflicto mediante el di\u00e1logo. Y agrego al m\u00e1s: para atender el asunto de la ayuda humanitaria que se acuda a la ONU y a la Cruz Roja y que no se politice este tema, lo digo con todo respeto. Y termino con la frase de Ju\u00e1rez: nada por la fuerza, todo por la raz\u00f3n y el derecho\u201d, detall\u00f3.<\/p>\n<p>Ayer un grupo de periodistas de la cadena <em>Univisi\u00f3n<\/em> encabezado por Jorge Ramos, as\u00ed como los periodistas Mar\u00eda Mart\u00ednez, Claudia Rend\u00f3n, Juan Carlos Guzm\u00e1n, Mart\u00edn Guzm\u00e1n y Francisco Urreiztieta, fue retenido en el Palacio de Miraflores en Venezuela luego de una entrevista con el Presidente Nicol\u00e1s Maduro. Los periodistas fueron liberados, pero su equipo no les fue devuelto.<\/p>\n<p>En conversaci\u00f3n con la comunicadora Patricia Janiot, de <em>Univisi\u00f3n<\/em>, Ramos relat\u00f3 c\u00f3mo fue la detenci\u00f3n en el palacio presidencial de Venezuela:<\/p>\n<blockquote>\n<p>Jorge Ramos: \u201cTodo el equipo de <em>Univisi\u00f3n<\/em> ya se encuentra en el hotel, estuvimos detenidos por m\u00e1s de dos horas en el Palacio de Miraflores. Lo que ocurri\u00f3 fue que ten\u00edamos una entrevista con el l\u00edder Nicol\u00e1s Maduro y despu\u00e9s de aproximadamente 17 minutos de entrevista, a \u00e9l no le gust\u00f3 las cosas que le est\u00e1bamos preguntando sobre la falta de democracia en Venezuela, sobre la tortura, los prisioneros pol\u00edticos, sobre la crisis humanitaria que se estaba viviendo, y se levant\u00f3 de la entrevista despu\u00e9s de que le mostrara los videos de unos j\u00f3venes comiendo de un cami\u00f3n de basura.<\/p>\n<p>Inmediatamente despu\u00e9s uno de sus ministros, Jorge Rodr\u00edguez, vino a decirnos que la entrevista no estaba autorizada, y nos confiscaron todo el equipo Patricia, no tenemos nada, se quedaron con las c\u00e1maras, se quedaron con todo nuestro equipo\u201d.<\/p>\n<p>Patricia Janiot: \u201c\u00bfY el material tambi\u00e9n?\u201d<\/p>\n<p>Jorge Ramos: \u201c\u00a1S\u00ed!, la entrevista la tienen ellos, nos quitaron todos los celulares, te estoy hablando de otro celular que no es el m\u00edo, no tenemos nuestro equipo, no tenemos la entrevista, y despu\u00e9s de eso nos mantuvieron separados durante dos horas y media en el Palacio de Miraflores.<\/p>\n<p>Interrog\u00e1ndonos, en mi caso y en el de la productora, Maria Guzm\u00e1n, nos metieron en un cuarto de seguridad, apagaron las luces, nos arrancaron los celulares, nos quitaron el backpack, se quedaron con muchas de nuestras cosas personales y acabamos de regresar al hotel, as\u00ed que esa es la situaci\u00f3n\u201d.<\/p>\n<p>Marcelo Ebrard, titular de la Secretar\u00eda de Relaciones Exteriores (SRE), asegur\u00f3 ayer en Twitter que el Gobierno mexicano manifest\u00f3 a las autoridades de Venezuela su preocupaci\u00f3n y protesta por estos hechos.<\/p>\n<p>Despu\u00e9s, la SRE emiti\u00f3 un comunicado, en el que da a conocer que solicitaron la restituci\u00f3n del equipo y de los materiales confiscados a Jorge Ramos y su equipo.<\/p>\n<blockquote>\n<p>\u201cNuestro pa\u00eds hace un llamado al respeto de la libertad de expresi\u00f3n y refrenda su obligaci\u00f3n en defensa de la seguridad de los ciudadanos mexicanos en el exterior\u201d, se\u00f1al\u00f3.<\/p>\n<\/blockquote>\n<p>Asimismo, reiter\u00f3 que el Gobierno de M\u00e9xico confirm\u00f3, por medio de sus representaciones en el exterior y de<em> Univisi\u00f3n Noticias<\/em>, que el grupo de periodistas fue liberado tras ser detenido en el Palacio de Miraflores. \u201cLos ciudadanos mexicanos y el resto de los periodistas se encuentran a salvo\u201d, afirm\u00f3.<\/p>\n<blockquote class=\"twitter-tweet\" data-width=\"550\" data-dnt=\"true\">\n<p lang=\"es\" dir=\"ltr\">\u26a1I N C R E \u00cd B L E\u26a1<br \/>Nicol\u00e1s Maduro retuvo en <a href=\"https:\/\/twitter.com\/hashtag\/Venezuela?src=hash&amp;ref_src=twsrc%5Etfw\">#Venezuela<\/a> al periodista mexicano Jorge Ramos (<a href=\"https:\/\/twitter.com\/jorgeramosnews?ref_src=twsrc%5Etfw\">@jorgeramosnews<\/a>) y su equipo de <a href=\"https:\/\/twitter.com\/Univision?ref_src=twsrc%5Etfw\">@Univision<\/a> y el Presidente <a href=\"https:\/\/twitter.com\/lopezobrador_?ref_src=twsrc%5Etfw\">@lopezobrador_<\/a> asegura en <a href=\"https:\/\/twitter.com\/hashtag\/ConferenciaPresidente?src=hash&amp;ref_src=twsrc%5Etfw\">#ConferenciaPresidente<\/a> que &#39;no quiere meterse en asuntos que causan polarizaci\u00f3n&#39;<br \/>\ud83d\ude44\ud83d\ude12\ud83d\ude44\ud83d\ude12\ud83d\ude44\ud83d\ude12\ud83d\ude44\ud83d\ude12 <a href=\"https:\/\/t.co\/fb40Wu4J0v\">pic.twitter.com\/fb40Wu4J0v<\/a><\/p>\n<p>&mdash; Ruido en la Red (@RuidoEnLaRed) <a href=\"https:\/\/twitter.com\/RuidoEnLaRed\/status\/1100397544117542914?ref_src=twsrc%5Etfw\">February 26, 2019<\/a><\/p><\/blockquote>\n<p><script async src=\"https:\/\/platform.twitter.com\/widgets.js\" charset=\"utf-8\"><\/script><\/p>\n<\/blockquote>\n","protected":false},"excerpt":{"rendered":"<p>Expres\u00f3 mi solidaridad a Jorge Ramos y llamo a las partes en Venezuela a establecer di\u00e1logo pac\u00edfico: AMLO<br \/>\nPor Redacci\u00f3n QP<\/p>\n","protected":false},"author":2,"featured_media":18385,"comment_status":"open","ping_status":"open","sticky":false,"template":"","format":"standard","meta":{"_monsterinsights_skip_tracking":false,"_monsterinsights_sitenote_active":false,"_monsterinsights_sitenote_note":"","_monsterinsights_sitenote_category":0,"footnotes":""},"categories":[2],"tags":[],"class_list":["post-18386","post","type-post","status-publish","format-standard","has-post-thumbnail","hentry","category-noticias"],"yoast_head":"<!-- This site is optimized with the Yoast SEO plugin v27.3 - https:\/\/yoast.com\/product\/yoast-seo-wordpress\/ -->\n<title>Expres\u00f3 mi solidaridad a Jorge Ramos y llamo a las partes en Venezuela a establecer di\u00e1logo pac\u00edfico: AMLO -<\/title>\n<meta name=\"robots\" content=\"index, follow, max-snippet:-1, max-image-preview:large, max-video-preview:-1\" \/>\n<link rel=\"canonical\" href=\"https:\/\/quehacerpolitico.mx\/?p=18386\" \/>\n<meta property=\"og:locale\" content=\"es_MX\" \/>\n<meta property=\"og:type\" content=\"article\" \/>\n<meta property=\"og:title\" content=\"Expres\u00f3 mi solidaridad a Jorge Ramos y llamo a las partes en Venezuela a establecer di\u00e1logo pac\u00edfico: AMLO -\" \/>\n<meta property=\"og:description\" content=\"Expres\u00f3 mi solidaridad a Jorge Ramos y llamo a las partes en Venezuela a establecer di\u00e1logo pac\u00edfico: AMLO Por Redacci\u00f3n QP\" \/>\n<meta property=\"og:url\" content=\"https:\/\/quehacerpolitico.mx\/?p=18386\" \/>\n<meta property=\"article:published_time\" content=\"2019-02-26T14:34:36+00:00\" \/>\n<meta name=\"author\" content=\"Redacci\u00f3n QP\" \/>\n<meta name=\"twitter:card\" content=\"summary_large_image\" \/>\n<meta name=\"twitter:label1\" content=\"Escrito por\" \/>\n\t<meta name=\"twitter:data1\" content=\"Redacci\u00f3n QP\" \/>\n\t<meta name=\"twitter:label2\" content=\"Tiempo de lectura\" \/>\n\t<meta name=\"twitter:data2\" content=\"5 minutos\" \/>\n<script type=\"application\/ld+json\" class=\"yoast-schema-graph\">{\"@context\":\"https:\\\/\\\/schema.org\",\"@graph\":[{\"@type\":\"Article\",\"@id\":\"https:\\\/\\\/quehacerpolitico.mx\\\/?p=18386#article\",\"isPartOf\":{\"@id\":\"https:\\\/\\\/quehacerpolitico.mx\\\/?p=18386\"},\"author\":{\"name\":\"Redacci\u00f3n QP\",\"@id\":\"https:\\\/\\\/quehacerpolitico.mx\\\/#\\\/schema\\\/person\\\/496d8ad2d1d3f8036101dca7ee39e585\"},\"headline\":\"Expres\u00f3 mi solidaridad a Jorge Ramos y llamo a las partes en Venezuela a establecer di\u00e1logo pac\u00edfico: AMLO\",\"datePublished\":\"2019-02-26T14:34:36+00:00\",\"mainEntityOfPage\":{\"@id\":\"https:\\\/\\\/quehacerpolitico.mx\\\/?p=18386\"},\"wordCount\":1034,\"commentCount\":0,\"image\":{\"@id\":\"https:\\\/\\\/quehacerpolitico.mx\\\/?p=18386#primaryimage\"},\"thumbnailUrl\":\"\",\"articleSection\":[\"Noticias\"],\"inLanguage\":\"es\",\"potentialAction\":[{\"@type\":\"CommentAction\",\"name\":\"Comment\",\"target\":[\"https:\\\/\\\/quehacerpolitico.mx\\\/?p=18386#respond\"]}]},{\"@type\":\"WebPage\",\"@id\":\"https:\\\/\\\/quehacerpolitico.mx\\\/?p=18386\",\"url\":\"https:\\\/\\\/quehacerpolitico.mx\\\/?p=18386\",\"name\":\"Expres\u00f3 mi solidaridad a Jorge Ramos y llamo a las partes en Venezuela a establecer di\u00e1logo pac\u00edfico: AMLO -\",\"isPartOf\":{\"@id\":\"https:\\\/\\\/quehacerpolitico.mx\\\/#website\"},\"primaryImageOfPage\":{\"@id\":\"https:\\\/\\\/quehacerpolitico.mx\\\/?p=18386#primaryimage\"},\"image\":{\"@id\":\"https:\\\/\\\/quehacerpolitico.mx\\\/?p=18386#primaryimage\"},\"thumbnailUrl\":\"\",\"datePublished\":\"2019-02-26T14:34:36+00:00\",\"author\":{\"@id\":\"https:\\\/\\\/quehacerpolitico.mx\\\/#\\\/schema\\\/person\\\/496d8ad2d1d3f8036101dca7ee39e585\"},\"breadcrumb\":{\"@id\":\"https:\\\/\\\/quehacerpolitico.mx\\\/?p=18386#breadcrumb\"},\"inLanguage\":\"es\",\"potentialAction\":[{\"@type\":\"ReadAction\",\"target\":[\"https:\\\/\\\/quehacerpolitico.mx\\\/?p=18386\"]}]},{\"@type\":\"ImageObject\",\"inLanguage\":\"es\",\"@id\":\"https:\\\/\\\/quehacerpolitico.mx\\\/?p=18386#primaryimage\",\"url\":\"\",\"contentUrl\":\"\"},{\"@type\":\"BreadcrumbList\",\"@id\":\"https:\\\/\\\/quehacerpolitico.mx\\\/?p=18386#breadcrumb\",\"itemListElement\":[{\"@type\":\"ListItem\",\"position\":1,\"name\":\"Inicio\",\"item\":\"https:\\\/\\\/quehacerpolitico.mx\\\/\"},{\"@type\":\"ListItem\",\"position\":2,\"name\":\"Expres\u00f3 mi solidaridad a Jorge Ramos y llamo a las partes en Venezuela a establecer di\u00e1logo pac\u00edfico: AMLO\"}]},{\"@type\":\"WebSite\",\"@id\":\"https:\\\/\\\/quehacerpolitico.mx\\\/#website\",\"url\":\"https:\\\/\\\/quehacerpolitico.mx\\\/\",\"name\":\"\",\"description\":\"\",\"potentialAction\":[{\"@type\":\"SearchAction\",\"target\":{\"@type\":\"EntryPoint\",\"urlTemplate\":\"https:\\\/\\\/quehacerpolitico.mx\\\/?s={search_term_string}\"},\"query-input\":{\"@type\":\"PropertyValueSpecification\",\"valueRequired\":true,\"valueName\":\"search_term_string\"}}],\"inLanguage\":\"es\"},{\"@type\":\"Person\",\"@id\":\"https:\\\/\\\/quehacerpolitico.mx\\\/#\\\/schema\\\/person\\\/496d8ad2d1d3f8036101dca7ee39e585\",\"name\":\"Redacci\u00f3n QP\",\"image\":{\"@type\":\"ImageObject\",\"inLanguage\":\"es\",\"@id\":\"https:\\\/\\\/secure.gravatar.com\\\/avatar\\\/c7164ed6fdec453195284ad24a5ae5b6e1eed2b848477fa2a4787ba9adf39a41?s=96&d=mm&r=g\",\"url\":\"https:\\\/\\\/secure.gravatar.com\\\/avatar\\\/c7164ed6fdec453195284ad24a5ae5b6e1eed2b848477fa2a4787ba9adf39a41?s=96&d=mm&r=g\",\"contentUrl\":\"https:\\\/\\\/secure.gravatar.com\\\/avatar\\\/c7164ed6fdec453195284ad24a5ae5b6e1eed2b848477fa2a4787ba9adf39a41?s=96&d=mm&r=g\",\"caption\":\"Redacci\u00f3n QP\"},\"url\":\"https:\\\/\\\/quehacerpolitico.mx\\\/?author=2\"}]}<\/script>\n<!-- \/ Yoast SEO plugin. -->","yoast_head_json":{"title":"Expres\u00f3 mi solidaridad a Jorge Ramos y llamo a las partes en Venezuela a establecer di\u00e1logo pac\u00edfico: AMLO -","robots":{"index":"index","follow":"follow","max-snippet":"max-snippet:-1","max-image-preview":"max-image-preview:large","max-video-preview":"max-video-preview:-1"},"canonical":"https:\/\/quehacerpolitico.mx\/?p=18386","og_locale":"es_MX","og_type":"article","og_title":"Expres\u00f3 mi solidaridad a Jorge Ramos y llamo a las partes en Venezuela a establecer di\u00e1logo pac\u00edfico: AMLO -","og_description":"Expres\u00f3 mi solidaridad a Jorge Ramos y llamo a las partes en Venezuela a establecer di\u00e1logo pac\u00edfico: AMLO Por Redacci\u00f3n QP","og_url":"https:\/\/quehacerpolitico.mx\/?p=18386","article_published_time":"2019-02-26T14:34:36+00:00","author":"Redacci\u00f3n QP","twitter_card":"summary_large_image","twitter_misc":{"Escrito por":"Redacci\u00f3n QP","Tiempo de lectura":"5 minutos"},"schema":{"@context":"https:\/\/schema.org","@graph":[{"@type":"Article","@id":"https:\/\/quehacerpolitico.mx\/?p=18386#article","isPartOf":{"@id":"https:\/\/quehacerpolitico.mx\/?p=18386"},"author":{"name":"Redacci\u00f3n QP","@id":"https:\/\/quehacerpolitico.mx\/#\/schema\/person\/496d8ad2d1d3f8036101dca7ee39e585"},"headline":"Expres\u00f3 mi solidaridad a Jorge Ramos y llamo a las partes en Venezuela a establecer di\u00e1logo pac\u00edfico: AMLO","datePublished":"2019-02-26T14:34:36+00:00","mainEntityOfPage":{"@id":"https:\/\/quehacerpolitico.mx\/?p=18386"},"wordCount":1034,"commentCount":0,"image":{"@id":"https:\/\/quehacerpolitico.mx\/?p=18386#primaryimage"},"thumbnailUrl":"","articleSection":["Noticias"],"inLanguage":"es","potentialAction":[{"@type":"CommentAction","name":"Comment","target":["https:\/\/quehacerpolitico.mx\/?p=18386#respond"]}]},{"@type":"WebPage","@id":"https:\/\/quehacerpolitico.mx\/?p=18386","url":"https:\/\/quehacerpolitico.mx\/?p=18386","name":"Expres\u00f3 mi solidaridad a Jorge Ramos y llamo a las partes en Venezuela a establecer di\u00e1logo pac\u00edfico: AMLO -","isPartOf":{"@id":"https:\/\/quehacerpolitico.mx\/#website"},"primaryImageOfPage":{"@id":"https:\/\/quehacerpolitico.mx\/?p=18386#primaryimage"},"image":{"@id":"https:\/\/quehacerpolitico.mx\/?p=18386#primaryimage"},"thumbnailUrl":"","datePublished":"2019-02-26T14:34:36+00:00","author":{"@id":"https:\/\/quehacerpolitico.mx\/#\/schema\/person\/496d8ad2d1d3f8036101dca7ee39e585"},"breadcrumb":{"@id":"https:\/\/quehacerpolitico.mx\/?p=18386#breadcrumb"},"inLanguage":"es","potentialAction":[{"@type":"ReadAction","target":["https:\/\/quehacerpolitico.mx\/?p=18386"]}]},{"@type":"ImageObject","inLanguage":"es","@id":"https:\/\/quehacerpolitico.mx\/?p=18386#primaryimage","url":"","contentUrl":""},{"@type":"BreadcrumbList","@id":"https:\/\/quehacerpolitico.mx\/?p=18386#breadcrumb","itemListElement":[{"@type":"ListItem","position":1,"name":"Inicio","item":"https:\/\/quehacerpolitico.mx\/"},{"@type":"ListItem","position":2,"name":"Expres\u00f3 mi solidaridad a Jorge Ramos y llamo a las partes en Venezuela a establecer di\u00e1logo pac\u00edfico: AMLO"}]},{"@type":"WebSite","@id":"https:\/\/quehacerpolitico.mx\/#website","url":"https:\/\/quehacerpolitico.mx\/","name":"","description":"","potentialAction":[{"@type":"SearchAction","target":{"@type":"EntryPoint","urlTemplate":"https:\/\/quehacerpolitico.mx\/?s={search_term_string}"},"query-input":{"@type":"PropertyValueSpecification","valueRequired":true,"valueName":"search_term_string"}}],"inLanguage":"es"},{"@type":"Person","@id":"https:\/\/quehacerpolitico.mx\/#\/schema\/person\/496d8ad2d1d3f8036101dca7ee39e585","name":"Redacci\u00f3n QP","image":{"@type":"ImageObject","inLanguage":"es","@id":"https:\/\/secure.gravatar.com\/avatar\/c7164ed6fdec453195284ad24a5ae5b6e1eed2b848477fa2a4787ba9adf39a41?s=96&d=mm&r=g","url":"https:\/\/secure.gravatar.com\/avatar\/c7164ed6fdec453195284ad24a5ae5b6e1eed2b848477fa2a4787ba9adf39a41?s=96&d=mm&r=g","contentUrl":"https:\/\/secure.gravatar.com\/avatar\/c7164ed6fdec453195284ad24a5ae5b6e1eed2b848477fa2a4787ba9adf39a41?s=96&d=mm&r=g","caption":"Redacci\u00f3n QP"},"url":"https:\/\/quehacerpolitico.mx\/?author=2"}]}},"featured_image_urls":{"full":"","thumbnail":"","medium":"","medium_large":"","large":"","1536x1536":"","2048x2048":"","covernews-featured":"","covernews-medium":""},"author_info":{"display_name":"Redacci\u00f3n QP","author_link":"https:\/\/quehacerpolitico.mx\/?author=2"},"category_info":"<a href=\"https:\/\/quehacerpolitico.mx\/?cat=2\" rel=\"category\">Noticias<\/a>","tag_info":"Noticias","comment_count":"0","_links":{"self":[{"href":"https:\/\/quehacerpolitico.mx\/index.php?rest_route=\/wp\/v2\/posts\/18386","targetHints":{"allow":["GET"]}}],"collection":[{"href":"https:\/\/quehacerpolitico.mx\/index.php?rest_route=\/wp\/v2\/posts"}],"about":[{"href":"https:\/\/quehacerpolitico.mx\/index.php?rest_route=\/wp\/v2\/types\/post"}],"author":[{"embeddable":true,"href":"https:\/\/quehacerpolitico.mx\/index.php?rest_route=\/wp\/v2\/users\/2"}],"replies":[{"embeddable":true,"href":"https:\/\/quehacerpolitico.mx\/index.php?rest_route=%2Fwp%2Fv2%2Fcomments&post=18386"}],"version-history":[{"count":0,"href":"https:\/\/quehacerpolitico.mx\/index.php?rest_route=\/wp\/v2\/posts\/18386\/revisions"}],"wp:featuredmedia":[{"embeddable":true,"href":"https:\/\/quehacerpolitico.mx\/index.php?rest_route=\/"}],"wp:attachment":[{"href":"https:\/\/quehacerpolitico.mx\/index.php?rest_route=%2Fwp%2Fv2%2Fmedia&parent=18386"}],"wp:term":[{"taxonomy":"category","embeddable":true,"href":"https:\/\/quehacerpolitico.mx\/index.php?rest_route=%2Fwp%2Fv2%2Fcategories&post=18386"},{"taxonomy":"post_tag","embeddable":true,"href":"https:\/\/quehacerpolitico.mx\/index.php?rest_route=%2Fwp%2Fv2%2Ftags&post=18386"}],"curies":[{"name":"wp","href":"https:\/\/api.w.org\/{rel}","templated":true}]}}