{"id":18383,"date":"2019-02-26T14:23:50","date_gmt":"2019-02-26T14:23:50","guid":{"rendered":"http:\/\/quehacerpolitico.mx\/estamos-enfrentando-una-herencia-de-obras-inconclusas-habra-denuncias-construccion-del-tren-mexico-toluca-se-retrasara-3-anos-amlo\/"},"modified":"2019-02-26T14:23:50","modified_gmt":"2019-02-26T14:23:50","slug":"estamos-enfrentando-una-herencia-de-obras-inconclusas-habra-denuncias-construccion-del-tren-mexico-toluca-se-retrasara-3-anos-amlo","status":"publish","type":"post","link":"https:\/\/quehacerpolitico.mx\/?p=18383","title":{"rendered":"\u201cEstamos enfrentando una herencia de obras inconclusas\u201d, habr\u00e1 denuncias , Construcci\u00f3n del Tren M\u00e9xico-Toluca se retrasar\u00e1 3 a\u00f1os: AMLO"},"content":{"rendered":"<p>\u201cEstamos enfrentando una herencia de obras inconclusas\u201d, habr\u00e1 denuncias , Construcci\u00f3n del Tren M\u00e9xico-Toluca se retrasar\u00e1 3 a\u00f1os: AMLO<\/p>\n<p>Por Redacci\u00f3n QP<\/p>\n<p>El <strong>Presidente Andr\u00e9s Manuel L\u00f3pez Obrador<\/strong> anunci\u00f3 esta ma\u00f1ana que se <strong>presentar\u00e1n<\/strong> <strong>denuncias<\/strong> por las obras que tienen sobrecosto, como el <strong>Tren M\u00e9xico-Toluca<\/strong>, y por la compra de <strong>plantas chatarra<\/strong>. Denunci\u00f3 que en el caso del tren, la obra se plante\u00f3 con un costo de 20 mil millones de pesos, sin embargo dijo que \u00e9ste ya aument\u00f3 a un total de 65 mil millones de pesos.<\/p>\n<blockquote>\n<p>\u201cEstamos enfrentando lo que es de dominio p\u00fablico, una situaci\u00f3n de muchas irregularidades, una herencia de obras inconclusas, de inversiones sin beneficios\u201d, denunci\u00f3.<\/p>\n<p>L\u00f3pez Obrador explic\u00f3 que \u201cparte de esas obras, que desgraciadamente no es la \u00fanica, es el Tren Toluca a la Ciudad de M\u00e9xico que se estim\u00f3 en 20 mil millones de pesos de manera original. Fue creciendo la cantidad, y ahora para concluirlo necesitan alrededor de 15 mil millones adicionales, m\u00e1s lo ya invertido\u201d.<\/p>\n<p>Inform\u00f3 que en total costar\u00eda 65 mil millones de pesos. Previ\u00f3 que esa obra tardar\u00e1 en concluirse de tres a cuatro a\u00f1os.<\/p>\n<blockquote>\n<p>\u201cAs\u00ed est\u00e1 todo\u201d, recalc\u00f3 y record\u00f3 la compra de planta de fertilizantes donde se comprometieron recursos por alrededor de 2 mil millones de d\u00f3lares y esas plantas est\u00e1n inoperables.<\/p>\n<p>\u201cEran plantas viejas, convertidas en chatarra, adem\u00e1s de que se compraron a precios elevados, se destinaron recursos adicionales para rehabilitarlas y no se puede terminar de modernizarlas. En todos estos casos vamos a presentar denuncias para no ser nosotros c\u00f3mplices\u201d, adelant\u00f3.<\/p>\n<\/blockquote>\n<p>\u201cSon muchas obras as\u00ed, presas, hospitales, gasoductos, universidades, plantas, esto de los trenes\u201d, a\u00f1adi\u00f3.<\/p>\n<p>Explic\u00f3 que en el caso del Tren de Guadalajara, que estuvo a punto de ser inaugurado, se autorizaron mil millones de pesos para este a\u00f1o. \u201cCuando pido el reporte de cu\u00e1nto se requiere para terminarlo me est\u00e1n planteando que necesitamos un presupuesto adicional de 3 mil 500 millones de pesos para terminar el fin de a\u00f1o\u201d, destac\u00f3.<\/p>\n<p>Detall\u00f3 que esa obra debe terminarse cuanto antes porque ha generado todo tipo de molestias.<\/p>\n<p>El Jefe del Ejecutivo Federal anunci\u00f3 que est\u00e1n haciendo una reprogramaci\u00f3n para terminar obras que est\u00e1n proceso. \u201cSon tantas que no va a alcanzar el presupuesto de este a\u00f1o\u201d, reconoci\u00f3.<\/p>\n<p><strong>SOBRE REUNI\u00d3N CON GERM\u00c1N LARREA:<\/strong> El Presidente L\u00f3pez Obrador confirm\u00f3 que ayer se reuni\u00f3 con el empresario Germ\u00e1n Larrea y otro grupo de empresarios. Dijo que con el due\u00f1o de Grupo M\u00e9xico no fue precisamente para ver el tema del rescate de los cuerpos de los mineros en Pasta de Conchos, sino para hablar sobre inversiones.<\/p>\n<blockquote>\n<p>\u201cNo exactamente lo de los mineros. Pero s\u00ed me reun\u00ed con un grupo de empresarios para intercambiar puntos de vista con el prop\u00f3sito de que se invierta en el pa\u00eds, porque necesitamos que haya crecimiento de la econom\u00eda, generar empleos. Fue muy buena la reuni\u00f3n\u201d, inform\u00f3.<\/p>\n<\/blockquote>\n<p>L\u00f3pez Obrador record\u00f3 que esos empresarios tienen inversiones en el sector minero, energ\u00e9tico, en comunicaciones.<\/p>\n<p>\u201cLo voy a seguir haciendo para que se estimule la inversi\u00f3n, que haya confianza, y que podamos contar con la inversi\u00f3n privada, nacional y extranjera. Debe de quedar claro que no nos alcanzar\u00eda la inversi\u00f3n p\u00fablica para crecer\u201d, dijo.<\/p>\n<p>Detall\u00f3 que se necesita un crecimiento promedio anual del 4 por ciento.<\/p>\n<p>El Presidente de la Rep\u00fablica, <strong>Andr\u00e9s Manuel L\u00f3pez Obrador<\/strong>, asegur\u00f3 que la inversi\u00f3n para el<strong> Tren M\u00e9xico-Toluca<\/strong> se <strong>dispar\u00f3<\/strong>.<\/p>\n<blockquote>\n<p>\u201cEl <strong>Tren M\u00e9xico-Toluca<\/strong> se calcul\u00f3 en<strong> 20 mil millones de pesos,<\/strong> pero fue creciendo la cantidad; cerca de <strong>15 mil millones<\/strong> de peso adicional, es decir en total costar\u00eda<strong> 65 mil millones de pesos<\/strong>\u201c, asegur\u00f3 el funcionario.<\/p>\n<\/blockquote>\n<p>De acuerdo con <strong>L\u00f3pez Obrador<\/strong> deber\u00e1n priorizar \u201ca lo mejor terminamos el de <strong>Guadalajara<\/strong> para terminar ese asunto, nos queda el de <strong>Toluca<\/strong> para terminarlo el fin de a\u00f1o, porque ha generado todo <strong>tipo de molestias,<\/strong> de una obra que se debi\u00f3 terminar desde hace a\u00f1os\u201d.<\/p>\n<blockquote>\n<p>\u201cVamos a priorizar, a lo mejor terminamos el de <strong>Guadalajara<\/strong> para terminar ese <strong>asunto<\/strong>, nos queda el de <strong>Toluca<\/strong> para terminarlo en dos, tres a\u00f1os, en la medida en que se <strong>reprograme<\/strong> el presupuesto; se hac\u00edan muchas obras en beneficio de compa\u00f1\u00edas constructoras sin pensar en el inter\u00e9s general\u201d, se\u00f1al\u00f3\u00a0 <strong>AMLO<\/strong>.<\/p>\n<\/blockquote>\n<p>Cabe se\u00f1alar que esta tarde el mandatario tendr\u00e1 una <strong>reuni\u00f3n<\/strong> con el <strong>secretario de comunicaciones<\/strong> y con la Jefa de Gobierno, <strong>Claudia Sheinbaum, <\/strong>para el tema del Tren Maya, debido a que un tramo pasar\u00e1 por la <strong>CDMX.<\/strong><\/p>\n<blockquote class=\"twitter-tweet\" data-width=\"550\" data-dnt=\"true\">\n<p lang=\"es\" dir=\"ltr\">La informaci\u00f3n es democracia. Conferencia de prensa matutina desde Palacio Nacional. <a href=\"https:\/\/t.co\/qVymwJywQf\">https:\/\/t.co\/qVymwJywQf<\/a><\/p>\n<p>&mdash; Andr\u00e9s Manuel (@lopezobrador_) <a href=\"https:\/\/twitter.com\/lopezobrador_\/status\/1100385212037382144?ref_src=twsrc%5Etfw\">February 26, 2019<\/a><\/p><\/blockquote>\n<p><script async src=\"https:\/\/platform.twitter.com\/widgets.js\" charset=\"utf-8\"><\/script><\/p>\n<\/blockquote>\n","protected":false},"excerpt":{"rendered":"<p>\u201cEstamos enfrentando una herencia de obras inconclusas\u201d, habr\u00e1 denuncias , Construcci\u00f3n del Tren M\u00e9xico-Toluca se retrasar\u00e1 3 a\u00f1os: AMLO<br \/>\nPor Redacci\u00f3n QP<\/p>\n","protected":false},"author":2,"featured_media":18382,"comment_status":"open","ping_status":"open","sticky":false,"template":"","format":"standard","meta":{"_monsterinsights_skip_tracking":false,"_monsterinsights_sitenote_active":false,"_monsterinsights_sitenote_note":"","_monsterinsights_sitenote_category":0,"footnotes":""},"categories":[2],"tags":[],"class_list":["post-18383","post","type-post","status-publish","format-standard","has-post-thumbnail","hentry","category-noticias"],"yoast_head":"<!-- This site is optimized with the Yoast SEO plugin v27.3 - https:\/\/yoast.com\/product\/yoast-seo-wordpress\/ -->\n<title>\u201cEstamos enfrentando una herencia de obras inconclusas\u201d, habr\u00e1 denuncias , Construcci\u00f3n del Tren M\u00e9xico-Toluca se retrasar\u00e1 3 a\u00f1os: AMLO -<\/title>\n<meta name=\"robots\" content=\"index, follow, max-snippet:-1, max-image-preview:large, max-video-preview:-1\" \/>\n<link rel=\"canonical\" href=\"https:\/\/quehacerpolitico.mx\/?p=18383\" \/>\n<meta property=\"og:locale\" content=\"es_MX\" \/>\n<meta property=\"og:type\" content=\"article\" \/>\n<meta property=\"og:title\" content=\"\u201cEstamos enfrentando una herencia de obras inconclusas\u201d, habr\u00e1 denuncias , Construcci\u00f3n del Tren M\u00e9xico-Toluca se retrasar\u00e1 3 a\u00f1os: AMLO -\" \/>\n<meta property=\"og:description\" content=\"\u201cEstamos enfrentando una herencia de obras inconclusas\u201d, habr\u00e1 denuncias , Construcci\u00f3n del Tren M\u00e9xico-Toluca se retrasar\u00e1 3 a\u00f1os: AMLO Por Redacci\u00f3n QP\" \/>\n<meta property=\"og:url\" content=\"https:\/\/quehacerpolitico.mx\/?p=18383\" \/>\n<meta property=\"article:published_time\" content=\"2019-02-26T14:23:50+00:00\" \/>\n<meta name=\"author\" content=\"Redacci\u00f3n QP\" \/>\n<meta name=\"twitter:card\" content=\"summary_large_image\" \/>\n<meta name=\"twitter:label1\" content=\"Escrito por\" \/>\n\t<meta name=\"twitter:data1\" content=\"Redacci\u00f3n QP\" \/>\n\t<meta name=\"twitter:label2\" content=\"Tiempo de lectura\" \/>\n\t<meta name=\"twitter:data2\" content=\"4 minutos\" \/>\n<script type=\"application\/ld+json\" class=\"yoast-schema-graph\">{\"@context\":\"https:\\\/\\\/schema.org\",\"@graph\":[{\"@type\":\"Article\",\"@id\":\"https:\\\/\\\/quehacerpolitico.mx\\\/?p=18383#article\",\"isPartOf\":{\"@id\":\"https:\\\/\\\/quehacerpolitico.mx\\\/?p=18383\"},\"author\":{\"name\":\"Redacci\u00f3n QP\",\"@id\":\"https:\\\/\\\/quehacerpolitico.mx\\\/#\\\/schema\\\/person\\\/496d8ad2d1d3f8036101dca7ee39e585\"},\"headline\":\"\u201cEstamos enfrentando una herencia de obras inconclusas\u201d, habr\u00e1 denuncias , Construcci\u00f3n del Tren M\u00e9xico-Toluca se retrasar\u00e1 3 a\u00f1os: AMLO\",\"datePublished\":\"2019-02-26T14:23:50+00:00\",\"mainEntityOfPage\":{\"@id\":\"https:\\\/\\\/quehacerpolitico.mx\\\/?p=18383\"},\"wordCount\":808,\"commentCount\":0,\"image\":{\"@id\":\"https:\\\/\\\/quehacerpolitico.mx\\\/?p=18383#primaryimage\"},\"thumbnailUrl\":\"\",\"articleSection\":[\"Noticias\"],\"inLanguage\":\"es\",\"potentialAction\":[{\"@type\":\"CommentAction\",\"name\":\"Comment\",\"target\":[\"https:\\\/\\\/quehacerpolitico.mx\\\/?p=18383#respond\"]}]},{\"@type\":\"WebPage\",\"@id\":\"https:\\\/\\\/quehacerpolitico.mx\\\/?p=18383\",\"url\":\"https:\\\/\\\/quehacerpolitico.mx\\\/?p=18383\",\"name\":\"\u201cEstamos enfrentando una herencia de obras inconclusas\u201d, habr\u00e1 denuncias , Construcci\u00f3n del Tren M\u00e9xico-Toluca se retrasar\u00e1 3 a\u00f1os: AMLO -\",\"isPartOf\":{\"@id\":\"https:\\\/\\\/quehacerpolitico.mx\\\/#website\"},\"primaryImageOfPage\":{\"@id\":\"https:\\\/\\\/quehacerpolitico.mx\\\/?p=18383#primaryimage\"},\"image\":{\"@id\":\"https:\\\/\\\/quehacerpolitico.mx\\\/?p=18383#primaryimage\"},\"thumbnailUrl\":\"\",\"datePublished\":\"2019-02-26T14:23:50+00:00\",\"author\":{\"@id\":\"https:\\\/\\\/quehacerpolitico.mx\\\/#\\\/schema\\\/person\\\/496d8ad2d1d3f8036101dca7ee39e585\"},\"breadcrumb\":{\"@id\":\"https:\\\/\\\/quehacerpolitico.mx\\\/?p=18383#breadcrumb\"},\"inLanguage\":\"es\",\"potentialAction\":[{\"@type\":\"ReadAction\",\"target\":[\"https:\\\/\\\/quehacerpolitico.mx\\\/?p=18383\"]}]},{\"@type\":\"ImageObject\",\"inLanguage\":\"es\",\"@id\":\"https:\\\/\\\/quehacerpolitico.mx\\\/?p=18383#primaryimage\",\"url\":\"\",\"contentUrl\":\"\"},{\"@type\":\"BreadcrumbList\",\"@id\":\"https:\\\/\\\/quehacerpolitico.mx\\\/?p=18383#breadcrumb\",\"itemListElement\":[{\"@type\":\"ListItem\",\"position\":1,\"name\":\"Inicio\",\"item\":\"https:\\\/\\\/quehacerpolitico.mx\\\/\"},{\"@type\":\"ListItem\",\"position\":2,\"name\":\"\u201cEstamos enfrentando una herencia de obras inconclusas\u201d, habr\u00e1 denuncias , Construcci\u00f3n del Tren M\u00e9xico-Toluca se retrasar\u00e1 3 a\u00f1os: AMLO\"}]},{\"@type\":\"WebSite\",\"@id\":\"https:\\\/\\\/quehacerpolitico.mx\\\/#website\",\"url\":\"https:\\\/\\\/quehacerpolitico.mx\\\/\",\"name\":\"\",\"description\":\"\",\"potentialAction\":[{\"@type\":\"SearchAction\",\"target\":{\"@type\":\"EntryPoint\",\"urlTemplate\":\"https:\\\/\\\/quehacerpolitico.mx\\\/?s={search_term_string}\"},\"query-input\":{\"@type\":\"PropertyValueSpecification\",\"valueRequired\":true,\"valueName\":\"search_term_string\"}}],\"inLanguage\":\"es\"},{\"@type\":\"Person\",\"@id\":\"https:\\\/\\\/quehacerpolitico.mx\\\/#\\\/schema\\\/person\\\/496d8ad2d1d3f8036101dca7ee39e585\",\"name\":\"Redacci\u00f3n QP\",\"image\":{\"@type\":\"ImageObject\",\"inLanguage\":\"es\",\"@id\":\"https:\\\/\\\/secure.gravatar.com\\\/avatar\\\/c7164ed6fdec453195284ad24a5ae5b6e1eed2b848477fa2a4787ba9adf39a41?s=96&d=mm&r=g\",\"url\":\"https:\\\/\\\/secure.gravatar.com\\\/avatar\\\/c7164ed6fdec453195284ad24a5ae5b6e1eed2b848477fa2a4787ba9adf39a41?s=96&d=mm&r=g\",\"contentUrl\":\"https:\\\/\\\/secure.gravatar.com\\\/avatar\\\/c7164ed6fdec453195284ad24a5ae5b6e1eed2b848477fa2a4787ba9adf39a41?s=96&d=mm&r=g\",\"caption\":\"Redacci\u00f3n QP\"},\"url\":\"https:\\\/\\\/quehacerpolitico.mx\\\/?author=2\"}]}<\/script>\n<!-- \/ Yoast SEO plugin. -->","yoast_head_json":{"title":"\u201cEstamos enfrentando una herencia de obras inconclusas\u201d, habr\u00e1 denuncias , Construcci\u00f3n del Tren M\u00e9xico-Toluca se retrasar\u00e1 3 a\u00f1os: AMLO -","robots":{"index":"index","follow":"follow","max-snippet":"max-snippet:-1","max-image-preview":"max-image-preview:large","max-video-preview":"max-video-preview:-1"},"canonical":"https:\/\/quehacerpolitico.mx\/?p=18383","og_locale":"es_MX","og_type":"article","og_title":"\u201cEstamos enfrentando una herencia de obras inconclusas\u201d, habr\u00e1 denuncias , Construcci\u00f3n del Tren M\u00e9xico-Toluca se retrasar\u00e1 3 a\u00f1os: AMLO -","og_description":"\u201cEstamos enfrentando una herencia de obras inconclusas\u201d, habr\u00e1 denuncias , Construcci\u00f3n del Tren M\u00e9xico-Toluca se retrasar\u00e1 3 a\u00f1os: AMLO Por Redacci\u00f3n QP","og_url":"https:\/\/quehacerpolitico.mx\/?p=18383","article_published_time":"2019-02-26T14:23:50+00:00","author":"Redacci\u00f3n QP","twitter_card":"summary_large_image","twitter_misc":{"Escrito por":"Redacci\u00f3n QP","Tiempo de lectura":"4 minutos"},"schema":{"@context":"https:\/\/schema.org","@graph":[{"@type":"Article","@id":"https:\/\/quehacerpolitico.mx\/?p=18383#article","isPartOf":{"@id":"https:\/\/quehacerpolitico.mx\/?p=18383"},"author":{"name":"Redacci\u00f3n QP","@id":"https:\/\/quehacerpolitico.mx\/#\/schema\/person\/496d8ad2d1d3f8036101dca7ee39e585"},"headline":"\u201cEstamos enfrentando una herencia de obras inconclusas\u201d, habr\u00e1 denuncias , Construcci\u00f3n del Tren M\u00e9xico-Toluca se retrasar\u00e1 3 a\u00f1os: AMLO","datePublished":"2019-02-26T14:23:50+00:00","mainEntityOfPage":{"@id":"https:\/\/quehacerpolitico.mx\/?p=18383"},"wordCount":808,"commentCount":0,"image":{"@id":"https:\/\/quehacerpolitico.mx\/?p=18383#primaryimage"},"thumbnailUrl":"","articleSection":["Noticias"],"inLanguage":"es","potentialAction":[{"@type":"CommentAction","name":"Comment","target":["https:\/\/quehacerpolitico.mx\/?p=18383#respond"]}]},{"@type":"WebPage","@id":"https:\/\/quehacerpolitico.mx\/?p=18383","url":"https:\/\/quehacerpolitico.mx\/?p=18383","name":"\u201cEstamos enfrentando una herencia de obras inconclusas\u201d, habr\u00e1 denuncias , Construcci\u00f3n del Tren M\u00e9xico-Toluca se retrasar\u00e1 3 a\u00f1os: AMLO -","isPartOf":{"@id":"https:\/\/quehacerpolitico.mx\/#website"},"primaryImageOfPage":{"@id":"https:\/\/quehacerpolitico.mx\/?p=18383#primaryimage"},"image":{"@id":"https:\/\/quehacerpolitico.mx\/?p=18383#primaryimage"},"thumbnailUrl":"","datePublished":"2019-02-26T14:23:50+00:00","author":{"@id":"https:\/\/quehacerpolitico.mx\/#\/schema\/person\/496d8ad2d1d3f8036101dca7ee39e585"},"breadcrumb":{"@id":"https:\/\/quehacerpolitico.mx\/?p=18383#breadcrumb"},"inLanguage":"es","potentialAction":[{"@type":"ReadAction","target":["https:\/\/quehacerpolitico.mx\/?p=18383"]}]},{"@type":"ImageObject","inLanguage":"es","@id":"https:\/\/quehacerpolitico.mx\/?p=18383#primaryimage","url":"","contentUrl":""},{"@type":"BreadcrumbList","@id":"https:\/\/quehacerpolitico.mx\/?p=18383#breadcrumb","itemListElement":[{"@type":"ListItem","position":1,"name":"Inicio","item":"https:\/\/quehacerpolitico.mx\/"},{"@type":"ListItem","position":2,"name":"\u201cEstamos enfrentando una herencia de obras inconclusas\u201d, habr\u00e1 denuncias , Construcci\u00f3n del Tren M\u00e9xico-Toluca se retrasar\u00e1 3 a\u00f1os: AMLO"}]},{"@type":"WebSite","@id":"https:\/\/quehacerpolitico.mx\/#website","url":"https:\/\/quehacerpolitico.mx\/","name":"","description":"","potentialAction":[{"@type":"SearchAction","target":{"@type":"EntryPoint","urlTemplate":"https:\/\/quehacerpolitico.mx\/?s={search_term_string}"},"query-input":{"@type":"PropertyValueSpecification","valueRequired":true,"valueName":"search_term_string"}}],"inLanguage":"es"},{"@type":"Person","@id":"https:\/\/quehacerpolitico.mx\/#\/schema\/person\/496d8ad2d1d3f8036101dca7ee39e585","name":"Redacci\u00f3n QP","image":{"@type":"ImageObject","inLanguage":"es","@id":"https:\/\/secure.gravatar.com\/avatar\/c7164ed6fdec453195284ad24a5ae5b6e1eed2b848477fa2a4787ba9adf39a41?s=96&d=mm&r=g","url":"https:\/\/secure.gravatar.com\/avatar\/c7164ed6fdec453195284ad24a5ae5b6e1eed2b848477fa2a4787ba9adf39a41?s=96&d=mm&r=g","contentUrl":"https:\/\/secure.gravatar.com\/avatar\/c7164ed6fdec453195284ad24a5ae5b6e1eed2b848477fa2a4787ba9adf39a41?s=96&d=mm&r=g","caption":"Redacci\u00f3n QP"},"url":"https:\/\/quehacerpolitico.mx\/?author=2"}]}},"featured_image_urls":{"full":"","thumbnail":"","medium":"","medium_large":"","large":"","1536x1536":"","2048x2048":"","covernews-featured":"","covernews-medium":""},"author_info":{"display_name":"Redacci\u00f3n QP","author_link":"https:\/\/quehacerpolitico.mx\/?author=2"},"category_info":"<a href=\"https:\/\/quehacerpolitico.mx\/?cat=2\" rel=\"category\">Noticias<\/a>","tag_info":"Noticias","comment_count":"0","_links":{"self":[{"href":"https:\/\/quehacerpolitico.mx\/index.php?rest_route=\/wp\/v2\/posts\/18383","targetHints":{"allow":["GET"]}}],"collection":[{"href":"https:\/\/quehacerpolitico.mx\/index.php?rest_route=\/wp\/v2\/posts"}],"about":[{"href":"https:\/\/quehacerpolitico.mx\/index.php?rest_route=\/wp\/v2\/types\/post"}],"author":[{"embeddable":true,"href":"https:\/\/quehacerpolitico.mx\/index.php?rest_route=\/wp\/v2\/users\/2"}],"replies":[{"embeddable":true,"href":"https:\/\/quehacerpolitico.mx\/index.php?rest_route=%2Fwp%2Fv2%2Fcomments&post=18383"}],"version-history":[{"count":0,"href":"https:\/\/quehacerpolitico.mx\/index.php?rest_route=\/wp\/v2\/posts\/18383\/revisions"}],"wp:featuredmedia":[{"embeddable":true,"href":"https:\/\/quehacerpolitico.mx\/index.php?rest_route=\/"}],"wp:attachment":[{"href":"https:\/\/quehacerpolitico.mx\/index.php?rest_route=%2Fwp%2Fv2%2Fmedia&parent=18383"}],"wp:term":[{"taxonomy":"category","embeddable":true,"href":"https:\/\/quehacerpolitico.mx\/index.php?rest_route=%2Fwp%2Fv2%2Fcategories&post=18383"},{"taxonomy":"post_tag","embeddable":true,"href":"https:\/\/quehacerpolitico.mx\/index.php?rest_route=%2Fwp%2Fv2%2Ftags&post=18383"}],"curies":[{"name":"wp","href":"https:\/\/api.w.org\/{rel}","templated":true}]}}