{"id":18372,"date":"2019-02-26T04:52:29","date_gmt":"2019-02-26T04:52:29","guid":{"rendered":"http:\/\/quehacerpolitico.mx\/el-gobierno-de-la-cdmx-rescatara-el-canal-nacional-lo-convertira-en-un-parque-lineal-de-8-6-km\/"},"modified":"2019-02-26T04:52:29","modified_gmt":"2019-02-26T04:52:29","slug":"el-gobierno-de-la-cdmx-rescatara-el-canal-nacional-lo-convertira-en-un-parque-lineal-de-8-6-km","status":"publish","type":"post","link":"https:\/\/quehacerpolitico.mx\/?p=18372","title":{"rendered":"El Gobierno de la CdMx rescatar\u00e1 el Canal Nacional; lo convertir\u00e1 en un parque lineal de 8.6 km"},"content":{"rendered":"<h1>El Gobierno de la CdMx rescatar\u00e1 el Canal Nacional; lo convertir\u00e1 en un parque lineal de 8.6 km<\/h1>\n<p>Por Redacci\u00f3n QP<\/p>\n<p>La Jefa de Gobierno de la Ciudad de M\u00e9xico,\u00a0<strong>Claudia Sheinbaum<\/strong>, present\u00f3 el <strong>Proyecto Integral y Ejecuci\u00f3n de Obra del Saneamiento del Canal Nacional<\/strong>, que se construir\u00e1 en territorio de cuatro alcald\u00edas y contar\u00e1 con la colaboraci\u00f3n de ocho secretar\u00edas locales, as\u00ed como el Sistema de Aguas capitalino (Sacmex).<\/p>\n<p>La obra completa comprender\u00e1 una extensi\u00f3n de 8.6 kil\u00f3metros lineales, de Perif\u00e9rico a R\u00edo Churubusco, informaron en conferencia de prensa la Jefa de Gobierno, la Dra. Marina Robles, Secretaria del Medio Ambiente de la ciudad y el Dr. Rafael Bernardo Carmona Paredes, titular de Sacmex.<\/p>\n<blockquote>\n<p>\u201cCanal Nacional es uno de los cauces de agua a cielo abierto que a\u00fan subsisten, un recuerdo de nuestro pasado prehisp\u00e1nico que queremos rescatar\u201d, escribi\u00f3 la Jefa de Gobierno en su cuenta de Twitter.<\/p>\n<blockquote class=\"twitter-tweet\" data-width=\"550\" data-dnt=\"true\">\n<p lang=\"es\" dir=\"ltr\">Canal Nacional es uno de los cauces de agua a cielo abierto que a\u00fan subsisten, un recuerdo de nuestro pasado prehisp\u00e1nico que queremos rescatar. <\/p>\n<p>Comparto la presentaci\u00f3n del parque lineal que hicimos con los titulares de <a href=\"https:\/\/twitter.com\/SacmexCDMX?ref_src=twsrc%5Etfw\">@SacmexCDMX<\/a> y <a href=\"https:\/\/twitter.com\/SEDEMA_CDMX?ref_src=twsrc%5Etfw\">@SEDEMA_CDMX<\/a><br \/>\ud83d\udc49\ud83c\udffc <a href=\"https:\/\/t.co\/wmhK68gSoC\">https:\/\/t.co\/wmhK68gSoC<\/a> <a href=\"https:\/\/t.co\/1zXVd1SPBQ\">pic.twitter.com\/1zXVd1SPBQ<\/a><\/p>\n<p>&mdash; Claudia Sheinbaum Pardo (@Claudiashein) <a href=\"https:\/\/twitter.com\/Claudiashein\/status\/1100106572481449984?ref_src=twsrc%5Etfw\">February 25, 2019<\/a><\/p><\/blockquote>\n<p><script async src=\"https:\/\/platform.twitter.com\/widgets.js\" charset=\"utf-8\"><\/script><\/p>\n<blockquote class=\"twitter-tweet\" data-width=\"550\" data-dnt=\"true\">\n<p lang=\"es\" dir=\"ltr\">Hoy por la ma\u00f1ana presentamos el Proyecto Integral y Ejecuci\u00f3n de Obra del Saneamiento del Canal Nacional, estuvimos en compa\u00f1\u00eda de la Jefa de Gobierno <a href=\"https:\/\/twitter.com\/Claudiashein?ref_src=twsrc%5Etfw\">@Claudiashein<\/a> y la Dra. Marina Robles <a href=\"https:\/\/twitter.com\/mroblesg?ref_src=twsrc%5Etfw\">@mroblesg<\/a> Secretaria de Medio Ambiente de la Ciudad de M\u00e9xico. <a href=\"https:\/\/twitter.com\/SEDEMA_CDMX?ref_src=twsrc%5Etfw\">@SEDEMA_CDMX<\/a> <a href=\"https:\/\/t.co\/khopnKACZV\">pic.twitter.com\/khopnKACZV<\/a><\/p>\n<p>&mdash; Sistema de Aguas de la Ciudad de M\u00e9xico (@SacmexCDMX) <a href=\"https:\/\/twitter.com\/SacmexCDMX\/status\/1100141632261828608?ref_src=twsrc%5Etfw\">February 25, 2019<\/a><\/p><\/blockquote>\n<p><script async src=\"https:\/\/platform.twitter.com\/widgets.js\" charset=\"utf-8\"><\/script><\/p>\n<p>El proyecto se construir\u00e1 en tres tapas: la primera comprende un tramo de mil 687 metros, la segunda cuatro mil 145 y la tercera dos mil 766.<\/p>\n<p>La construcci\u00f3n del primer tramo iniciar\u00e1 de La Viga a R\u00edo Churubusco, contar\u00eda con una inversi\u00f3n de aproximadamente 100 millones de pesos.<\/p>\n<p>La obra comprende adecuaciones como limpieza y reconstrucci\u00f3n de bordes y plantilla, uso de especia subacu\u00e1ticas que sobrevivan sin la necesidad constante de agua y el mejoramiento e integraci\u00f3n de calles aleda\u00f1as.<\/p>\n<div id=\"attachment_3542224\" class=\"wp-caption alignnone\"><img loading=\"lazy\" decoding=\"async\" class=\"size-full wp-image-3542224\" src=\"https:\/\/www.sinembargo.mx\/wp-content\/uploads\/2019\/02\/captura-de-pantalla-2019-02-25-a-las-18-00-36.jpeg\" sizes=\"auto, (max-width: 700px) 100vw, 700px\" srcset=\"https:\/\/www.sinembargo.mx\/wp-content\/uploads\/2019\/02\/captura-de-pantalla-2019-02-25-a-las-18-00-36.jpeg 700w, https:\/\/www.sinembargo.mx\/wp-content\/uploads\/2019\/02\/captura-de-pantalla-2019-02-25-a-las-18-00-36-300x254.jpeg 300w\" alt=\"\" width=\"700\" height=\"593\" \/><\/p>\n<p class=\"wp-caption-text\">El proyecto est\u00e1 planteado en tres etapas. Foto: Especial<\/p>\n<section class=\"post-content\">\n<p>Uno de los objetivos que las autoridades buscan con este plan, adem\u00e1s de mejorar visual y ambientalmente las calles de la metr\u00f3poli, es promover una mayor utilizaci\u00f3n del espacio p\u00fablico, con lo cual se podr\u00eda impulsar\u00eda la integraci\u00f3n de la comunidad.<\/p>\n<p>El proyecto comprende adecuaciones como limpieza y reconstrucci\u00f3n de bordes y plantilla, uso de especies subacu\u00e1ticas que sobrevivan sin la necesidad constante de agua y el mejoramiento e integraci\u00f3n de calles aleda\u00f1as.<\/p>\n<div id=\"attachment_3542226\" class=\"wp-caption alignnone\"><img loading=\"lazy\" decoding=\"async\" class=\"size-full wp-image-3542226\" src=\"https:\/\/www.sinembargo.mx\/wp-content\/uploads\/2019\/02\/captura-de-pantalla-2019-02-25-a-las-18-00-45.jpeg\" sizes=\"auto, (max-width: 700px) 100vw, 700px\" srcset=\"https:\/\/www.sinembargo.mx\/wp-content\/uploads\/2019\/02\/captura-de-pantalla-2019-02-25-a-las-18-00-45.jpeg 700w, https:\/\/www.sinembargo.mx\/wp-content\/uploads\/2019\/02\/captura-de-pantalla-2019-02-25-a-las-18-00-45-300x185.jpeg 300w\" alt=\"\" width=\"700\" height=\"432\" \/><\/p>\n<p class=\"wp-caption-text\">Tramo 1 del proyecto. Foto: Especial<\/p>\n<\/div>\n<p>En el mejoramiento del Canal Nacional colaboraran varias instancias del Gobierno capitalino: la Secretar\u00eda de Turismo; Secretar\u00eda del Medio Ambiente; Secretar\u00eda de movilidad; Secretar\u00eda de Inclusi\u00f3n y Bienestar Social; Secretar\u00eda de Cultura; Secretar\u00eda de Pueblos y Barrios Originarios; Secretar\u00eda de Gesti\u00f3n Integral de Riesgos de Protecci\u00f3n Civil y Secretar\u00eda de Gobierno.<\/p>\n<p>Adem\u00e1s participar\u00e1 el Sistema de Aguas capitalino y las alcald\u00edas Coyoac\u00e1n, Iztapalapa, Xochimilco y Tl\u00e1huac.<\/p>\n<blockquote class=\"twitter-tweet\" data-width=\"550\" data-dnt=\"true\">\n<p lang=\"es\" dir=\"ltr\"><a href=\"https:\/\/twitter.com\/hashtag\/EnVivo?src=hash&amp;ref_src=twsrc%5Etfw\">#EnVivo<\/a>: la <a href=\"https:\/\/twitter.com\/hashtag\/JefaDeGobierno?src=hash&amp;ref_src=twsrc%5Etfw\">#JefaDeGobierno<\/a> detalla el proyecto de saneamiento del Canal Nacional, con <a href=\"https:\/\/twitter.com\/SacmexCDMX?ref_src=twsrc%5Etfw\">@SacmexCDMX<\/a> y <a href=\"https:\/\/twitter.com\/SEDEMA_CDMX?ref_src=twsrc%5Etfw\">@SEDEMA_CDMX<\/a> <a href=\"https:\/\/t.co\/cwndsJyed8\">https:\/\/t.co\/cwndsJyed8<\/a><\/p>\n<p>&mdash; Gobierno de la Ciudad de M\u00e9xico (@GobCDMX) <a href=\"https:\/\/twitter.com\/GobCDMX\/status\/1100065697785212928?ref_src=twsrc%5Etfw\">February 25, 2019<\/a><\/p><\/blockquote>\n<p><script async src=\"https:\/\/platform.twitter.com\/widgets.js\" charset=\"utf-8\"><\/script><\/p>\n<\/section>\n<\/div>\n<\/blockquote>\n","protected":false},"excerpt":{"rendered":"<p>El Gobierno de la CdMx rescatar\u00e1 el Canal Nacional; lo convertir\u00e1 en un parque lineal de 8.6 km<br \/>\nPor Redacci\u00f3n QP<\/p>\n","protected":false},"author":2,"featured_media":18370,"comment_status":"open","ping_status":"open","sticky":false,"template":"","format":"standard","meta":{"_monsterinsights_skip_tracking":false,"_monsterinsights_sitenote_active":false,"_monsterinsights_sitenote_note":"","_monsterinsights_sitenote_category":0,"footnotes":""},"categories":[55],"tags":[],"class_list":["post-18372","post","type-post","status-publish","format-standard","has-post-thumbnail","hentry","category-cdmx"],"yoast_head":"<!-- This site is optimized with the Yoast SEO plugin v27.3 - https:\/\/yoast.com\/product\/yoast-seo-wordpress\/ -->\n<title>El Gobierno de la CdMx rescatar\u00e1 el Canal Nacional; lo convertir\u00e1 en un parque lineal de 8.6 km -<\/title>\n<meta name=\"robots\" content=\"index, follow, max-snippet:-1, max-image-preview:large, max-video-preview:-1\" \/>\n<link rel=\"canonical\" href=\"https:\/\/quehacerpolitico.mx\/?p=18372\" \/>\n<meta property=\"og:locale\" content=\"es_MX\" \/>\n<meta property=\"og:type\" content=\"article\" \/>\n<meta property=\"og:title\" content=\"El Gobierno de la CdMx rescatar\u00e1 el Canal Nacional; lo convertir\u00e1 en un parque lineal de 8.6 km -\" \/>\n<meta property=\"og:description\" content=\"El Gobierno de la CdMx rescatar\u00e1 el Canal Nacional; lo convertir\u00e1 en un parque lineal de 8.6 km Por Redacci\u00f3n QP\" \/>\n<meta property=\"og:url\" content=\"https:\/\/quehacerpolitico.mx\/?p=18372\" \/>\n<meta property=\"article:published_time\" content=\"2019-02-26T04:52:29+00:00\" \/>\n<meta name=\"author\" content=\"Redacci\u00f3n QP\" \/>\n<meta name=\"twitter:card\" content=\"summary_large_image\" \/>\n<meta name=\"twitter:label1\" content=\"Escrito por\" \/>\n\t<meta name=\"twitter:data1\" content=\"Redacci\u00f3n QP\" \/>\n\t<meta name=\"twitter:label2\" content=\"Tiempo de lectura\" \/>\n\t<meta name=\"twitter:data2\" content=\"2 minutos\" \/>\n<script type=\"application\/ld+json\" class=\"yoast-schema-graph\">{\"@context\":\"https:\\\/\\\/schema.org\",\"@graph\":[{\"@type\":\"Article\",\"@id\":\"https:\\\/\\\/quehacerpolitico.mx\\\/?p=18372#article\",\"isPartOf\":{\"@id\":\"https:\\\/\\\/quehacerpolitico.mx\\\/?p=18372\"},\"author\":{\"name\":\"Redacci\u00f3n QP\",\"@id\":\"https:\\\/\\\/quehacerpolitico.mx\\\/#\\\/schema\\\/person\\\/496d8ad2d1d3f8036101dca7ee39e585\"},\"headline\":\"El Gobierno de la CdMx rescatar\u00e1 el Canal Nacional; lo convertir\u00e1 en un parque lineal de 8.6 km\",\"datePublished\":\"2019-02-26T04:52:29+00:00\",\"mainEntityOfPage\":{\"@id\":\"https:\\\/\\\/quehacerpolitico.mx\\\/?p=18372\"},\"wordCount\":458,\"commentCount\":0,\"image\":{\"@id\":\"https:\\\/\\\/quehacerpolitico.mx\\\/?p=18372#primaryimage\"},\"thumbnailUrl\":\"\",\"articleSection\":[\"CDMX\"],\"inLanguage\":\"es\",\"potentialAction\":[{\"@type\":\"CommentAction\",\"name\":\"Comment\",\"target\":[\"https:\\\/\\\/quehacerpolitico.mx\\\/?p=18372#respond\"]}]},{\"@type\":\"WebPage\",\"@id\":\"https:\\\/\\\/quehacerpolitico.mx\\\/?p=18372\",\"url\":\"https:\\\/\\\/quehacerpolitico.mx\\\/?p=18372\",\"name\":\"El Gobierno de la CdMx rescatar\u00e1 el Canal Nacional; lo convertir\u00e1 en un parque lineal de 8.6 km -\",\"isPartOf\":{\"@id\":\"https:\\\/\\\/quehacerpolitico.mx\\\/#website\"},\"primaryImageOfPage\":{\"@id\":\"https:\\\/\\\/quehacerpolitico.mx\\\/?p=18372#primaryimage\"},\"image\":{\"@id\":\"https:\\\/\\\/quehacerpolitico.mx\\\/?p=18372#primaryimage\"},\"thumbnailUrl\":\"\",\"datePublished\":\"2019-02-26T04:52:29+00:00\",\"author\":{\"@id\":\"https:\\\/\\\/quehacerpolitico.mx\\\/#\\\/schema\\\/person\\\/496d8ad2d1d3f8036101dca7ee39e585\"},\"breadcrumb\":{\"@id\":\"https:\\\/\\\/quehacerpolitico.mx\\\/?p=18372#breadcrumb\"},\"inLanguage\":\"es\",\"potentialAction\":[{\"@type\":\"ReadAction\",\"target\":[\"https:\\\/\\\/quehacerpolitico.mx\\\/?p=18372\"]}]},{\"@type\":\"ImageObject\",\"inLanguage\":\"es\",\"@id\":\"https:\\\/\\\/quehacerpolitico.mx\\\/?p=18372#primaryimage\",\"url\":\"\",\"contentUrl\":\"\"},{\"@type\":\"BreadcrumbList\",\"@id\":\"https:\\\/\\\/quehacerpolitico.mx\\\/?p=18372#breadcrumb\",\"itemListElement\":[{\"@type\":\"ListItem\",\"position\":1,\"name\":\"Inicio\",\"item\":\"https:\\\/\\\/quehacerpolitico.mx\\\/\"},{\"@type\":\"ListItem\",\"position\":2,\"name\":\"El Gobierno de la CdMx rescatar\u00e1 el Canal Nacional; lo convertir\u00e1 en un parque lineal de 8.6 km\"}]},{\"@type\":\"WebSite\",\"@id\":\"https:\\\/\\\/quehacerpolitico.mx\\\/#website\",\"url\":\"https:\\\/\\\/quehacerpolitico.mx\\\/\",\"name\":\"\",\"description\":\"\",\"potentialAction\":[{\"@type\":\"SearchAction\",\"target\":{\"@type\":\"EntryPoint\",\"urlTemplate\":\"https:\\\/\\\/quehacerpolitico.mx\\\/?s={search_term_string}\"},\"query-input\":{\"@type\":\"PropertyValueSpecification\",\"valueRequired\":true,\"valueName\":\"search_term_string\"}}],\"inLanguage\":\"es\"},{\"@type\":\"Person\",\"@id\":\"https:\\\/\\\/quehacerpolitico.mx\\\/#\\\/schema\\\/person\\\/496d8ad2d1d3f8036101dca7ee39e585\",\"name\":\"Redacci\u00f3n QP\",\"image\":{\"@type\":\"ImageObject\",\"inLanguage\":\"es\",\"@id\":\"https:\\\/\\\/secure.gravatar.com\\\/avatar\\\/c7164ed6fdec453195284ad24a5ae5b6e1eed2b848477fa2a4787ba9adf39a41?s=96&d=mm&r=g\",\"url\":\"https:\\\/\\\/secure.gravatar.com\\\/avatar\\\/c7164ed6fdec453195284ad24a5ae5b6e1eed2b848477fa2a4787ba9adf39a41?s=96&d=mm&r=g\",\"contentUrl\":\"https:\\\/\\\/secure.gravatar.com\\\/avatar\\\/c7164ed6fdec453195284ad24a5ae5b6e1eed2b848477fa2a4787ba9adf39a41?s=96&d=mm&r=g\",\"caption\":\"Redacci\u00f3n QP\"},\"url\":\"https:\\\/\\\/quehacerpolitico.mx\\\/?author=2\"}]}<\/script>\n<!-- \/ Yoast SEO plugin. -->","yoast_head_json":{"title":"El Gobierno de la CdMx rescatar\u00e1 el Canal Nacional; lo convertir\u00e1 en un parque lineal de 8.6 km -","robots":{"index":"index","follow":"follow","max-snippet":"max-snippet:-1","max-image-preview":"max-image-preview:large","max-video-preview":"max-video-preview:-1"},"canonical":"https:\/\/quehacerpolitico.mx\/?p=18372","og_locale":"es_MX","og_type":"article","og_title":"El Gobierno de la CdMx rescatar\u00e1 el Canal Nacional; lo convertir\u00e1 en un parque lineal de 8.6 km -","og_description":"El Gobierno de la CdMx rescatar\u00e1 el Canal Nacional; lo convertir\u00e1 en un parque lineal de 8.6 km Por Redacci\u00f3n QP","og_url":"https:\/\/quehacerpolitico.mx\/?p=18372","article_published_time":"2019-02-26T04:52:29+00:00","author":"Redacci\u00f3n QP","twitter_card":"summary_large_image","twitter_misc":{"Escrito por":"Redacci\u00f3n QP","Tiempo de lectura":"2 minutos"},"schema":{"@context":"https:\/\/schema.org","@graph":[{"@type":"Article","@id":"https:\/\/quehacerpolitico.mx\/?p=18372#article","isPartOf":{"@id":"https:\/\/quehacerpolitico.mx\/?p=18372"},"author":{"name":"Redacci\u00f3n QP","@id":"https:\/\/quehacerpolitico.mx\/#\/schema\/person\/496d8ad2d1d3f8036101dca7ee39e585"},"headline":"El Gobierno de la CdMx rescatar\u00e1 el Canal Nacional; lo convertir\u00e1 en un parque lineal de 8.6 km","datePublished":"2019-02-26T04:52:29+00:00","mainEntityOfPage":{"@id":"https:\/\/quehacerpolitico.mx\/?p=18372"},"wordCount":458,"commentCount":0,"image":{"@id":"https:\/\/quehacerpolitico.mx\/?p=18372#primaryimage"},"thumbnailUrl":"","articleSection":["CDMX"],"inLanguage":"es","potentialAction":[{"@type":"CommentAction","name":"Comment","target":["https:\/\/quehacerpolitico.mx\/?p=18372#respond"]}]},{"@type":"WebPage","@id":"https:\/\/quehacerpolitico.mx\/?p=18372","url":"https:\/\/quehacerpolitico.mx\/?p=18372","name":"El Gobierno de la CdMx rescatar\u00e1 el Canal Nacional; lo convertir\u00e1 en un parque lineal de 8.6 km -","isPartOf":{"@id":"https:\/\/quehacerpolitico.mx\/#website"},"primaryImageOfPage":{"@id":"https:\/\/quehacerpolitico.mx\/?p=18372#primaryimage"},"image":{"@id":"https:\/\/quehacerpolitico.mx\/?p=18372#primaryimage"},"thumbnailUrl":"","datePublished":"2019-02-26T04:52:29+00:00","author":{"@id":"https:\/\/quehacerpolitico.mx\/#\/schema\/person\/496d8ad2d1d3f8036101dca7ee39e585"},"breadcrumb":{"@id":"https:\/\/quehacerpolitico.mx\/?p=18372#breadcrumb"},"inLanguage":"es","potentialAction":[{"@type":"ReadAction","target":["https:\/\/quehacerpolitico.mx\/?p=18372"]}]},{"@type":"ImageObject","inLanguage":"es","@id":"https:\/\/quehacerpolitico.mx\/?p=18372#primaryimage","url":"","contentUrl":""},{"@type":"BreadcrumbList","@id":"https:\/\/quehacerpolitico.mx\/?p=18372#breadcrumb","itemListElement":[{"@type":"ListItem","position":1,"name":"Inicio","item":"https:\/\/quehacerpolitico.mx\/"},{"@type":"ListItem","position":2,"name":"El Gobierno de la CdMx rescatar\u00e1 el Canal Nacional; lo convertir\u00e1 en un parque lineal de 8.6 km"}]},{"@type":"WebSite","@id":"https:\/\/quehacerpolitico.mx\/#website","url":"https:\/\/quehacerpolitico.mx\/","name":"","description":"","potentialAction":[{"@type":"SearchAction","target":{"@type":"EntryPoint","urlTemplate":"https:\/\/quehacerpolitico.mx\/?s={search_term_string}"},"query-input":{"@type":"PropertyValueSpecification","valueRequired":true,"valueName":"search_term_string"}}],"inLanguage":"es"},{"@type":"Person","@id":"https:\/\/quehacerpolitico.mx\/#\/schema\/person\/496d8ad2d1d3f8036101dca7ee39e585","name":"Redacci\u00f3n QP","image":{"@type":"ImageObject","inLanguage":"es","@id":"https:\/\/secure.gravatar.com\/avatar\/c7164ed6fdec453195284ad24a5ae5b6e1eed2b848477fa2a4787ba9adf39a41?s=96&d=mm&r=g","url":"https:\/\/secure.gravatar.com\/avatar\/c7164ed6fdec453195284ad24a5ae5b6e1eed2b848477fa2a4787ba9adf39a41?s=96&d=mm&r=g","contentUrl":"https:\/\/secure.gravatar.com\/avatar\/c7164ed6fdec453195284ad24a5ae5b6e1eed2b848477fa2a4787ba9adf39a41?s=96&d=mm&r=g","caption":"Redacci\u00f3n QP"},"url":"https:\/\/quehacerpolitico.mx\/?author=2"}]}},"featured_image_urls":{"full":"","thumbnail":"","medium":"","medium_large":"","large":"","1536x1536":"","2048x2048":"","covernews-featured":"","covernews-medium":""},"author_info":{"display_name":"Redacci\u00f3n QP","author_link":"https:\/\/quehacerpolitico.mx\/?author=2"},"category_info":"<a href=\"https:\/\/quehacerpolitico.mx\/?cat=55\" rel=\"category\">CDMX<\/a>","tag_info":"CDMX","comment_count":"0","_links":{"self":[{"href":"https:\/\/quehacerpolitico.mx\/index.php?rest_route=\/wp\/v2\/posts\/18372","targetHints":{"allow":["GET"]}}],"collection":[{"href":"https:\/\/quehacerpolitico.mx\/index.php?rest_route=\/wp\/v2\/posts"}],"about":[{"href":"https:\/\/quehacerpolitico.mx\/index.php?rest_route=\/wp\/v2\/types\/post"}],"author":[{"embeddable":true,"href":"https:\/\/quehacerpolitico.mx\/index.php?rest_route=\/wp\/v2\/users\/2"}],"replies":[{"embeddable":true,"href":"https:\/\/quehacerpolitico.mx\/index.php?rest_route=%2Fwp%2Fv2%2Fcomments&post=18372"}],"version-history":[{"count":0,"href":"https:\/\/quehacerpolitico.mx\/index.php?rest_route=\/wp\/v2\/posts\/18372\/revisions"}],"wp:featuredmedia":[{"embeddable":true,"href":"https:\/\/quehacerpolitico.mx\/index.php?rest_route=\/"}],"wp:attachment":[{"href":"https:\/\/quehacerpolitico.mx\/index.php?rest_route=%2Fwp%2Fv2%2Fmedia&parent=18372"}],"wp:term":[{"taxonomy":"category","embeddable":true,"href":"https:\/\/quehacerpolitico.mx\/index.php?rest_route=%2Fwp%2Fv2%2Fcategories&post=18372"},{"taxonomy":"post_tag","embeddable":true,"href":"https:\/\/quehacerpolitico.mx\/index.php?rest_route=%2Fwp%2Fv2%2Ftags&post=18372"}],"curies":[{"name":"wp","href":"https:\/\/api.w.org\/{rel}","templated":true}]}}