{"id":18355,"date":"2019-02-26T03:24:49","date_gmt":"2019-02-26T03:24:49","guid":{"rendered":"http:\/\/quehacerpolitico.mx\/jorge-ramos-y-5-periodistas-son-liberados-a-maduro-no-le-gusto-la-entrevista-mexico-protesta\/"},"modified":"2019-02-26T03:24:49","modified_gmt":"2019-02-26T03:24:49","slug":"jorge-ramos-y-5-periodistas-son-liberados-a-maduro-no-le-gusto-la-entrevista-mexico-protesta","status":"publish","type":"post","link":"https:\/\/quehacerpolitico.mx\/?p=18355","title":{"rendered":"Jorge Ramos y 5 periodistas son liberados. A Maduro no le gust\u00f3 la entrevista. M\u00e9xico protesta"},"content":{"rendered":"<h1>Jorge Ramos y 5 periodistas son liberados. A Maduro no le gust\u00f3 la entrevista. M\u00e9xico protesta<\/h1>\n<p>Por Redacci\u00f3n QP<\/p>\n<p>Daniel Coronell, presidente de noticias de la cadena\u00a0<strong><em>Univisi\u00f3n<\/em><\/strong>, confirm\u00f3 que el grupo de\u00a0<strong>periodistas<\/strong>encabezado por <strong>Jorge Ramos <\/strong>ya fue<strong>liberado,\u00a0<\/strong>luego de que fueran detenidos de forma arbitraria\u00a0en el Palacio de Miraflores durante una <strong>entrevista<\/strong> que realizaron a <strong>Nicol\u00e1s Maduro<\/strong>, Presidente de Venezuela.<\/p>\n<blockquote>\n<p>\u201cConfirmado: Estoy hablando con @jorgeramosnews. \u00c9l y los otros miembros del equipo fueron liberados. Los equipos y el material de la entrevista que no le gust\u00f3 a @NicolasMaduro fueron confiscados\u201d, inform\u00f3 la noche de este lunes a trav\u00e9s de su cuenta de Twitter.<\/p>\n<\/blockquote>\n<p>Posteriormente, Marcelo Ebrard, titular de la Secretar\u00eda de Relaciones Exteriores (SRE), asegur\u00f3 en la misma red social que el <strong>Gobierno mexicano<\/strong> manifest\u00f3 a las autoridades de Venezuela su preocupaci\u00f3n y <strong>protesta<\/strong> por estos hechos.<\/p>\n<blockquote class=\"twitter-tweet\" data-width=\"550\" data-dnt=\"true\">\n<p lang=\"es\" dir=\"ltr\">El Gobierno de M\u00e9xico ha manifestado al de la Rep\u00fablica Bolivariana de Venezuela su preocupaci\u00f3n y protesta por lo ocurrido en el Palacio de Miraflores hoy a Jorge Ramos y su equipo. Peniley Ramirez de Univisi\u00f3n nos acaba de comunicar que han sido liberados.<\/p>\n<p>&mdash; Marcelo Ebrard C. (@m_ebrard) <a href=\"https:\/\/twitter.com\/m_ebrard\/status\/1100213375919771653?ref_src=twsrc%5Etfw\">February 26, 2019<\/a><\/p><\/blockquote>\n<p><script async src=\"https:\/\/platform.twitter.com\/widgets.js\" charset=\"utf-8\"><\/script><\/p>\n<p>Alrededor de las 18:38 horas de este d\u00eda, el periodista\u00a0colombiano Daniel Coronell denunci\u00f3 que Jorge Ramos, Mar\u00eda Mart\u00ednez, Claudia Rend\u00f3n, Juan Carlos Guzm\u00e1n, Mart\u00edn Guzm\u00e1n y Francisco Urreiztieta hab\u00edan sido detenidos arbitrariamente en Caracas, despu\u00e9s que no le agradaran sus preguntas al mandatario venezolano.<\/p>\n<blockquote class=\"twitter-tweet\" data-width=\"550\" data-dnt=\"true\">\n<p lang=\"es\" dir=\"ltr\">Confirmado: Estoy hablando con <a href=\"https:\/\/twitter.com\/jorgeramosnews?ref_src=twsrc%5Etfw\">@jorgeramosnews<\/a>. \u00c9l y los otros miembros del equipo fueron liberados. Los equipos y el material de la entrevista que no le gust\u00f3 a <a href=\"https:\/\/twitter.com\/NicolasMaduro?ref_src=twsrc%5Etfw\">@NicolasMaduro<\/a> fueron confiscados.<\/p>\n<p>&mdash; Daniel Coronell (@DCoronell) <a href=\"https:\/\/twitter.com\/DCoronell\/status\/1100211919775039488?ref_src=twsrc%5Etfw\">February 26, 2019<\/a><\/p><\/blockquote>\n<p><script async src=\"https:\/\/platform.twitter.com\/widgets.js\" charset=\"utf-8\"><\/script><\/p>\n<p>\u201cAtenci\u00f3n: un @Univision equipo, dirigido por @jorgeramosnews, est\u00e1 siendo detenido arbitrariamente en el Palacio de Miraflores en Caracas. Estaban entrevistando @NicolasMaduro pero no le gustaba las preguntas. Su equipo t\u00e9cnico tambi\u00e9n fue confiscado\u201d, se lee en el mensaje publicado por la televisora.<\/p>\n<blockquote class=\"twitter-tweet\" data-width=\"550\" data-dnt=\"true\">\n<p lang=\"en\" dir=\"ltr\">Attention: A <a href=\"https:\/\/twitter.com\/Univision?ref_src=twsrc%5Etfw\">@Univision<\/a> team, headed by <a href=\"https:\/\/twitter.com\/jorgeramosnews?ref_src=twsrc%5Etfw\">@jorgeramosnews<\/a>, is being arbitrarily detained at the Miraflores Palace in Caracas. They were interviewing <a href=\"https:\/\/twitter.com\/NicolasMaduro?ref_src=twsrc%5Etfw\">@NicolasMaduro<\/a> but he didn&#39;t like the questions. Their technical equipment was also confiscated. <a href=\"https:\/\/t.co\/c45tB0E4er\">https:\/\/t.co\/c45tB0E4er<\/a><\/p>\n<p>&mdash; NoticiasUnivision247 (@Univision247) <a href=\"https:\/\/twitter.com\/Univision247\/status\/1100193338634964993?ref_src=twsrc%5Etfw\">February 26, 2019<\/a><\/p><\/blockquote>\n<p><script async src=\"https:\/\/platform.twitter.com\/widgets.js\" charset=\"utf-8\"><\/script><\/p>\n<p>M\u00e1s tarde, una conductora de <em>Univisi\u00f3n<\/em>inform\u00f3 que al Presidente Maduro le disgustaron las preguntas del periodista Jorge Ramos, por lo que dio la orden de detener la grabaci\u00f3n, decomisar los equipos y retener a los periodistas.<\/p>\n<p>El director ejecutivo de Human Rights Watch, Jos\u00e9 Miguel Vivanco, conden\u00f3 la detenci\u00f3n y exigi\u00f3 la liberaci\u00f3n de los periodistas.<\/p>\n<blockquote class=\"twitter-tweet\" data-width=\"550\" data-dnt=\"true\">\n<p lang=\"es\" dir=\"ltr\">**URGENTE**<\/p>\n<p>Exijo la inmediata liberaci\u00f3n de <a href=\"https:\/\/twitter.com\/jorgeramosnews?ref_src=twsrc%5Etfw\">@jorgeramosnews<\/a> y su equipo de <a href=\"https:\/\/twitter.com\/UniNoticias?ref_src=twsrc%5Etfw\">@UniNoticias<\/a> que se encuentran retenidos en el Palacio de Miraflores por \u00f3rdenes de Maduro. <\/p>\n<p>La comunidad internacional debe estar alerta.<\/p>\n<p>&mdash; Jos\u00e9 Miguel Vivanco (@VivancoJM) <a href=\"https:\/\/twitter.com\/VivancoJM\/status\/1100194488390172675?ref_src=twsrc%5Etfw\">February 26, 2019<\/a><\/p><\/blockquote>\n<p><script async src=\"https:\/\/platform.twitter.com\/widgets.js\" charset=\"utf-8\"><\/script><\/p>\n<p>No es la primera vez que ocurren retenciones de periodistas en Venezuela, en enero pasado se registraron varias detenciones de trabajadores de la prensa, incluidos cuatro de <em>EFE<\/em>.<\/p>\n<p>El Sindicato de Prensa contabiliz\u00f3 s\u00f3lo en enero 40 agresiones por parte de cuerpos de seguridad del Estado contra trabajadores de la prensa.<\/p>\n<p>El Ejecutivo de Maduro asegura constantemente que la prensa, particularmente la extranjera, crea \u201ccampa\u00f1as medi\u00e1ticas\u201d en su contra y les acusa incluso de mentir sobre la situaci\u00f3n de crisis que hay en Venezuela.<\/p>\n<p>Este es el Video que Jorge Ramos le mostr\u00f3 a Maduro y que le hizo enfurecer\u00a0<\/p>\n<p>https:\/\/twitter.com\/enrique_acevedo\/status\/1100223925684969472?s=21<\/p>\n<p>Adem\u00e1s, en el pa\u00eds varios medios de comunicaci\u00f3n, nacionales e internacionales, han sido sacados del aire por orden del Gobierno chavista, especialmente cuando son cr\u00edticos con su administraci\u00f3n, tal es el caso de <em>CNN<\/em> en Espa\u00f1ol en 2017, los colombianos <em>NTN24<\/em> en 2014, <em>RCN<\/em> y <em>Caracol<\/em> en 2017 y en 2007 el nacional <em>Radio Caracas Televisi\u00f3n<\/em>(RCTV).<\/p>\n<div id=\"attachment_3542193\" class=\"wp-caption alignnone\"><img loading=\"lazy\" decoding=\"async\" class=\"size-full wp-image-3542193\" src=\"https:\/\/www.sinembargo.mx\/wp-content\/uploads\/2019\/02\/amlo-conferencia-25.jpg\" sizes=\"auto, (max-width: 700px) 100vw, 700px\" srcset=\"https:\/\/www.sinembargo.mx\/wp-content\/uploads\/2019\/02\/amlo-conferencia-25.jpg 700w, https:\/\/www.sinembargo.mx\/wp-content\/uploads\/2019\/02\/amlo-conferencia-25-300x200.jpg 300w\" alt=\"\" width=\"700\" height=\"467\" \/><\/p>\n<p class=\"wp-caption-text\">Andr\u00e9s Manuel L\u00f3pez Obrador, Presidente de M\u00e9xico, durante su conferencia matutina. Foto: Galo Ca\u00f1as, Cuartoscuro<\/p>\n<\/div>\n<p><strong>AMLO Y VENEZUELA<\/strong><\/p>\n<p>Este lunes, el Presidente de M\u00e9xico, Andr\u00e9s Manuel L\u00f3pez Obrador, pidi\u00f3 a Venezuela no caer en la \u201ctentaci\u00f3n del uso de la fuerza\u201d luego del enfrentamiento entre venezolanos que trataban de llevar ayuda humanitaria y las autoridades de ese pa\u00eds el pasado s\u00e1bado.<\/p>\n<blockquote>\n<p>\u201cNo puedo opinar m\u00e1s porque est\u00e1 muy polarizado, y yo considero que lo mejor es el di\u00e1logo y alejar la tentaci\u00f3n del uso de la fuerza, que se busque una soluci\u00f3n diplom\u00e1tica\u201d, se\u00f1al\u00f3 L\u00f3pez Obrador en su conferencia de prensa matutina.<\/p>\n<\/blockquote>\n<p>La frontera entre Colombia y Venezuela vivi\u00f3 el s\u00e1bado un ambiente de tensi\u00f3n e incertidumbre luego de que se presentara un enfrentamiento entre venezolanos que trataban de llevar ayuda humanitaria y las autoridades de ese pa\u00eds.<\/p>\n<p><b>LA CRISIS DE MADURO<\/b><\/p>\n<p>Ayer, el Presidente Nicol\u00e1s Maduro dijo que est\u00e1 \u201cde acuerdo\u201d con la iniciativa de una nueva ronda de di\u00e1logos con la oposici\u00f3n, para destrabar la acuciante crisis pol\u00edtica, econ\u00f3mica y social del pa\u00eds, como propusieron los Gobiernos de M\u00e9xico y Uruguay.<\/p>\n<blockquote>\n<p>\u201cEl Gobierno de M\u00e9xico y el Gobierno de Uruguay han propuesto que se cree una iniciativa internacional para promover un di\u00e1logo de las partes en Venezuela (\u2026), les digo p\u00fablicamente (que) estoy de acuerdo\u201d, dijo Maduro en un discurso que ofreci\u00f3 ante el Supremo, donde recibi\u00f3 el respaldo de los jefes de los poderes p\u00fablicos.<\/p>\n<\/blockquote>\n<p>Maduro, en el poder desde 2013, respondi\u00f3 as\u00ed a la propuesta lanzada ayer por M\u00e9xico y Uruguay, que en un comunicado conjunto urgieron a los venezolanos \u201ca encontrar una soluci\u00f3n pac\u00edfica y democr\u00e1tica frente al complejo panorama\u201d que enfrenta el pa\u00eds.<\/p>\n<blockquote>\n<p>\u201cDe forma conjunta, el Gobierno de Uruguay y M\u00e9xico formulan un llamado a todas las partes involucradas, tanto al interior del pa\u00eds como al exterior, para reducir las tensiones y evitar una escalada de violencia que pudiera agravar la situaci\u00f3n\u201d, se\u00f1alaron los pa\u00edses en el documento divulgado por la Canciller\u00eda uruguaya.<\/p>\n<p>video de las primeras declaraciones de Jorge Ramos tras ser liberado en Venezuela<\/p>\n<blockquote class=\"twitter-tweet\" data-width=\"550\" data-dnt=\"true\">\n<p lang=\"es\" dir=\"ltr\">Primeras declaraciones de <a href=\"https:\/\/twitter.com\/jorgeramosnews?ref_src=twsrc%5Etfw\">@jorgeramosnews<\/a> tras  ser liberado en <a href=\"https:\/\/twitter.com\/hashtag\/Venezuela?src=hash&amp;ref_src=twsrc%5Etfw\">#Venezuela<\/a>. <a href=\"https:\/\/t.co\/vqeZFXjrAb\">pic.twitter.com\/vqeZFXjrAb<\/a><\/p>\n<p>&mdash; Univision Noticias (@UniNoticias) <a href=\"https:\/\/twitter.com\/UniNoticias\/status\/1100217440909361152?ref_src=twsrc%5Etfw\">February 26, 2019<\/a><\/p><\/blockquote>\n<p><script async src=\"https:\/\/platform.twitter.com\/widgets.js\" charset=\"utf-8\"><\/script><\/p>\n<p>\u00a0<\/p>\n<p>Con Informaci\u00f3n de EFE<\/p>\n<\/blockquote>\n","protected":false},"excerpt":{"rendered":"<p>Jorge Ramos y 5 periodistas son liberados. A Maduro no le gust\u00f3 la entrevista. M\u00e9xico protesta<br \/>\nPor Redacci\u00f3n QP<\/p>\n","protected":false},"author":2,"featured_media":18354,"comment_status":"open","ping_status":"open","sticky":false,"template":"","format":"standard","meta":{"_monsterinsights_skip_tracking":false,"_monsterinsights_sitenote_active":false,"_monsterinsights_sitenote_note":"","_monsterinsights_sitenote_category":0,"footnotes":""},"categories":[2],"tags":[],"class_list":["post-18355","post","type-post","status-publish","format-standard","has-post-thumbnail","hentry","category-noticias"],"yoast_head":"<!-- This site is optimized with the Yoast SEO plugin v27.3 - https:\/\/yoast.com\/product\/yoast-seo-wordpress\/ -->\n<title>Jorge Ramos y 5 periodistas son liberados. A Maduro no le gust\u00f3 la entrevista. M\u00e9xico protesta -<\/title>\n<meta name=\"robots\" content=\"index, follow, max-snippet:-1, max-image-preview:large, max-video-preview:-1\" \/>\n<link rel=\"canonical\" href=\"https:\/\/quehacerpolitico.mx\/?p=18355\" \/>\n<meta property=\"og:locale\" content=\"es_MX\" \/>\n<meta property=\"og:type\" content=\"article\" \/>\n<meta property=\"og:title\" content=\"Jorge Ramos y 5 periodistas son liberados. A Maduro no le gust\u00f3 la entrevista. M\u00e9xico protesta -\" \/>\n<meta property=\"og:description\" content=\"Jorge Ramos y 5 periodistas son liberados. A Maduro no le gust\u00f3 la entrevista. M\u00e9xico protesta Por Redacci\u00f3n QP\" \/>\n<meta property=\"og:url\" content=\"https:\/\/quehacerpolitico.mx\/?p=18355\" \/>\n<meta property=\"article:published_time\" content=\"2019-02-26T03:24:49+00:00\" \/>\n<meta name=\"author\" content=\"Redacci\u00f3n QP\" \/>\n<meta name=\"twitter:card\" content=\"summary_large_image\" \/>\n<meta name=\"twitter:label1\" content=\"Escrito por\" \/>\n\t<meta name=\"twitter:data1\" content=\"Redacci\u00f3n QP\" \/>\n\t<meta name=\"twitter:label2\" content=\"Tiempo de lectura\" \/>\n\t<meta name=\"twitter:data2\" content=\"4 minutos\" \/>\n<script type=\"application\/ld+json\" class=\"yoast-schema-graph\">{\"@context\":\"https:\\\/\\\/schema.org\",\"@graph\":[{\"@type\":\"Article\",\"@id\":\"https:\\\/\\\/quehacerpolitico.mx\\\/?p=18355#article\",\"isPartOf\":{\"@id\":\"https:\\\/\\\/quehacerpolitico.mx\\\/?p=18355\"},\"author\":{\"name\":\"Redacci\u00f3n QP\",\"@id\":\"https:\\\/\\\/quehacerpolitico.mx\\\/#\\\/schema\\\/person\\\/496d8ad2d1d3f8036101dca7ee39e585\"},\"headline\":\"Jorge Ramos y 5 periodistas son liberados. A Maduro no le gust\u00f3 la entrevista. M\u00e9xico protesta\",\"datePublished\":\"2019-02-26T03:24:49+00:00\",\"mainEntityOfPage\":{\"@id\":\"https:\\\/\\\/quehacerpolitico.mx\\\/?p=18355\"},\"wordCount\":910,\"commentCount\":0,\"image\":{\"@id\":\"https:\\\/\\\/quehacerpolitico.mx\\\/?p=18355#primaryimage\"},\"thumbnailUrl\":\"\",\"articleSection\":[\"Noticias\"],\"inLanguage\":\"es\",\"potentialAction\":[{\"@type\":\"CommentAction\",\"name\":\"Comment\",\"target\":[\"https:\\\/\\\/quehacerpolitico.mx\\\/?p=18355#respond\"]}]},{\"@type\":\"WebPage\",\"@id\":\"https:\\\/\\\/quehacerpolitico.mx\\\/?p=18355\",\"url\":\"https:\\\/\\\/quehacerpolitico.mx\\\/?p=18355\",\"name\":\"Jorge Ramos y 5 periodistas son liberados. A Maduro no le gust\u00f3 la entrevista. M\u00e9xico protesta -\",\"isPartOf\":{\"@id\":\"https:\\\/\\\/quehacerpolitico.mx\\\/#website\"},\"primaryImageOfPage\":{\"@id\":\"https:\\\/\\\/quehacerpolitico.mx\\\/?p=18355#primaryimage\"},\"image\":{\"@id\":\"https:\\\/\\\/quehacerpolitico.mx\\\/?p=18355#primaryimage\"},\"thumbnailUrl\":\"\",\"datePublished\":\"2019-02-26T03:24:49+00:00\",\"author\":{\"@id\":\"https:\\\/\\\/quehacerpolitico.mx\\\/#\\\/schema\\\/person\\\/496d8ad2d1d3f8036101dca7ee39e585\"},\"breadcrumb\":{\"@id\":\"https:\\\/\\\/quehacerpolitico.mx\\\/?p=18355#breadcrumb\"},\"inLanguage\":\"es\",\"potentialAction\":[{\"@type\":\"ReadAction\",\"target\":[\"https:\\\/\\\/quehacerpolitico.mx\\\/?p=18355\"]}]},{\"@type\":\"ImageObject\",\"inLanguage\":\"es\",\"@id\":\"https:\\\/\\\/quehacerpolitico.mx\\\/?p=18355#primaryimage\",\"url\":\"\",\"contentUrl\":\"\"},{\"@type\":\"BreadcrumbList\",\"@id\":\"https:\\\/\\\/quehacerpolitico.mx\\\/?p=18355#breadcrumb\",\"itemListElement\":[{\"@type\":\"ListItem\",\"position\":1,\"name\":\"Inicio\",\"item\":\"https:\\\/\\\/quehacerpolitico.mx\\\/\"},{\"@type\":\"ListItem\",\"position\":2,\"name\":\"Jorge Ramos y 5 periodistas son liberados. A Maduro no le gust\u00f3 la entrevista. M\u00e9xico protesta\"}]},{\"@type\":\"WebSite\",\"@id\":\"https:\\\/\\\/quehacerpolitico.mx\\\/#website\",\"url\":\"https:\\\/\\\/quehacerpolitico.mx\\\/\",\"name\":\"\",\"description\":\"\",\"potentialAction\":[{\"@type\":\"SearchAction\",\"target\":{\"@type\":\"EntryPoint\",\"urlTemplate\":\"https:\\\/\\\/quehacerpolitico.mx\\\/?s={search_term_string}\"},\"query-input\":{\"@type\":\"PropertyValueSpecification\",\"valueRequired\":true,\"valueName\":\"search_term_string\"}}],\"inLanguage\":\"es\"},{\"@type\":\"Person\",\"@id\":\"https:\\\/\\\/quehacerpolitico.mx\\\/#\\\/schema\\\/person\\\/496d8ad2d1d3f8036101dca7ee39e585\",\"name\":\"Redacci\u00f3n QP\",\"image\":{\"@type\":\"ImageObject\",\"inLanguage\":\"es\",\"@id\":\"https:\\\/\\\/secure.gravatar.com\\\/avatar\\\/c7164ed6fdec453195284ad24a5ae5b6e1eed2b848477fa2a4787ba9adf39a41?s=96&d=mm&r=g\",\"url\":\"https:\\\/\\\/secure.gravatar.com\\\/avatar\\\/c7164ed6fdec453195284ad24a5ae5b6e1eed2b848477fa2a4787ba9adf39a41?s=96&d=mm&r=g\",\"contentUrl\":\"https:\\\/\\\/secure.gravatar.com\\\/avatar\\\/c7164ed6fdec453195284ad24a5ae5b6e1eed2b848477fa2a4787ba9adf39a41?s=96&d=mm&r=g\",\"caption\":\"Redacci\u00f3n QP\"},\"url\":\"https:\\\/\\\/quehacerpolitico.mx\\\/?author=2\"}]}<\/script>\n<!-- \/ Yoast SEO plugin. -->","yoast_head_json":{"title":"Jorge Ramos y 5 periodistas son liberados. A Maduro no le gust\u00f3 la entrevista. M\u00e9xico protesta -","robots":{"index":"index","follow":"follow","max-snippet":"max-snippet:-1","max-image-preview":"max-image-preview:large","max-video-preview":"max-video-preview:-1"},"canonical":"https:\/\/quehacerpolitico.mx\/?p=18355","og_locale":"es_MX","og_type":"article","og_title":"Jorge Ramos y 5 periodistas son liberados. A Maduro no le gust\u00f3 la entrevista. M\u00e9xico protesta -","og_description":"Jorge Ramos y 5 periodistas son liberados. A Maduro no le gust\u00f3 la entrevista. M\u00e9xico protesta Por Redacci\u00f3n QP","og_url":"https:\/\/quehacerpolitico.mx\/?p=18355","article_published_time":"2019-02-26T03:24:49+00:00","author":"Redacci\u00f3n QP","twitter_card":"summary_large_image","twitter_misc":{"Escrito por":"Redacci\u00f3n QP","Tiempo de lectura":"4 minutos"},"schema":{"@context":"https:\/\/schema.org","@graph":[{"@type":"Article","@id":"https:\/\/quehacerpolitico.mx\/?p=18355#article","isPartOf":{"@id":"https:\/\/quehacerpolitico.mx\/?p=18355"},"author":{"name":"Redacci\u00f3n QP","@id":"https:\/\/quehacerpolitico.mx\/#\/schema\/person\/496d8ad2d1d3f8036101dca7ee39e585"},"headline":"Jorge Ramos y 5 periodistas son liberados. A Maduro no le gust\u00f3 la entrevista. M\u00e9xico protesta","datePublished":"2019-02-26T03:24:49+00:00","mainEntityOfPage":{"@id":"https:\/\/quehacerpolitico.mx\/?p=18355"},"wordCount":910,"commentCount":0,"image":{"@id":"https:\/\/quehacerpolitico.mx\/?p=18355#primaryimage"},"thumbnailUrl":"","articleSection":["Noticias"],"inLanguage":"es","potentialAction":[{"@type":"CommentAction","name":"Comment","target":["https:\/\/quehacerpolitico.mx\/?p=18355#respond"]}]},{"@type":"WebPage","@id":"https:\/\/quehacerpolitico.mx\/?p=18355","url":"https:\/\/quehacerpolitico.mx\/?p=18355","name":"Jorge Ramos y 5 periodistas son liberados. A Maduro no le gust\u00f3 la entrevista. M\u00e9xico protesta -","isPartOf":{"@id":"https:\/\/quehacerpolitico.mx\/#website"},"primaryImageOfPage":{"@id":"https:\/\/quehacerpolitico.mx\/?p=18355#primaryimage"},"image":{"@id":"https:\/\/quehacerpolitico.mx\/?p=18355#primaryimage"},"thumbnailUrl":"","datePublished":"2019-02-26T03:24:49+00:00","author":{"@id":"https:\/\/quehacerpolitico.mx\/#\/schema\/person\/496d8ad2d1d3f8036101dca7ee39e585"},"breadcrumb":{"@id":"https:\/\/quehacerpolitico.mx\/?p=18355#breadcrumb"},"inLanguage":"es","potentialAction":[{"@type":"ReadAction","target":["https:\/\/quehacerpolitico.mx\/?p=18355"]}]},{"@type":"ImageObject","inLanguage":"es","@id":"https:\/\/quehacerpolitico.mx\/?p=18355#primaryimage","url":"","contentUrl":""},{"@type":"BreadcrumbList","@id":"https:\/\/quehacerpolitico.mx\/?p=18355#breadcrumb","itemListElement":[{"@type":"ListItem","position":1,"name":"Inicio","item":"https:\/\/quehacerpolitico.mx\/"},{"@type":"ListItem","position":2,"name":"Jorge Ramos y 5 periodistas son liberados. A Maduro no le gust\u00f3 la entrevista. M\u00e9xico protesta"}]},{"@type":"WebSite","@id":"https:\/\/quehacerpolitico.mx\/#website","url":"https:\/\/quehacerpolitico.mx\/","name":"","description":"","potentialAction":[{"@type":"SearchAction","target":{"@type":"EntryPoint","urlTemplate":"https:\/\/quehacerpolitico.mx\/?s={search_term_string}"},"query-input":{"@type":"PropertyValueSpecification","valueRequired":true,"valueName":"search_term_string"}}],"inLanguage":"es"},{"@type":"Person","@id":"https:\/\/quehacerpolitico.mx\/#\/schema\/person\/496d8ad2d1d3f8036101dca7ee39e585","name":"Redacci\u00f3n QP","image":{"@type":"ImageObject","inLanguage":"es","@id":"https:\/\/secure.gravatar.com\/avatar\/c7164ed6fdec453195284ad24a5ae5b6e1eed2b848477fa2a4787ba9adf39a41?s=96&d=mm&r=g","url":"https:\/\/secure.gravatar.com\/avatar\/c7164ed6fdec453195284ad24a5ae5b6e1eed2b848477fa2a4787ba9adf39a41?s=96&d=mm&r=g","contentUrl":"https:\/\/secure.gravatar.com\/avatar\/c7164ed6fdec453195284ad24a5ae5b6e1eed2b848477fa2a4787ba9adf39a41?s=96&d=mm&r=g","caption":"Redacci\u00f3n QP"},"url":"https:\/\/quehacerpolitico.mx\/?author=2"}]}},"featured_image_urls":{"full":"","thumbnail":"","medium":"","medium_large":"","large":"","1536x1536":"","2048x2048":"","covernews-featured":"","covernews-medium":""},"author_info":{"display_name":"Redacci\u00f3n QP","author_link":"https:\/\/quehacerpolitico.mx\/?author=2"},"category_info":"<a href=\"https:\/\/quehacerpolitico.mx\/?cat=2\" rel=\"category\">Noticias<\/a>","tag_info":"Noticias","comment_count":"0","_links":{"self":[{"href":"https:\/\/quehacerpolitico.mx\/index.php?rest_route=\/wp\/v2\/posts\/18355","targetHints":{"allow":["GET"]}}],"collection":[{"href":"https:\/\/quehacerpolitico.mx\/index.php?rest_route=\/wp\/v2\/posts"}],"about":[{"href":"https:\/\/quehacerpolitico.mx\/index.php?rest_route=\/wp\/v2\/types\/post"}],"author":[{"embeddable":true,"href":"https:\/\/quehacerpolitico.mx\/index.php?rest_route=\/wp\/v2\/users\/2"}],"replies":[{"embeddable":true,"href":"https:\/\/quehacerpolitico.mx\/index.php?rest_route=%2Fwp%2Fv2%2Fcomments&post=18355"}],"version-history":[{"count":0,"href":"https:\/\/quehacerpolitico.mx\/index.php?rest_route=\/wp\/v2\/posts\/18355\/revisions"}],"wp:featuredmedia":[{"embeddable":true,"href":"https:\/\/quehacerpolitico.mx\/index.php?rest_route=\/"}],"wp:attachment":[{"href":"https:\/\/quehacerpolitico.mx\/index.php?rest_route=%2Fwp%2Fv2%2Fmedia&parent=18355"}],"wp:term":[{"taxonomy":"category","embeddable":true,"href":"https:\/\/quehacerpolitico.mx\/index.php?rest_route=%2Fwp%2Fv2%2Fcategories&post=18355"},{"taxonomy":"post_tag","embeddable":true,"href":"https:\/\/quehacerpolitico.mx\/index.php?rest_route=%2Fwp%2Fv2%2Ftags&post=18355"}],"curies":[{"name":"wp","href":"https:\/\/api.w.org\/{rel}","templated":true}]}}