{"id":18087,"date":"2019-02-23T17:28:43","date_gmt":"2019-02-23T17:28:43","guid":{"rendered":"http:\/\/quehacerpolitico.mx\/internacionales-carolina-alonso-romei-duque-y-guaido-visitan-bodega-en-donde-se-almacenan-ayudas-para-venezuela\/"},"modified":"2019-02-23T17:28:43","modified_gmt":"2019-02-23T17:28:43","slug":"internacionales-carolina-alonso-romei-duque-y-guaido-visitan-bodega-en-donde-se-almacenan-ayudas-para-venezuela","status":"publish","type":"post","link":"https:\/\/quehacerpolitico.mx\/?p=18087","title":{"rendered":"Internacionales\/\/\/Carolina Alonso Romei\/\/\/Duque y Guaid\u00f3 visitan bodega en donde se almacenan ayudas para Venezuela"},"content":{"rendered":"<h1 class=\"news-title\">Duque y Guaid\u00f3 visitan bodega en donde se almacenan ayudas para Venezuela<\/h1>\n<p>Por Carolina Alonso Romei\u00a0<\/p>\n<p>Internacionalista\u00a0<\/p>\n<header class=\"news-header\">\n<div class=\"news-subtitle\">\n<p>Tambi\u00e9n los acompa\u00f1an el presidente de Chile y el secretario de la OEA<\/p>\n<\/div>\n<\/header>\n<div class=\"news-content\">\n<div class=\"news-body row\">\n<p>Juan Guaid\u00f3, quien se proclam\u00f3 mandatario interino venezolano, y los presidentes Iv\u00e1n Duque (Colombia), Sebasti\u00e1n Pi\u00f1era (Chile) y el secretario de la OEA, Luis Almagro, llegaron este s\u00e1bado a una bodega en la zona fronteriza colombo-venezolana para coordinar la entrega de ayuda para Venezuela.<\/p>\n<blockquote class=\"twitter-tweet\" data-width=\"550\" data-dnt=\"true\">\n<p lang=\"es\" dir=\"ltr\"><a href=\"https:\/\/twitter.com\/hashtag\/Acci%C3%B3nHumanitaria?src=hash&amp;ref_src=twsrc%5Etfw\">#Acci\u00f3nHumanitaria<\/a> | Veh\u00edculos con ayudas humanitarias transportan kits alimenticios, kits de aseo y kits m\u00e9dicos para el pueblo venezolano, cada uno con 20 t aproximadamente. <a href=\"https:\/\/t.co\/6YEdLHJfpW\">pic.twitter.com\/6YEdLHJfpW<\/a><\/p>\n<p>&mdash; UNGRD\ud83c\udde8\ud83c\uddf4 (@UNGRD) <a href=\"https:\/\/twitter.com\/UNGRD\/status\/1099324436002586625?ref_src=twsrc%5Etfw\">February 23, 2019<\/a><\/p><\/blockquote>\n<p><script async src=\"https:\/\/platform.twitter.com\/widgets.js\" charset=\"utf-8\"><\/script><\/p>\n<div id=\"div-gpt-ad-1548262875188-0\" data-google-query-id=\"CImSsdev0uACFROoaQod7c8E3w\">\n<div id=\"google_ads_iframe_\/1001694\/INF_intext_1_0__container__\">Hacia las 08:00 hora local(13:00 GMT), <strong>Duque, Guaid\u00f3 y Pi\u00f1era ingresaron a la bodega, ubicada en el puente de Tienditas, que conecta a Colombia con Venezuela<\/strong>, donde est\u00e1n cargando los camiones con la ayuda humanitaria para los venezolanos.<\/div>\n<div>\n<p><strong>Al llegar al lugar, tanto Duque como Guaid\u00f3hicieron una inspecci\u00f3n y observaron los camiones cargados con la ayuda y posteriormente se reunieron en privado con otras autoridades<\/strong>, inform\u00f3 la Presidencia de Colombia en un comunicado.<\/p>\n<p>El gobierno venezolano inform\u00f3 el viernes que cerr\u00f3 de forma &#8220;total&#8221; la frontera con Colombia ante las supuestas &#8220;amenazas&#8221; contra su soberan\u00eda que surgen desde este pa\u00eds, y desde el cual la oposici\u00f3n espera ingresar en pocas horas las donaciones de varios pa\u00edses almacenadas en la ciudad colombiana de C\u00facuta.<\/p>\n<p>El gobernante de Venezuela, Nicolas Maduro, acusa con frecuencia a Colombia de urdir &#8220;planes de guerra&#8221; junto a Estados Unidos para desalojar al chavismo del poder, por lo que orden\u00f3 hace d\u00edas un despliegue especial de las fuerzas militares para la defensa del territorio.<\/p>\n<blockquote class=\"twitter-tweet\" data-width=\"550\" data-dnt=\"true\">\n<p lang=\"es\" dir=\"ltr\">Acompa\u00f1ado de los presidentes interino de Venezuela, <a href=\"https:\/\/twitter.com\/jguaido?ref_src=twsrc%5Etfw\">@jguaido<\/a> y de Chile, <a href=\"https:\/\/twitter.com\/sebastianpinera?ref_src=twsrc%5Etfw\">@sebastianpinera<\/a>, el Jefe de Estado colombiano <a href=\"https:\/\/twitter.com\/IvanDuque?ref_src=twsrc%5Etfw\">@IvanDuque<\/a> ingres\u00f3 pasadas las 8:00 a.m. a las bodegas de Tienditas, donde se cargan los camiones con la ayuda humanitaria para el hermano pa\u00eds <a href=\"https:\/\/twitter.com\/hashtag\/VenezuelaLibre?src=hash&amp;ref_src=twsrc%5Etfw\">#VenezuelaLibre<\/a> <a href=\"https:\/\/t.co\/IFWL35WxZb\">pic.twitter.com\/IFWL35WxZb<\/a><\/p>\n<p>&mdash; Presidencia Colombia \ud83c\udde8\ud83c\uddf4 (@infopresidencia) <a href=\"https:\/\/twitter.com\/infopresidencia\/status\/1099318700640006145?ref_src=twsrc%5Etfw\">February 23, 2019<\/a><\/p><\/blockquote>\n<p><script async src=\"https:\/\/platform.twitter.com\/widgets.js\" charset=\"utf-8\"><\/script><\/p>\n<p>La oposici\u00f3n venezolana, que no reconoce el nuevo mandato de seis\u00a0a\u00f1os que jur\u00f3 Maduro el pasado 10 de enero, asegura que el pa\u00eds atraviesa una &#8220;emergencia humanitaria compleja&#8221; y ha pedido ayuda a la comunidad internacional para atenderla.<\/p>\n<p><strong>Parte de esta ayuda se almacena en C\u00facuta y los opositores han se\u00f1alado que la ingresar\u00e1n al pa\u00eds este s\u00e1bado en medio de una gran movilizaci\u00f3n ciudadana<\/strong>.<\/p>\n<p>La crisis en Venezuela se acentu\u00f3 despu\u00e9s de que el 23 de enero, el jefe del Parlamento, el opositor Juan Guaid\u00f3 , se declar\u00f3 mandatario interino del pa\u00eds al invocar unos art\u00edculos de la Constituci\u00f3n venezolana y logr\u00f3 el respaldo m\u00e1s de 40 pa\u00edses.<\/p>\n<p>C\u00facuta, capital del departamento colombiano de Norte de Santander, est\u00e1 comunicada por el puente internacional Sim\u00f3n Bol\u00edvar con la ciudad venezolana de San Antonio, en el estado T\u00e1chira.<\/p>\n<p>El puente Francisco de Paula Santander une a C\u00facuta con la localidad de Ure\u00f1a, al igual que el de Tienditas, terminado en 2016 y nunca puesto en servicio, y en cuyo lado colombiano est\u00e1 almacenada la ayuda humanitaria para el pa\u00eds caribe\u00f1o.<\/p>\n<p>Un cuarto puente en la zona, el de La Uni\u00f3n, es una estructura m\u00e1s peque\u00f1a entre las localidades de Puerto Santander (Colombia), vecina a C\u00facuta y la venezolana de Boca del Grita.\u00a0<\/p>\n<\/div>\n<\/div>\n<\/div>\n<\/div>\n","protected":false},"excerpt":{"rendered":"<p>Duque y Guaid\u00f3 visitan bodega en donde se almacenan ayudas para Venezuela<br \/>\nPor Carolina Alonso Romei<br \/>\nInternacionalista<\/p>\n","protected":false},"author":2,"featured_media":18086,"comment_status":"open","ping_status":"open","sticky":false,"template":"","format":"standard","meta":{"_monsterinsights_skip_tracking":false,"_monsterinsights_sitenote_active":false,"_monsterinsights_sitenote_note":"","_monsterinsights_sitenote_category":0,"footnotes":""},"categories":[1],"tags":[],"class_list":["post-18087","post","type-post","status-publish","format-standard","has-post-thumbnail","hentry","category-sin-categoria"],"yoast_head":"<!-- This site is optimized with the Yoast SEO plugin v27.3 - https:\/\/yoast.com\/product\/yoast-seo-wordpress\/ -->\n<title>Internacionales\/\/\/Carolina Alonso Romei\/\/\/Duque y Guaid\u00f3 visitan bodega en donde se almacenan ayudas para Venezuela -<\/title>\n<meta name=\"robots\" content=\"index, follow, max-snippet:-1, max-image-preview:large, max-video-preview:-1\" \/>\n<link rel=\"canonical\" href=\"https:\/\/quehacerpolitico.mx\/?p=18087\" \/>\n<meta property=\"og:locale\" content=\"es_MX\" \/>\n<meta property=\"og:type\" content=\"article\" \/>\n<meta property=\"og:title\" content=\"Internacionales\/\/\/Carolina Alonso Romei\/\/\/Duque y Guaid\u00f3 visitan bodega en donde se almacenan ayudas para Venezuela -\" \/>\n<meta property=\"og:description\" content=\"Duque y Guaid\u00f3 visitan bodega en donde se almacenan ayudas para Venezuela Por Carolina Alonso Romei Internacionalista\" \/>\n<meta property=\"og:url\" content=\"https:\/\/quehacerpolitico.mx\/?p=18087\" \/>\n<meta property=\"article:published_time\" content=\"2019-02-23T17:28:43+00:00\" \/>\n<meta name=\"author\" content=\"Redacci\u00f3n QP\" \/>\n<meta name=\"twitter:card\" content=\"summary_large_image\" \/>\n<meta name=\"twitter:label1\" content=\"Escrito por\" \/>\n\t<meta name=\"twitter:data1\" content=\"Redacci\u00f3n QP\" \/>\n\t<meta name=\"twitter:label2\" content=\"Tiempo de lectura\" \/>\n\t<meta name=\"twitter:data2\" content=\"3 minutos\" \/>\n<script type=\"application\/ld+json\" class=\"yoast-schema-graph\">{\"@context\":\"https:\\\/\\\/schema.org\",\"@graph\":[{\"@type\":\"Article\",\"@id\":\"https:\\\/\\\/quehacerpolitico.mx\\\/?p=18087#article\",\"isPartOf\":{\"@id\":\"https:\\\/\\\/quehacerpolitico.mx\\\/?p=18087\"},\"author\":{\"name\":\"Redacci\u00f3n QP\",\"@id\":\"https:\\\/\\\/quehacerpolitico.mx\\\/#\\\/schema\\\/person\\\/496d8ad2d1d3f8036101dca7ee39e585\"},\"headline\":\"Internacionales\\\/\\\/\\\/Carolina Alonso Romei\\\/\\\/\\\/Duque y Guaid\u00f3 visitan bodega en donde se almacenan ayudas para Venezuela\",\"datePublished\":\"2019-02-23T17:28:43+00:00\",\"mainEntityOfPage\":{\"@id\":\"https:\\\/\\\/quehacerpolitico.mx\\\/?p=18087\"},\"wordCount\":518,\"commentCount\":0,\"image\":{\"@id\":\"https:\\\/\\\/quehacerpolitico.mx\\\/?p=18087#primaryimage\"},\"thumbnailUrl\":\"\",\"articleSection\":[\"Internacionales\"],\"inLanguage\":\"es\",\"potentialAction\":[{\"@type\":\"CommentAction\",\"name\":\"Comment\",\"target\":[\"https:\\\/\\\/quehacerpolitico.mx\\\/?p=18087#respond\"]}]},{\"@type\":\"WebPage\",\"@id\":\"https:\\\/\\\/quehacerpolitico.mx\\\/?p=18087\",\"url\":\"https:\\\/\\\/quehacerpolitico.mx\\\/?p=18087\",\"name\":\"Internacionales\\\/\\\/\\\/Carolina Alonso Romei\\\/\\\/\\\/Duque y Guaid\u00f3 visitan bodega en donde se almacenan ayudas para Venezuela -\",\"isPartOf\":{\"@id\":\"https:\\\/\\\/quehacerpolitico.mx\\\/#website\"},\"primaryImageOfPage\":{\"@id\":\"https:\\\/\\\/quehacerpolitico.mx\\\/?p=18087#primaryimage\"},\"image\":{\"@id\":\"https:\\\/\\\/quehacerpolitico.mx\\\/?p=18087#primaryimage\"},\"thumbnailUrl\":\"\",\"datePublished\":\"2019-02-23T17:28:43+00:00\",\"author\":{\"@id\":\"https:\\\/\\\/quehacerpolitico.mx\\\/#\\\/schema\\\/person\\\/496d8ad2d1d3f8036101dca7ee39e585\"},\"breadcrumb\":{\"@id\":\"https:\\\/\\\/quehacerpolitico.mx\\\/?p=18087#breadcrumb\"},\"inLanguage\":\"es\",\"potentialAction\":[{\"@type\":\"ReadAction\",\"target\":[\"https:\\\/\\\/quehacerpolitico.mx\\\/?p=18087\"]}]},{\"@type\":\"ImageObject\",\"inLanguage\":\"es\",\"@id\":\"https:\\\/\\\/quehacerpolitico.mx\\\/?p=18087#primaryimage\",\"url\":\"\",\"contentUrl\":\"\"},{\"@type\":\"BreadcrumbList\",\"@id\":\"https:\\\/\\\/quehacerpolitico.mx\\\/?p=18087#breadcrumb\",\"itemListElement\":[{\"@type\":\"ListItem\",\"position\":1,\"name\":\"Inicio\",\"item\":\"https:\\\/\\\/quehacerpolitico.mx\\\/\"},{\"@type\":\"ListItem\",\"position\":2,\"name\":\"Internacionales\\\/\\\/\\\/Carolina Alonso Romei\\\/\\\/\\\/Duque y Guaid\u00f3 visitan bodega en donde se almacenan ayudas para Venezuela\"}]},{\"@type\":\"WebSite\",\"@id\":\"https:\\\/\\\/quehacerpolitico.mx\\\/#website\",\"url\":\"https:\\\/\\\/quehacerpolitico.mx\\\/\",\"name\":\"\",\"description\":\"\",\"potentialAction\":[{\"@type\":\"SearchAction\",\"target\":{\"@type\":\"EntryPoint\",\"urlTemplate\":\"https:\\\/\\\/quehacerpolitico.mx\\\/?s={search_term_string}\"},\"query-input\":{\"@type\":\"PropertyValueSpecification\",\"valueRequired\":true,\"valueName\":\"search_term_string\"}}],\"inLanguage\":\"es\"},{\"@type\":\"Person\",\"@id\":\"https:\\\/\\\/quehacerpolitico.mx\\\/#\\\/schema\\\/person\\\/496d8ad2d1d3f8036101dca7ee39e585\",\"name\":\"Redacci\u00f3n QP\",\"image\":{\"@type\":\"ImageObject\",\"inLanguage\":\"es\",\"@id\":\"https:\\\/\\\/secure.gravatar.com\\\/avatar\\\/c7164ed6fdec453195284ad24a5ae5b6e1eed2b848477fa2a4787ba9adf39a41?s=96&d=mm&r=g\",\"url\":\"https:\\\/\\\/secure.gravatar.com\\\/avatar\\\/c7164ed6fdec453195284ad24a5ae5b6e1eed2b848477fa2a4787ba9adf39a41?s=96&d=mm&r=g\",\"contentUrl\":\"https:\\\/\\\/secure.gravatar.com\\\/avatar\\\/c7164ed6fdec453195284ad24a5ae5b6e1eed2b848477fa2a4787ba9adf39a41?s=96&d=mm&r=g\",\"caption\":\"Redacci\u00f3n QP\"},\"url\":\"https:\\\/\\\/quehacerpolitico.mx\\\/?author=2\"}]}<\/script>\n<!-- \/ Yoast SEO plugin. -->","yoast_head_json":{"title":"Internacionales\/\/\/Carolina Alonso Romei\/\/\/Duque y Guaid\u00f3 visitan bodega en donde se almacenan ayudas para Venezuela -","robots":{"index":"index","follow":"follow","max-snippet":"max-snippet:-1","max-image-preview":"max-image-preview:large","max-video-preview":"max-video-preview:-1"},"canonical":"https:\/\/quehacerpolitico.mx\/?p=18087","og_locale":"es_MX","og_type":"article","og_title":"Internacionales\/\/\/Carolina Alonso Romei\/\/\/Duque y Guaid\u00f3 visitan bodega en donde se almacenan ayudas para Venezuela -","og_description":"Duque y Guaid\u00f3 visitan bodega en donde se almacenan ayudas para Venezuela Por Carolina Alonso Romei Internacionalista","og_url":"https:\/\/quehacerpolitico.mx\/?p=18087","article_published_time":"2019-02-23T17:28:43+00:00","author":"Redacci\u00f3n QP","twitter_card":"summary_large_image","twitter_misc":{"Escrito por":"Redacci\u00f3n QP","Tiempo de lectura":"3 minutos"},"schema":{"@context":"https:\/\/schema.org","@graph":[{"@type":"Article","@id":"https:\/\/quehacerpolitico.mx\/?p=18087#article","isPartOf":{"@id":"https:\/\/quehacerpolitico.mx\/?p=18087"},"author":{"name":"Redacci\u00f3n QP","@id":"https:\/\/quehacerpolitico.mx\/#\/schema\/person\/496d8ad2d1d3f8036101dca7ee39e585"},"headline":"Internacionales\/\/\/Carolina Alonso Romei\/\/\/Duque y Guaid\u00f3 visitan bodega en donde se almacenan ayudas para Venezuela","datePublished":"2019-02-23T17:28:43+00:00","mainEntityOfPage":{"@id":"https:\/\/quehacerpolitico.mx\/?p=18087"},"wordCount":518,"commentCount":0,"image":{"@id":"https:\/\/quehacerpolitico.mx\/?p=18087#primaryimage"},"thumbnailUrl":"","articleSection":["Internacionales"],"inLanguage":"es","potentialAction":[{"@type":"CommentAction","name":"Comment","target":["https:\/\/quehacerpolitico.mx\/?p=18087#respond"]}]},{"@type":"WebPage","@id":"https:\/\/quehacerpolitico.mx\/?p=18087","url":"https:\/\/quehacerpolitico.mx\/?p=18087","name":"Internacionales\/\/\/Carolina Alonso Romei\/\/\/Duque y Guaid\u00f3 visitan bodega en donde se almacenan ayudas para Venezuela -","isPartOf":{"@id":"https:\/\/quehacerpolitico.mx\/#website"},"primaryImageOfPage":{"@id":"https:\/\/quehacerpolitico.mx\/?p=18087#primaryimage"},"image":{"@id":"https:\/\/quehacerpolitico.mx\/?p=18087#primaryimage"},"thumbnailUrl":"","datePublished":"2019-02-23T17:28:43+00:00","author":{"@id":"https:\/\/quehacerpolitico.mx\/#\/schema\/person\/496d8ad2d1d3f8036101dca7ee39e585"},"breadcrumb":{"@id":"https:\/\/quehacerpolitico.mx\/?p=18087#breadcrumb"},"inLanguage":"es","potentialAction":[{"@type":"ReadAction","target":["https:\/\/quehacerpolitico.mx\/?p=18087"]}]},{"@type":"ImageObject","inLanguage":"es","@id":"https:\/\/quehacerpolitico.mx\/?p=18087#primaryimage","url":"","contentUrl":""},{"@type":"BreadcrumbList","@id":"https:\/\/quehacerpolitico.mx\/?p=18087#breadcrumb","itemListElement":[{"@type":"ListItem","position":1,"name":"Inicio","item":"https:\/\/quehacerpolitico.mx\/"},{"@type":"ListItem","position":2,"name":"Internacionales\/\/\/Carolina Alonso Romei\/\/\/Duque y Guaid\u00f3 visitan bodega en donde se almacenan ayudas para Venezuela"}]},{"@type":"WebSite","@id":"https:\/\/quehacerpolitico.mx\/#website","url":"https:\/\/quehacerpolitico.mx\/","name":"","description":"","potentialAction":[{"@type":"SearchAction","target":{"@type":"EntryPoint","urlTemplate":"https:\/\/quehacerpolitico.mx\/?s={search_term_string}"},"query-input":{"@type":"PropertyValueSpecification","valueRequired":true,"valueName":"search_term_string"}}],"inLanguage":"es"},{"@type":"Person","@id":"https:\/\/quehacerpolitico.mx\/#\/schema\/person\/496d8ad2d1d3f8036101dca7ee39e585","name":"Redacci\u00f3n QP","image":{"@type":"ImageObject","inLanguage":"es","@id":"https:\/\/secure.gravatar.com\/avatar\/c7164ed6fdec453195284ad24a5ae5b6e1eed2b848477fa2a4787ba9adf39a41?s=96&d=mm&r=g","url":"https:\/\/secure.gravatar.com\/avatar\/c7164ed6fdec453195284ad24a5ae5b6e1eed2b848477fa2a4787ba9adf39a41?s=96&d=mm&r=g","contentUrl":"https:\/\/secure.gravatar.com\/avatar\/c7164ed6fdec453195284ad24a5ae5b6e1eed2b848477fa2a4787ba9adf39a41?s=96&d=mm&r=g","caption":"Redacci\u00f3n QP"},"url":"https:\/\/quehacerpolitico.mx\/?author=2"}]}},"featured_image_urls":{"full":"","thumbnail":"","medium":"","medium_large":"","large":"","1536x1536":"","2048x2048":"","covernews-featured":"","covernews-medium":""},"author_info":{"display_name":"Redacci\u00f3n QP","author_link":"https:\/\/quehacerpolitico.mx\/?author=2"},"category_info":"<a href=\"https:\/\/quehacerpolitico.mx\/?cat=1\" rel=\"category\">Internacionales<\/a>","tag_info":"Internacionales","comment_count":"0","_links":{"self":[{"href":"https:\/\/quehacerpolitico.mx\/index.php?rest_route=\/wp\/v2\/posts\/18087","targetHints":{"allow":["GET"]}}],"collection":[{"href":"https:\/\/quehacerpolitico.mx\/index.php?rest_route=\/wp\/v2\/posts"}],"about":[{"href":"https:\/\/quehacerpolitico.mx\/index.php?rest_route=\/wp\/v2\/types\/post"}],"author":[{"embeddable":true,"href":"https:\/\/quehacerpolitico.mx\/index.php?rest_route=\/wp\/v2\/users\/2"}],"replies":[{"embeddable":true,"href":"https:\/\/quehacerpolitico.mx\/index.php?rest_route=%2Fwp%2Fv2%2Fcomments&post=18087"}],"version-history":[{"count":0,"href":"https:\/\/quehacerpolitico.mx\/index.php?rest_route=\/wp\/v2\/posts\/18087\/revisions"}],"wp:featuredmedia":[{"embeddable":true,"href":"https:\/\/quehacerpolitico.mx\/index.php?rest_route=\/"}],"wp:attachment":[{"href":"https:\/\/quehacerpolitico.mx\/index.php?rest_route=%2Fwp%2Fv2%2Fmedia&parent=18087"}],"wp:term":[{"taxonomy":"category","embeddable":true,"href":"https:\/\/quehacerpolitico.mx\/index.php?rest_route=%2Fwp%2Fv2%2Fcategories&post=18087"},{"taxonomy":"post_tag","embeddable":true,"href":"https:\/\/quehacerpolitico.mx\/index.php?rest_route=%2Fwp%2Fv2%2Ftags&post=18087"}],"curies":[{"name":"wp","href":"https:\/\/api.w.org\/{rel}","templated":true}]}}