{"id":18084,"date":"2019-02-23T17:19:04","date_gmt":"2019-02-23T17:19:04","guid":{"rendered":"http:\/\/quehacerpolitico.mx\/video-queman-casilla-al-arrancar-consulta-en-60-municipios-sobre-termoelectrica-en-morelos\/"},"modified":"2019-02-23T17:19:04","modified_gmt":"2019-02-23T17:19:04","slug":"video-queman-casilla-al-arrancar-consulta-en-60-municipios-sobre-termoelectrica-en-morelos","status":"publish","type":"post","link":"https:\/\/quehacerpolitico.mx\/?p=18084","title":{"rendered":"[VIDEO] Queman casilla al arrancar consulta en 60 municipios sobre Termoel\u00e9ctrica en Morelos"},"content":{"rendered":"<h1 class=\"amp-wp-title\">[VIDEO] Queman casilla al arrancar consulta en 60 municipios sobre Termoel\u00e9ctrica en Morelos<\/h1>\n<p>Por Redacci\u00f3n QP<\/p>\n<p>Integrantes del <strong>Frente de Pueblos en Defensa de la Tierra<\/strong> y habitantes del municipio de <strong>Amilcingo<\/strong>quemaron una casilla en el municipio de <strong>Temoac, Morelos<\/strong>.<\/p>\n<p>Esto, al comenzar la consulta ciudadana para definir la construcci\u00f3n de la termoel\u00e9ctrica en<strong> Morelos.<\/strong><\/p>\n<p>Adem\u00e1s, exigieron justicia tras el asesinato del activista<strong> Samir Flores<\/strong>, el pasado 20 de febrero.<\/p>\n<blockquote class=\"twitter-tweet\" data-width=\"550\" data-dnt=\"true\">\n<p lang=\"es\" dir=\"ltr\"><a href=\"https:\/\/twitter.com\/hashtag\/EnEsteMomento?src=hash&amp;ref_src=twsrc%5Etfw\">#EnEsteMomento<\/a>: Al grito de &quot;\u00a1Samir no muri\u00f3, el gobierno lo mat\u00f3!&quot;, habitantes de Amilcingo realizan quema de casillas en la cabecera del municipio de Temoac. As\u00ed se desarrolla la <a href=\"https:\/\/twitter.com\/hashtag\/Consulta?src=hash&amp;ref_src=twsrc%5Etfw\">#Consulta<\/a> en el Oriente de Morelos. Reporte: <a href=\"https:\/\/twitter.com\/Dal_air?ref_src=twsrc%5Etfw\">@Dal_air<\/a> y <a href=\"https:\/\/twitter.com\/aldabi?ref_src=twsrc%5Etfw\">@Aldabi<\/a>. <a href=\"https:\/\/t.co\/45N07aSdAI\">pic.twitter.com\/45N07aSdAI<\/a><\/p>\n<p>&mdash; Pie de P\u00e1gina (@PdPagina) <a href=\"https:\/\/twitter.com\/PdPagina\/status\/1099328890743517184?ref_src=twsrc%5Etfw\">February 23, 2019<\/a><\/p><\/blockquote>\n<p><script async src=\"https:\/\/platform.twitter.com\/widgets.js\" charset=\"utf-8\"><\/script><\/p>\n<p>La ma\u00f1ana de este s\u00e1bado inici\u00f3 en <strong>Morelos, Puebla y Tlaxcala<\/strong> la consulta convocada por el Gobierno federal para decidir sobre las operaciones del Proyecto Integral Morelos y la Termoel\u00e9ctrica de <strong>Huexca, Morelos<\/strong>.<\/p>\n<p>Desde las 08:00 y hasta las 18:00 horas, hoy y ma\u00f1ana los ciudadanos interesados podr\u00e1n acudir a uno de los 147 m\u00f3dulos de participaci\u00f3n ciudadana que ser\u00e1n instalados en 36 municipios de Morelos, 15 municipios de Puebla y nueve de Tlaxcala.<\/p>\n<p><strong>-\u00bfQu\u00e9 se definir\u00e1?-<\/strong><\/p>\n<p>La consulta busca definir si se construye o no la termoel\u00e9ctrica en Huesca y la continuidad del Proyecto Integral Morelos (PIM), una obra de la CFE que contempla la construcci\u00f3n de la termoel\u00e9ctrica en Huexca, Morelos; y un gasoducto en Puebla y Tlaxcala.<\/p>\n<p>Esta es la pregunta que est\u00e1 en la boleta:<\/p>\n<blockquote>\n<p>\u201c\u00bfEst\u00e1 usted de acuerdo que inicie la operaci\u00f3n de la termoel\u00e9ctrica en Huesca de la CFE\u201d?<\/p>\n<\/blockquote>\n<p>Los opositores al proyecto, quienes la v\u00edspera se manifestaron en la Ciudad de M\u00e9xico y en Cuernavaca, argumentan que el mismo debido a su cercan\u00eda con el<strong> volc\u00e1n Popocat\u00e9petl,<\/strong> es un riesgo en caso de un sismo, as\u00ed como por la gran cantidad de agua requerida para la operaci\u00f3n de la termoel\u00e9ctrica el\u00e9ctrica se afectar\u00e1n las actividades agr\u00edcolas en esa zona.<\/p>\n<p>Sin embargo, ayer el presidente de M\u00e9xico, <strong>Andr\u00e9s Manuel L\u00f3pez Obrador,<\/strong> asegur\u00f3 que se contar\u00e1 con el asesoramiento de la ONU para que exista un tratamiento adecuado del agua.<\/p>\n","protected":false},"excerpt":{"rendered":"<p>[VIDEO] Queman casilla al arrancar consulta en 60 municipios sobre Termoel\u00e9ctrica en Morelos<br \/>\nPor Redacci\u00f3n QP<\/p>\n","protected":false},"author":2,"featured_media":18083,"comment_status":"open","ping_status":"open","sticky":false,"template":"","format":"standard","meta":{"_monsterinsights_skip_tracking":false,"_monsterinsights_sitenote_active":false,"_monsterinsights_sitenote_note":"","_monsterinsights_sitenote_category":0,"footnotes":""},"categories":[2],"tags":[],"class_list":["post-18084","post","type-post","status-publish","format-standard","has-post-thumbnail","hentry","category-noticias"],"yoast_head":"<!-- This site is optimized with the Yoast SEO plugin v27.3 - https:\/\/yoast.com\/product\/yoast-seo-wordpress\/ -->\n<title>[VIDEO] Queman casilla al arrancar consulta en 60 municipios sobre Termoel\u00e9ctrica en Morelos -<\/title>\n<meta name=\"robots\" content=\"index, follow, max-snippet:-1, max-image-preview:large, max-video-preview:-1\" \/>\n<link rel=\"canonical\" href=\"https:\/\/quehacerpolitico.mx\/?p=18084\" \/>\n<meta property=\"og:locale\" content=\"es_MX\" \/>\n<meta property=\"og:type\" content=\"article\" \/>\n<meta property=\"og:title\" content=\"[VIDEO] Queman casilla al arrancar consulta en 60 municipios sobre Termoel\u00e9ctrica en Morelos -\" \/>\n<meta property=\"og:description\" content=\"[VIDEO] Queman casilla al arrancar consulta en 60 municipios sobre Termoel\u00e9ctrica en Morelos Por Redacci\u00f3n QP\" \/>\n<meta property=\"og:url\" content=\"https:\/\/quehacerpolitico.mx\/?p=18084\" \/>\n<meta property=\"article:published_time\" content=\"2019-02-23T17:19:04+00:00\" \/>\n<meta name=\"author\" content=\"Redacci\u00f3n QP\" \/>\n<meta name=\"twitter:card\" content=\"summary_large_image\" \/>\n<meta name=\"twitter:label1\" content=\"Escrito por\" \/>\n\t<meta name=\"twitter:data1\" content=\"Redacci\u00f3n QP\" \/>\n\t<meta name=\"twitter:label2\" content=\"Tiempo de lectura\" \/>\n\t<meta name=\"twitter:data2\" content=\"2 minutos\" \/>\n<script type=\"application\/ld+json\" class=\"yoast-schema-graph\">{\"@context\":\"https:\\\/\\\/schema.org\",\"@graph\":[{\"@type\":\"Article\",\"@id\":\"https:\\\/\\\/quehacerpolitico.mx\\\/?p=18084#article\",\"isPartOf\":{\"@id\":\"https:\\\/\\\/quehacerpolitico.mx\\\/?p=18084\"},\"author\":{\"name\":\"Redacci\u00f3n QP\",\"@id\":\"https:\\\/\\\/quehacerpolitico.mx\\\/#\\\/schema\\\/person\\\/496d8ad2d1d3f8036101dca7ee39e585\"},\"headline\":\"[VIDEO] Queman casilla al arrancar consulta en 60 municipios sobre Termoel\u00e9ctrica en Morelos\",\"datePublished\":\"2019-02-23T17:19:04+00:00\",\"mainEntityOfPage\":{\"@id\":\"https:\\\/\\\/quehacerpolitico.mx\\\/?p=18084\"},\"wordCount\":350,\"commentCount\":0,\"image\":{\"@id\":\"https:\\\/\\\/quehacerpolitico.mx\\\/?p=18084#primaryimage\"},\"thumbnailUrl\":\"\",\"articleSection\":[\"Noticias\"],\"inLanguage\":\"es\",\"potentialAction\":[{\"@type\":\"CommentAction\",\"name\":\"Comment\",\"target\":[\"https:\\\/\\\/quehacerpolitico.mx\\\/?p=18084#respond\"]}]},{\"@type\":\"WebPage\",\"@id\":\"https:\\\/\\\/quehacerpolitico.mx\\\/?p=18084\",\"url\":\"https:\\\/\\\/quehacerpolitico.mx\\\/?p=18084\",\"name\":\"[VIDEO] Queman casilla al arrancar consulta en 60 municipios sobre Termoel\u00e9ctrica en Morelos -\",\"isPartOf\":{\"@id\":\"https:\\\/\\\/quehacerpolitico.mx\\\/#website\"},\"primaryImageOfPage\":{\"@id\":\"https:\\\/\\\/quehacerpolitico.mx\\\/?p=18084#primaryimage\"},\"image\":{\"@id\":\"https:\\\/\\\/quehacerpolitico.mx\\\/?p=18084#primaryimage\"},\"thumbnailUrl\":\"\",\"datePublished\":\"2019-02-23T17:19:04+00:00\",\"author\":{\"@id\":\"https:\\\/\\\/quehacerpolitico.mx\\\/#\\\/schema\\\/person\\\/496d8ad2d1d3f8036101dca7ee39e585\"},\"breadcrumb\":{\"@id\":\"https:\\\/\\\/quehacerpolitico.mx\\\/?p=18084#breadcrumb\"},\"inLanguage\":\"es\",\"potentialAction\":[{\"@type\":\"ReadAction\",\"target\":[\"https:\\\/\\\/quehacerpolitico.mx\\\/?p=18084\"]}]},{\"@type\":\"ImageObject\",\"inLanguage\":\"es\",\"@id\":\"https:\\\/\\\/quehacerpolitico.mx\\\/?p=18084#primaryimage\",\"url\":\"\",\"contentUrl\":\"\"},{\"@type\":\"BreadcrumbList\",\"@id\":\"https:\\\/\\\/quehacerpolitico.mx\\\/?p=18084#breadcrumb\",\"itemListElement\":[{\"@type\":\"ListItem\",\"position\":1,\"name\":\"Inicio\",\"item\":\"https:\\\/\\\/quehacerpolitico.mx\\\/\"},{\"@type\":\"ListItem\",\"position\":2,\"name\":\"[VIDEO] Queman casilla al arrancar consulta en 60 municipios sobre Termoel\u00e9ctrica en Morelos\"}]},{\"@type\":\"WebSite\",\"@id\":\"https:\\\/\\\/quehacerpolitico.mx\\\/#website\",\"url\":\"https:\\\/\\\/quehacerpolitico.mx\\\/\",\"name\":\"\",\"description\":\"\",\"potentialAction\":[{\"@type\":\"SearchAction\",\"target\":{\"@type\":\"EntryPoint\",\"urlTemplate\":\"https:\\\/\\\/quehacerpolitico.mx\\\/?s={search_term_string}\"},\"query-input\":{\"@type\":\"PropertyValueSpecification\",\"valueRequired\":true,\"valueName\":\"search_term_string\"}}],\"inLanguage\":\"es\"},{\"@type\":\"Person\",\"@id\":\"https:\\\/\\\/quehacerpolitico.mx\\\/#\\\/schema\\\/person\\\/496d8ad2d1d3f8036101dca7ee39e585\",\"name\":\"Redacci\u00f3n QP\",\"image\":{\"@type\":\"ImageObject\",\"inLanguage\":\"es\",\"@id\":\"https:\\\/\\\/secure.gravatar.com\\\/avatar\\\/c7164ed6fdec453195284ad24a5ae5b6e1eed2b848477fa2a4787ba9adf39a41?s=96&d=mm&r=g\",\"url\":\"https:\\\/\\\/secure.gravatar.com\\\/avatar\\\/c7164ed6fdec453195284ad24a5ae5b6e1eed2b848477fa2a4787ba9adf39a41?s=96&d=mm&r=g\",\"contentUrl\":\"https:\\\/\\\/secure.gravatar.com\\\/avatar\\\/c7164ed6fdec453195284ad24a5ae5b6e1eed2b848477fa2a4787ba9adf39a41?s=96&d=mm&r=g\",\"caption\":\"Redacci\u00f3n QP\"},\"url\":\"https:\\\/\\\/quehacerpolitico.mx\\\/?author=2\"}]}<\/script>\n<!-- \/ Yoast SEO plugin. -->","yoast_head_json":{"title":"[VIDEO] Queman casilla al arrancar consulta en 60 municipios sobre Termoel\u00e9ctrica en Morelos -","robots":{"index":"index","follow":"follow","max-snippet":"max-snippet:-1","max-image-preview":"max-image-preview:large","max-video-preview":"max-video-preview:-1"},"canonical":"https:\/\/quehacerpolitico.mx\/?p=18084","og_locale":"es_MX","og_type":"article","og_title":"[VIDEO] Queman casilla al arrancar consulta en 60 municipios sobre Termoel\u00e9ctrica en Morelos -","og_description":"[VIDEO] Queman casilla al arrancar consulta en 60 municipios sobre Termoel\u00e9ctrica en Morelos Por Redacci\u00f3n QP","og_url":"https:\/\/quehacerpolitico.mx\/?p=18084","article_published_time":"2019-02-23T17:19:04+00:00","author":"Redacci\u00f3n QP","twitter_card":"summary_large_image","twitter_misc":{"Escrito por":"Redacci\u00f3n QP","Tiempo de lectura":"2 minutos"},"schema":{"@context":"https:\/\/schema.org","@graph":[{"@type":"Article","@id":"https:\/\/quehacerpolitico.mx\/?p=18084#article","isPartOf":{"@id":"https:\/\/quehacerpolitico.mx\/?p=18084"},"author":{"name":"Redacci\u00f3n QP","@id":"https:\/\/quehacerpolitico.mx\/#\/schema\/person\/496d8ad2d1d3f8036101dca7ee39e585"},"headline":"[VIDEO] Queman casilla al arrancar consulta en 60 municipios sobre Termoel\u00e9ctrica en Morelos","datePublished":"2019-02-23T17:19:04+00:00","mainEntityOfPage":{"@id":"https:\/\/quehacerpolitico.mx\/?p=18084"},"wordCount":350,"commentCount":0,"image":{"@id":"https:\/\/quehacerpolitico.mx\/?p=18084#primaryimage"},"thumbnailUrl":"","articleSection":["Noticias"],"inLanguage":"es","potentialAction":[{"@type":"CommentAction","name":"Comment","target":["https:\/\/quehacerpolitico.mx\/?p=18084#respond"]}]},{"@type":"WebPage","@id":"https:\/\/quehacerpolitico.mx\/?p=18084","url":"https:\/\/quehacerpolitico.mx\/?p=18084","name":"[VIDEO] Queman casilla al arrancar consulta en 60 municipios sobre Termoel\u00e9ctrica en Morelos -","isPartOf":{"@id":"https:\/\/quehacerpolitico.mx\/#website"},"primaryImageOfPage":{"@id":"https:\/\/quehacerpolitico.mx\/?p=18084#primaryimage"},"image":{"@id":"https:\/\/quehacerpolitico.mx\/?p=18084#primaryimage"},"thumbnailUrl":"","datePublished":"2019-02-23T17:19:04+00:00","author":{"@id":"https:\/\/quehacerpolitico.mx\/#\/schema\/person\/496d8ad2d1d3f8036101dca7ee39e585"},"breadcrumb":{"@id":"https:\/\/quehacerpolitico.mx\/?p=18084#breadcrumb"},"inLanguage":"es","potentialAction":[{"@type":"ReadAction","target":["https:\/\/quehacerpolitico.mx\/?p=18084"]}]},{"@type":"ImageObject","inLanguage":"es","@id":"https:\/\/quehacerpolitico.mx\/?p=18084#primaryimage","url":"","contentUrl":""},{"@type":"BreadcrumbList","@id":"https:\/\/quehacerpolitico.mx\/?p=18084#breadcrumb","itemListElement":[{"@type":"ListItem","position":1,"name":"Inicio","item":"https:\/\/quehacerpolitico.mx\/"},{"@type":"ListItem","position":2,"name":"[VIDEO] Queman casilla al arrancar consulta en 60 municipios sobre Termoel\u00e9ctrica en Morelos"}]},{"@type":"WebSite","@id":"https:\/\/quehacerpolitico.mx\/#website","url":"https:\/\/quehacerpolitico.mx\/","name":"","description":"","potentialAction":[{"@type":"SearchAction","target":{"@type":"EntryPoint","urlTemplate":"https:\/\/quehacerpolitico.mx\/?s={search_term_string}"},"query-input":{"@type":"PropertyValueSpecification","valueRequired":true,"valueName":"search_term_string"}}],"inLanguage":"es"},{"@type":"Person","@id":"https:\/\/quehacerpolitico.mx\/#\/schema\/person\/496d8ad2d1d3f8036101dca7ee39e585","name":"Redacci\u00f3n QP","image":{"@type":"ImageObject","inLanguage":"es","@id":"https:\/\/secure.gravatar.com\/avatar\/c7164ed6fdec453195284ad24a5ae5b6e1eed2b848477fa2a4787ba9adf39a41?s=96&d=mm&r=g","url":"https:\/\/secure.gravatar.com\/avatar\/c7164ed6fdec453195284ad24a5ae5b6e1eed2b848477fa2a4787ba9adf39a41?s=96&d=mm&r=g","contentUrl":"https:\/\/secure.gravatar.com\/avatar\/c7164ed6fdec453195284ad24a5ae5b6e1eed2b848477fa2a4787ba9adf39a41?s=96&d=mm&r=g","caption":"Redacci\u00f3n QP"},"url":"https:\/\/quehacerpolitico.mx\/?author=2"}]}},"featured_image_urls":{"full":"","thumbnail":"","medium":"","medium_large":"","large":"","1536x1536":"","2048x2048":"","covernews-featured":"","covernews-medium":""},"author_info":{"display_name":"Redacci\u00f3n QP","author_link":"https:\/\/quehacerpolitico.mx\/?author=2"},"category_info":"<a href=\"https:\/\/quehacerpolitico.mx\/?cat=2\" rel=\"category\">Noticias<\/a>","tag_info":"Noticias","comment_count":"0","_links":{"self":[{"href":"https:\/\/quehacerpolitico.mx\/index.php?rest_route=\/wp\/v2\/posts\/18084","targetHints":{"allow":["GET"]}}],"collection":[{"href":"https:\/\/quehacerpolitico.mx\/index.php?rest_route=\/wp\/v2\/posts"}],"about":[{"href":"https:\/\/quehacerpolitico.mx\/index.php?rest_route=\/wp\/v2\/types\/post"}],"author":[{"embeddable":true,"href":"https:\/\/quehacerpolitico.mx\/index.php?rest_route=\/wp\/v2\/users\/2"}],"replies":[{"embeddable":true,"href":"https:\/\/quehacerpolitico.mx\/index.php?rest_route=%2Fwp%2Fv2%2Fcomments&post=18084"}],"version-history":[{"count":0,"href":"https:\/\/quehacerpolitico.mx\/index.php?rest_route=\/wp\/v2\/posts\/18084\/revisions"}],"wp:featuredmedia":[{"embeddable":true,"href":"https:\/\/quehacerpolitico.mx\/index.php?rest_route=\/"}],"wp:attachment":[{"href":"https:\/\/quehacerpolitico.mx\/index.php?rest_route=%2Fwp%2Fv2%2Fmedia&parent=18084"}],"wp:term":[{"taxonomy":"category","embeddable":true,"href":"https:\/\/quehacerpolitico.mx\/index.php?rest_route=%2Fwp%2Fv2%2Fcategories&post=18084"},{"taxonomy":"post_tag","embeddable":true,"href":"https:\/\/quehacerpolitico.mx\/index.php?rest_route=%2Fwp%2Fv2%2Ftags&post=18084"}],"curies":[{"name":"wp","href":"https:\/\/api.w.org\/{rel}","templated":true}]}}