{"id":18081,"date":"2019-02-23T17:12:29","date_gmt":"2019-02-23T17:12:29","guid":{"rendered":"http:\/\/quehacerpolitico.mx\/inaugura-franciscochiguil-modulo-de-atencion-ciudadana\/"},"modified":"2019-02-23T17:12:29","modified_gmt":"2019-02-23T17:12:29","slug":"inaugura-franciscochiguil-modulo-de-atencion-ciudadana","status":"publish","type":"post","link":"https:\/\/quehacerpolitico.mx\/?p=18081","title":{"rendered":"INAUGURA FRANCISCOCHIGUIL MODULO DE ATENCI\u00d3N CIUDADANA"},"content":{"rendered":"<h3 class=\"post-title entry-title\">INAUGURA FRANCISCOCHIGUIL MODULO DE ATENCI\u00d3N CIUDADANA<\/h3>\n<p>Por Redacci\u00f3n QP<\/p>\n<blockquote class=\"twitter-tweet\" data-width=\"550\" data-dnt=\"true\">\n<p lang=\"es\" dir=\"ltr\">En compa\u00f1\u00eda de diputadas y diputados acompa\u00f1\u00e9 a Mar\u00eda Lilia Sarmiento, diputada por el Distrito 2 Local de Gustavo A. Madero a la inauguraci\u00f3n de su M\u00f3dulo de Atenci\u00f3n Ciudadana, le dese\u00e9 mucho \u00e9xito y aconsej\u00e9 que este espacio sea siempre para beneficiar a las y los maderenses. <a href=\"https:\/\/t.co\/pObh9shm9u\">pic.twitter.com\/pObh9shm9u<\/a><\/p>\n<p>&mdash; Francisco Ch\u00edguil (@fchiguil) <a href=\"https:\/\/twitter.com\/fchiguil\/status\/1099103487000961024?ref_src=twsrc%5Etfw\">February 23, 2019<\/a><\/p><\/blockquote>\n<p><script async src=\"https:\/\/platform.twitter.com\/widgets.js\" charset=\"utf-8\"><\/script><\/p>\n<div>El alcalde en Gustavo A. Madero, Francisco Chiguil, Consejales y legisladores del Congreso de la Ciudad de M\u00e9xico inauguraron un M\u00f3dulo Legislativo de Atenci\u00f3n, Orientaci\u00f3n y Quejas Ciudadanas. Ah\u00ed anunci\u00f3 presupuestos importantes en beneficio de los habitantes maderenses.<\/div>\n<div>Durante la inauguraci\u00f3n de este M\u00f3dulo de Atenci\u00f3n Ciudadana, Francisco Chiguil estuvo acompa\u00f1ado de Mauricio Villegas Rivera, asesor del alcalde y C\u00e9sar Octavio Mu\u00f1oz, as\u00ed como de vecinos que aplaudieron la pol\u00edtica de puertas abiertas del gobierno del alcalde.<\/div>\n<div>Francisco Chiguil dijo que este m\u00f3dulo, es para que los representantes populares est\u00e9n estrechamente cercanos a la gente para y que los ciudadanos realicen sus gestiones y necesidades con la autoridad.<\/div>\n<div>&#8220;Siempre tendr\u00e1n el apoyo de los servidores p\u00fablicos de la alcald\u00eda de Gustavo A. Madero y siempre se tendr\u00e1 la disponibilidad para atender a los ciudadanos para apoyarlos&#8221;, destac\u00f3 el alcalde Francisco Chiguil.<\/div>\n<div>En ese lugar, adelanto que: &#8220;vamos a impulsar un programa para todas las unidades habitacionales y se van a destinar m\u00e1s de 100 millones de pesos para mejorar las escuelas. Adem\u00e1s de que se destinar\u00e1n recursos importantes para luminarias. Ya se empez\u00f3 en la colonia San Felipe de Jes\u00fas. Vamos por recuperar y el rescate de los espacios p\u00fablicos en Gustavo A. Madero y siempre se va a estar cerca de los ciudadanos para apoyarlos para rescatar a la demarcaci\u00f3n&#8221;, dijo Francisco Chiguil.<\/div>\n<div>&#8220;No m\u00e1s gobiernos alejados de la ciudadan\u00eda, que los estudiantes est\u00e9n en lugares sanos y los empresarios se sientan seguros. Existe un poroblema may\u00fasculo que es la seguridad p\u00fablica y cualquier acci\u00f3n que se tome es ben\u00e9fica para los maderenses&#8221;, se coment\u00f3 durante la inauguraci\u00f3n del M\u00f3dulo Legislativo de Atenci\u00f3n, Orientaci\u00f3n y Quejas Ciudadanas, localizado en la calle Pur\u00edsima N\u00famero 33, Colonia Pur\u00edsima Ticom\u00e1n, en Gustavo. A. Madero.<\/div>\n","protected":false},"excerpt":{"rendered":"<p>INAUGURA FRANCISCOCHIGUIL MODULO DE ATENCI\u00d3N CIUDADANA<br \/>\nPor Redacci\u00f3n QP<\/p>\n","protected":false},"author":2,"featured_media":18080,"comment_status":"open","ping_status":"open","sticky":false,"template":"","format":"standard","meta":{"_monsterinsights_skip_tracking":false,"_monsterinsights_sitenote_active":false,"_monsterinsights_sitenote_note":"","_monsterinsights_sitenote_category":0,"footnotes":""},"categories":[55],"tags":[],"class_list":["post-18081","post","type-post","status-publish","format-standard","has-post-thumbnail","hentry","category-cdmx"],"yoast_head":"<!-- This site is optimized with the Yoast SEO plugin v27.3 - https:\/\/yoast.com\/product\/yoast-seo-wordpress\/ -->\n<title>INAUGURA FRANCISCOCHIGUIL MODULO DE ATENCI\u00d3N CIUDADANA -<\/title>\n<meta name=\"robots\" content=\"index, follow, max-snippet:-1, max-image-preview:large, max-video-preview:-1\" \/>\n<link rel=\"canonical\" href=\"https:\/\/quehacerpolitico.mx\/?p=18081\" \/>\n<meta property=\"og:locale\" content=\"es_MX\" \/>\n<meta property=\"og:type\" content=\"article\" \/>\n<meta property=\"og:title\" content=\"INAUGURA FRANCISCOCHIGUIL MODULO DE ATENCI\u00d3N CIUDADANA -\" \/>\n<meta property=\"og:description\" content=\"INAUGURA FRANCISCOCHIGUIL MODULO DE ATENCI\u00d3N CIUDADANA Por Redacci\u00f3n QP\" \/>\n<meta property=\"og:url\" content=\"https:\/\/quehacerpolitico.mx\/?p=18081\" \/>\n<meta property=\"article:published_time\" content=\"2019-02-23T17:12:29+00:00\" \/>\n<meta name=\"author\" content=\"Redacci\u00f3n QP\" \/>\n<meta name=\"twitter:card\" content=\"summary_large_image\" \/>\n<meta name=\"twitter:label1\" content=\"Escrito por\" \/>\n\t<meta name=\"twitter:data1\" content=\"Redacci\u00f3n QP\" \/>\n\t<meta name=\"twitter:label2\" content=\"Tiempo de lectura\" \/>\n\t<meta name=\"twitter:data2\" content=\"2 minutos\" \/>\n<script type=\"application\/ld+json\" class=\"yoast-schema-graph\">{\"@context\":\"https:\\\/\\\/schema.org\",\"@graph\":[{\"@type\":\"Article\",\"@id\":\"https:\\\/\\\/quehacerpolitico.mx\\\/?p=18081#article\",\"isPartOf\":{\"@id\":\"https:\\\/\\\/quehacerpolitico.mx\\\/?p=18081\"},\"author\":{\"name\":\"Redacci\u00f3n QP\",\"@id\":\"https:\\\/\\\/quehacerpolitico.mx\\\/#\\\/schema\\\/person\\\/496d8ad2d1d3f8036101dca7ee39e585\"},\"headline\":\"INAUGURA FRANCISCOCHIGUIL MODULO DE ATENCI\u00d3N CIUDADANA\",\"datePublished\":\"2019-02-23T17:12:29+00:00\",\"mainEntityOfPage\":{\"@id\":\"https:\\\/\\\/quehacerpolitico.mx\\\/?p=18081\"},\"wordCount\":351,\"commentCount\":0,\"image\":{\"@id\":\"https:\\\/\\\/quehacerpolitico.mx\\\/?p=18081#primaryimage\"},\"thumbnailUrl\":\"\",\"articleSection\":[\"CDMX\"],\"inLanguage\":\"es\",\"potentialAction\":[{\"@type\":\"CommentAction\",\"name\":\"Comment\",\"target\":[\"https:\\\/\\\/quehacerpolitico.mx\\\/?p=18081#respond\"]}]},{\"@type\":\"WebPage\",\"@id\":\"https:\\\/\\\/quehacerpolitico.mx\\\/?p=18081\",\"url\":\"https:\\\/\\\/quehacerpolitico.mx\\\/?p=18081\",\"name\":\"INAUGURA FRANCISCOCHIGUIL MODULO DE ATENCI\u00d3N CIUDADANA -\",\"isPartOf\":{\"@id\":\"https:\\\/\\\/quehacerpolitico.mx\\\/#website\"},\"primaryImageOfPage\":{\"@id\":\"https:\\\/\\\/quehacerpolitico.mx\\\/?p=18081#primaryimage\"},\"image\":{\"@id\":\"https:\\\/\\\/quehacerpolitico.mx\\\/?p=18081#primaryimage\"},\"thumbnailUrl\":\"\",\"datePublished\":\"2019-02-23T17:12:29+00:00\",\"author\":{\"@id\":\"https:\\\/\\\/quehacerpolitico.mx\\\/#\\\/schema\\\/person\\\/496d8ad2d1d3f8036101dca7ee39e585\"},\"breadcrumb\":{\"@id\":\"https:\\\/\\\/quehacerpolitico.mx\\\/?p=18081#breadcrumb\"},\"inLanguage\":\"es\",\"potentialAction\":[{\"@type\":\"ReadAction\",\"target\":[\"https:\\\/\\\/quehacerpolitico.mx\\\/?p=18081\"]}]},{\"@type\":\"ImageObject\",\"inLanguage\":\"es\",\"@id\":\"https:\\\/\\\/quehacerpolitico.mx\\\/?p=18081#primaryimage\",\"url\":\"\",\"contentUrl\":\"\"},{\"@type\":\"BreadcrumbList\",\"@id\":\"https:\\\/\\\/quehacerpolitico.mx\\\/?p=18081#breadcrumb\",\"itemListElement\":[{\"@type\":\"ListItem\",\"position\":1,\"name\":\"Inicio\",\"item\":\"https:\\\/\\\/quehacerpolitico.mx\\\/\"},{\"@type\":\"ListItem\",\"position\":2,\"name\":\"INAUGURA FRANCISCOCHIGUIL MODULO DE ATENCI\u00d3N CIUDADANA\"}]},{\"@type\":\"WebSite\",\"@id\":\"https:\\\/\\\/quehacerpolitico.mx\\\/#website\",\"url\":\"https:\\\/\\\/quehacerpolitico.mx\\\/\",\"name\":\"\",\"description\":\"\",\"potentialAction\":[{\"@type\":\"SearchAction\",\"target\":{\"@type\":\"EntryPoint\",\"urlTemplate\":\"https:\\\/\\\/quehacerpolitico.mx\\\/?s={search_term_string}\"},\"query-input\":{\"@type\":\"PropertyValueSpecification\",\"valueRequired\":true,\"valueName\":\"search_term_string\"}}],\"inLanguage\":\"es\"},{\"@type\":\"Person\",\"@id\":\"https:\\\/\\\/quehacerpolitico.mx\\\/#\\\/schema\\\/person\\\/496d8ad2d1d3f8036101dca7ee39e585\",\"name\":\"Redacci\u00f3n QP\",\"image\":{\"@type\":\"ImageObject\",\"inLanguage\":\"es\",\"@id\":\"https:\\\/\\\/secure.gravatar.com\\\/avatar\\\/c7164ed6fdec453195284ad24a5ae5b6e1eed2b848477fa2a4787ba9adf39a41?s=96&d=mm&r=g\",\"url\":\"https:\\\/\\\/secure.gravatar.com\\\/avatar\\\/c7164ed6fdec453195284ad24a5ae5b6e1eed2b848477fa2a4787ba9adf39a41?s=96&d=mm&r=g\",\"contentUrl\":\"https:\\\/\\\/secure.gravatar.com\\\/avatar\\\/c7164ed6fdec453195284ad24a5ae5b6e1eed2b848477fa2a4787ba9adf39a41?s=96&d=mm&r=g\",\"caption\":\"Redacci\u00f3n QP\"},\"url\":\"https:\\\/\\\/quehacerpolitico.mx\\\/?author=2\"}]}<\/script>\n<!-- \/ Yoast SEO plugin. -->","yoast_head_json":{"title":"INAUGURA FRANCISCOCHIGUIL MODULO DE ATENCI\u00d3N CIUDADANA -","robots":{"index":"index","follow":"follow","max-snippet":"max-snippet:-1","max-image-preview":"max-image-preview:large","max-video-preview":"max-video-preview:-1"},"canonical":"https:\/\/quehacerpolitico.mx\/?p=18081","og_locale":"es_MX","og_type":"article","og_title":"INAUGURA FRANCISCOCHIGUIL MODULO DE ATENCI\u00d3N CIUDADANA -","og_description":"INAUGURA FRANCISCOCHIGUIL MODULO DE ATENCI\u00d3N CIUDADANA Por Redacci\u00f3n QP","og_url":"https:\/\/quehacerpolitico.mx\/?p=18081","article_published_time":"2019-02-23T17:12:29+00:00","author":"Redacci\u00f3n QP","twitter_card":"summary_large_image","twitter_misc":{"Escrito por":"Redacci\u00f3n QP","Tiempo de lectura":"2 minutos"},"schema":{"@context":"https:\/\/schema.org","@graph":[{"@type":"Article","@id":"https:\/\/quehacerpolitico.mx\/?p=18081#article","isPartOf":{"@id":"https:\/\/quehacerpolitico.mx\/?p=18081"},"author":{"name":"Redacci\u00f3n QP","@id":"https:\/\/quehacerpolitico.mx\/#\/schema\/person\/496d8ad2d1d3f8036101dca7ee39e585"},"headline":"INAUGURA FRANCISCOCHIGUIL MODULO DE ATENCI\u00d3N CIUDADANA","datePublished":"2019-02-23T17:12:29+00:00","mainEntityOfPage":{"@id":"https:\/\/quehacerpolitico.mx\/?p=18081"},"wordCount":351,"commentCount":0,"image":{"@id":"https:\/\/quehacerpolitico.mx\/?p=18081#primaryimage"},"thumbnailUrl":"","articleSection":["CDMX"],"inLanguage":"es","potentialAction":[{"@type":"CommentAction","name":"Comment","target":["https:\/\/quehacerpolitico.mx\/?p=18081#respond"]}]},{"@type":"WebPage","@id":"https:\/\/quehacerpolitico.mx\/?p=18081","url":"https:\/\/quehacerpolitico.mx\/?p=18081","name":"INAUGURA FRANCISCOCHIGUIL MODULO DE ATENCI\u00d3N CIUDADANA -","isPartOf":{"@id":"https:\/\/quehacerpolitico.mx\/#website"},"primaryImageOfPage":{"@id":"https:\/\/quehacerpolitico.mx\/?p=18081#primaryimage"},"image":{"@id":"https:\/\/quehacerpolitico.mx\/?p=18081#primaryimage"},"thumbnailUrl":"","datePublished":"2019-02-23T17:12:29+00:00","author":{"@id":"https:\/\/quehacerpolitico.mx\/#\/schema\/person\/496d8ad2d1d3f8036101dca7ee39e585"},"breadcrumb":{"@id":"https:\/\/quehacerpolitico.mx\/?p=18081#breadcrumb"},"inLanguage":"es","potentialAction":[{"@type":"ReadAction","target":["https:\/\/quehacerpolitico.mx\/?p=18081"]}]},{"@type":"ImageObject","inLanguage":"es","@id":"https:\/\/quehacerpolitico.mx\/?p=18081#primaryimage","url":"","contentUrl":""},{"@type":"BreadcrumbList","@id":"https:\/\/quehacerpolitico.mx\/?p=18081#breadcrumb","itemListElement":[{"@type":"ListItem","position":1,"name":"Inicio","item":"https:\/\/quehacerpolitico.mx\/"},{"@type":"ListItem","position":2,"name":"INAUGURA FRANCISCOCHIGUIL MODULO DE ATENCI\u00d3N CIUDADANA"}]},{"@type":"WebSite","@id":"https:\/\/quehacerpolitico.mx\/#website","url":"https:\/\/quehacerpolitico.mx\/","name":"","description":"","potentialAction":[{"@type":"SearchAction","target":{"@type":"EntryPoint","urlTemplate":"https:\/\/quehacerpolitico.mx\/?s={search_term_string}"},"query-input":{"@type":"PropertyValueSpecification","valueRequired":true,"valueName":"search_term_string"}}],"inLanguage":"es"},{"@type":"Person","@id":"https:\/\/quehacerpolitico.mx\/#\/schema\/person\/496d8ad2d1d3f8036101dca7ee39e585","name":"Redacci\u00f3n QP","image":{"@type":"ImageObject","inLanguage":"es","@id":"https:\/\/secure.gravatar.com\/avatar\/c7164ed6fdec453195284ad24a5ae5b6e1eed2b848477fa2a4787ba9adf39a41?s=96&d=mm&r=g","url":"https:\/\/secure.gravatar.com\/avatar\/c7164ed6fdec453195284ad24a5ae5b6e1eed2b848477fa2a4787ba9adf39a41?s=96&d=mm&r=g","contentUrl":"https:\/\/secure.gravatar.com\/avatar\/c7164ed6fdec453195284ad24a5ae5b6e1eed2b848477fa2a4787ba9adf39a41?s=96&d=mm&r=g","caption":"Redacci\u00f3n QP"},"url":"https:\/\/quehacerpolitico.mx\/?author=2"}]}},"featured_image_urls":{"full":"","thumbnail":"","medium":"","medium_large":"","large":"","1536x1536":"","2048x2048":"","covernews-featured":"","covernews-medium":""},"author_info":{"display_name":"Redacci\u00f3n QP","author_link":"https:\/\/quehacerpolitico.mx\/?author=2"},"category_info":"<a href=\"https:\/\/quehacerpolitico.mx\/?cat=55\" rel=\"category\">CDMX<\/a>","tag_info":"CDMX","comment_count":"0","_links":{"self":[{"href":"https:\/\/quehacerpolitico.mx\/index.php?rest_route=\/wp\/v2\/posts\/18081","targetHints":{"allow":["GET"]}}],"collection":[{"href":"https:\/\/quehacerpolitico.mx\/index.php?rest_route=\/wp\/v2\/posts"}],"about":[{"href":"https:\/\/quehacerpolitico.mx\/index.php?rest_route=\/wp\/v2\/types\/post"}],"author":[{"embeddable":true,"href":"https:\/\/quehacerpolitico.mx\/index.php?rest_route=\/wp\/v2\/users\/2"}],"replies":[{"embeddable":true,"href":"https:\/\/quehacerpolitico.mx\/index.php?rest_route=%2Fwp%2Fv2%2Fcomments&post=18081"}],"version-history":[{"count":0,"href":"https:\/\/quehacerpolitico.mx\/index.php?rest_route=\/wp\/v2\/posts\/18081\/revisions"}],"wp:featuredmedia":[{"embeddable":true,"href":"https:\/\/quehacerpolitico.mx\/index.php?rest_route=\/"}],"wp:attachment":[{"href":"https:\/\/quehacerpolitico.mx\/index.php?rest_route=%2Fwp%2Fv2%2Fmedia&parent=18081"}],"wp:term":[{"taxonomy":"category","embeddable":true,"href":"https:\/\/quehacerpolitico.mx\/index.php?rest_route=%2Fwp%2Fv2%2Fcategories&post=18081"},{"taxonomy":"post_tag","embeddable":true,"href":"https:\/\/quehacerpolitico.mx\/index.php?rest_route=%2Fwp%2Fv2%2Ftags&post=18081"}],"curies":[{"name":"wp","href":"https:\/\/api.w.org\/{rel}","templated":true}]}}