{"id":18072,"date":"2019-02-23T16:06:21","date_gmt":"2019-02-23T16:06:21","guid":{"rendered":"http:\/\/quehacerpolitico.mx\/voces-del-periodista-desde-filomeno-mata-8-mouris-salloum-george-mexico-un-imperativo-categorico\/"},"modified":"2019-02-23T16:06:21","modified_gmt":"2019-02-23T16:06:21","slug":"voces-del-periodista-desde-filomeno-mata-8-mouris-salloum-george-mexico-un-imperativo-categorico","status":"publish","type":"post","link":"https:\/\/quehacerpolitico.mx\/?p=18072","title":{"rendered":"Voces del Periodista Desde Filomeno Mata 8\/\/\/Mouris Salloum George\/\/\/M\u00e9xico: Un imperativo categ\u00f3rico"},"content":{"rendered":"<h1 class=\"entry-title penci-entry-title penci-title-\">M\u00e9xico: Un imperativo categ\u00f3rico<\/h1>\n<p>Por Mouris Salloum George<br \/>Director General del Club de Periodistas de Mexico AC<\/p>\n<p><strong><em>Contra el muro de la ignominia, la muralla de la dignidad soberana<\/em><\/strong>.<\/p>\n<p>No es una disyuntiva: <strong>Es un imperativo categ\u00f3rico<\/strong>cuando el <strong><em>gorila anaranjado <\/em><\/strong>que despacha en la Casa Blanca hace sonar los tambores de guerra, no contra un gobierno en espec\u00edfico -el de Venezuela-, sino contra <strong>todos los pueblos latinoamericanos<\/strong>.<\/p>\n<p>El pasado 19 de febrero, <strong><em>D\u00eda del Ejercito<\/em><\/strong> mexicano, el presidente Andr\u00e9s Manuel L\u00f3pez Obrador refrend\u00f3 su confianza en las Fuerzas Armadas <strong>para la pacificaci\u00f3n de M\u00e9xico<\/strong>.<\/p>\n<p>En su estilo coloquial, el mandatario conmin\u00f3 a los soldados: \u201cLos necesitamos <strong><em>para serenar el pa\u00eds<\/em><\/strong>\u201d.<\/p>\n<p>En el orden conceptual, y sobre todo pol\u00edtico, por encima de \u201cpa\u00eds\u201d est\u00e1 la jerarqu\u00eda de la <strong>Rep\u00fablica<\/strong> y del <strong>Estado<\/strong>, que acaso vuelva a ser <strong><em>nacional<\/em><\/strong>, <strong><em>popular y democr\u00e1tico<\/em><\/strong>.<\/p>\n<p>Son las instituciones en las que radica la <strong>fuerza moral y pol\u00edtica de la soberan\u00eda y la dignidad nacionales<\/strong>.<\/p>\n<p><strong>Nunca como ahora, se precisa del oficio diplom\u00e1tico<\/strong><\/p>\n<p>En tanto M\u00e9xico profesa una <strong>cultura pacifista<\/strong>, que le ha permitido el <strong>Premio Nobel de la Paz<\/strong>, el recurso para la autodefensa y la solidaridad con el resto de las naciones, sigue siendo la<strong> diplomacia<\/strong>.<\/p>\n<p>Pecar\u00edamos de ingenuos si crey\u00e9semos que basta por si solo el ejercicio diplom\u00e1tico, cuando Washington siguen siendo fiel a su espejo diario, tratando de imponer al mundo<strong> la sinraz\u00f3n de la fuerza<\/strong>.<\/p>\n<p>Por fortuna, tres factores permean la opci\u00f3n de <strong>soluci\u00f3n pac\u00edfica de<\/strong> <strong>los conflictos<\/strong>, lo mismo en el \u00e1mbito interno de los Estados, que en la comunidad internacional.<\/p>\n<p>La Organizaci\u00f3n de Estados Americanos (OEA), administrada por el <strong><em>lacayo del imperio<\/em><\/strong> <strong>Luis Almagro<\/strong>, no logra los votos reglamentarios para avalar la alternativa guerrerista de <strong>Donald Trump<\/strong>.<\/p>\n<p>En la Organizaci\u00f3n de las Naciones Unidas (ONU), la mayor\u00eda de los Estados parte se inclina por la <strong>no intervenci\u00f3n<\/strong>.<\/p>\n<p>El punto de inflexi\u00f3n se localiza en <strong>El Capitolio<\/strong>. A mediados de semana, la <strong>mayor\u00eda dem\u00f3crata<\/strong> en la c\u00e1mara de representantes present\u00f3 una resoluci\u00f3n contra la declaraci\u00f3n de <strong>Emergencia<\/strong> <strong>Nacional<\/strong>dictada por Trump.<\/p>\n<p>El proyecto dem\u00f3crata ser\u00eda votado en plenos <strong><em>idus de marzo <\/em><\/strong>en la c\u00e1mara baja; habr\u00eda tiempo para que, en el <strong>Senado<\/strong>, se lograran votos de republicanos que <strong><em>no comulgan con las ruedas de molino<\/em><\/strong> de Trump. Por hoy, la iniciativa permanece entre corchetes.<\/p>\n<p>En ese <strong>peliagudo y peligroso asunto<\/strong> est\u00e1 involucrado M\u00e9xico, pues tiene que ver con el muro fronterizo.<\/p>\n<p>No es una cuesti\u00f3n de poca monta: En el centro de gravedad del debate legislativo en Washington est\u00e1 el alcance de las <strong>\u00f3rdenes ejecutivas <\/strong>del presidente norteamericano, cuya naturaleza ha sido distorsionada <em>por la libre<\/em> por el que despacha en el Sal\u00f3n Oval.<\/p>\n<p><strong>El presidente L\u00f3pez Obrador navega con el viento a su favor<\/strong><\/p>\n<p>En cuanto toca a M\u00e9xico, frente a las acechanzas estadunidenses el presidente L\u00f3pez Obrador ha empezado a navegar <strong><em>con el viento a su favor<\/em><\/strong>.<\/p>\n<p>A resultas de un eficaz trabajo de <strong><em>operaci\u00f3n pol\u00edtica<\/em><\/strong>, el Senado mexicano acaba de aprobar <strong>por unanimidad <\/strong>de los legisladores presentes la reforma constitucional para instituir y poner en operaci\u00f3n la <strong>Guardia Nacional<\/strong>.<\/p>\n<p>La minuta fue devuelta a la C\u00e1mara de Diputados, donde har\u00eda falta una veintena de votos de la oposici\u00f3n para lograr la <strong>mayor\u00eda calificada<\/strong> que, de lograrse, permitir\u00e1 el curso del proyecto a los estados, donde se requieren 17 de 32 votos de las legislaturas locales para hacer la declaraci\u00f3n respectiva de la reforma.<\/p>\n<p>Previamente, la mayor\u00eda de los gobernadores, guiados por su Conferencia Nacional, hab\u00eda dado el <em>f\u00edat <\/em>a la Guardia Nacional, si bien condicionada en el dictamen senatorial a un <strong>mando civil <\/strong>y el <strong>retorno<\/strong> <strong>de los soldados a sus cuarteles<\/strong> en un t\u00e9rmino de cinco a\u00f1os.<\/p>\n<p>Como suelen decir los rancheros: <strong><em>Andando la carreta se acomodan las calabazas<\/em><\/strong>. Vale.<\/p>\n","protected":false},"excerpt":{"rendered":"<p>M\u00e9xico: Un imperativo categ\u00f3rico<br \/>\nPor Mouris Salloum George<br \/>\nDirector General del Club de Periodistas de Mexico AC<\/p>\n","protected":false},"author":2,"featured_media":18071,"comment_status":"open","ping_status":"open","sticky":false,"template":"","format":"standard","meta":{"_monsterinsights_skip_tracking":false,"_monsterinsights_sitenote_active":false,"_monsterinsights_sitenote_note":"","_monsterinsights_sitenote_category":0,"footnotes":""},"categories":[2],"tags":[],"class_list":["post-18072","post","type-post","status-publish","format-standard","has-post-thumbnail","hentry","category-noticias"],"yoast_head":"<!-- This site is optimized with the Yoast SEO plugin v27.3 - https:\/\/yoast.com\/product\/yoast-seo-wordpress\/ -->\n<title>Voces del Periodista Desde Filomeno Mata 8\/\/\/Mouris Salloum George\/\/\/M\u00e9xico: Un imperativo categ\u00f3rico -<\/title>\n<meta name=\"robots\" content=\"index, follow, max-snippet:-1, max-image-preview:large, max-video-preview:-1\" \/>\n<link rel=\"canonical\" href=\"https:\/\/quehacerpolitico.mx\/?p=18072\" \/>\n<meta property=\"og:locale\" content=\"es_MX\" \/>\n<meta property=\"og:type\" content=\"article\" \/>\n<meta property=\"og:title\" content=\"Voces del Periodista Desde Filomeno Mata 8\/\/\/Mouris Salloum George\/\/\/M\u00e9xico: Un imperativo categ\u00f3rico -\" \/>\n<meta property=\"og:description\" content=\"M\u00e9xico: Un imperativo categ\u00f3rico Por Mouris Salloum George Director General del Club de Periodistas de Mexico AC\" \/>\n<meta property=\"og:url\" content=\"https:\/\/quehacerpolitico.mx\/?p=18072\" \/>\n<meta property=\"article:published_time\" content=\"2019-02-23T16:06:21+00:00\" \/>\n<meta name=\"author\" content=\"Redacci\u00f3n QP\" \/>\n<meta name=\"twitter:card\" content=\"summary_large_image\" \/>\n<meta name=\"twitter:label1\" content=\"Escrito por\" \/>\n\t<meta name=\"twitter:data1\" content=\"Redacci\u00f3n QP\" \/>\n\t<meta name=\"twitter:label2\" content=\"Tiempo de lectura\" \/>\n\t<meta name=\"twitter:data2\" content=\"3 minutos\" \/>\n<script type=\"application\/ld+json\" class=\"yoast-schema-graph\">{\"@context\":\"https:\\\/\\\/schema.org\",\"@graph\":[{\"@type\":\"Article\",\"@id\":\"https:\\\/\\\/quehacerpolitico.mx\\\/?p=18072#article\",\"isPartOf\":{\"@id\":\"https:\\\/\\\/quehacerpolitico.mx\\\/?p=18072\"},\"author\":{\"name\":\"Redacci\u00f3n QP\",\"@id\":\"https:\\\/\\\/quehacerpolitico.mx\\\/#\\\/schema\\\/person\\\/496d8ad2d1d3f8036101dca7ee39e585\"},\"headline\":\"Voces del Periodista Desde Filomeno Mata 8\\\/\\\/\\\/Mouris Salloum George\\\/\\\/\\\/M\u00e9xico: Un imperativo categ\u00f3rico\",\"datePublished\":\"2019-02-23T16:06:21+00:00\",\"mainEntityOfPage\":{\"@id\":\"https:\\\/\\\/quehacerpolitico.mx\\\/?p=18072\"},\"wordCount\":693,\"commentCount\":0,\"image\":{\"@id\":\"https:\\\/\\\/quehacerpolitico.mx\\\/?p=18072#primaryimage\"},\"thumbnailUrl\":\"\",\"articleSection\":[\"Noticias\"],\"inLanguage\":\"es\",\"potentialAction\":[{\"@type\":\"CommentAction\",\"name\":\"Comment\",\"target\":[\"https:\\\/\\\/quehacerpolitico.mx\\\/?p=18072#respond\"]}]},{\"@type\":\"WebPage\",\"@id\":\"https:\\\/\\\/quehacerpolitico.mx\\\/?p=18072\",\"url\":\"https:\\\/\\\/quehacerpolitico.mx\\\/?p=18072\",\"name\":\"Voces del Periodista Desde Filomeno Mata 8\\\/\\\/\\\/Mouris Salloum George\\\/\\\/\\\/M\u00e9xico: Un imperativo categ\u00f3rico -\",\"isPartOf\":{\"@id\":\"https:\\\/\\\/quehacerpolitico.mx\\\/#website\"},\"primaryImageOfPage\":{\"@id\":\"https:\\\/\\\/quehacerpolitico.mx\\\/?p=18072#primaryimage\"},\"image\":{\"@id\":\"https:\\\/\\\/quehacerpolitico.mx\\\/?p=18072#primaryimage\"},\"thumbnailUrl\":\"\",\"datePublished\":\"2019-02-23T16:06:21+00:00\",\"author\":{\"@id\":\"https:\\\/\\\/quehacerpolitico.mx\\\/#\\\/schema\\\/person\\\/496d8ad2d1d3f8036101dca7ee39e585\"},\"breadcrumb\":{\"@id\":\"https:\\\/\\\/quehacerpolitico.mx\\\/?p=18072#breadcrumb\"},\"inLanguage\":\"es\",\"potentialAction\":[{\"@type\":\"ReadAction\",\"target\":[\"https:\\\/\\\/quehacerpolitico.mx\\\/?p=18072\"]}]},{\"@type\":\"ImageObject\",\"inLanguage\":\"es\",\"@id\":\"https:\\\/\\\/quehacerpolitico.mx\\\/?p=18072#primaryimage\",\"url\":\"\",\"contentUrl\":\"\"},{\"@type\":\"BreadcrumbList\",\"@id\":\"https:\\\/\\\/quehacerpolitico.mx\\\/?p=18072#breadcrumb\",\"itemListElement\":[{\"@type\":\"ListItem\",\"position\":1,\"name\":\"Inicio\",\"item\":\"https:\\\/\\\/quehacerpolitico.mx\\\/\"},{\"@type\":\"ListItem\",\"position\":2,\"name\":\"Voces del Periodista Desde Filomeno Mata 8\\\/\\\/\\\/Mouris Salloum George\\\/\\\/\\\/M\u00e9xico: Un imperativo categ\u00f3rico\"}]},{\"@type\":\"WebSite\",\"@id\":\"https:\\\/\\\/quehacerpolitico.mx\\\/#website\",\"url\":\"https:\\\/\\\/quehacerpolitico.mx\\\/\",\"name\":\"\",\"description\":\"\",\"potentialAction\":[{\"@type\":\"SearchAction\",\"target\":{\"@type\":\"EntryPoint\",\"urlTemplate\":\"https:\\\/\\\/quehacerpolitico.mx\\\/?s={search_term_string}\"},\"query-input\":{\"@type\":\"PropertyValueSpecification\",\"valueRequired\":true,\"valueName\":\"search_term_string\"}}],\"inLanguage\":\"es\"},{\"@type\":\"Person\",\"@id\":\"https:\\\/\\\/quehacerpolitico.mx\\\/#\\\/schema\\\/person\\\/496d8ad2d1d3f8036101dca7ee39e585\",\"name\":\"Redacci\u00f3n QP\",\"image\":{\"@type\":\"ImageObject\",\"inLanguage\":\"es\",\"@id\":\"https:\\\/\\\/secure.gravatar.com\\\/avatar\\\/c7164ed6fdec453195284ad24a5ae5b6e1eed2b848477fa2a4787ba9adf39a41?s=96&d=mm&r=g\",\"url\":\"https:\\\/\\\/secure.gravatar.com\\\/avatar\\\/c7164ed6fdec453195284ad24a5ae5b6e1eed2b848477fa2a4787ba9adf39a41?s=96&d=mm&r=g\",\"contentUrl\":\"https:\\\/\\\/secure.gravatar.com\\\/avatar\\\/c7164ed6fdec453195284ad24a5ae5b6e1eed2b848477fa2a4787ba9adf39a41?s=96&d=mm&r=g\",\"caption\":\"Redacci\u00f3n QP\"},\"url\":\"https:\\\/\\\/quehacerpolitico.mx\\\/?author=2\"}]}<\/script>\n<!-- \/ Yoast SEO plugin. -->","yoast_head_json":{"title":"Voces del Periodista Desde Filomeno Mata 8\/\/\/Mouris Salloum George\/\/\/M\u00e9xico: Un imperativo categ\u00f3rico -","robots":{"index":"index","follow":"follow","max-snippet":"max-snippet:-1","max-image-preview":"max-image-preview:large","max-video-preview":"max-video-preview:-1"},"canonical":"https:\/\/quehacerpolitico.mx\/?p=18072","og_locale":"es_MX","og_type":"article","og_title":"Voces del Periodista Desde Filomeno Mata 8\/\/\/Mouris Salloum George\/\/\/M\u00e9xico: Un imperativo categ\u00f3rico -","og_description":"M\u00e9xico: Un imperativo categ\u00f3rico Por Mouris Salloum George Director General del Club de Periodistas de Mexico AC","og_url":"https:\/\/quehacerpolitico.mx\/?p=18072","article_published_time":"2019-02-23T16:06:21+00:00","author":"Redacci\u00f3n QP","twitter_card":"summary_large_image","twitter_misc":{"Escrito por":"Redacci\u00f3n QP","Tiempo de lectura":"3 minutos"},"schema":{"@context":"https:\/\/schema.org","@graph":[{"@type":"Article","@id":"https:\/\/quehacerpolitico.mx\/?p=18072#article","isPartOf":{"@id":"https:\/\/quehacerpolitico.mx\/?p=18072"},"author":{"name":"Redacci\u00f3n QP","@id":"https:\/\/quehacerpolitico.mx\/#\/schema\/person\/496d8ad2d1d3f8036101dca7ee39e585"},"headline":"Voces del Periodista Desde Filomeno Mata 8\/\/\/Mouris Salloum George\/\/\/M\u00e9xico: Un imperativo categ\u00f3rico","datePublished":"2019-02-23T16:06:21+00:00","mainEntityOfPage":{"@id":"https:\/\/quehacerpolitico.mx\/?p=18072"},"wordCount":693,"commentCount":0,"image":{"@id":"https:\/\/quehacerpolitico.mx\/?p=18072#primaryimage"},"thumbnailUrl":"","articleSection":["Noticias"],"inLanguage":"es","potentialAction":[{"@type":"CommentAction","name":"Comment","target":["https:\/\/quehacerpolitico.mx\/?p=18072#respond"]}]},{"@type":"WebPage","@id":"https:\/\/quehacerpolitico.mx\/?p=18072","url":"https:\/\/quehacerpolitico.mx\/?p=18072","name":"Voces del Periodista Desde Filomeno Mata 8\/\/\/Mouris Salloum George\/\/\/M\u00e9xico: Un imperativo categ\u00f3rico -","isPartOf":{"@id":"https:\/\/quehacerpolitico.mx\/#website"},"primaryImageOfPage":{"@id":"https:\/\/quehacerpolitico.mx\/?p=18072#primaryimage"},"image":{"@id":"https:\/\/quehacerpolitico.mx\/?p=18072#primaryimage"},"thumbnailUrl":"","datePublished":"2019-02-23T16:06:21+00:00","author":{"@id":"https:\/\/quehacerpolitico.mx\/#\/schema\/person\/496d8ad2d1d3f8036101dca7ee39e585"},"breadcrumb":{"@id":"https:\/\/quehacerpolitico.mx\/?p=18072#breadcrumb"},"inLanguage":"es","potentialAction":[{"@type":"ReadAction","target":["https:\/\/quehacerpolitico.mx\/?p=18072"]}]},{"@type":"ImageObject","inLanguage":"es","@id":"https:\/\/quehacerpolitico.mx\/?p=18072#primaryimage","url":"","contentUrl":""},{"@type":"BreadcrumbList","@id":"https:\/\/quehacerpolitico.mx\/?p=18072#breadcrumb","itemListElement":[{"@type":"ListItem","position":1,"name":"Inicio","item":"https:\/\/quehacerpolitico.mx\/"},{"@type":"ListItem","position":2,"name":"Voces del Periodista Desde Filomeno Mata 8\/\/\/Mouris Salloum George\/\/\/M\u00e9xico: Un imperativo categ\u00f3rico"}]},{"@type":"WebSite","@id":"https:\/\/quehacerpolitico.mx\/#website","url":"https:\/\/quehacerpolitico.mx\/","name":"","description":"","potentialAction":[{"@type":"SearchAction","target":{"@type":"EntryPoint","urlTemplate":"https:\/\/quehacerpolitico.mx\/?s={search_term_string}"},"query-input":{"@type":"PropertyValueSpecification","valueRequired":true,"valueName":"search_term_string"}}],"inLanguage":"es"},{"@type":"Person","@id":"https:\/\/quehacerpolitico.mx\/#\/schema\/person\/496d8ad2d1d3f8036101dca7ee39e585","name":"Redacci\u00f3n QP","image":{"@type":"ImageObject","inLanguage":"es","@id":"https:\/\/secure.gravatar.com\/avatar\/c7164ed6fdec453195284ad24a5ae5b6e1eed2b848477fa2a4787ba9adf39a41?s=96&d=mm&r=g","url":"https:\/\/secure.gravatar.com\/avatar\/c7164ed6fdec453195284ad24a5ae5b6e1eed2b848477fa2a4787ba9adf39a41?s=96&d=mm&r=g","contentUrl":"https:\/\/secure.gravatar.com\/avatar\/c7164ed6fdec453195284ad24a5ae5b6e1eed2b848477fa2a4787ba9adf39a41?s=96&d=mm&r=g","caption":"Redacci\u00f3n QP"},"url":"https:\/\/quehacerpolitico.mx\/?author=2"}]}},"featured_image_urls":{"full":"","thumbnail":"","medium":"","medium_large":"","large":"","1536x1536":"","2048x2048":"","covernews-featured":"","covernews-medium":""},"author_info":{"display_name":"Redacci\u00f3n QP","author_link":"https:\/\/quehacerpolitico.mx\/?author=2"},"category_info":"<a href=\"https:\/\/quehacerpolitico.mx\/?cat=2\" rel=\"category\">Noticias<\/a>","tag_info":"Noticias","comment_count":"0","_links":{"self":[{"href":"https:\/\/quehacerpolitico.mx\/index.php?rest_route=\/wp\/v2\/posts\/18072","targetHints":{"allow":["GET"]}}],"collection":[{"href":"https:\/\/quehacerpolitico.mx\/index.php?rest_route=\/wp\/v2\/posts"}],"about":[{"href":"https:\/\/quehacerpolitico.mx\/index.php?rest_route=\/wp\/v2\/types\/post"}],"author":[{"embeddable":true,"href":"https:\/\/quehacerpolitico.mx\/index.php?rest_route=\/wp\/v2\/users\/2"}],"replies":[{"embeddable":true,"href":"https:\/\/quehacerpolitico.mx\/index.php?rest_route=%2Fwp%2Fv2%2Fcomments&post=18072"}],"version-history":[{"count":0,"href":"https:\/\/quehacerpolitico.mx\/index.php?rest_route=\/wp\/v2\/posts\/18072\/revisions"}],"wp:featuredmedia":[{"embeddable":true,"href":"https:\/\/quehacerpolitico.mx\/index.php?rest_route=\/"}],"wp:attachment":[{"href":"https:\/\/quehacerpolitico.mx\/index.php?rest_route=%2Fwp%2Fv2%2Fmedia&parent=18072"}],"wp:term":[{"taxonomy":"category","embeddable":true,"href":"https:\/\/quehacerpolitico.mx\/index.php?rest_route=%2Fwp%2Fv2%2Fcategories&post=18072"},{"taxonomy":"post_tag","embeddable":true,"href":"https:\/\/quehacerpolitico.mx\/index.php?rest_route=%2Fwp%2Fv2%2Ftags&post=18072"}],"curies":[{"name":"wp","href":"https:\/\/api.w.org\/{rel}","templated":true}]}}