{"id":18063,"date":"2019-02-23T15:47:03","date_gmt":"2019-02-23T15:47:03","guid":{"rendered":"http:\/\/quehacerpolitico.mx\/yalitza-llega-a-los-oscar-como-actriz-revelacion-y-envuelta-en-polemica-por-racismo-en-mexico\/"},"modified":"2019-02-23T15:47:03","modified_gmt":"2019-02-23T15:47:03","slug":"yalitza-llega-a-los-oscar-como-actriz-revelacion-y-envuelta-en-polemica-por-racismo-en-mexico","status":"publish","type":"post","link":"https:\/\/quehacerpolitico.mx\/?p=18063","title":{"rendered":"Yalitza llega a los \u00d3scar como actriz revelaci\u00f3n y envuelta en pol\u00e9mica por racismo en M\u00e9xico"},"content":{"rendered":"<h1>Yalitza llega a los \u00d3scar como actriz revelaci\u00f3n y envuelta en pol\u00e9mica por racismo en M\u00e9xico<\/h1>\n<p>Por Redacci\u00f3n QP<\/p>\n<p><strong>Yalitza Aparicio<\/strong>, nominada al <strong>\u00d3scar<\/strong> por <strong><em>Roma<\/em><\/strong>, vive un aut\u00e9ntico <strong>hurac\u00e1n medi\u00e1tico<\/strong> siendo <strong>portada de revistas<\/strong>, reconocida por legisladores mexicanos, v\u00edctima de supuestos complots e incluso insultada por ser ind\u00edgena.<\/p>\n<p>La joven, de 25 a\u00f1os, ha protagonizado la portada de numerosas revistas de moda y se ha convertido en la primera mujer de ascendencia ind\u00edgena en aparecer en la primera p\u00e1gina de <em>Vogue.<\/em><\/p>\n<p>Este jueves, la revista <em>\u00a1HOLA!<\/em> la coloc\u00f3 en portada con un largo vestido rojo con escote. Y acompa\u00f1\u00f3 esta imagen con varios titulares de la entrevista realizada a la actriz.<\/p>\n<blockquote>\n<p>\u201cSiempre me he sentido orgullosa de lo que soy y de qui\u00e9n soy\u201d, reza uno de los titulares, mientras que en otro asegura que no tiene ning\u00fan discurso preparado si gana el \u00d3scar el pr\u00f3ximo domingo.<\/p>\n<\/blockquote>\n<p>No obstante, las cr\u00edticas no tardaron en llegar. No hacia ella pero s\u00ed hacia la publicaci\u00f3n por retocar la imagen de la joven, que aparece algo m\u00e1s delgada e, incluso, con la tez m\u00e1s blanca.<\/p>\n<p>\u201cUnos la apoyan\u2026 otros la retocan\u201d, recog\u00eda este viernes el diario <em>El Universal<\/em>, uno de los peri\u00f3dicos m\u00e1s vendidos de M\u00e9xico.<\/p>\n<div id=\"attachment_3540957\" class=\"wp-caption alignnone\"><img loading=\"lazy\" decoding=\"async\" class=\"wp-image-3540957 size-full\" src=\"https:\/\/www.sinembargo.mx\/wp-content\/uploads\/2019\/02\/yalitza-6.jpg\" sizes=\"auto, (max-width: 700px) 100vw, 700px\" srcset=\"https:\/\/www.sinembargo.mx\/wp-content\/uploads\/2019\/02\/yalitza-6.jpg 700w, https:\/\/www.sinembargo.mx\/wp-content\/uploads\/2019\/02\/yalitza-6-218x300.jpg 218w\" alt=\"\" width=\"700\" height=\"962\" \/><\/p>\n<p class=\"wp-caption-text\">La cuenta de Twitter \u201cMalditos estereotipos\u201d, por ejemplo, critic\u00f3 a \u00a1HOLA! por \u201cresistirse a ver la belleza m\u00e1s all\u00e1 de los est\u00e1ndares europeos\u201d. Foto: EFE\/Cortes\u00eda \u00a1HOLA!<\/p>\n<\/div>\n<p>Y es que en anteriores portadas, como la ya ic\u00f3nica en <em>Vogue<\/em>, s\u00ed se respet\u00f3 el color de piel de esta mujer oriunda del sure\u00f1o estado de Oaxaca, uno de los m\u00e1s pobres del pa\u00eds.<\/p>\n<p>En redes, el abuso del Photoshop creci\u00f3 como la espuma.<\/p>\n<p>La cuenta de Twitter \u201cMalditos estereotipos\u201d, por ejemplo, critic\u00f3 a <em>\u00a1HOLA!<\/em> por \u201cresistirse a ver la belleza m\u00e1s all\u00e1 de los est\u00e1ndares europeos\u201d.<\/p>\n<p>Pero esta no es la \u00fanica pol\u00e9mica en la que se ha visto esta joven, maestra de profesi\u00f3n sin experiencia en la interpretaci\u00f3n previa a <em>Roma<\/em>de Alfonso Cuar\u00f3n, que aspira a diez galardones.<\/p>\n<p>En d\u00edas recientes, el actor Sergio Goyri llam\u00f3 a la actriz, de forma muy despectiva, \u201cpinche india\u201d, a lo que ella respondi\u00f3 -seg\u00fan su m\u00e1nager- con elegancia: \u201cLos indios son de India\u201d.<\/p>\n<p>Aunque nunca se confirm\u00f3 completamente, tambi\u00e9n hubo un supuesto complot contra Yalitza por parte de varias actrices a trav\u00e9s de un chat de Whatsapp para impedir que Aparicio participe en la categor\u00eda de Mejor Actriz en los premios Ariel del cine mexicano.<\/p>\n<blockquote>\n<p>Positivamente, el furor de <em>Roma<\/em> es m\u00e1s que evidente, pues aunque genera divisi\u00f3n de opiniones, es vista por muchos mexicanos como un ejemplo y reivindicaci\u00f3n del cine nacional, y del pa\u00eds en s\u00ed.<\/p>\n<\/blockquote>\n<p>Y el apoyo es m\u00e1s que evidente en escenarios tan inusuales como la pol\u00edtica.<\/p>\n<p>Este jueves, diputados mexicanos llamaron a que se respete la diversidad \u00e9tnica y la riqueza cultural del pa\u00eds en el marco de un homenaje a la nominada a mejor actriz en los premios de cine m\u00e1s famosos.<\/p>\n<p>Durante el reconocimiento a Yalitza por \u201csu trascendencia en el \u00e1mbito p\u00fablico\u201d, los diputados pidieron a los estados y municipios de todo el pa\u00eds promover pol\u00edticas y medidas para prevenir y erradicar la discriminaci\u00f3n en todas sus expresiones.<\/p>\n<p>Ajena a todo ello, o no, Yalitza Aparicio, todav\u00eda algo parca en redes sociales, escribi\u00f3 este jueves: \u201cEn los \u00c1ngeles, California\u201d, y acompa\u00f1\u00f3 el texto de varios corazones.<\/p>\n<blockquote>\n<p>Los m\u00e1s de 1.1 millones de seguidores que suma en Instagram y sus casi 200 mil en Twitter seguir\u00e1n sus vicisitudes en la meca del cine, y su posible victoria este domingo.<\/p>\n<\/blockquote>\n<p>Que de hacerse efectiva, tendr\u00e1 un sabor m\u00e1s mexicano que nunca.<\/p>\n<p>Con Informaci\u00f3n de EFE<\/p>\n","protected":false},"excerpt":{"rendered":"<p>Yalitza llega a los \u00d3scar como actriz revelaci\u00f3n y envuelta en pol\u00e9mica por racismo en M\u00e9xico<br \/>\nPor Redacci\u00f3n QP<\/p>\n","protected":false},"author":2,"featured_media":18062,"comment_status":"open","ping_status":"open","sticky":false,"template":"","format":"standard","meta":{"_monsterinsights_skip_tracking":false,"_monsterinsights_sitenote_active":false,"_monsterinsights_sitenote_note":"","_monsterinsights_sitenote_category":0,"footnotes":""},"categories":[58],"tags":[],"class_list":["post-18063","post","type-post","status-publish","format-standard","has-post-thumbnail","hentry","category-cultura"],"yoast_head":"<!-- This site is optimized with the Yoast SEO plugin v27.3 - https:\/\/yoast.com\/product\/yoast-seo-wordpress\/ -->\n<title>Yalitza llega a los \u00d3scar como actriz revelaci\u00f3n y envuelta en pol\u00e9mica por racismo en M\u00e9xico -<\/title>\n<meta name=\"robots\" content=\"index, follow, max-snippet:-1, max-image-preview:large, max-video-preview:-1\" \/>\n<link rel=\"canonical\" href=\"https:\/\/quehacerpolitico.mx\/?p=18063\" \/>\n<meta property=\"og:locale\" content=\"es_MX\" \/>\n<meta property=\"og:type\" content=\"article\" \/>\n<meta property=\"og:title\" content=\"Yalitza llega a los \u00d3scar como actriz revelaci\u00f3n y envuelta en pol\u00e9mica por racismo en M\u00e9xico -\" \/>\n<meta property=\"og:description\" content=\"Yalitza llega a los \u00d3scar como actriz revelaci\u00f3n y envuelta en pol\u00e9mica por racismo en M\u00e9xico Por Redacci\u00f3n QP\" \/>\n<meta property=\"og:url\" content=\"https:\/\/quehacerpolitico.mx\/?p=18063\" \/>\n<meta property=\"article:published_time\" content=\"2019-02-23T15:47:03+00:00\" \/>\n<meta name=\"author\" content=\"Redacci\u00f3n QP\" \/>\n<meta name=\"twitter:card\" content=\"summary_large_image\" \/>\n<meta name=\"twitter:label1\" content=\"Escrito por\" \/>\n\t<meta name=\"twitter:data1\" content=\"Redacci\u00f3n QP\" \/>\n\t<meta name=\"twitter:label2\" content=\"Tiempo de lectura\" \/>\n\t<meta name=\"twitter:data2\" content=\"3 minutos\" \/>\n<script type=\"application\/ld+json\" class=\"yoast-schema-graph\">{\"@context\":\"https:\\\/\\\/schema.org\",\"@graph\":[{\"@type\":\"Article\",\"@id\":\"https:\\\/\\\/quehacerpolitico.mx\\\/?p=18063#article\",\"isPartOf\":{\"@id\":\"https:\\\/\\\/quehacerpolitico.mx\\\/?p=18063\"},\"author\":{\"name\":\"Redacci\u00f3n QP\",\"@id\":\"https:\\\/\\\/quehacerpolitico.mx\\\/#\\\/schema\\\/person\\\/496d8ad2d1d3f8036101dca7ee39e585\"},\"headline\":\"Yalitza llega a los \u00d3scar como actriz revelaci\u00f3n y envuelta en pol\u00e9mica por racismo en M\u00e9xico\",\"datePublished\":\"2019-02-23T15:47:03+00:00\",\"mainEntityOfPage\":{\"@id\":\"https:\\\/\\\/quehacerpolitico.mx\\\/?p=18063\"},\"wordCount\":678,\"commentCount\":0,\"image\":{\"@id\":\"https:\\\/\\\/quehacerpolitico.mx\\\/?p=18063#primaryimage\"},\"thumbnailUrl\":\"\",\"articleSection\":[\"Cultura y Entretenimiento\"],\"inLanguage\":\"es\",\"potentialAction\":[{\"@type\":\"CommentAction\",\"name\":\"Comment\",\"target\":[\"https:\\\/\\\/quehacerpolitico.mx\\\/?p=18063#respond\"]}]},{\"@type\":\"WebPage\",\"@id\":\"https:\\\/\\\/quehacerpolitico.mx\\\/?p=18063\",\"url\":\"https:\\\/\\\/quehacerpolitico.mx\\\/?p=18063\",\"name\":\"Yalitza llega a los \u00d3scar como actriz revelaci\u00f3n y envuelta en pol\u00e9mica por racismo en M\u00e9xico -\",\"isPartOf\":{\"@id\":\"https:\\\/\\\/quehacerpolitico.mx\\\/#website\"},\"primaryImageOfPage\":{\"@id\":\"https:\\\/\\\/quehacerpolitico.mx\\\/?p=18063#primaryimage\"},\"image\":{\"@id\":\"https:\\\/\\\/quehacerpolitico.mx\\\/?p=18063#primaryimage\"},\"thumbnailUrl\":\"\",\"datePublished\":\"2019-02-23T15:47:03+00:00\",\"author\":{\"@id\":\"https:\\\/\\\/quehacerpolitico.mx\\\/#\\\/schema\\\/person\\\/496d8ad2d1d3f8036101dca7ee39e585\"},\"breadcrumb\":{\"@id\":\"https:\\\/\\\/quehacerpolitico.mx\\\/?p=18063#breadcrumb\"},\"inLanguage\":\"es\",\"potentialAction\":[{\"@type\":\"ReadAction\",\"target\":[\"https:\\\/\\\/quehacerpolitico.mx\\\/?p=18063\"]}]},{\"@type\":\"ImageObject\",\"inLanguage\":\"es\",\"@id\":\"https:\\\/\\\/quehacerpolitico.mx\\\/?p=18063#primaryimage\",\"url\":\"\",\"contentUrl\":\"\"},{\"@type\":\"BreadcrumbList\",\"@id\":\"https:\\\/\\\/quehacerpolitico.mx\\\/?p=18063#breadcrumb\",\"itemListElement\":[{\"@type\":\"ListItem\",\"position\":1,\"name\":\"Inicio\",\"item\":\"https:\\\/\\\/quehacerpolitico.mx\\\/\"},{\"@type\":\"ListItem\",\"position\":2,\"name\":\"Yalitza llega a los \u00d3scar como actriz revelaci\u00f3n y envuelta en pol\u00e9mica por racismo en M\u00e9xico\"}]},{\"@type\":\"WebSite\",\"@id\":\"https:\\\/\\\/quehacerpolitico.mx\\\/#website\",\"url\":\"https:\\\/\\\/quehacerpolitico.mx\\\/\",\"name\":\"\",\"description\":\"\",\"potentialAction\":[{\"@type\":\"SearchAction\",\"target\":{\"@type\":\"EntryPoint\",\"urlTemplate\":\"https:\\\/\\\/quehacerpolitico.mx\\\/?s={search_term_string}\"},\"query-input\":{\"@type\":\"PropertyValueSpecification\",\"valueRequired\":true,\"valueName\":\"search_term_string\"}}],\"inLanguage\":\"es\"},{\"@type\":\"Person\",\"@id\":\"https:\\\/\\\/quehacerpolitico.mx\\\/#\\\/schema\\\/person\\\/496d8ad2d1d3f8036101dca7ee39e585\",\"name\":\"Redacci\u00f3n QP\",\"image\":{\"@type\":\"ImageObject\",\"inLanguage\":\"es\",\"@id\":\"https:\\\/\\\/secure.gravatar.com\\\/avatar\\\/c7164ed6fdec453195284ad24a5ae5b6e1eed2b848477fa2a4787ba9adf39a41?s=96&d=mm&r=g\",\"url\":\"https:\\\/\\\/secure.gravatar.com\\\/avatar\\\/c7164ed6fdec453195284ad24a5ae5b6e1eed2b848477fa2a4787ba9adf39a41?s=96&d=mm&r=g\",\"contentUrl\":\"https:\\\/\\\/secure.gravatar.com\\\/avatar\\\/c7164ed6fdec453195284ad24a5ae5b6e1eed2b848477fa2a4787ba9adf39a41?s=96&d=mm&r=g\",\"caption\":\"Redacci\u00f3n QP\"},\"url\":\"https:\\\/\\\/quehacerpolitico.mx\\\/?author=2\"}]}<\/script>\n<!-- \/ Yoast SEO plugin. -->","yoast_head_json":{"title":"Yalitza llega a los \u00d3scar como actriz revelaci\u00f3n y envuelta en pol\u00e9mica por racismo en M\u00e9xico -","robots":{"index":"index","follow":"follow","max-snippet":"max-snippet:-1","max-image-preview":"max-image-preview:large","max-video-preview":"max-video-preview:-1"},"canonical":"https:\/\/quehacerpolitico.mx\/?p=18063","og_locale":"es_MX","og_type":"article","og_title":"Yalitza llega a los \u00d3scar como actriz revelaci\u00f3n y envuelta en pol\u00e9mica por racismo en M\u00e9xico -","og_description":"Yalitza llega a los \u00d3scar como actriz revelaci\u00f3n y envuelta en pol\u00e9mica por racismo en M\u00e9xico Por Redacci\u00f3n QP","og_url":"https:\/\/quehacerpolitico.mx\/?p=18063","article_published_time":"2019-02-23T15:47:03+00:00","author":"Redacci\u00f3n QP","twitter_card":"summary_large_image","twitter_misc":{"Escrito por":"Redacci\u00f3n QP","Tiempo de lectura":"3 minutos"},"schema":{"@context":"https:\/\/schema.org","@graph":[{"@type":"Article","@id":"https:\/\/quehacerpolitico.mx\/?p=18063#article","isPartOf":{"@id":"https:\/\/quehacerpolitico.mx\/?p=18063"},"author":{"name":"Redacci\u00f3n QP","@id":"https:\/\/quehacerpolitico.mx\/#\/schema\/person\/496d8ad2d1d3f8036101dca7ee39e585"},"headline":"Yalitza llega a los \u00d3scar como actriz revelaci\u00f3n y envuelta en pol\u00e9mica por racismo en M\u00e9xico","datePublished":"2019-02-23T15:47:03+00:00","mainEntityOfPage":{"@id":"https:\/\/quehacerpolitico.mx\/?p=18063"},"wordCount":678,"commentCount":0,"image":{"@id":"https:\/\/quehacerpolitico.mx\/?p=18063#primaryimage"},"thumbnailUrl":"","articleSection":["Cultura y Entretenimiento"],"inLanguage":"es","potentialAction":[{"@type":"CommentAction","name":"Comment","target":["https:\/\/quehacerpolitico.mx\/?p=18063#respond"]}]},{"@type":"WebPage","@id":"https:\/\/quehacerpolitico.mx\/?p=18063","url":"https:\/\/quehacerpolitico.mx\/?p=18063","name":"Yalitza llega a los \u00d3scar como actriz revelaci\u00f3n y envuelta en pol\u00e9mica por racismo en M\u00e9xico -","isPartOf":{"@id":"https:\/\/quehacerpolitico.mx\/#website"},"primaryImageOfPage":{"@id":"https:\/\/quehacerpolitico.mx\/?p=18063#primaryimage"},"image":{"@id":"https:\/\/quehacerpolitico.mx\/?p=18063#primaryimage"},"thumbnailUrl":"","datePublished":"2019-02-23T15:47:03+00:00","author":{"@id":"https:\/\/quehacerpolitico.mx\/#\/schema\/person\/496d8ad2d1d3f8036101dca7ee39e585"},"breadcrumb":{"@id":"https:\/\/quehacerpolitico.mx\/?p=18063#breadcrumb"},"inLanguage":"es","potentialAction":[{"@type":"ReadAction","target":["https:\/\/quehacerpolitico.mx\/?p=18063"]}]},{"@type":"ImageObject","inLanguage":"es","@id":"https:\/\/quehacerpolitico.mx\/?p=18063#primaryimage","url":"","contentUrl":""},{"@type":"BreadcrumbList","@id":"https:\/\/quehacerpolitico.mx\/?p=18063#breadcrumb","itemListElement":[{"@type":"ListItem","position":1,"name":"Inicio","item":"https:\/\/quehacerpolitico.mx\/"},{"@type":"ListItem","position":2,"name":"Yalitza llega a los \u00d3scar como actriz revelaci\u00f3n y envuelta en pol\u00e9mica por racismo en M\u00e9xico"}]},{"@type":"WebSite","@id":"https:\/\/quehacerpolitico.mx\/#website","url":"https:\/\/quehacerpolitico.mx\/","name":"","description":"","potentialAction":[{"@type":"SearchAction","target":{"@type":"EntryPoint","urlTemplate":"https:\/\/quehacerpolitico.mx\/?s={search_term_string}"},"query-input":{"@type":"PropertyValueSpecification","valueRequired":true,"valueName":"search_term_string"}}],"inLanguage":"es"},{"@type":"Person","@id":"https:\/\/quehacerpolitico.mx\/#\/schema\/person\/496d8ad2d1d3f8036101dca7ee39e585","name":"Redacci\u00f3n QP","image":{"@type":"ImageObject","inLanguage":"es","@id":"https:\/\/secure.gravatar.com\/avatar\/c7164ed6fdec453195284ad24a5ae5b6e1eed2b848477fa2a4787ba9adf39a41?s=96&d=mm&r=g","url":"https:\/\/secure.gravatar.com\/avatar\/c7164ed6fdec453195284ad24a5ae5b6e1eed2b848477fa2a4787ba9adf39a41?s=96&d=mm&r=g","contentUrl":"https:\/\/secure.gravatar.com\/avatar\/c7164ed6fdec453195284ad24a5ae5b6e1eed2b848477fa2a4787ba9adf39a41?s=96&d=mm&r=g","caption":"Redacci\u00f3n QP"},"url":"https:\/\/quehacerpolitico.mx\/?author=2"}]}},"featured_image_urls":{"full":"","thumbnail":"","medium":"","medium_large":"","large":"","1536x1536":"","2048x2048":"","covernews-featured":"","covernews-medium":""},"author_info":{"display_name":"Redacci\u00f3n QP","author_link":"https:\/\/quehacerpolitico.mx\/?author=2"},"category_info":"<a href=\"https:\/\/quehacerpolitico.mx\/?cat=58\" rel=\"category\">Cultura y Entretenimiento<\/a>","tag_info":"Cultura y Entretenimiento","comment_count":"0","_links":{"self":[{"href":"https:\/\/quehacerpolitico.mx\/index.php?rest_route=\/wp\/v2\/posts\/18063","targetHints":{"allow":["GET"]}}],"collection":[{"href":"https:\/\/quehacerpolitico.mx\/index.php?rest_route=\/wp\/v2\/posts"}],"about":[{"href":"https:\/\/quehacerpolitico.mx\/index.php?rest_route=\/wp\/v2\/types\/post"}],"author":[{"embeddable":true,"href":"https:\/\/quehacerpolitico.mx\/index.php?rest_route=\/wp\/v2\/users\/2"}],"replies":[{"embeddable":true,"href":"https:\/\/quehacerpolitico.mx\/index.php?rest_route=%2Fwp%2Fv2%2Fcomments&post=18063"}],"version-history":[{"count":0,"href":"https:\/\/quehacerpolitico.mx\/index.php?rest_route=\/wp\/v2\/posts\/18063\/revisions"}],"wp:featuredmedia":[{"embeddable":true,"href":"https:\/\/quehacerpolitico.mx\/index.php?rest_route=\/"}],"wp:attachment":[{"href":"https:\/\/quehacerpolitico.mx\/index.php?rest_route=%2Fwp%2Fv2%2Fmedia&parent=18063"}],"wp:term":[{"taxonomy":"category","embeddable":true,"href":"https:\/\/quehacerpolitico.mx\/index.php?rest_route=%2Fwp%2Fv2%2Fcategories&post=18063"},{"taxonomy":"post_tag","embeddable":true,"href":"https:\/\/quehacerpolitico.mx\/index.php?rest_route=%2Fwp%2Fv2%2Ftags&post=18063"}],"curies":[{"name":"wp","href":"https:\/\/api.w.org\/{rel}","templated":true}]}}