{"id":17990,"date":"2019-02-22T15:41:55","date_gmt":"2019-02-22T15:41:55","guid":{"rendered":"http:\/\/quehacerpolitico.mx\/mercado-de-abastos-moviliza-mas-de-21-mil-toneladas-de-alimentos\/"},"modified":"2019-02-22T15:41:55","modified_gmt":"2019-02-22T15:41:55","slug":"mercado-de-abastos-moviliza-mas-de-21-mil-toneladas-de-alimentos","status":"publish","type":"post","link":"https:\/\/quehacerpolitico.mx\/?p=17990","title":{"rendered":"Mercado de Abastos moviliza m\u00e1s de 21 mil toneladas de alimentos"},"content":{"rendered":"<h1 class=\"news-title\">Mercado de Abastos moviliza m\u00e1s de 21 mil toneladas de alimentos<\/h1>\n<p>Por Redacci\u00f3n QP<\/p>\n<header class=\"news-header\">\n<div class=\"news-subtitle\">\n<p>Con m\u00e1s de 52 a\u00f1os de tradici\u00f3n, es la segunda central m\u00e1s importante y el mayor centro de negocios de occidente del pa\u00eds<\/p>\n<\/div>\n<\/header>\n<div class=\"news-content\">\n<div class=\"news-body row\">\n<p>El presidente de la Uni\u00f3n de Comerciantes del Mercado de Abastos (UCMA), Salvador Hern\u00e1ndez, se\u00f1al\u00f3 que siendo el mayor centro de negocios del occidente del pa\u00eds, el Mercado de abastos\u00a0<strong>moviliza diariamente 21 mil toneladas de alimentos.<\/strong><\/p>\n<p>Refiri\u00f3 que <strong>el Mercado de Abastos tiene m\u00e1s de 52 a\u00f1os de tradici\u00f3n y se ha convertido en la segunda central m\u00e1s importante del pa\u00eds,<\/strong> de la que depende la distribuci\u00f3n de alimentos de las dos terceras partes de las entidades mexicanas.<\/p>\n<div id=\"div-pos-2\">Salvador Hern\u00e1ndez destac\u00f3 que diariamente tienen una afluencia\u00a0de entre 50 a 60 mil personas, as\u00ed como la entrada de un parque vehicular de tres mil 200 unidades, entre camionetas Pick up, de tres o cinco toneladas y tr\u00e1ileres.<\/div>\n<p><strong>&#8220;La Central de Abastos de Guadalajara, es la segunda m\u00e1s importante del pa\u00eds. Pr\u00e1cticamente, su operaci\u00f3n es muy parecido a un municipio. Aparte de distribuir al estado, distribuimos al Occidente, al Pac\u00edfico y al Norte del Pa\u00eds. El 80 por ciento de los productos se mueven v\u00eda terrestre&#8221;,<\/strong> detall\u00f3.<\/p>\n<div>\n<figure class=\"image\"><img decoding=\"async\" title=\"\" src=\"https:\/\/www.informador.mx\/export\/sites\/elinformador\/img\/2019\/02\/22\/rs2808665_dig-2017-04-03-22-00-114.jpg_347421144.jpg\" alt=\"\" hspace=\"5\" vspace=\"5\" data-height=\"466\" data-size=\"w:4896,h:3264\" data-width=\"700\" \/><figcaption>EL INFORMADOR \/ ARCHIVO<\/figcaption><\/figure>\n<\/div>\n<p>Por su importancia, consider\u00f3 que <strong>es necesario el apoyo de las autoridades para impulsarla y establecer programas para la inocuidad y sanidad vegetal para el beneficio del Occidente.<\/strong><\/p>\n<p>&#8220;Es necesario mejorar nuestro programa para la inocuidad y sanidad, este a\u00f1o tenemos un proyecto con la Universidad de Guadalajara para desarrollar un programa para el reciclaje de las m\u00e1s de 140 toneladas diarias de basura que se producen en el Mercado de Abastos, de las cuales el 80 por ciento son de origen org\u00e1nico&#8221;, dijo.<\/p>\n<blockquote><p>&#8221;La Central de Abastos de Guadalajara, es la segunda m\u00e1s importante del pa\u00eds. Su operaci\u00f3n es muy parecido a un municipio&#8221;, dice el l\u00edder de la UCMA.<\/p><\/blockquote>\n<p>El l\u00edder de los comerciantes se\u00f1al\u00f3 que los locatarios tienen que estar comprometidos al 100 por ciento con la limpieza no solo de los productos, tambi\u00e9n para tener instalaciones dignas y una vialidad adecuada para incluso convertirse en un importante centro tur\u00edstico.<\/p>\n<p>Detall\u00f3 que ning\u00fan otro centro de negocios\u00a0en Jalisco <strong>genera la cantidad de empleos que la Central de Abastos, que van desde los 10 mil a los 15 mil directos y m\u00e1s de 100 mil indirectos.<\/strong>Con m\u00e1s de tres mil comerciantes establecidos formales.<\/p>\n<\/div>\n<\/div>\n","protected":false},"excerpt":{"rendered":"<p>Mercado de Abastos moviliza m\u00e1s de 21 mil toneladas de alimentos<br \/>\nPor Redacci\u00f3n QP<\/p>\n","protected":false},"author":2,"featured_media":17989,"comment_status":"open","ping_status":"open","sticky":false,"template":"","format":"standard","meta":{"_monsterinsights_skip_tracking":false,"_monsterinsights_sitenote_active":false,"_monsterinsights_sitenote_note":"","_monsterinsights_sitenote_category":0,"footnotes":""},"categories":[56],"tags":[],"class_list":["post-17990","post","type-post","status-publish","format-standard","has-post-thumbnail","hentry","category-economia"],"yoast_head":"<!-- This site is optimized with the Yoast SEO plugin v27.3 - https:\/\/yoast.com\/product\/yoast-seo-wordpress\/ -->\n<title>Mercado de Abastos moviliza m\u00e1s de 21 mil toneladas de alimentos -<\/title>\n<meta name=\"robots\" content=\"index, follow, max-snippet:-1, max-image-preview:large, max-video-preview:-1\" \/>\n<link rel=\"canonical\" href=\"https:\/\/quehacerpolitico.mx\/?p=17990\" \/>\n<meta property=\"og:locale\" content=\"es_MX\" \/>\n<meta property=\"og:type\" content=\"article\" \/>\n<meta property=\"og:title\" content=\"Mercado de Abastos moviliza m\u00e1s de 21 mil toneladas de alimentos -\" \/>\n<meta property=\"og:description\" content=\"Mercado de Abastos moviliza m\u00e1s de 21 mil toneladas de alimentos Por Redacci\u00f3n QP\" \/>\n<meta property=\"og:url\" content=\"https:\/\/quehacerpolitico.mx\/?p=17990\" \/>\n<meta property=\"article:published_time\" content=\"2019-02-22T15:41:55+00:00\" \/>\n<meta name=\"author\" content=\"Redacci\u00f3n QP\" \/>\n<meta name=\"twitter:card\" content=\"summary_large_image\" \/>\n<meta name=\"twitter:label1\" content=\"Escrito por\" \/>\n\t<meta name=\"twitter:data1\" content=\"Redacci\u00f3n QP\" \/>\n\t<meta name=\"twitter:label2\" content=\"Tiempo de lectura\" \/>\n\t<meta name=\"twitter:data2\" content=\"2 minutos\" \/>\n<script type=\"application\/ld+json\" class=\"yoast-schema-graph\">{\"@context\":\"https:\\\/\\\/schema.org\",\"@graph\":[{\"@type\":\"Article\",\"@id\":\"https:\\\/\\\/quehacerpolitico.mx\\\/?p=17990#article\",\"isPartOf\":{\"@id\":\"https:\\\/\\\/quehacerpolitico.mx\\\/?p=17990\"},\"author\":{\"name\":\"Redacci\u00f3n QP\",\"@id\":\"https:\\\/\\\/quehacerpolitico.mx\\\/#\\\/schema\\\/person\\\/496d8ad2d1d3f8036101dca7ee39e585\"},\"headline\":\"Mercado de Abastos moviliza m\u00e1s de 21 mil toneladas de alimentos\",\"datePublished\":\"2019-02-22T15:41:55+00:00\",\"mainEntityOfPage\":{\"@id\":\"https:\\\/\\\/quehacerpolitico.mx\\\/?p=17990\"},\"wordCount\":441,\"commentCount\":0,\"image\":{\"@id\":\"https:\\\/\\\/quehacerpolitico.mx\\\/?p=17990#primaryimage\"},\"thumbnailUrl\":\"\",\"articleSection\":[\"Econom\u00eda\"],\"inLanguage\":\"es\",\"potentialAction\":[{\"@type\":\"CommentAction\",\"name\":\"Comment\",\"target\":[\"https:\\\/\\\/quehacerpolitico.mx\\\/?p=17990#respond\"]}]},{\"@type\":\"WebPage\",\"@id\":\"https:\\\/\\\/quehacerpolitico.mx\\\/?p=17990\",\"url\":\"https:\\\/\\\/quehacerpolitico.mx\\\/?p=17990\",\"name\":\"Mercado de Abastos moviliza m\u00e1s de 21 mil toneladas de alimentos -\",\"isPartOf\":{\"@id\":\"https:\\\/\\\/quehacerpolitico.mx\\\/#website\"},\"primaryImageOfPage\":{\"@id\":\"https:\\\/\\\/quehacerpolitico.mx\\\/?p=17990#primaryimage\"},\"image\":{\"@id\":\"https:\\\/\\\/quehacerpolitico.mx\\\/?p=17990#primaryimage\"},\"thumbnailUrl\":\"\",\"datePublished\":\"2019-02-22T15:41:55+00:00\",\"author\":{\"@id\":\"https:\\\/\\\/quehacerpolitico.mx\\\/#\\\/schema\\\/person\\\/496d8ad2d1d3f8036101dca7ee39e585\"},\"breadcrumb\":{\"@id\":\"https:\\\/\\\/quehacerpolitico.mx\\\/?p=17990#breadcrumb\"},\"inLanguage\":\"es\",\"potentialAction\":[{\"@type\":\"ReadAction\",\"target\":[\"https:\\\/\\\/quehacerpolitico.mx\\\/?p=17990\"]}]},{\"@type\":\"ImageObject\",\"inLanguage\":\"es\",\"@id\":\"https:\\\/\\\/quehacerpolitico.mx\\\/?p=17990#primaryimage\",\"url\":\"\",\"contentUrl\":\"\"},{\"@type\":\"BreadcrumbList\",\"@id\":\"https:\\\/\\\/quehacerpolitico.mx\\\/?p=17990#breadcrumb\",\"itemListElement\":[{\"@type\":\"ListItem\",\"position\":1,\"name\":\"Inicio\",\"item\":\"https:\\\/\\\/quehacerpolitico.mx\\\/\"},{\"@type\":\"ListItem\",\"position\":2,\"name\":\"Mercado de Abastos moviliza m\u00e1s de 21 mil toneladas de alimentos\"}]},{\"@type\":\"WebSite\",\"@id\":\"https:\\\/\\\/quehacerpolitico.mx\\\/#website\",\"url\":\"https:\\\/\\\/quehacerpolitico.mx\\\/\",\"name\":\"\",\"description\":\"\",\"potentialAction\":[{\"@type\":\"SearchAction\",\"target\":{\"@type\":\"EntryPoint\",\"urlTemplate\":\"https:\\\/\\\/quehacerpolitico.mx\\\/?s={search_term_string}\"},\"query-input\":{\"@type\":\"PropertyValueSpecification\",\"valueRequired\":true,\"valueName\":\"search_term_string\"}}],\"inLanguage\":\"es\"},{\"@type\":\"Person\",\"@id\":\"https:\\\/\\\/quehacerpolitico.mx\\\/#\\\/schema\\\/person\\\/496d8ad2d1d3f8036101dca7ee39e585\",\"name\":\"Redacci\u00f3n QP\",\"image\":{\"@type\":\"ImageObject\",\"inLanguage\":\"es\",\"@id\":\"https:\\\/\\\/secure.gravatar.com\\\/avatar\\\/c7164ed6fdec453195284ad24a5ae5b6e1eed2b848477fa2a4787ba9adf39a41?s=96&d=mm&r=g\",\"url\":\"https:\\\/\\\/secure.gravatar.com\\\/avatar\\\/c7164ed6fdec453195284ad24a5ae5b6e1eed2b848477fa2a4787ba9adf39a41?s=96&d=mm&r=g\",\"contentUrl\":\"https:\\\/\\\/secure.gravatar.com\\\/avatar\\\/c7164ed6fdec453195284ad24a5ae5b6e1eed2b848477fa2a4787ba9adf39a41?s=96&d=mm&r=g\",\"caption\":\"Redacci\u00f3n QP\"},\"url\":\"https:\\\/\\\/quehacerpolitico.mx\\\/?author=2\"}]}<\/script>\n<!-- \/ Yoast SEO plugin. -->","yoast_head_json":{"title":"Mercado de Abastos moviliza m\u00e1s de 21 mil toneladas de alimentos -","robots":{"index":"index","follow":"follow","max-snippet":"max-snippet:-1","max-image-preview":"max-image-preview:large","max-video-preview":"max-video-preview:-1"},"canonical":"https:\/\/quehacerpolitico.mx\/?p=17990","og_locale":"es_MX","og_type":"article","og_title":"Mercado de Abastos moviliza m\u00e1s de 21 mil toneladas de alimentos -","og_description":"Mercado de Abastos moviliza m\u00e1s de 21 mil toneladas de alimentos Por Redacci\u00f3n QP","og_url":"https:\/\/quehacerpolitico.mx\/?p=17990","article_published_time":"2019-02-22T15:41:55+00:00","author":"Redacci\u00f3n QP","twitter_card":"summary_large_image","twitter_misc":{"Escrito por":"Redacci\u00f3n QP","Tiempo de lectura":"2 minutos"},"schema":{"@context":"https:\/\/schema.org","@graph":[{"@type":"Article","@id":"https:\/\/quehacerpolitico.mx\/?p=17990#article","isPartOf":{"@id":"https:\/\/quehacerpolitico.mx\/?p=17990"},"author":{"name":"Redacci\u00f3n QP","@id":"https:\/\/quehacerpolitico.mx\/#\/schema\/person\/496d8ad2d1d3f8036101dca7ee39e585"},"headline":"Mercado de Abastos moviliza m\u00e1s de 21 mil toneladas de alimentos","datePublished":"2019-02-22T15:41:55+00:00","mainEntityOfPage":{"@id":"https:\/\/quehacerpolitico.mx\/?p=17990"},"wordCount":441,"commentCount":0,"image":{"@id":"https:\/\/quehacerpolitico.mx\/?p=17990#primaryimage"},"thumbnailUrl":"","articleSection":["Econom\u00eda"],"inLanguage":"es","potentialAction":[{"@type":"CommentAction","name":"Comment","target":["https:\/\/quehacerpolitico.mx\/?p=17990#respond"]}]},{"@type":"WebPage","@id":"https:\/\/quehacerpolitico.mx\/?p=17990","url":"https:\/\/quehacerpolitico.mx\/?p=17990","name":"Mercado de Abastos moviliza m\u00e1s de 21 mil toneladas de alimentos -","isPartOf":{"@id":"https:\/\/quehacerpolitico.mx\/#website"},"primaryImageOfPage":{"@id":"https:\/\/quehacerpolitico.mx\/?p=17990#primaryimage"},"image":{"@id":"https:\/\/quehacerpolitico.mx\/?p=17990#primaryimage"},"thumbnailUrl":"","datePublished":"2019-02-22T15:41:55+00:00","author":{"@id":"https:\/\/quehacerpolitico.mx\/#\/schema\/person\/496d8ad2d1d3f8036101dca7ee39e585"},"breadcrumb":{"@id":"https:\/\/quehacerpolitico.mx\/?p=17990#breadcrumb"},"inLanguage":"es","potentialAction":[{"@type":"ReadAction","target":["https:\/\/quehacerpolitico.mx\/?p=17990"]}]},{"@type":"ImageObject","inLanguage":"es","@id":"https:\/\/quehacerpolitico.mx\/?p=17990#primaryimage","url":"","contentUrl":""},{"@type":"BreadcrumbList","@id":"https:\/\/quehacerpolitico.mx\/?p=17990#breadcrumb","itemListElement":[{"@type":"ListItem","position":1,"name":"Inicio","item":"https:\/\/quehacerpolitico.mx\/"},{"@type":"ListItem","position":2,"name":"Mercado de Abastos moviliza m\u00e1s de 21 mil toneladas de alimentos"}]},{"@type":"WebSite","@id":"https:\/\/quehacerpolitico.mx\/#website","url":"https:\/\/quehacerpolitico.mx\/","name":"","description":"","potentialAction":[{"@type":"SearchAction","target":{"@type":"EntryPoint","urlTemplate":"https:\/\/quehacerpolitico.mx\/?s={search_term_string}"},"query-input":{"@type":"PropertyValueSpecification","valueRequired":true,"valueName":"search_term_string"}}],"inLanguage":"es"},{"@type":"Person","@id":"https:\/\/quehacerpolitico.mx\/#\/schema\/person\/496d8ad2d1d3f8036101dca7ee39e585","name":"Redacci\u00f3n QP","image":{"@type":"ImageObject","inLanguage":"es","@id":"https:\/\/secure.gravatar.com\/avatar\/c7164ed6fdec453195284ad24a5ae5b6e1eed2b848477fa2a4787ba9adf39a41?s=96&d=mm&r=g","url":"https:\/\/secure.gravatar.com\/avatar\/c7164ed6fdec453195284ad24a5ae5b6e1eed2b848477fa2a4787ba9adf39a41?s=96&d=mm&r=g","contentUrl":"https:\/\/secure.gravatar.com\/avatar\/c7164ed6fdec453195284ad24a5ae5b6e1eed2b848477fa2a4787ba9adf39a41?s=96&d=mm&r=g","caption":"Redacci\u00f3n QP"},"url":"https:\/\/quehacerpolitico.mx\/?author=2"}]}},"featured_image_urls":{"full":"","thumbnail":"","medium":"","medium_large":"","large":"","1536x1536":"","2048x2048":"","covernews-featured":"","covernews-medium":""},"author_info":{"display_name":"Redacci\u00f3n QP","author_link":"https:\/\/quehacerpolitico.mx\/?author=2"},"category_info":"<a href=\"https:\/\/quehacerpolitico.mx\/?cat=56\" rel=\"category\">Econom\u00eda<\/a>","tag_info":"Econom\u00eda","comment_count":"0","_links":{"self":[{"href":"https:\/\/quehacerpolitico.mx\/index.php?rest_route=\/wp\/v2\/posts\/17990","targetHints":{"allow":["GET"]}}],"collection":[{"href":"https:\/\/quehacerpolitico.mx\/index.php?rest_route=\/wp\/v2\/posts"}],"about":[{"href":"https:\/\/quehacerpolitico.mx\/index.php?rest_route=\/wp\/v2\/types\/post"}],"author":[{"embeddable":true,"href":"https:\/\/quehacerpolitico.mx\/index.php?rest_route=\/wp\/v2\/users\/2"}],"replies":[{"embeddable":true,"href":"https:\/\/quehacerpolitico.mx\/index.php?rest_route=%2Fwp%2Fv2%2Fcomments&post=17990"}],"version-history":[{"count":0,"href":"https:\/\/quehacerpolitico.mx\/index.php?rest_route=\/wp\/v2\/posts\/17990\/revisions"}],"wp:featuredmedia":[{"embeddable":true,"href":"https:\/\/quehacerpolitico.mx\/index.php?rest_route=\/"}],"wp:attachment":[{"href":"https:\/\/quehacerpolitico.mx\/index.php?rest_route=%2Fwp%2Fv2%2Fmedia&parent=17990"}],"wp:term":[{"taxonomy":"category","embeddable":true,"href":"https:\/\/quehacerpolitico.mx\/index.php?rest_route=%2Fwp%2Fv2%2Fcategories&post=17990"},{"taxonomy":"post_tag","embeddable":true,"href":"https:\/\/quehacerpolitico.mx\/index.php?rest_route=%2Fwp%2Fv2%2Ftags&post=17990"}],"curies":[{"name":"wp","href":"https:\/\/api.w.org\/{rel}","templated":true}]}}