{"id":17984,"date":"2019-02-22T15:10:29","date_gmt":"2019-02-22T15:10:29","guid":{"rendered":"http:\/\/quehacerpolitico.mx\/internacionales-carolina-alonso-romei-videos-terremoto-de-magnitud-7-5-azota-el-sur-de-ecuador-al-momento-no-se-reportan-victimas\/"},"modified":"2019-02-22T15:10:29","modified_gmt":"2019-02-22T15:10:29","slug":"internacionales-carolina-alonso-romei-videos-terremoto-de-magnitud-7-5-azota-el-sur-de-ecuador-al-momento-no-se-reportan-victimas","status":"publish","type":"post","link":"https:\/\/quehacerpolitico.mx\/?p=17984","title":{"rendered":"Internacionales\/\/\/Carolina Alonso Romei\/\/\/VIDEOS: Terremoto de magnitud 7.5 azota el sur de Ecuador; al momento no se reportan v\u00edctimas"},"content":{"rendered":"<h1>VIDEOS: Terremoto de magnitud 7.5 azota el sur de Ecuador; al momento no se reportan v\u00edctimas<\/h1>\n<p>Por Carolina Alonso Romei\u00a0<\/p>\n<p>Internacionalista\u00a0<\/p>\n<p>Un poderoso <strong>terremoto de magnitud 7.5<\/strong> golpe\u00f3 el sur de Ecuador en las <strong>primeras horas de este viernes<\/strong>cerca de la <strong>frontera del pa\u00eds con Per\u00fa,<\/strong>\u00a0el cual dej\u00f3 al menos dos personas heridas \u201csin mayor gravedad\u201d<strong>.<\/strong><\/p>\n<p>Un herido se registr\u00f3 en la Gualaquiza (al sur de la provincia) y el otro en la ciudad de Macas, capital de Morona Santiago, precis\u00f3 un comunicado de la instituci\u00f3n.<\/p>\n<p>Igualmente, se reportaron da\u00f1os menores en algunas infraestructuras de la provincia amaz\u00f3nica, as\u00ed como cortes de electricidad en el cant\u00f3n Twinza y en algunos puntos de la provincia costera de Manab\u00ed (oeste).<\/p>\n<p>Tambi\u00e9n se inform\u00f3 de la ca\u00edda varios tendidos el\u00e9ctricos en los cantones de El Guabo y Santa Rosa, en la provincia de El Oro (sudoeste, fronteriza con Per\u00fa).<\/p>\n<p>El Servicio Geol\u00f3gico de los Estados Unidos dijo que el terremoto ocurri\u00f3 a las 10:17 GMT 115 kil\u00f3metros al sureste de la ciudad de Palora, en la provincia de Morona Santiago, a una profundidad de 132 kil\u00f3metros.<\/p>\n<p>Por precauci\u00f3n, los servicios de emergencia de Ecuador procedieron a evacuar algunas instituciones hospitalarias en las provincias del Guayas (sudoeste, donde se registr\u00f3 un temblor de 5.9 grados en la escala abierta de Richter) y Los R\u00edos (centro).<\/p>\n<p>El temblor se sinti\u00f3 en la capital ecuatoriana, Quito, y en la ciudad costera de Guayaquil.<\/p>\n<blockquote class=\"twitter-tweet\" data-width=\"550\" data-dnt=\"true\">\n<p lang=\"es\" dir=\"ltr\">\ud83d\udd34 Momento del intenso sismo entre Ecuador y Per\u00fa<br \/>\u27a1\ufe0f <a href=\"https:\/\/t.co\/FfP3TM6qFe\">https:\/\/t.co\/FfP3TM6qFe<\/a> <a href=\"https:\/\/t.co\/CfvgdFfIvC\">pic.twitter.com\/CfvgdFfIvC<\/a><\/p>\n<p>&mdash; RT en Espa\u00f1ol (@ActualidadRT) <a href=\"https:\/\/twitter.com\/ActualidadRT\/status\/1098923945443688449?ref_src=twsrc%5Etfw\">February 22, 2019<\/a><\/p><\/blockquote>\n<p><script async src=\"https:\/\/platform.twitter.com\/widgets.js\" charset=\"utf-8\"><\/script><\/p>\n<p>El instituto oficial de geof\u00edsica de Per\u00fa dijo que registr\u00f3 dos r\u00e9plicas de magnitud 6.06 y 6.6 en los 30 minutos que siguieron al primer temblor.<\/p>\n<p>https:\/\/twitter.com\/alejogavilanes\/status\/1098903029586317312?s=21<\/p>\n<p>El presidente de Ecuador, Lenin Moreno, dijo en su cuenta oficial de Twitter que \u201clos informes preliminares de los terremotos cerca de Macas (la capital provincial de Morona Santiago) no muestran grandes da\u00f1os\u201d.<\/p>\n<blockquote class=\"twitter-tweet\" data-width=\"550\" data-dnt=\"true\">\n<p lang=\"es\" dir=\"ltr\">Compatriotas queridos, los reportes preliminares de los primeros sismos cerca de Macas no indican da\u00f1os mayores. Fueron sentidos en todo el pa\u00eds y algunos COE provinciales ya se han activado.<\/p>\n<p>&mdash; Len\u00edn Moreno (@Lenin) <a href=\"https:\/\/twitter.com\/Lenin\/status\/1098900862779473920?ref_src=twsrc%5Etfw\">February 22, 2019<\/a><\/p><\/blockquote>\n<p><script async src=\"https:\/\/platform.twitter.com\/widgets.js\" charset=\"utf-8\"><\/script><\/p>\n<p>Posteriormente dio a conocer que un tercer sismo se origin\u00f3 cerca de la provincia de Guayaquil sin mayores reportes o da\u00f1os ocasionados.<\/p>\n<blockquote class=\"twitter-tweet\" data-width=\"550\" data-dnt=\"true\">\n<p lang=\"es\" dir=\"ltr\">El tercer sismo fue cerca de Guayaqull. Los informes preliminares tampoco reportan mayores da\u00f1os. Manteng\u00e1monos siempre informados por los canales oficiales.<\/p>\n<p>&mdash; Len\u00edn Moreno (@Lenin) <a href=\"https:\/\/twitter.com\/Lenin\/status\/1098900864574603264?ref_src=twsrc%5Etfw\">February 22, 2019<\/a><\/p><\/blockquote>\n<p><script async src=\"https:\/\/platform.twitter.com\/widgets.js\" charset=\"utf-8\"><\/script><\/p>\n<p>Un terremoto de magnitud 7.8 que sacudi\u00f3 un \u00e1rea central de la costa ecuatoriana el 16 de abril de 2016, mat\u00f3 a m\u00e1s de 700 personas, destruy\u00f3 cientos de casas y caus\u00f3 p\u00e9rdidas por m\u00e1s de 3 mil millones.<\/p>\n<p>Con Informaci\u00f3n de AP\/EFE<\/p>\n","protected":false},"excerpt":{"rendered":"<p>VIDEOS: Terremoto de magnitud 7.5 azota el sur de Ecuador; al momento no se reportan v\u00edctimas<br \/>\nPor Carolina Alonso Romei<br \/>\nInternacionalista<\/p>\n","protected":false},"author":2,"featured_media":17983,"comment_status":"open","ping_status":"open","sticky":false,"template":"","format":"standard","meta":{"_monsterinsights_skip_tracking":false,"_monsterinsights_sitenote_active":false,"_monsterinsights_sitenote_note":"","_monsterinsights_sitenote_category":0,"footnotes":""},"categories":[1],"tags":[],"class_list":["post-17984","post","type-post","status-publish","format-standard","has-post-thumbnail","hentry","category-sin-categoria"],"yoast_head":"<!-- This site is optimized with the Yoast SEO plugin v27.3 - https:\/\/yoast.com\/product\/yoast-seo-wordpress\/ -->\n<title>Internacionales\/\/\/Carolina Alonso Romei\/\/\/VIDEOS: Terremoto de magnitud 7.5 azota el sur de Ecuador; al momento no se reportan v\u00edctimas -<\/title>\n<meta name=\"robots\" content=\"index, follow, max-snippet:-1, max-image-preview:large, max-video-preview:-1\" \/>\n<link rel=\"canonical\" href=\"https:\/\/quehacerpolitico.mx\/?p=17984\" \/>\n<meta property=\"og:locale\" content=\"es_MX\" \/>\n<meta property=\"og:type\" content=\"article\" \/>\n<meta property=\"og:title\" content=\"Internacionales\/\/\/Carolina Alonso Romei\/\/\/VIDEOS: Terremoto de magnitud 7.5 azota el sur de Ecuador; al momento no se reportan v\u00edctimas -\" \/>\n<meta property=\"og:description\" content=\"VIDEOS: Terremoto de magnitud 7.5 azota el sur de Ecuador; al momento no se reportan v\u00edctimas Por Carolina Alonso Romei Internacionalista\" \/>\n<meta property=\"og:url\" content=\"https:\/\/quehacerpolitico.mx\/?p=17984\" \/>\n<meta property=\"article:published_time\" content=\"2019-02-22T15:10:29+00:00\" \/>\n<meta name=\"author\" content=\"Redacci\u00f3n QP\" \/>\n<meta name=\"twitter:card\" content=\"summary_large_image\" \/>\n<meta name=\"twitter:label1\" content=\"Escrito por\" \/>\n\t<meta name=\"twitter:data1\" content=\"Redacci\u00f3n QP\" \/>\n\t<meta name=\"twitter:label2\" content=\"Tiempo de lectura\" \/>\n\t<meta name=\"twitter:data2\" content=\"2 minutos\" \/>\n<script type=\"application\/ld+json\" class=\"yoast-schema-graph\">{\"@context\":\"https:\\\/\\\/schema.org\",\"@graph\":[{\"@type\":\"Article\",\"@id\":\"https:\\\/\\\/quehacerpolitico.mx\\\/?p=17984#article\",\"isPartOf\":{\"@id\":\"https:\\\/\\\/quehacerpolitico.mx\\\/?p=17984\"},\"author\":{\"name\":\"Redacci\u00f3n QP\",\"@id\":\"https:\\\/\\\/quehacerpolitico.mx\\\/#\\\/schema\\\/person\\\/496d8ad2d1d3f8036101dca7ee39e585\"},\"headline\":\"Internacionales\\\/\\\/\\\/Carolina Alonso Romei\\\/\\\/\\\/VIDEOS: Terremoto de magnitud 7.5 azota el sur de Ecuador; al momento no se reportan v\u00edctimas\",\"datePublished\":\"2019-02-22T15:10:29+00:00\",\"mainEntityOfPage\":{\"@id\":\"https:\\\/\\\/quehacerpolitico.mx\\\/?p=17984\"},\"wordCount\":415,\"commentCount\":0,\"image\":{\"@id\":\"https:\\\/\\\/quehacerpolitico.mx\\\/?p=17984#primaryimage\"},\"thumbnailUrl\":\"\",\"articleSection\":[\"Internacionales\"],\"inLanguage\":\"es\",\"potentialAction\":[{\"@type\":\"CommentAction\",\"name\":\"Comment\",\"target\":[\"https:\\\/\\\/quehacerpolitico.mx\\\/?p=17984#respond\"]}]},{\"@type\":\"WebPage\",\"@id\":\"https:\\\/\\\/quehacerpolitico.mx\\\/?p=17984\",\"url\":\"https:\\\/\\\/quehacerpolitico.mx\\\/?p=17984\",\"name\":\"Internacionales\\\/\\\/\\\/Carolina Alonso Romei\\\/\\\/\\\/VIDEOS: Terremoto de magnitud 7.5 azota el sur de Ecuador; al momento no se reportan v\u00edctimas -\",\"isPartOf\":{\"@id\":\"https:\\\/\\\/quehacerpolitico.mx\\\/#website\"},\"primaryImageOfPage\":{\"@id\":\"https:\\\/\\\/quehacerpolitico.mx\\\/?p=17984#primaryimage\"},\"image\":{\"@id\":\"https:\\\/\\\/quehacerpolitico.mx\\\/?p=17984#primaryimage\"},\"thumbnailUrl\":\"\",\"datePublished\":\"2019-02-22T15:10:29+00:00\",\"author\":{\"@id\":\"https:\\\/\\\/quehacerpolitico.mx\\\/#\\\/schema\\\/person\\\/496d8ad2d1d3f8036101dca7ee39e585\"},\"breadcrumb\":{\"@id\":\"https:\\\/\\\/quehacerpolitico.mx\\\/?p=17984#breadcrumb\"},\"inLanguage\":\"es\",\"potentialAction\":[{\"@type\":\"ReadAction\",\"target\":[\"https:\\\/\\\/quehacerpolitico.mx\\\/?p=17984\"]}]},{\"@type\":\"ImageObject\",\"inLanguage\":\"es\",\"@id\":\"https:\\\/\\\/quehacerpolitico.mx\\\/?p=17984#primaryimage\",\"url\":\"\",\"contentUrl\":\"\"},{\"@type\":\"BreadcrumbList\",\"@id\":\"https:\\\/\\\/quehacerpolitico.mx\\\/?p=17984#breadcrumb\",\"itemListElement\":[{\"@type\":\"ListItem\",\"position\":1,\"name\":\"Inicio\",\"item\":\"https:\\\/\\\/quehacerpolitico.mx\\\/\"},{\"@type\":\"ListItem\",\"position\":2,\"name\":\"Internacionales\\\/\\\/\\\/Carolina Alonso Romei\\\/\\\/\\\/VIDEOS: Terremoto de magnitud 7.5 azota el sur de Ecuador; al momento no se reportan v\u00edctimas\"}]},{\"@type\":\"WebSite\",\"@id\":\"https:\\\/\\\/quehacerpolitico.mx\\\/#website\",\"url\":\"https:\\\/\\\/quehacerpolitico.mx\\\/\",\"name\":\"\",\"description\":\"\",\"potentialAction\":[{\"@type\":\"SearchAction\",\"target\":{\"@type\":\"EntryPoint\",\"urlTemplate\":\"https:\\\/\\\/quehacerpolitico.mx\\\/?s={search_term_string}\"},\"query-input\":{\"@type\":\"PropertyValueSpecification\",\"valueRequired\":true,\"valueName\":\"search_term_string\"}}],\"inLanguage\":\"es\"},{\"@type\":\"Person\",\"@id\":\"https:\\\/\\\/quehacerpolitico.mx\\\/#\\\/schema\\\/person\\\/496d8ad2d1d3f8036101dca7ee39e585\",\"name\":\"Redacci\u00f3n QP\",\"image\":{\"@type\":\"ImageObject\",\"inLanguage\":\"es\",\"@id\":\"https:\\\/\\\/secure.gravatar.com\\\/avatar\\\/c7164ed6fdec453195284ad24a5ae5b6e1eed2b848477fa2a4787ba9adf39a41?s=96&d=mm&r=g\",\"url\":\"https:\\\/\\\/secure.gravatar.com\\\/avatar\\\/c7164ed6fdec453195284ad24a5ae5b6e1eed2b848477fa2a4787ba9adf39a41?s=96&d=mm&r=g\",\"contentUrl\":\"https:\\\/\\\/secure.gravatar.com\\\/avatar\\\/c7164ed6fdec453195284ad24a5ae5b6e1eed2b848477fa2a4787ba9adf39a41?s=96&d=mm&r=g\",\"caption\":\"Redacci\u00f3n QP\"},\"url\":\"https:\\\/\\\/quehacerpolitico.mx\\\/?author=2\"}]}<\/script>\n<!-- \/ Yoast SEO plugin. -->","yoast_head_json":{"title":"Internacionales\/\/\/Carolina Alonso Romei\/\/\/VIDEOS: Terremoto de magnitud 7.5 azota el sur de Ecuador; al momento no se reportan v\u00edctimas -","robots":{"index":"index","follow":"follow","max-snippet":"max-snippet:-1","max-image-preview":"max-image-preview:large","max-video-preview":"max-video-preview:-1"},"canonical":"https:\/\/quehacerpolitico.mx\/?p=17984","og_locale":"es_MX","og_type":"article","og_title":"Internacionales\/\/\/Carolina Alonso Romei\/\/\/VIDEOS: Terremoto de magnitud 7.5 azota el sur de Ecuador; al momento no se reportan v\u00edctimas -","og_description":"VIDEOS: Terremoto de magnitud 7.5 azota el sur de Ecuador; al momento no se reportan v\u00edctimas Por Carolina Alonso Romei Internacionalista","og_url":"https:\/\/quehacerpolitico.mx\/?p=17984","article_published_time":"2019-02-22T15:10:29+00:00","author":"Redacci\u00f3n QP","twitter_card":"summary_large_image","twitter_misc":{"Escrito por":"Redacci\u00f3n QP","Tiempo de lectura":"2 minutos"},"schema":{"@context":"https:\/\/schema.org","@graph":[{"@type":"Article","@id":"https:\/\/quehacerpolitico.mx\/?p=17984#article","isPartOf":{"@id":"https:\/\/quehacerpolitico.mx\/?p=17984"},"author":{"name":"Redacci\u00f3n QP","@id":"https:\/\/quehacerpolitico.mx\/#\/schema\/person\/496d8ad2d1d3f8036101dca7ee39e585"},"headline":"Internacionales\/\/\/Carolina Alonso Romei\/\/\/VIDEOS: Terremoto de magnitud 7.5 azota el sur de Ecuador; al momento no se reportan v\u00edctimas","datePublished":"2019-02-22T15:10:29+00:00","mainEntityOfPage":{"@id":"https:\/\/quehacerpolitico.mx\/?p=17984"},"wordCount":415,"commentCount":0,"image":{"@id":"https:\/\/quehacerpolitico.mx\/?p=17984#primaryimage"},"thumbnailUrl":"","articleSection":["Internacionales"],"inLanguage":"es","potentialAction":[{"@type":"CommentAction","name":"Comment","target":["https:\/\/quehacerpolitico.mx\/?p=17984#respond"]}]},{"@type":"WebPage","@id":"https:\/\/quehacerpolitico.mx\/?p=17984","url":"https:\/\/quehacerpolitico.mx\/?p=17984","name":"Internacionales\/\/\/Carolina Alonso Romei\/\/\/VIDEOS: Terremoto de magnitud 7.5 azota el sur de Ecuador; al momento no se reportan v\u00edctimas -","isPartOf":{"@id":"https:\/\/quehacerpolitico.mx\/#website"},"primaryImageOfPage":{"@id":"https:\/\/quehacerpolitico.mx\/?p=17984#primaryimage"},"image":{"@id":"https:\/\/quehacerpolitico.mx\/?p=17984#primaryimage"},"thumbnailUrl":"","datePublished":"2019-02-22T15:10:29+00:00","author":{"@id":"https:\/\/quehacerpolitico.mx\/#\/schema\/person\/496d8ad2d1d3f8036101dca7ee39e585"},"breadcrumb":{"@id":"https:\/\/quehacerpolitico.mx\/?p=17984#breadcrumb"},"inLanguage":"es","potentialAction":[{"@type":"ReadAction","target":["https:\/\/quehacerpolitico.mx\/?p=17984"]}]},{"@type":"ImageObject","inLanguage":"es","@id":"https:\/\/quehacerpolitico.mx\/?p=17984#primaryimage","url":"","contentUrl":""},{"@type":"BreadcrumbList","@id":"https:\/\/quehacerpolitico.mx\/?p=17984#breadcrumb","itemListElement":[{"@type":"ListItem","position":1,"name":"Inicio","item":"https:\/\/quehacerpolitico.mx\/"},{"@type":"ListItem","position":2,"name":"Internacionales\/\/\/Carolina Alonso Romei\/\/\/VIDEOS: Terremoto de magnitud 7.5 azota el sur de Ecuador; al momento no se reportan v\u00edctimas"}]},{"@type":"WebSite","@id":"https:\/\/quehacerpolitico.mx\/#website","url":"https:\/\/quehacerpolitico.mx\/","name":"","description":"","potentialAction":[{"@type":"SearchAction","target":{"@type":"EntryPoint","urlTemplate":"https:\/\/quehacerpolitico.mx\/?s={search_term_string}"},"query-input":{"@type":"PropertyValueSpecification","valueRequired":true,"valueName":"search_term_string"}}],"inLanguage":"es"},{"@type":"Person","@id":"https:\/\/quehacerpolitico.mx\/#\/schema\/person\/496d8ad2d1d3f8036101dca7ee39e585","name":"Redacci\u00f3n QP","image":{"@type":"ImageObject","inLanguage":"es","@id":"https:\/\/secure.gravatar.com\/avatar\/c7164ed6fdec453195284ad24a5ae5b6e1eed2b848477fa2a4787ba9adf39a41?s=96&d=mm&r=g","url":"https:\/\/secure.gravatar.com\/avatar\/c7164ed6fdec453195284ad24a5ae5b6e1eed2b848477fa2a4787ba9adf39a41?s=96&d=mm&r=g","contentUrl":"https:\/\/secure.gravatar.com\/avatar\/c7164ed6fdec453195284ad24a5ae5b6e1eed2b848477fa2a4787ba9adf39a41?s=96&d=mm&r=g","caption":"Redacci\u00f3n QP"},"url":"https:\/\/quehacerpolitico.mx\/?author=2"}]}},"featured_image_urls":{"full":"","thumbnail":"","medium":"","medium_large":"","large":"","1536x1536":"","2048x2048":"","covernews-featured":"","covernews-medium":""},"author_info":{"display_name":"Redacci\u00f3n QP","author_link":"https:\/\/quehacerpolitico.mx\/?author=2"},"category_info":"<a href=\"https:\/\/quehacerpolitico.mx\/?cat=1\" rel=\"category\">Internacionales<\/a>","tag_info":"Internacionales","comment_count":"0","_links":{"self":[{"href":"https:\/\/quehacerpolitico.mx\/index.php?rest_route=\/wp\/v2\/posts\/17984","targetHints":{"allow":["GET"]}}],"collection":[{"href":"https:\/\/quehacerpolitico.mx\/index.php?rest_route=\/wp\/v2\/posts"}],"about":[{"href":"https:\/\/quehacerpolitico.mx\/index.php?rest_route=\/wp\/v2\/types\/post"}],"author":[{"embeddable":true,"href":"https:\/\/quehacerpolitico.mx\/index.php?rest_route=\/wp\/v2\/users\/2"}],"replies":[{"embeddable":true,"href":"https:\/\/quehacerpolitico.mx\/index.php?rest_route=%2Fwp%2Fv2%2Fcomments&post=17984"}],"version-history":[{"count":0,"href":"https:\/\/quehacerpolitico.mx\/index.php?rest_route=\/wp\/v2\/posts\/17984\/revisions"}],"wp:featuredmedia":[{"embeddable":true,"href":"https:\/\/quehacerpolitico.mx\/index.php?rest_route=\/"}],"wp:attachment":[{"href":"https:\/\/quehacerpolitico.mx\/index.php?rest_route=%2Fwp%2Fv2%2Fmedia&parent=17984"}],"wp:term":[{"taxonomy":"category","embeddable":true,"href":"https:\/\/quehacerpolitico.mx\/index.php?rest_route=%2Fwp%2Fv2%2Fcategories&post=17984"},{"taxonomy":"post_tag","embeddable":true,"href":"https:\/\/quehacerpolitico.mx\/index.php?rest_route=%2Fwp%2Fv2%2Ftags&post=17984"}],"curies":[{"name":"wp","href":"https:\/\/api.w.org\/{rel}","templated":true}]}}