{"id":17978,"date":"2019-02-22T14:55:02","date_gmt":"2019-02-22T14:55:02","guid":{"rendered":"http:\/\/quehacerpolitico.mx\/policias-en-bicicleta-podran-multar-a-automovilistas-gandallas\/"},"modified":"2019-02-22T14:55:02","modified_gmt":"2019-02-22T14:55:02","slug":"policias-en-bicicleta-podran-multar-a-automovilistas-gandallas","status":"publish","type":"post","link":"https:\/\/quehacerpolitico.mx\/?p=17978","title":{"rendered":"Polic\u00edas en bicicleta podr\u00e1n multar a automovilistas gandallas"},"content":{"rendered":"<h1 class=\"amp-wp-title\">Polic\u00edas en bicicleta podr\u00e1n multar a automovilistas gandallas<\/h1>\n<p>Por Redacci\u00f3n QP<\/p>\n<p>Ser\u00e1 a partir de este segundo <strong>semestre del 2019<\/strong> que elementos polic\u00eda de la <strong>Subsecretar\u00eda de Tr\u00e1nsito<\/strong>que vigilan las <strong>ciclopistas<\/strong> podr\u00e1n imponer una <strong>multa<\/strong> a los <strong>conductores<\/strong> de <strong>autom\u00f3viles<\/strong><strong>motorizados<\/strong> que hagan un<strong> mal uso de la v\u00eda. <\/strong><\/p>\n<p>Los elementos portar\u00e1n <em>handhelds<\/em> para aplicar infracciones en las <strong>ciclopistas<\/strong> de <strong>Paseo de la Reforma<\/strong> y parte de la alcald\u00eda <strong>Benito Ju\u00e1rez.<\/strong> El <strong>operativo<\/strong> comenz\u00f3 el <strong>pasado 21 de enero<\/strong> cuando<strong>100 oficiales<\/strong> fueron designadas al cuidado de estas <strong>v\u00edas.<\/strong><\/p>\n<p>En tanto, la <strong>segunda etapa<\/strong> ya va a ser cuando las polic\u00edas tengan su <em>handheld.<\/em><\/p>\n<h3>\u00bfC\u00f3mo funcionar\u00e1?<\/h3>\n<p>Las mujeres recorrer\u00e1n las <strong>principales<\/strong> <strong>arterias<\/strong> que tienen las <strong>ciclov\u00edas<\/strong>, sobre todo en la alcald\u00eda de <strong>Cuauht\u00e9moc<\/strong>, Benito Ju\u00e1rez y la zona de <strong>Polanco<\/strong>, a bordo de sus <strong>bicicletas<\/strong>.<\/p>\n<blockquote>\n<p>\u201cLas agentes siguen en todo momento los <strong>protocolos<\/strong> de <strong>actuaci\u00f3n policial<\/strong> y de respeto a los <strong>derechos humanos,<\/strong> y no s\u00f3lo intervienen en asuntos de vialidad.<\/p>\n<p>Estando en la calle les <strong>solicitan muchos apoyos<\/strong>, desde pasar la calle para una persona que tiene la <strong>necesidad<\/strong> de esa <strong>ayuda<\/strong>, han cubierto choques, tambi\u00e9n han apoyado en <strong>situaciones<\/strong> de<strong> robo menor<\/strong>\u201d, detall\u00f3 la\u00a0primera superintendente<strong>, Mar\u00eda Cristina Morales Dom\u00ednguez. <\/strong><\/p>\n<\/blockquote>\n<p class=\"amp-wp-inline-256659ade2cf5854eb8a79d0057ffb1c\"><em>Con informaci\u00f3n de Exc\u00e9lsior<\/em><\/p>\n","protected":false},"excerpt":{"rendered":"<p>Polic\u00edas en bicicleta podr\u00e1n multar a automovilistas gandallas<br \/>\nPor Redacci\u00f3n QP<\/p>\n","protected":false},"author":2,"featured_media":17977,"comment_status":"open","ping_status":"open","sticky":false,"template":"","format":"standard","meta":{"_monsterinsights_skip_tracking":false,"_monsterinsights_sitenote_active":false,"_monsterinsights_sitenote_note":"","_monsterinsights_sitenote_category":0,"footnotes":""},"categories":[55],"tags":[],"class_list":["post-17978","post","type-post","status-publish","format-standard","has-post-thumbnail","hentry","category-cdmx"],"yoast_head":"<!-- This site is optimized with the Yoast SEO plugin v27.3 - https:\/\/yoast.com\/product\/yoast-seo-wordpress\/ -->\n<title>Polic\u00edas en bicicleta podr\u00e1n multar a automovilistas gandallas -<\/title>\n<meta name=\"robots\" content=\"index, follow, max-snippet:-1, max-image-preview:large, max-video-preview:-1\" \/>\n<link rel=\"canonical\" href=\"https:\/\/quehacerpolitico.mx\/?p=17978\" \/>\n<meta property=\"og:locale\" content=\"es_MX\" \/>\n<meta property=\"og:type\" content=\"article\" \/>\n<meta property=\"og:title\" content=\"Polic\u00edas en bicicleta podr\u00e1n multar a automovilistas gandallas -\" \/>\n<meta property=\"og:description\" content=\"Polic\u00edas en bicicleta podr\u00e1n multar a automovilistas gandallas Por Redacci\u00f3n QP\" \/>\n<meta property=\"og:url\" content=\"https:\/\/quehacerpolitico.mx\/?p=17978\" \/>\n<meta property=\"article:published_time\" content=\"2019-02-22T14:55:02+00:00\" \/>\n<meta name=\"author\" content=\"Redacci\u00f3n QP\" \/>\n<meta name=\"twitter:card\" content=\"summary_large_image\" \/>\n<meta name=\"twitter:label1\" content=\"Escrito por\" \/>\n\t<meta name=\"twitter:data1\" content=\"Redacci\u00f3n QP\" \/>\n\t<meta name=\"twitter:label2\" content=\"Tiempo de lectura\" \/>\n\t<meta name=\"twitter:data2\" content=\"1 minuto\" \/>\n<script type=\"application\/ld+json\" class=\"yoast-schema-graph\">{\"@context\":\"https:\\\/\\\/schema.org\",\"@graph\":[{\"@type\":\"Article\",\"@id\":\"https:\\\/\\\/quehacerpolitico.mx\\\/?p=17978#article\",\"isPartOf\":{\"@id\":\"https:\\\/\\\/quehacerpolitico.mx\\\/?p=17978\"},\"author\":{\"name\":\"Redacci\u00f3n QP\",\"@id\":\"https:\\\/\\\/quehacerpolitico.mx\\\/#\\\/schema\\\/person\\\/496d8ad2d1d3f8036101dca7ee39e585\"},\"headline\":\"Polic\u00edas en bicicleta podr\u00e1n multar a automovilistas gandallas\",\"datePublished\":\"2019-02-22T14:55:02+00:00\",\"mainEntityOfPage\":{\"@id\":\"https:\\\/\\\/quehacerpolitico.mx\\\/?p=17978\"},\"wordCount\":240,\"commentCount\":0,\"image\":{\"@id\":\"https:\\\/\\\/quehacerpolitico.mx\\\/?p=17978#primaryimage\"},\"thumbnailUrl\":\"\",\"articleSection\":[\"CDMX\"],\"inLanguage\":\"es\",\"potentialAction\":[{\"@type\":\"CommentAction\",\"name\":\"Comment\",\"target\":[\"https:\\\/\\\/quehacerpolitico.mx\\\/?p=17978#respond\"]}]},{\"@type\":\"WebPage\",\"@id\":\"https:\\\/\\\/quehacerpolitico.mx\\\/?p=17978\",\"url\":\"https:\\\/\\\/quehacerpolitico.mx\\\/?p=17978\",\"name\":\"Polic\u00edas en bicicleta podr\u00e1n multar a automovilistas gandallas -\",\"isPartOf\":{\"@id\":\"https:\\\/\\\/quehacerpolitico.mx\\\/#website\"},\"primaryImageOfPage\":{\"@id\":\"https:\\\/\\\/quehacerpolitico.mx\\\/?p=17978#primaryimage\"},\"image\":{\"@id\":\"https:\\\/\\\/quehacerpolitico.mx\\\/?p=17978#primaryimage\"},\"thumbnailUrl\":\"\",\"datePublished\":\"2019-02-22T14:55:02+00:00\",\"author\":{\"@id\":\"https:\\\/\\\/quehacerpolitico.mx\\\/#\\\/schema\\\/person\\\/496d8ad2d1d3f8036101dca7ee39e585\"},\"breadcrumb\":{\"@id\":\"https:\\\/\\\/quehacerpolitico.mx\\\/?p=17978#breadcrumb\"},\"inLanguage\":\"es\",\"potentialAction\":[{\"@type\":\"ReadAction\",\"target\":[\"https:\\\/\\\/quehacerpolitico.mx\\\/?p=17978\"]}]},{\"@type\":\"ImageObject\",\"inLanguage\":\"es\",\"@id\":\"https:\\\/\\\/quehacerpolitico.mx\\\/?p=17978#primaryimage\",\"url\":\"\",\"contentUrl\":\"\"},{\"@type\":\"BreadcrumbList\",\"@id\":\"https:\\\/\\\/quehacerpolitico.mx\\\/?p=17978#breadcrumb\",\"itemListElement\":[{\"@type\":\"ListItem\",\"position\":1,\"name\":\"Inicio\",\"item\":\"https:\\\/\\\/quehacerpolitico.mx\\\/\"},{\"@type\":\"ListItem\",\"position\":2,\"name\":\"Polic\u00edas en bicicleta podr\u00e1n multar a automovilistas gandallas\"}]},{\"@type\":\"WebSite\",\"@id\":\"https:\\\/\\\/quehacerpolitico.mx\\\/#website\",\"url\":\"https:\\\/\\\/quehacerpolitico.mx\\\/\",\"name\":\"\",\"description\":\"\",\"potentialAction\":[{\"@type\":\"SearchAction\",\"target\":{\"@type\":\"EntryPoint\",\"urlTemplate\":\"https:\\\/\\\/quehacerpolitico.mx\\\/?s={search_term_string}\"},\"query-input\":{\"@type\":\"PropertyValueSpecification\",\"valueRequired\":true,\"valueName\":\"search_term_string\"}}],\"inLanguage\":\"es\"},{\"@type\":\"Person\",\"@id\":\"https:\\\/\\\/quehacerpolitico.mx\\\/#\\\/schema\\\/person\\\/496d8ad2d1d3f8036101dca7ee39e585\",\"name\":\"Redacci\u00f3n QP\",\"image\":{\"@type\":\"ImageObject\",\"inLanguage\":\"es\",\"@id\":\"https:\\\/\\\/secure.gravatar.com\\\/avatar\\\/c7164ed6fdec453195284ad24a5ae5b6e1eed2b848477fa2a4787ba9adf39a41?s=96&d=mm&r=g\",\"url\":\"https:\\\/\\\/secure.gravatar.com\\\/avatar\\\/c7164ed6fdec453195284ad24a5ae5b6e1eed2b848477fa2a4787ba9adf39a41?s=96&d=mm&r=g\",\"contentUrl\":\"https:\\\/\\\/secure.gravatar.com\\\/avatar\\\/c7164ed6fdec453195284ad24a5ae5b6e1eed2b848477fa2a4787ba9adf39a41?s=96&d=mm&r=g\",\"caption\":\"Redacci\u00f3n QP\"},\"url\":\"https:\\\/\\\/quehacerpolitico.mx\\\/?author=2\"}]}<\/script>\n<!-- \/ Yoast SEO plugin. -->","yoast_head_json":{"title":"Polic\u00edas en bicicleta podr\u00e1n multar a automovilistas gandallas -","robots":{"index":"index","follow":"follow","max-snippet":"max-snippet:-1","max-image-preview":"max-image-preview:large","max-video-preview":"max-video-preview:-1"},"canonical":"https:\/\/quehacerpolitico.mx\/?p=17978","og_locale":"es_MX","og_type":"article","og_title":"Polic\u00edas en bicicleta podr\u00e1n multar a automovilistas gandallas -","og_description":"Polic\u00edas en bicicleta podr\u00e1n multar a automovilistas gandallas Por Redacci\u00f3n QP","og_url":"https:\/\/quehacerpolitico.mx\/?p=17978","article_published_time":"2019-02-22T14:55:02+00:00","author":"Redacci\u00f3n QP","twitter_card":"summary_large_image","twitter_misc":{"Escrito por":"Redacci\u00f3n QP","Tiempo de lectura":"1 minuto"},"schema":{"@context":"https:\/\/schema.org","@graph":[{"@type":"Article","@id":"https:\/\/quehacerpolitico.mx\/?p=17978#article","isPartOf":{"@id":"https:\/\/quehacerpolitico.mx\/?p=17978"},"author":{"name":"Redacci\u00f3n QP","@id":"https:\/\/quehacerpolitico.mx\/#\/schema\/person\/496d8ad2d1d3f8036101dca7ee39e585"},"headline":"Polic\u00edas en bicicleta podr\u00e1n multar a automovilistas gandallas","datePublished":"2019-02-22T14:55:02+00:00","mainEntityOfPage":{"@id":"https:\/\/quehacerpolitico.mx\/?p=17978"},"wordCount":240,"commentCount":0,"image":{"@id":"https:\/\/quehacerpolitico.mx\/?p=17978#primaryimage"},"thumbnailUrl":"","articleSection":["CDMX"],"inLanguage":"es","potentialAction":[{"@type":"CommentAction","name":"Comment","target":["https:\/\/quehacerpolitico.mx\/?p=17978#respond"]}]},{"@type":"WebPage","@id":"https:\/\/quehacerpolitico.mx\/?p=17978","url":"https:\/\/quehacerpolitico.mx\/?p=17978","name":"Polic\u00edas en bicicleta podr\u00e1n multar a automovilistas gandallas -","isPartOf":{"@id":"https:\/\/quehacerpolitico.mx\/#website"},"primaryImageOfPage":{"@id":"https:\/\/quehacerpolitico.mx\/?p=17978#primaryimage"},"image":{"@id":"https:\/\/quehacerpolitico.mx\/?p=17978#primaryimage"},"thumbnailUrl":"","datePublished":"2019-02-22T14:55:02+00:00","author":{"@id":"https:\/\/quehacerpolitico.mx\/#\/schema\/person\/496d8ad2d1d3f8036101dca7ee39e585"},"breadcrumb":{"@id":"https:\/\/quehacerpolitico.mx\/?p=17978#breadcrumb"},"inLanguage":"es","potentialAction":[{"@type":"ReadAction","target":["https:\/\/quehacerpolitico.mx\/?p=17978"]}]},{"@type":"ImageObject","inLanguage":"es","@id":"https:\/\/quehacerpolitico.mx\/?p=17978#primaryimage","url":"","contentUrl":""},{"@type":"BreadcrumbList","@id":"https:\/\/quehacerpolitico.mx\/?p=17978#breadcrumb","itemListElement":[{"@type":"ListItem","position":1,"name":"Inicio","item":"https:\/\/quehacerpolitico.mx\/"},{"@type":"ListItem","position":2,"name":"Polic\u00edas en bicicleta podr\u00e1n multar a automovilistas gandallas"}]},{"@type":"WebSite","@id":"https:\/\/quehacerpolitico.mx\/#website","url":"https:\/\/quehacerpolitico.mx\/","name":"","description":"","potentialAction":[{"@type":"SearchAction","target":{"@type":"EntryPoint","urlTemplate":"https:\/\/quehacerpolitico.mx\/?s={search_term_string}"},"query-input":{"@type":"PropertyValueSpecification","valueRequired":true,"valueName":"search_term_string"}}],"inLanguage":"es"},{"@type":"Person","@id":"https:\/\/quehacerpolitico.mx\/#\/schema\/person\/496d8ad2d1d3f8036101dca7ee39e585","name":"Redacci\u00f3n QP","image":{"@type":"ImageObject","inLanguage":"es","@id":"https:\/\/secure.gravatar.com\/avatar\/c7164ed6fdec453195284ad24a5ae5b6e1eed2b848477fa2a4787ba9adf39a41?s=96&d=mm&r=g","url":"https:\/\/secure.gravatar.com\/avatar\/c7164ed6fdec453195284ad24a5ae5b6e1eed2b848477fa2a4787ba9adf39a41?s=96&d=mm&r=g","contentUrl":"https:\/\/secure.gravatar.com\/avatar\/c7164ed6fdec453195284ad24a5ae5b6e1eed2b848477fa2a4787ba9adf39a41?s=96&d=mm&r=g","caption":"Redacci\u00f3n QP"},"url":"https:\/\/quehacerpolitico.mx\/?author=2"}]}},"featured_image_urls":{"full":"","thumbnail":"","medium":"","medium_large":"","large":"","1536x1536":"","2048x2048":"","covernews-featured":"","covernews-medium":""},"author_info":{"display_name":"Redacci\u00f3n QP","author_link":"https:\/\/quehacerpolitico.mx\/?author=2"},"category_info":"<a href=\"https:\/\/quehacerpolitico.mx\/?cat=55\" rel=\"category\">CDMX<\/a>","tag_info":"CDMX","comment_count":"0","_links":{"self":[{"href":"https:\/\/quehacerpolitico.mx\/index.php?rest_route=\/wp\/v2\/posts\/17978","targetHints":{"allow":["GET"]}}],"collection":[{"href":"https:\/\/quehacerpolitico.mx\/index.php?rest_route=\/wp\/v2\/posts"}],"about":[{"href":"https:\/\/quehacerpolitico.mx\/index.php?rest_route=\/wp\/v2\/types\/post"}],"author":[{"embeddable":true,"href":"https:\/\/quehacerpolitico.mx\/index.php?rest_route=\/wp\/v2\/users\/2"}],"replies":[{"embeddable":true,"href":"https:\/\/quehacerpolitico.mx\/index.php?rest_route=%2Fwp%2Fv2%2Fcomments&post=17978"}],"version-history":[{"count":0,"href":"https:\/\/quehacerpolitico.mx\/index.php?rest_route=\/wp\/v2\/posts\/17978\/revisions"}],"wp:featuredmedia":[{"embeddable":true,"href":"https:\/\/quehacerpolitico.mx\/index.php?rest_route=\/"}],"wp:attachment":[{"href":"https:\/\/quehacerpolitico.mx\/index.php?rest_route=%2Fwp%2Fv2%2Fmedia&parent=17978"}],"wp:term":[{"taxonomy":"category","embeddable":true,"href":"https:\/\/quehacerpolitico.mx\/index.php?rest_route=%2Fwp%2Fv2%2Fcategories&post=17978"},{"taxonomy":"post_tag","embeddable":true,"href":"https:\/\/quehacerpolitico.mx\/index.php?rest_route=%2Fwp%2Fv2%2Ftags&post=17978"}],"curies":[{"name":"wp","href":"https:\/\/api.w.org\/{rel}","templated":true}]}}