{"id":17975,"date":"2019-02-22T14:50:13","date_gmt":"2019-02-22T14:50:13","guid":{"rendered":"http:\/\/quehacerpolitico.mx\/amlo-convoca-a-habitantes-de-morelos-tlaxcala-y-puebla-participar-en-consulta-sobre-termoelectrica\/"},"modified":"2019-02-22T14:50:13","modified_gmt":"2019-02-22T14:50:13","slug":"amlo-convoca-a-habitantes-de-morelos-tlaxcala-y-puebla-participar-en-consulta-sobre-termoelectrica","status":"publish","type":"post","link":"https:\/\/quehacerpolitico.mx\/?p=17975","title":{"rendered":"AMLO Convoca a habitantes de Morelos, Tlaxcala y Puebla participar en consulta sobre termoel\u00e9ctrica"},"content":{"rendered":"<p>AMLO Convoca a habitantes de Morelos, Tlaxcala y Puebla participar en consulta sobre termoel\u00e9ctrica<\/p>\n<p>Por Redacci\u00f3n QP<\/p>\n<p><strong>Andr\u00e9s Manuel L\u00f3pez Obrador<\/strong>, presidente de M\u00e9xico, hizo un llamado a los pobladores de <strong>Morelos, Puebla y Tlaxcala<\/strong>, para que participen en la consulta sobre la construcci\u00f3n de la planta termoel\u00e9ctrica.<\/p>\n<p>En conferencia de prensa de esta ma\u00f1ana desde Palacio Nacional, el mandatario inform\u00f3 que en caso de aprobarse el proyecto se contar\u00e1 con la participaci\u00f3n de la<strong> ONU<\/strong> para garantizar la realizaci\u00f3n de estudios y que el organismo internacional tenga<br \/><strong>supervisi\u00f3n<\/strong> en el mismo.<\/p>\n<p>\u201cLa oposici\u00f3n sostiene que se afecta el agua, que se contamina el agua. Tenemos elementos para decir que no hay esa contaminaci\u00f3n y que adem\u00e1s estamos dispuestos a que haya una supervisi\u00f3n de la<strong> ONU<\/strong> en este proyecto\u201d, asegur\u00f3.<\/p>\n<p>Dijo que su postura es que la <strong>planta termol\u00e9ctrica<\/strong> s\u00ed se realice, pero que respetar\u00e1 la decisi\u00f3n de la gente.<\/p>\n<p>Explic\u00f3 que la consulta se llevar\u00e1 a cabo el s\u00e1bado 23 y domingo 24 de febrero en nueve municipios de <strong>Tlaxcala<\/strong>, 36 en <strong>Morelos<\/strong> y 15 en<strong> Puebla.<\/strong><\/p>\n<p>Tambi\u00e9n refiri\u00f3 que en caso de aprobarse, disminuir\u00e1n las tarifas el\u00e9ctricas para los habitantes de los municipios y se garantizar\u00eda electricidad para todo el estado de <strong>Morelos.<\/strong><\/p>\n<blockquote>\n<p>\u201cLa obra es por 25 mil millones de pesos de la <strong>Comisi\u00f3n Federal de Electricidad<\/strong>, una empresa p\u00fablica. Si no se hace esa planta se pierde el dinero\u201d, dijo.<\/p>\n<\/blockquote>\n<p>Record\u00f3 que se construy\u00f3 un gasoducto de<strong> Tlaxcala<\/strong>a <strong>Morelos<\/strong> pasando por <strong>Puebla<\/strong>, habiendo afectaciones, protestas.<\/p>\n<p>Adem\u00e1s, se construy\u00f3 una planta <strong>termoel\u00e9ctrica en Yecapixtla,<\/strong> por lo que se busc\u00f3 conectar el gasoducto con la planta, pero hay oposici\u00f3n.<\/p>\n<blockquote>\n<p>\u201cSin embargo el ducto y la planta a\u00fan no est\u00e1n conectados, faltan 100 metros de construcci\u00f3n\u201d, explic\u00f3 AMLO.<\/p>\n<\/blockquote>\n<p>En el estado de<strong> Morelos<\/strong> se llama al boicot a la consulta ciudadana despu\u00e9s del asesinato del activista<strong> Samir Flores<\/strong> cometido el 20 de febrero.<\/p>\n<blockquote class=\"twitter-tweet\" data-width=\"550\" data-dnt=\"true\">\n<p lang=\"es\" dir=\"ltr\">La ciudadan\u00eda tendr\u00e1 la \u00faltima palabra. Conferencia matutina en vivo. <a href=\"https:\/\/t.co\/fwhWkSlfIC\">https:\/\/t.co\/fwhWkSlfIC<\/a><\/p>\n<p>&mdash; Andr\u00e9s Manuel (@lopezobrador_) <a href=\"https:\/\/twitter.com\/lopezobrador_\/status\/1098935146172928000?ref_src=twsrc%5Etfw\">February 22, 2019<\/a><\/p><\/blockquote>\n<p><script async src=\"https:\/\/platform.twitter.com\/widgets.js\" charset=\"utf-8\"><\/script><\/p>\n","protected":false},"excerpt":{"rendered":"<p>AMLO Convoca a habitantes de Morelos, Tlaxcala y Puebla participar en consulta sobre termoel\u00e9ctrica<br \/>\nPor Redacci\u00f3n QP<\/p>\n","protected":false},"author":2,"featured_media":17974,"comment_status":"open","ping_status":"open","sticky":false,"template":"","format":"standard","meta":{"_monsterinsights_skip_tracking":false,"_monsterinsights_sitenote_active":false,"_monsterinsights_sitenote_note":"","_monsterinsights_sitenote_category":0,"footnotes":""},"categories":[2],"tags":[],"class_list":["post-17975","post","type-post","status-publish","format-standard","has-post-thumbnail","hentry","category-noticias"],"yoast_head":"<!-- This site is optimized with the Yoast SEO plugin v27.3 - https:\/\/yoast.com\/product\/yoast-seo-wordpress\/ -->\n<title>AMLO Convoca a habitantes de Morelos, Tlaxcala y Puebla participar en consulta sobre termoel\u00e9ctrica -<\/title>\n<meta name=\"robots\" content=\"index, follow, max-snippet:-1, max-image-preview:large, max-video-preview:-1\" \/>\n<link rel=\"canonical\" href=\"https:\/\/quehacerpolitico.mx\/?p=17975\" \/>\n<meta property=\"og:locale\" content=\"es_MX\" \/>\n<meta property=\"og:type\" content=\"article\" \/>\n<meta property=\"og:title\" content=\"AMLO Convoca a habitantes de Morelos, Tlaxcala y Puebla participar en consulta sobre termoel\u00e9ctrica -\" \/>\n<meta property=\"og:description\" content=\"AMLO Convoca a habitantes de Morelos, Tlaxcala y Puebla participar en consulta sobre termoel\u00e9ctrica Por Redacci\u00f3n QP\" \/>\n<meta property=\"og:url\" content=\"https:\/\/quehacerpolitico.mx\/?p=17975\" \/>\n<meta property=\"article:published_time\" content=\"2019-02-22T14:50:13+00:00\" \/>\n<meta name=\"author\" content=\"Redacci\u00f3n QP\" \/>\n<meta name=\"twitter:card\" content=\"summary_large_image\" \/>\n<meta name=\"twitter:label1\" content=\"Escrito por\" \/>\n\t<meta name=\"twitter:data1\" content=\"Redacci\u00f3n QP\" \/>\n\t<meta name=\"twitter:label2\" content=\"Tiempo de lectura\" \/>\n\t<meta name=\"twitter:data2\" content=\"2 minutos\" \/>\n<script type=\"application\/ld+json\" class=\"yoast-schema-graph\">{\"@context\":\"https:\\\/\\\/schema.org\",\"@graph\":[{\"@type\":\"Article\",\"@id\":\"https:\\\/\\\/quehacerpolitico.mx\\\/?p=17975#article\",\"isPartOf\":{\"@id\":\"https:\\\/\\\/quehacerpolitico.mx\\\/?p=17975\"},\"author\":{\"name\":\"Redacci\u00f3n QP\",\"@id\":\"https:\\\/\\\/quehacerpolitico.mx\\\/#\\\/schema\\\/person\\\/496d8ad2d1d3f8036101dca7ee39e585\"},\"headline\":\"AMLO Convoca a habitantes de Morelos, Tlaxcala y Puebla participar en consulta sobre termoel\u00e9ctrica\",\"datePublished\":\"2019-02-22T14:50:13+00:00\",\"mainEntityOfPage\":{\"@id\":\"https:\\\/\\\/quehacerpolitico.mx\\\/?p=17975\"},\"wordCount\":360,\"commentCount\":0,\"image\":{\"@id\":\"https:\\\/\\\/quehacerpolitico.mx\\\/?p=17975#primaryimage\"},\"thumbnailUrl\":\"\",\"articleSection\":[\"Noticias\"],\"inLanguage\":\"es\",\"potentialAction\":[{\"@type\":\"CommentAction\",\"name\":\"Comment\",\"target\":[\"https:\\\/\\\/quehacerpolitico.mx\\\/?p=17975#respond\"]}]},{\"@type\":\"WebPage\",\"@id\":\"https:\\\/\\\/quehacerpolitico.mx\\\/?p=17975\",\"url\":\"https:\\\/\\\/quehacerpolitico.mx\\\/?p=17975\",\"name\":\"AMLO Convoca a habitantes de Morelos, Tlaxcala y Puebla participar en consulta sobre termoel\u00e9ctrica -\",\"isPartOf\":{\"@id\":\"https:\\\/\\\/quehacerpolitico.mx\\\/#website\"},\"primaryImageOfPage\":{\"@id\":\"https:\\\/\\\/quehacerpolitico.mx\\\/?p=17975#primaryimage\"},\"image\":{\"@id\":\"https:\\\/\\\/quehacerpolitico.mx\\\/?p=17975#primaryimage\"},\"thumbnailUrl\":\"\",\"datePublished\":\"2019-02-22T14:50:13+00:00\",\"author\":{\"@id\":\"https:\\\/\\\/quehacerpolitico.mx\\\/#\\\/schema\\\/person\\\/496d8ad2d1d3f8036101dca7ee39e585\"},\"breadcrumb\":{\"@id\":\"https:\\\/\\\/quehacerpolitico.mx\\\/?p=17975#breadcrumb\"},\"inLanguage\":\"es\",\"potentialAction\":[{\"@type\":\"ReadAction\",\"target\":[\"https:\\\/\\\/quehacerpolitico.mx\\\/?p=17975\"]}]},{\"@type\":\"ImageObject\",\"inLanguage\":\"es\",\"@id\":\"https:\\\/\\\/quehacerpolitico.mx\\\/?p=17975#primaryimage\",\"url\":\"\",\"contentUrl\":\"\"},{\"@type\":\"BreadcrumbList\",\"@id\":\"https:\\\/\\\/quehacerpolitico.mx\\\/?p=17975#breadcrumb\",\"itemListElement\":[{\"@type\":\"ListItem\",\"position\":1,\"name\":\"Inicio\",\"item\":\"https:\\\/\\\/quehacerpolitico.mx\\\/\"},{\"@type\":\"ListItem\",\"position\":2,\"name\":\"AMLO Convoca a habitantes de Morelos, Tlaxcala y Puebla participar en consulta sobre termoel\u00e9ctrica\"}]},{\"@type\":\"WebSite\",\"@id\":\"https:\\\/\\\/quehacerpolitico.mx\\\/#website\",\"url\":\"https:\\\/\\\/quehacerpolitico.mx\\\/\",\"name\":\"\",\"description\":\"\",\"potentialAction\":[{\"@type\":\"SearchAction\",\"target\":{\"@type\":\"EntryPoint\",\"urlTemplate\":\"https:\\\/\\\/quehacerpolitico.mx\\\/?s={search_term_string}\"},\"query-input\":{\"@type\":\"PropertyValueSpecification\",\"valueRequired\":true,\"valueName\":\"search_term_string\"}}],\"inLanguage\":\"es\"},{\"@type\":\"Person\",\"@id\":\"https:\\\/\\\/quehacerpolitico.mx\\\/#\\\/schema\\\/person\\\/496d8ad2d1d3f8036101dca7ee39e585\",\"name\":\"Redacci\u00f3n QP\",\"image\":{\"@type\":\"ImageObject\",\"inLanguage\":\"es\",\"@id\":\"https:\\\/\\\/secure.gravatar.com\\\/avatar\\\/c7164ed6fdec453195284ad24a5ae5b6e1eed2b848477fa2a4787ba9adf39a41?s=96&d=mm&r=g\",\"url\":\"https:\\\/\\\/secure.gravatar.com\\\/avatar\\\/c7164ed6fdec453195284ad24a5ae5b6e1eed2b848477fa2a4787ba9adf39a41?s=96&d=mm&r=g\",\"contentUrl\":\"https:\\\/\\\/secure.gravatar.com\\\/avatar\\\/c7164ed6fdec453195284ad24a5ae5b6e1eed2b848477fa2a4787ba9adf39a41?s=96&d=mm&r=g\",\"caption\":\"Redacci\u00f3n QP\"},\"url\":\"https:\\\/\\\/quehacerpolitico.mx\\\/?author=2\"}]}<\/script>\n<!-- \/ Yoast SEO plugin. -->","yoast_head_json":{"title":"AMLO Convoca a habitantes de Morelos, Tlaxcala y Puebla participar en consulta sobre termoel\u00e9ctrica -","robots":{"index":"index","follow":"follow","max-snippet":"max-snippet:-1","max-image-preview":"max-image-preview:large","max-video-preview":"max-video-preview:-1"},"canonical":"https:\/\/quehacerpolitico.mx\/?p=17975","og_locale":"es_MX","og_type":"article","og_title":"AMLO Convoca a habitantes de Morelos, Tlaxcala y Puebla participar en consulta sobre termoel\u00e9ctrica -","og_description":"AMLO Convoca a habitantes de Morelos, Tlaxcala y Puebla participar en consulta sobre termoel\u00e9ctrica Por Redacci\u00f3n QP","og_url":"https:\/\/quehacerpolitico.mx\/?p=17975","article_published_time":"2019-02-22T14:50:13+00:00","author":"Redacci\u00f3n QP","twitter_card":"summary_large_image","twitter_misc":{"Escrito por":"Redacci\u00f3n QP","Tiempo de lectura":"2 minutos"},"schema":{"@context":"https:\/\/schema.org","@graph":[{"@type":"Article","@id":"https:\/\/quehacerpolitico.mx\/?p=17975#article","isPartOf":{"@id":"https:\/\/quehacerpolitico.mx\/?p=17975"},"author":{"name":"Redacci\u00f3n QP","@id":"https:\/\/quehacerpolitico.mx\/#\/schema\/person\/496d8ad2d1d3f8036101dca7ee39e585"},"headline":"AMLO Convoca a habitantes de Morelos, Tlaxcala y Puebla participar en consulta sobre termoel\u00e9ctrica","datePublished":"2019-02-22T14:50:13+00:00","mainEntityOfPage":{"@id":"https:\/\/quehacerpolitico.mx\/?p=17975"},"wordCount":360,"commentCount":0,"image":{"@id":"https:\/\/quehacerpolitico.mx\/?p=17975#primaryimage"},"thumbnailUrl":"","articleSection":["Noticias"],"inLanguage":"es","potentialAction":[{"@type":"CommentAction","name":"Comment","target":["https:\/\/quehacerpolitico.mx\/?p=17975#respond"]}]},{"@type":"WebPage","@id":"https:\/\/quehacerpolitico.mx\/?p=17975","url":"https:\/\/quehacerpolitico.mx\/?p=17975","name":"AMLO Convoca a habitantes de Morelos, Tlaxcala y Puebla participar en consulta sobre termoel\u00e9ctrica -","isPartOf":{"@id":"https:\/\/quehacerpolitico.mx\/#website"},"primaryImageOfPage":{"@id":"https:\/\/quehacerpolitico.mx\/?p=17975#primaryimage"},"image":{"@id":"https:\/\/quehacerpolitico.mx\/?p=17975#primaryimage"},"thumbnailUrl":"","datePublished":"2019-02-22T14:50:13+00:00","author":{"@id":"https:\/\/quehacerpolitico.mx\/#\/schema\/person\/496d8ad2d1d3f8036101dca7ee39e585"},"breadcrumb":{"@id":"https:\/\/quehacerpolitico.mx\/?p=17975#breadcrumb"},"inLanguage":"es","potentialAction":[{"@type":"ReadAction","target":["https:\/\/quehacerpolitico.mx\/?p=17975"]}]},{"@type":"ImageObject","inLanguage":"es","@id":"https:\/\/quehacerpolitico.mx\/?p=17975#primaryimage","url":"","contentUrl":""},{"@type":"BreadcrumbList","@id":"https:\/\/quehacerpolitico.mx\/?p=17975#breadcrumb","itemListElement":[{"@type":"ListItem","position":1,"name":"Inicio","item":"https:\/\/quehacerpolitico.mx\/"},{"@type":"ListItem","position":2,"name":"AMLO Convoca a habitantes de Morelos, Tlaxcala y Puebla participar en consulta sobre termoel\u00e9ctrica"}]},{"@type":"WebSite","@id":"https:\/\/quehacerpolitico.mx\/#website","url":"https:\/\/quehacerpolitico.mx\/","name":"","description":"","potentialAction":[{"@type":"SearchAction","target":{"@type":"EntryPoint","urlTemplate":"https:\/\/quehacerpolitico.mx\/?s={search_term_string}"},"query-input":{"@type":"PropertyValueSpecification","valueRequired":true,"valueName":"search_term_string"}}],"inLanguage":"es"},{"@type":"Person","@id":"https:\/\/quehacerpolitico.mx\/#\/schema\/person\/496d8ad2d1d3f8036101dca7ee39e585","name":"Redacci\u00f3n QP","image":{"@type":"ImageObject","inLanguage":"es","@id":"https:\/\/secure.gravatar.com\/avatar\/c7164ed6fdec453195284ad24a5ae5b6e1eed2b848477fa2a4787ba9adf39a41?s=96&d=mm&r=g","url":"https:\/\/secure.gravatar.com\/avatar\/c7164ed6fdec453195284ad24a5ae5b6e1eed2b848477fa2a4787ba9adf39a41?s=96&d=mm&r=g","contentUrl":"https:\/\/secure.gravatar.com\/avatar\/c7164ed6fdec453195284ad24a5ae5b6e1eed2b848477fa2a4787ba9adf39a41?s=96&d=mm&r=g","caption":"Redacci\u00f3n QP"},"url":"https:\/\/quehacerpolitico.mx\/?author=2"}]}},"featured_image_urls":{"full":"","thumbnail":"","medium":"","medium_large":"","large":"","1536x1536":"","2048x2048":"","covernews-featured":"","covernews-medium":""},"author_info":{"display_name":"Redacci\u00f3n QP","author_link":"https:\/\/quehacerpolitico.mx\/?author=2"},"category_info":"<a href=\"https:\/\/quehacerpolitico.mx\/?cat=2\" rel=\"category\">Noticias<\/a>","tag_info":"Noticias","comment_count":"0","_links":{"self":[{"href":"https:\/\/quehacerpolitico.mx\/index.php?rest_route=\/wp\/v2\/posts\/17975","targetHints":{"allow":["GET"]}}],"collection":[{"href":"https:\/\/quehacerpolitico.mx\/index.php?rest_route=\/wp\/v2\/posts"}],"about":[{"href":"https:\/\/quehacerpolitico.mx\/index.php?rest_route=\/wp\/v2\/types\/post"}],"author":[{"embeddable":true,"href":"https:\/\/quehacerpolitico.mx\/index.php?rest_route=\/wp\/v2\/users\/2"}],"replies":[{"embeddable":true,"href":"https:\/\/quehacerpolitico.mx\/index.php?rest_route=%2Fwp%2Fv2%2Fcomments&post=17975"}],"version-history":[{"count":0,"href":"https:\/\/quehacerpolitico.mx\/index.php?rest_route=\/wp\/v2\/posts\/17975\/revisions"}],"wp:featuredmedia":[{"embeddable":true,"href":"https:\/\/quehacerpolitico.mx\/index.php?rest_route=\/"}],"wp:attachment":[{"href":"https:\/\/quehacerpolitico.mx\/index.php?rest_route=%2Fwp%2Fv2%2Fmedia&parent=17975"}],"wp:term":[{"taxonomy":"category","embeddable":true,"href":"https:\/\/quehacerpolitico.mx\/index.php?rest_route=%2Fwp%2Fv2%2Fcategories&post=17975"},{"taxonomy":"post_tag","embeddable":true,"href":"https:\/\/quehacerpolitico.mx\/index.php?rest_route=%2Fwp%2Fv2%2Ftags&post=17975"}],"curies":[{"name":"wp","href":"https:\/\/api.w.org\/{rel}","templated":true}]}}