{"id":17972,"date":"2019-02-22T14:41:20","date_gmt":"2019-02-22T14:41:20","guid":{"rendered":"http:\/\/quehacerpolitico.mx\/estamos-muy-contentos-por-aprobacion-de-la-guardia-nacional-agradece-a-los-senadores-de-oposicion-por-la-aprobacion-unanime-amlo\/"},"modified":"2019-02-22T14:41:20","modified_gmt":"2019-02-22T14:41:20","slug":"estamos-muy-contentos-por-aprobacion-de-la-guardia-nacional-agradece-a-los-senadores-de-oposicion-por-la-aprobacion-unanime-amlo","status":"publish","type":"post","link":"https:\/\/quehacerpolitico.mx\/?p=17972","title":{"rendered":"Estamos muy contentos por aprobaci\u00f3n de la Guardia Nacional, agradece a los senadores de oposici\u00f3n por la aprobaci\u00f3n un\u00e1nime: AMLO"},"content":{"rendered":"<p>Estamos muy contentos por aprobaci\u00f3n de la Guardia Nacional, agradece a los senadores de oposici\u00f3n por la aprobaci\u00f3n un\u00e1nime: AMLO<\/p>\n<p>Por Redacci\u00f3n QP<\/p>\n<p>El presidente de M\u00e9xico, <strong>Andr\u00e9s Manuel L\u00f3pez Obrador<\/strong>, hizo un reconocimiento a todos los senadores por la aprobaci\u00f3n de la <strong>Guardia Nacional<\/strong>.<\/p>\n<blockquote>\n<p>\u201cMi reconocimiento a todos los senadores de todos los partidos, a todos los independientes porque fue un apoyo un\u00e1nime, algo pocas veces visto sobre todo en esta nueva etapa de cambios, de trasformaciones\u201d.<\/p>\n<\/blockquote>\n<p>En su conferencia de prensa ma\u00f1anera de este viernes desde <strong>Palacio Nacional<\/strong>, el <strong>Jefe del Ejecutivo<\/strong> dijo que espera que se apruebe en los mismos t\u00e9rminos, con mayor\u00eda calificada en los estados de la Rep\u00fablica.<\/p>\n<p>Afirm\u00f3 que de aprobarse la <strong>Guardia Nacional<\/strong> se contar\u00eda con el apoyo de las <strong>Fuerzas Armadas<\/strong> para combatir la violencia en el Pa\u00eds, adem\u00e1s de que se contar\u00eda con un marco jur\u00eddico que las regule siempre con el respeto a los derechos humanos.<\/p>\n<p>Tambi\u00e9n destac\u00f3 que se contar\u00eda con el apoyo de la polic\u00eda naval y la <strong>federal<\/strong>, con la finalidad de trabajar de manera coordinada con el objetivo de garantizar la paz y tranquilidad en el pa\u00eds.<\/p>\n<p>La reforma requiere la aprobaci\u00f3n en todos los congresos locales.<\/p>\n<blockquote>\n<p>\u201cEstamos muy contentos con esta reforma constitucional y esperemos se apruebe tambi\u00e9n en los mismo t\u00e9rminos\u201d en Diputados y los estados, a\u00f1adi\u00f3.<\/p>\n<\/blockquote>\n<p>Destac\u00f3 que \u201cfue un hecho verdaderamente trascendente, hist\u00f3rico porque la reforma constitucional permite que las Fuerzas Armadas nos ayuden en labores de seguridad p\u00fablica\u201d.<\/p>\n<p class=\"p1\">Record\u00f3 que las Fuerzas Armadas se encontraban en una situaci\u00f3n irregular, pero que ahora podr\u00e1n tener un marco legal.<\/p>\n<p>El pleno del Senado aprob\u00f3 ayer jueves por unanimidad el proyecto que reforma diversos art\u00edculos de la Constituci\u00f3n para la creaci\u00f3n de la Guardia Nacional. Durante la presentaci\u00f3n del dictamen se destac\u00f3 que el proyecto garantiza que las Fuerzas Armadas regresen gradualmente a sus cuarteles, pues tendr\u00e1n una temporalidad de cinco a\u00f1os; regula el uso de la fuerza; habr\u00e1 protocolos de actuaci\u00f3n; que la Guardia Nacional ser\u00e1 una instituci\u00f3n de car\u00e1cter y disciplina policial, y con un mando civil.<\/p>\n<p>Mart\u00ed Batres, presidente del Senado, anunci\u00f3 que \u201ccon el voto a favor de todas las senadoras y todos los senadores presentes quedan aprobados en lo general y particular\u201d los art\u00edculos para la creaci\u00f3n de la Guardia.<\/p>\n<p>\u201cEst\u00e1 aprobado en lo general y particular el proyecto de decreto\u201d en materia de Guardia Nacional, agreg\u00f3. El proyecto fue devuelto a la C\u00e1mara de Diputados para su an\u00e1lisis.<\/p>\n<p>Previo a la sesi\u00f3n ordinaria del Senado, los coordinadores de las bancadas de PRI, PAN, PRD y Movimiento Ciudadano ofrecieron una conferencia de prensa para hablar sobre el acuerdo al que llegaron con los legisladores de Morena para el dictamen de la Guardia Nacional.<\/p>\n<p>Miguel \u00c1ngel Mancera, coordinador del Sol Azteca, reconoci\u00f3 a la sociedad civil y expertos que participaron en el Parlamento Abierto para la discusi\u00f3n de la Guardia.<\/p>\n<p>Dante Delgado, dirigente de Movimiento Ciudadano, dijo que es claro que se ten\u00eda un objetivo: s\u00ed a un instrumento necesario para combatir la inseguridad en el pa\u00eds; s\u00ed a continuar apoyando; \u201cpero s\u00ed tambi\u00e9n a que se respete el parlamento abierto y a que la voz de los ciudadanos sea escuchada por las senadoras y senadores\u201d.<\/p>\n<p>Miguel \u00c1ngel Osorio Chong, coordinador del Tricolor, destac\u00f3 que es un d\u00eda muy importante para \u201cla democracia de M\u00e9xico y una victoria para la buena pol\u00edtica\u201d.<\/p>\n<p>Mauricio Kuri, coordinador del Blanquiazul, agradeci\u00f3 a las organizaciones civiles que participaron en el parlamento abierto. Dijo que en esta ocasi\u00f3n las organizaciones s\u00ed fueron tomadas en cuenta.<\/p>\n<blockquote class=\"twitter-tweet\" data-width=\"550\" data-dnt=\"true\">\n<p lang=\"es\" dir=\"ltr\">La ciudadan\u00eda tendr\u00e1 la \u00faltima palabra. Conferencia matutina en vivo. <a href=\"https:\/\/t.co\/fwhWkSlfIC\">https:\/\/t.co\/fwhWkSlfIC<\/a><\/p>\n<p>&mdash; Andr\u00e9s Manuel (@lopezobrador_) <a href=\"https:\/\/twitter.com\/lopezobrador_\/status\/1098935146172928000?ref_src=twsrc%5Etfw\">February 22, 2019<\/a><\/p><\/blockquote>\n<p><script async src=\"https:\/\/platform.twitter.com\/widgets.js\" charset=\"utf-8\"><\/script><\/p>\n","protected":false},"excerpt":{"rendered":"<p>Estamos muy contentos por aprobaci\u00f3n de la Guardia Nacional, agradece a los senadores de oposici\u00f3n por la aprobaci\u00f3n un\u00e1nime: AMLO<br \/>\nPor Redacci\u00f3n QP<\/p>\n","protected":false},"author":2,"featured_media":17971,"comment_status":"open","ping_status":"open","sticky":false,"template":"","format":"standard","meta":{"_monsterinsights_skip_tracking":false,"_monsterinsights_sitenote_active":false,"_monsterinsights_sitenote_note":"","_monsterinsights_sitenote_category":0,"footnotes":""},"categories":[2],"tags":[],"class_list":["post-17972","post","type-post","status-publish","format-standard","has-post-thumbnail","hentry","category-noticias"],"yoast_head":"<!-- This site is optimized with the Yoast SEO plugin v27.3 - https:\/\/yoast.com\/product\/yoast-seo-wordpress\/ -->\n<title>Estamos muy contentos por aprobaci\u00f3n de la Guardia Nacional, agradece a los senadores de oposici\u00f3n por la aprobaci\u00f3n un\u00e1nime: AMLO -<\/title>\n<meta name=\"robots\" content=\"index, follow, max-snippet:-1, max-image-preview:large, max-video-preview:-1\" \/>\n<link rel=\"canonical\" href=\"https:\/\/quehacerpolitico.mx\/?p=17972\" \/>\n<meta property=\"og:locale\" content=\"es_MX\" \/>\n<meta property=\"og:type\" content=\"article\" \/>\n<meta property=\"og:title\" content=\"Estamos muy contentos por aprobaci\u00f3n de la Guardia Nacional, agradece a los senadores de oposici\u00f3n por la aprobaci\u00f3n un\u00e1nime: AMLO -\" \/>\n<meta property=\"og:description\" content=\"Estamos muy contentos por aprobaci\u00f3n de la Guardia Nacional, agradece a los senadores de oposici\u00f3n por la aprobaci\u00f3n un\u00e1nime: AMLO Por Redacci\u00f3n QP\" \/>\n<meta property=\"og:url\" content=\"https:\/\/quehacerpolitico.mx\/?p=17972\" \/>\n<meta property=\"article:published_time\" content=\"2019-02-22T14:41:20+00:00\" \/>\n<meta name=\"author\" content=\"Redacci\u00f3n QP\" \/>\n<meta name=\"twitter:card\" content=\"summary_large_image\" \/>\n<meta name=\"twitter:label1\" content=\"Escrito por\" \/>\n\t<meta name=\"twitter:data1\" content=\"Redacci\u00f3n QP\" \/>\n\t<meta name=\"twitter:label2\" content=\"Tiempo de lectura\" \/>\n\t<meta name=\"twitter:data2\" content=\"3 minutos\" \/>\n<script type=\"application\/ld+json\" class=\"yoast-schema-graph\">{\"@context\":\"https:\\\/\\\/schema.org\",\"@graph\":[{\"@type\":\"Article\",\"@id\":\"https:\\\/\\\/quehacerpolitico.mx\\\/?p=17972#article\",\"isPartOf\":{\"@id\":\"https:\\\/\\\/quehacerpolitico.mx\\\/?p=17972\"},\"author\":{\"name\":\"Redacci\u00f3n QP\",\"@id\":\"https:\\\/\\\/quehacerpolitico.mx\\\/#\\\/schema\\\/person\\\/496d8ad2d1d3f8036101dca7ee39e585\"},\"headline\":\"Estamos muy contentos por aprobaci\u00f3n de la Guardia Nacional, agradece a los senadores de oposici\u00f3n por la aprobaci\u00f3n un\u00e1nime: AMLO\",\"datePublished\":\"2019-02-22T14:41:20+00:00\",\"mainEntityOfPage\":{\"@id\":\"https:\\\/\\\/quehacerpolitico.mx\\\/?p=17972\"},\"wordCount\":673,\"commentCount\":0,\"image\":{\"@id\":\"https:\\\/\\\/quehacerpolitico.mx\\\/?p=17972#primaryimage\"},\"thumbnailUrl\":\"\",\"articleSection\":[\"Noticias\"],\"inLanguage\":\"es\",\"potentialAction\":[{\"@type\":\"CommentAction\",\"name\":\"Comment\",\"target\":[\"https:\\\/\\\/quehacerpolitico.mx\\\/?p=17972#respond\"]}]},{\"@type\":\"WebPage\",\"@id\":\"https:\\\/\\\/quehacerpolitico.mx\\\/?p=17972\",\"url\":\"https:\\\/\\\/quehacerpolitico.mx\\\/?p=17972\",\"name\":\"Estamos muy contentos por aprobaci\u00f3n de la Guardia Nacional, agradece a los senadores de oposici\u00f3n por la aprobaci\u00f3n un\u00e1nime: AMLO -\",\"isPartOf\":{\"@id\":\"https:\\\/\\\/quehacerpolitico.mx\\\/#website\"},\"primaryImageOfPage\":{\"@id\":\"https:\\\/\\\/quehacerpolitico.mx\\\/?p=17972#primaryimage\"},\"image\":{\"@id\":\"https:\\\/\\\/quehacerpolitico.mx\\\/?p=17972#primaryimage\"},\"thumbnailUrl\":\"\",\"datePublished\":\"2019-02-22T14:41:20+00:00\",\"author\":{\"@id\":\"https:\\\/\\\/quehacerpolitico.mx\\\/#\\\/schema\\\/person\\\/496d8ad2d1d3f8036101dca7ee39e585\"},\"breadcrumb\":{\"@id\":\"https:\\\/\\\/quehacerpolitico.mx\\\/?p=17972#breadcrumb\"},\"inLanguage\":\"es\",\"potentialAction\":[{\"@type\":\"ReadAction\",\"target\":[\"https:\\\/\\\/quehacerpolitico.mx\\\/?p=17972\"]}]},{\"@type\":\"ImageObject\",\"inLanguage\":\"es\",\"@id\":\"https:\\\/\\\/quehacerpolitico.mx\\\/?p=17972#primaryimage\",\"url\":\"\",\"contentUrl\":\"\"},{\"@type\":\"BreadcrumbList\",\"@id\":\"https:\\\/\\\/quehacerpolitico.mx\\\/?p=17972#breadcrumb\",\"itemListElement\":[{\"@type\":\"ListItem\",\"position\":1,\"name\":\"Inicio\",\"item\":\"https:\\\/\\\/quehacerpolitico.mx\\\/\"},{\"@type\":\"ListItem\",\"position\":2,\"name\":\"Estamos muy contentos por aprobaci\u00f3n de la Guardia Nacional, agradece a los senadores de oposici\u00f3n por la aprobaci\u00f3n un\u00e1nime: AMLO\"}]},{\"@type\":\"WebSite\",\"@id\":\"https:\\\/\\\/quehacerpolitico.mx\\\/#website\",\"url\":\"https:\\\/\\\/quehacerpolitico.mx\\\/\",\"name\":\"\",\"description\":\"\",\"potentialAction\":[{\"@type\":\"SearchAction\",\"target\":{\"@type\":\"EntryPoint\",\"urlTemplate\":\"https:\\\/\\\/quehacerpolitico.mx\\\/?s={search_term_string}\"},\"query-input\":{\"@type\":\"PropertyValueSpecification\",\"valueRequired\":true,\"valueName\":\"search_term_string\"}}],\"inLanguage\":\"es\"},{\"@type\":\"Person\",\"@id\":\"https:\\\/\\\/quehacerpolitico.mx\\\/#\\\/schema\\\/person\\\/496d8ad2d1d3f8036101dca7ee39e585\",\"name\":\"Redacci\u00f3n QP\",\"image\":{\"@type\":\"ImageObject\",\"inLanguage\":\"es\",\"@id\":\"https:\\\/\\\/secure.gravatar.com\\\/avatar\\\/c7164ed6fdec453195284ad24a5ae5b6e1eed2b848477fa2a4787ba9adf39a41?s=96&d=mm&r=g\",\"url\":\"https:\\\/\\\/secure.gravatar.com\\\/avatar\\\/c7164ed6fdec453195284ad24a5ae5b6e1eed2b848477fa2a4787ba9adf39a41?s=96&d=mm&r=g\",\"contentUrl\":\"https:\\\/\\\/secure.gravatar.com\\\/avatar\\\/c7164ed6fdec453195284ad24a5ae5b6e1eed2b848477fa2a4787ba9adf39a41?s=96&d=mm&r=g\",\"caption\":\"Redacci\u00f3n QP\"},\"url\":\"https:\\\/\\\/quehacerpolitico.mx\\\/?author=2\"}]}<\/script>\n<!-- \/ Yoast SEO plugin. -->","yoast_head_json":{"title":"Estamos muy contentos por aprobaci\u00f3n de la Guardia Nacional, agradece a los senadores de oposici\u00f3n por la aprobaci\u00f3n un\u00e1nime: AMLO -","robots":{"index":"index","follow":"follow","max-snippet":"max-snippet:-1","max-image-preview":"max-image-preview:large","max-video-preview":"max-video-preview:-1"},"canonical":"https:\/\/quehacerpolitico.mx\/?p=17972","og_locale":"es_MX","og_type":"article","og_title":"Estamos muy contentos por aprobaci\u00f3n de la Guardia Nacional, agradece a los senadores de oposici\u00f3n por la aprobaci\u00f3n un\u00e1nime: AMLO -","og_description":"Estamos muy contentos por aprobaci\u00f3n de la Guardia Nacional, agradece a los senadores de oposici\u00f3n por la aprobaci\u00f3n un\u00e1nime: AMLO Por Redacci\u00f3n QP","og_url":"https:\/\/quehacerpolitico.mx\/?p=17972","article_published_time":"2019-02-22T14:41:20+00:00","author":"Redacci\u00f3n QP","twitter_card":"summary_large_image","twitter_misc":{"Escrito por":"Redacci\u00f3n QP","Tiempo de lectura":"3 minutos"},"schema":{"@context":"https:\/\/schema.org","@graph":[{"@type":"Article","@id":"https:\/\/quehacerpolitico.mx\/?p=17972#article","isPartOf":{"@id":"https:\/\/quehacerpolitico.mx\/?p=17972"},"author":{"name":"Redacci\u00f3n QP","@id":"https:\/\/quehacerpolitico.mx\/#\/schema\/person\/496d8ad2d1d3f8036101dca7ee39e585"},"headline":"Estamos muy contentos por aprobaci\u00f3n de la Guardia Nacional, agradece a los senadores de oposici\u00f3n por la aprobaci\u00f3n un\u00e1nime: AMLO","datePublished":"2019-02-22T14:41:20+00:00","mainEntityOfPage":{"@id":"https:\/\/quehacerpolitico.mx\/?p=17972"},"wordCount":673,"commentCount":0,"image":{"@id":"https:\/\/quehacerpolitico.mx\/?p=17972#primaryimage"},"thumbnailUrl":"","articleSection":["Noticias"],"inLanguage":"es","potentialAction":[{"@type":"CommentAction","name":"Comment","target":["https:\/\/quehacerpolitico.mx\/?p=17972#respond"]}]},{"@type":"WebPage","@id":"https:\/\/quehacerpolitico.mx\/?p=17972","url":"https:\/\/quehacerpolitico.mx\/?p=17972","name":"Estamos muy contentos por aprobaci\u00f3n de la Guardia Nacional, agradece a los senadores de oposici\u00f3n por la aprobaci\u00f3n un\u00e1nime: AMLO -","isPartOf":{"@id":"https:\/\/quehacerpolitico.mx\/#website"},"primaryImageOfPage":{"@id":"https:\/\/quehacerpolitico.mx\/?p=17972#primaryimage"},"image":{"@id":"https:\/\/quehacerpolitico.mx\/?p=17972#primaryimage"},"thumbnailUrl":"","datePublished":"2019-02-22T14:41:20+00:00","author":{"@id":"https:\/\/quehacerpolitico.mx\/#\/schema\/person\/496d8ad2d1d3f8036101dca7ee39e585"},"breadcrumb":{"@id":"https:\/\/quehacerpolitico.mx\/?p=17972#breadcrumb"},"inLanguage":"es","potentialAction":[{"@type":"ReadAction","target":["https:\/\/quehacerpolitico.mx\/?p=17972"]}]},{"@type":"ImageObject","inLanguage":"es","@id":"https:\/\/quehacerpolitico.mx\/?p=17972#primaryimage","url":"","contentUrl":""},{"@type":"BreadcrumbList","@id":"https:\/\/quehacerpolitico.mx\/?p=17972#breadcrumb","itemListElement":[{"@type":"ListItem","position":1,"name":"Inicio","item":"https:\/\/quehacerpolitico.mx\/"},{"@type":"ListItem","position":2,"name":"Estamos muy contentos por aprobaci\u00f3n de la Guardia Nacional, agradece a los senadores de oposici\u00f3n por la aprobaci\u00f3n un\u00e1nime: AMLO"}]},{"@type":"WebSite","@id":"https:\/\/quehacerpolitico.mx\/#website","url":"https:\/\/quehacerpolitico.mx\/","name":"","description":"","potentialAction":[{"@type":"SearchAction","target":{"@type":"EntryPoint","urlTemplate":"https:\/\/quehacerpolitico.mx\/?s={search_term_string}"},"query-input":{"@type":"PropertyValueSpecification","valueRequired":true,"valueName":"search_term_string"}}],"inLanguage":"es"},{"@type":"Person","@id":"https:\/\/quehacerpolitico.mx\/#\/schema\/person\/496d8ad2d1d3f8036101dca7ee39e585","name":"Redacci\u00f3n QP","image":{"@type":"ImageObject","inLanguage":"es","@id":"https:\/\/secure.gravatar.com\/avatar\/c7164ed6fdec453195284ad24a5ae5b6e1eed2b848477fa2a4787ba9adf39a41?s=96&d=mm&r=g","url":"https:\/\/secure.gravatar.com\/avatar\/c7164ed6fdec453195284ad24a5ae5b6e1eed2b848477fa2a4787ba9adf39a41?s=96&d=mm&r=g","contentUrl":"https:\/\/secure.gravatar.com\/avatar\/c7164ed6fdec453195284ad24a5ae5b6e1eed2b848477fa2a4787ba9adf39a41?s=96&d=mm&r=g","caption":"Redacci\u00f3n QP"},"url":"https:\/\/quehacerpolitico.mx\/?author=2"}]}},"featured_image_urls":{"full":"","thumbnail":"","medium":"","medium_large":"","large":"","1536x1536":"","2048x2048":"","covernews-featured":"","covernews-medium":""},"author_info":{"display_name":"Redacci\u00f3n QP","author_link":"https:\/\/quehacerpolitico.mx\/?author=2"},"category_info":"<a href=\"https:\/\/quehacerpolitico.mx\/?cat=2\" rel=\"category\">Noticias<\/a>","tag_info":"Noticias","comment_count":"0","_links":{"self":[{"href":"https:\/\/quehacerpolitico.mx\/index.php?rest_route=\/wp\/v2\/posts\/17972","targetHints":{"allow":["GET"]}}],"collection":[{"href":"https:\/\/quehacerpolitico.mx\/index.php?rest_route=\/wp\/v2\/posts"}],"about":[{"href":"https:\/\/quehacerpolitico.mx\/index.php?rest_route=\/wp\/v2\/types\/post"}],"author":[{"embeddable":true,"href":"https:\/\/quehacerpolitico.mx\/index.php?rest_route=\/wp\/v2\/users\/2"}],"replies":[{"embeddable":true,"href":"https:\/\/quehacerpolitico.mx\/index.php?rest_route=%2Fwp%2Fv2%2Fcomments&post=17972"}],"version-history":[{"count":0,"href":"https:\/\/quehacerpolitico.mx\/index.php?rest_route=\/wp\/v2\/posts\/17972\/revisions"}],"wp:featuredmedia":[{"embeddable":true,"href":"https:\/\/quehacerpolitico.mx\/index.php?rest_route=\/"}],"wp:attachment":[{"href":"https:\/\/quehacerpolitico.mx\/index.php?rest_route=%2Fwp%2Fv2%2Fmedia&parent=17972"}],"wp:term":[{"taxonomy":"category","embeddable":true,"href":"https:\/\/quehacerpolitico.mx\/index.php?rest_route=%2Fwp%2Fv2%2Fcategories&post=17972"},{"taxonomy":"post_tag","embeddable":true,"href":"https:\/\/quehacerpolitico.mx\/index.php?rest_route=%2Fwp%2Fv2%2Ftags&post=17972"}],"curies":[{"name":"wp","href":"https:\/\/api.w.org\/{rel}","templated":true}]}}