{"id":17969,"date":"2019-02-22T04:41:04","date_gmt":"2019-02-22T04:41:04","guid":{"rendered":"http:\/\/quehacerpolitico.mx\/videos-hombres-con-cascos-destruyen-campamento-triqui-en-el-zocalo\/"},"modified":"2019-02-22T04:41:04","modified_gmt":"2019-02-22T04:41:04","slug":"videos-hombres-con-cascos-destruyen-campamento-triqui-en-el-zocalo","status":"publish","type":"post","link":"https:\/\/quehacerpolitico.mx\/?p=17969","title":{"rendered":"[VIDEOS] Hombres con cascos destruyen campamento triqui en el Z\u00f3calo"},"content":{"rendered":"<h1 class=\"amp-wp-title\">[VIDEOS] Hombres con cascos destruyen campamento triqui en el Z\u00f3calo<\/h1>\n<p>Por Redacci\u00f3n QP<\/p>\n<p><b>Una persona lesionada y el campamento<\/b><span class=\"amp-wp-inline-f62a86b1328cd4134bec55ddf6de989a\"> que ind\u00edgenas triquis mantienen en el Z\u00f3calo parcialmente destruido fue el saldo de un ataque efectuado por hombres con cascos.<\/span><\/p>\n<p><span class=\"amp-wp-inline-f62a86b1328cd4134bec55ddf6de989a\">De acuerdo con la <\/span><b><i>Agencia Quadratin<\/i><\/b><span class=\"amp-wp-inline-f62a86b1328cd4134bec55ddf6de989a\"> testigos indicaron que cerca de las 18:30 horas, personas en motonetas que se identificaron como personal de la alcald\u00eda Cuauht\u00e9moc intent\u00f3 retirar el campamento que mantienen desde el lunes los ind\u00edgenas en la Plaza de la Constituci\u00f3n.<\/span><\/p>\n<p>https:\/\/m.facebook.com\/QuadratinMexico\/videos\/303669573600720\/?locale2=en_US<\/p>\n<p><span class=\"amp-wp-inline-f62a86b1328cd4134bec55ddf6de989a\">Los integrantes de esta etnia, <\/span><b>piden un lugar para vender sus artesan\u00edas<\/b><span class=\"amp-wp-inline-f62a86b1328cd4134bec55ddf6de989a\">, opusieron \u00a0resistencia a la agresi\u00f3n.<\/span><\/p>\n<p><span class=\"amp-wp-inline-f62a86b1328cd4134bec55ddf6de989a\">Esto desemboc\u00f3 en un enfrentamiento que <\/span><b>dur\u00f3 apenas unos minutos <\/b><span class=\"amp-wp-inline-f62a86b1328cd4134bec55ddf6de989a\">y dej\u00f3 como resultado una mujer lesionada al caerle una motocicleta encima.<\/span><\/p>\n<p><span class=\"amp-wp-inline-f62a86b1328cd4134bec55ddf6de989a\">Despu\u00e9s de varios minutos, <\/span><b>el presunto personal de Gobierno<\/b><span class=\"amp-wp-inline-f62a86b1328cd4134bec55ddf6de989a\"> se retir\u00f3 y una comisi\u00f3n de ind\u00edgenas ingres\u00f3 al edificio de Gobierno para una mesa de negociaci\u00f3n.<\/span><\/p>\n<p><span class=\"amp-wp-inline-f62a86b1328cd4134bec55ddf6de989a\">En ella solicitar\u00e1n les dejen trabajar para obtener el <\/span><b>sustento de sus familias<\/b><span class=\"amp-wp-inline-f62a86b1328cd4134bec55ddf6de989a\">.<\/span><\/p>\n<p><span class=\"amp-wp-inline-f62a86b1328cd4134bec55ddf6de989a\">Adem\u00e1s, en un video dado a conocer por el periodista <\/span><b><i>Jorge Becerril <\/i><\/b><span class=\"amp-wp-inline-f62a86b1328cd4134bec55ddf6de989a\">se ve a los agresores llegar y comenzar a golpear a la gente, en su mayor\u00eda ni\u00f1os y mujeres de edad.<\/span><\/p>\n<p>https:\/\/twitter.com\/mreldiablo8\/status\/1098761019814543360?s=21<\/p>\n<p>Una mujer entrevistada por <strong>Becerril <\/strong>declar\u00f3 que detuvieron a uno de los agresores pero fue liberado de inmediato por la polic\u00eda capitalina.<\/p>\n<p>https:\/\/twitter.com\/mreldiablo8\/status\/1098765941498961922?s=21<\/p>\n","protected":false},"excerpt":{"rendered":"<p>[VIDEOS] Hombres con cascos destruyen campamento triqui en el Z\u00f3calo<br \/>\nPor Redacci\u00f3n QP<\/p>\n","protected":false},"author":2,"featured_media":17968,"comment_status":"open","ping_status":"open","sticky":false,"template":"","format":"standard","meta":{"_monsterinsights_skip_tracking":false,"_monsterinsights_sitenote_active":false,"_monsterinsights_sitenote_note":"","_monsterinsights_sitenote_category":0,"footnotes":""},"categories":[55],"tags":[],"class_list":["post-17969","post","type-post","status-publish","format-standard","has-post-thumbnail","hentry","category-cdmx"],"yoast_head":"<!-- This site is optimized with the Yoast SEO plugin v27.3 - https:\/\/yoast.com\/product\/yoast-seo-wordpress\/ -->\n<title>[VIDEOS] Hombres con cascos destruyen campamento triqui en el Z\u00f3calo -<\/title>\n<meta name=\"robots\" content=\"index, follow, max-snippet:-1, max-image-preview:large, max-video-preview:-1\" \/>\n<link rel=\"canonical\" href=\"https:\/\/quehacerpolitico.mx\/?p=17969\" \/>\n<meta property=\"og:locale\" content=\"es_MX\" \/>\n<meta property=\"og:type\" content=\"article\" \/>\n<meta property=\"og:title\" content=\"[VIDEOS] Hombres con cascos destruyen campamento triqui en el Z\u00f3calo -\" \/>\n<meta property=\"og:description\" content=\"[VIDEOS] Hombres con cascos destruyen campamento triqui en el Z\u00f3calo Por Redacci\u00f3n QP\" \/>\n<meta property=\"og:url\" content=\"https:\/\/quehacerpolitico.mx\/?p=17969\" \/>\n<meta property=\"article:published_time\" content=\"2019-02-22T04:41:04+00:00\" \/>\n<meta name=\"author\" content=\"Redacci\u00f3n QP\" \/>\n<meta name=\"twitter:card\" content=\"summary_large_image\" \/>\n<meta name=\"twitter:label1\" content=\"Escrito por\" \/>\n\t<meta name=\"twitter:data1\" content=\"Redacci\u00f3n QP\" \/>\n\t<meta name=\"twitter:label2\" content=\"Tiempo de lectura\" \/>\n\t<meta name=\"twitter:data2\" content=\"1 minuto\" \/>\n<script type=\"application\/ld+json\" class=\"yoast-schema-graph\">{\"@context\":\"https:\\\/\\\/schema.org\",\"@graph\":[{\"@type\":\"Article\",\"@id\":\"https:\\\/\\\/quehacerpolitico.mx\\\/?p=17969#article\",\"isPartOf\":{\"@id\":\"https:\\\/\\\/quehacerpolitico.mx\\\/?p=17969\"},\"author\":{\"name\":\"Redacci\u00f3n QP\",\"@id\":\"https:\\\/\\\/quehacerpolitico.mx\\\/#\\\/schema\\\/person\\\/496d8ad2d1d3f8036101dca7ee39e585\"},\"headline\":\"[VIDEOS] Hombres con cascos destruyen campamento triqui en el Z\u00f3calo\",\"datePublished\":\"2019-02-22T04:41:04+00:00\",\"mainEntityOfPage\":{\"@id\":\"https:\\\/\\\/quehacerpolitico.mx\\\/?p=17969\"},\"wordCount\":265,\"commentCount\":0,\"image\":{\"@id\":\"https:\\\/\\\/quehacerpolitico.mx\\\/?p=17969#primaryimage\"},\"thumbnailUrl\":\"\",\"articleSection\":[\"CDMX\"],\"inLanguage\":\"es\",\"potentialAction\":[{\"@type\":\"CommentAction\",\"name\":\"Comment\",\"target\":[\"https:\\\/\\\/quehacerpolitico.mx\\\/?p=17969#respond\"]}]},{\"@type\":\"WebPage\",\"@id\":\"https:\\\/\\\/quehacerpolitico.mx\\\/?p=17969\",\"url\":\"https:\\\/\\\/quehacerpolitico.mx\\\/?p=17969\",\"name\":\"[VIDEOS] Hombres con cascos destruyen campamento triqui en el Z\u00f3calo -\",\"isPartOf\":{\"@id\":\"https:\\\/\\\/quehacerpolitico.mx\\\/#website\"},\"primaryImageOfPage\":{\"@id\":\"https:\\\/\\\/quehacerpolitico.mx\\\/?p=17969#primaryimage\"},\"image\":{\"@id\":\"https:\\\/\\\/quehacerpolitico.mx\\\/?p=17969#primaryimage\"},\"thumbnailUrl\":\"\",\"datePublished\":\"2019-02-22T04:41:04+00:00\",\"author\":{\"@id\":\"https:\\\/\\\/quehacerpolitico.mx\\\/#\\\/schema\\\/person\\\/496d8ad2d1d3f8036101dca7ee39e585\"},\"breadcrumb\":{\"@id\":\"https:\\\/\\\/quehacerpolitico.mx\\\/?p=17969#breadcrumb\"},\"inLanguage\":\"es\",\"potentialAction\":[{\"@type\":\"ReadAction\",\"target\":[\"https:\\\/\\\/quehacerpolitico.mx\\\/?p=17969\"]}]},{\"@type\":\"ImageObject\",\"inLanguage\":\"es\",\"@id\":\"https:\\\/\\\/quehacerpolitico.mx\\\/?p=17969#primaryimage\",\"url\":\"\",\"contentUrl\":\"\"},{\"@type\":\"BreadcrumbList\",\"@id\":\"https:\\\/\\\/quehacerpolitico.mx\\\/?p=17969#breadcrumb\",\"itemListElement\":[{\"@type\":\"ListItem\",\"position\":1,\"name\":\"Inicio\",\"item\":\"https:\\\/\\\/quehacerpolitico.mx\\\/\"},{\"@type\":\"ListItem\",\"position\":2,\"name\":\"[VIDEOS] Hombres con cascos destruyen campamento triqui en el Z\u00f3calo\"}]},{\"@type\":\"WebSite\",\"@id\":\"https:\\\/\\\/quehacerpolitico.mx\\\/#website\",\"url\":\"https:\\\/\\\/quehacerpolitico.mx\\\/\",\"name\":\"\",\"description\":\"\",\"potentialAction\":[{\"@type\":\"SearchAction\",\"target\":{\"@type\":\"EntryPoint\",\"urlTemplate\":\"https:\\\/\\\/quehacerpolitico.mx\\\/?s={search_term_string}\"},\"query-input\":{\"@type\":\"PropertyValueSpecification\",\"valueRequired\":true,\"valueName\":\"search_term_string\"}}],\"inLanguage\":\"es\"},{\"@type\":\"Person\",\"@id\":\"https:\\\/\\\/quehacerpolitico.mx\\\/#\\\/schema\\\/person\\\/496d8ad2d1d3f8036101dca7ee39e585\",\"name\":\"Redacci\u00f3n QP\",\"image\":{\"@type\":\"ImageObject\",\"inLanguage\":\"es\",\"@id\":\"https:\\\/\\\/secure.gravatar.com\\\/avatar\\\/c7164ed6fdec453195284ad24a5ae5b6e1eed2b848477fa2a4787ba9adf39a41?s=96&d=mm&r=g\",\"url\":\"https:\\\/\\\/secure.gravatar.com\\\/avatar\\\/c7164ed6fdec453195284ad24a5ae5b6e1eed2b848477fa2a4787ba9adf39a41?s=96&d=mm&r=g\",\"contentUrl\":\"https:\\\/\\\/secure.gravatar.com\\\/avatar\\\/c7164ed6fdec453195284ad24a5ae5b6e1eed2b848477fa2a4787ba9adf39a41?s=96&d=mm&r=g\",\"caption\":\"Redacci\u00f3n QP\"},\"url\":\"https:\\\/\\\/quehacerpolitico.mx\\\/?author=2\"}]}<\/script>\n<!-- \/ Yoast SEO plugin. -->","yoast_head_json":{"title":"[VIDEOS] Hombres con cascos destruyen campamento triqui en el Z\u00f3calo -","robots":{"index":"index","follow":"follow","max-snippet":"max-snippet:-1","max-image-preview":"max-image-preview:large","max-video-preview":"max-video-preview:-1"},"canonical":"https:\/\/quehacerpolitico.mx\/?p=17969","og_locale":"es_MX","og_type":"article","og_title":"[VIDEOS] Hombres con cascos destruyen campamento triqui en el Z\u00f3calo -","og_description":"[VIDEOS] Hombres con cascos destruyen campamento triqui en el Z\u00f3calo Por Redacci\u00f3n QP","og_url":"https:\/\/quehacerpolitico.mx\/?p=17969","article_published_time":"2019-02-22T04:41:04+00:00","author":"Redacci\u00f3n QP","twitter_card":"summary_large_image","twitter_misc":{"Escrito por":"Redacci\u00f3n QP","Tiempo de lectura":"1 minuto"},"schema":{"@context":"https:\/\/schema.org","@graph":[{"@type":"Article","@id":"https:\/\/quehacerpolitico.mx\/?p=17969#article","isPartOf":{"@id":"https:\/\/quehacerpolitico.mx\/?p=17969"},"author":{"name":"Redacci\u00f3n QP","@id":"https:\/\/quehacerpolitico.mx\/#\/schema\/person\/496d8ad2d1d3f8036101dca7ee39e585"},"headline":"[VIDEOS] Hombres con cascos destruyen campamento triqui en el Z\u00f3calo","datePublished":"2019-02-22T04:41:04+00:00","mainEntityOfPage":{"@id":"https:\/\/quehacerpolitico.mx\/?p=17969"},"wordCount":265,"commentCount":0,"image":{"@id":"https:\/\/quehacerpolitico.mx\/?p=17969#primaryimage"},"thumbnailUrl":"","articleSection":["CDMX"],"inLanguage":"es","potentialAction":[{"@type":"CommentAction","name":"Comment","target":["https:\/\/quehacerpolitico.mx\/?p=17969#respond"]}]},{"@type":"WebPage","@id":"https:\/\/quehacerpolitico.mx\/?p=17969","url":"https:\/\/quehacerpolitico.mx\/?p=17969","name":"[VIDEOS] Hombres con cascos destruyen campamento triqui en el Z\u00f3calo -","isPartOf":{"@id":"https:\/\/quehacerpolitico.mx\/#website"},"primaryImageOfPage":{"@id":"https:\/\/quehacerpolitico.mx\/?p=17969#primaryimage"},"image":{"@id":"https:\/\/quehacerpolitico.mx\/?p=17969#primaryimage"},"thumbnailUrl":"","datePublished":"2019-02-22T04:41:04+00:00","author":{"@id":"https:\/\/quehacerpolitico.mx\/#\/schema\/person\/496d8ad2d1d3f8036101dca7ee39e585"},"breadcrumb":{"@id":"https:\/\/quehacerpolitico.mx\/?p=17969#breadcrumb"},"inLanguage":"es","potentialAction":[{"@type":"ReadAction","target":["https:\/\/quehacerpolitico.mx\/?p=17969"]}]},{"@type":"ImageObject","inLanguage":"es","@id":"https:\/\/quehacerpolitico.mx\/?p=17969#primaryimage","url":"","contentUrl":""},{"@type":"BreadcrumbList","@id":"https:\/\/quehacerpolitico.mx\/?p=17969#breadcrumb","itemListElement":[{"@type":"ListItem","position":1,"name":"Inicio","item":"https:\/\/quehacerpolitico.mx\/"},{"@type":"ListItem","position":2,"name":"[VIDEOS] Hombres con cascos destruyen campamento triqui en el Z\u00f3calo"}]},{"@type":"WebSite","@id":"https:\/\/quehacerpolitico.mx\/#website","url":"https:\/\/quehacerpolitico.mx\/","name":"","description":"","potentialAction":[{"@type":"SearchAction","target":{"@type":"EntryPoint","urlTemplate":"https:\/\/quehacerpolitico.mx\/?s={search_term_string}"},"query-input":{"@type":"PropertyValueSpecification","valueRequired":true,"valueName":"search_term_string"}}],"inLanguage":"es"},{"@type":"Person","@id":"https:\/\/quehacerpolitico.mx\/#\/schema\/person\/496d8ad2d1d3f8036101dca7ee39e585","name":"Redacci\u00f3n QP","image":{"@type":"ImageObject","inLanguage":"es","@id":"https:\/\/secure.gravatar.com\/avatar\/c7164ed6fdec453195284ad24a5ae5b6e1eed2b848477fa2a4787ba9adf39a41?s=96&d=mm&r=g","url":"https:\/\/secure.gravatar.com\/avatar\/c7164ed6fdec453195284ad24a5ae5b6e1eed2b848477fa2a4787ba9adf39a41?s=96&d=mm&r=g","contentUrl":"https:\/\/secure.gravatar.com\/avatar\/c7164ed6fdec453195284ad24a5ae5b6e1eed2b848477fa2a4787ba9adf39a41?s=96&d=mm&r=g","caption":"Redacci\u00f3n QP"},"url":"https:\/\/quehacerpolitico.mx\/?author=2"}]}},"featured_image_urls":{"full":"","thumbnail":"","medium":"","medium_large":"","large":"","1536x1536":"","2048x2048":"","covernews-featured":"","covernews-medium":""},"author_info":{"display_name":"Redacci\u00f3n QP","author_link":"https:\/\/quehacerpolitico.mx\/?author=2"},"category_info":"<a href=\"https:\/\/quehacerpolitico.mx\/?cat=55\" rel=\"category\">CDMX<\/a>","tag_info":"CDMX","comment_count":"0","_links":{"self":[{"href":"https:\/\/quehacerpolitico.mx\/index.php?rest_route=\/wp\/v2\/posts\/17969","targetHints":{"allow":["GET"]}}],"collection":[{"href":"https:\/\/quehacerpolitico.mx\/index.php?rest_route=\/wp\/v2\/posts"}],"about":[{"href":"https:\/\/quehacerpolitico.mx\/index.php?rest_route=\/wp\/v2\/types\/post"}],"author":[{"embeddable":true,"href":"https:\/\/quehacerpolitico.mx\/index.php?rest_route=\/wp\/v2\/users\/2"}],"replies":[{"embeddable":true,"href":"https:\/\/quehacerpolitico.mx\/index.php?rest_route=%2Fwp%2Fv2%2Fcomments&post=17969"}],"version-history":[{"count":0,"href":"https:\/\/quehacerpolitico.mx\/index.php?rest_route=\/wp\/v2\/posts\/17969\/revisions"}],"wp:featuredmedia":[{"embeddable":true,"href":"https:\/\/quehacerpolitico.mx\/index.php?rest_route=\/"}],"wp:attachment":[{"href":"https:\/\/quehacerpolitico.mx\/index.php?rest_route=%2Fwp%2Fv2%2Fmedia&parent=17969"}],"wp:term":[{"taxonomy":"category","embeddable":true,"href":"https:\/\/quehacerpolitico.mx\/index.php?rest_route=%2Fwp%2Fv2%2Fcategories&post=17969"},{"taxonomy":"post_tag","embeddable":true,"href":"https:\/\/quehacerpolitico.mx\/index.php?rest_route=%2Fwp%2Fv2%2Ftags&post=17969"}],"curies":[{"name":"wp","href":"https:\/\/api.w.org\/{rel}","templated":true}]}}