{"id":17966,"date":"2019-02-22T04:30:53","date_gmt":"2019-02-22T04:30:53","guid":{"rendered":"http:\/\/quehacerpolitico.mx\/linea-2-del-cablebus-conectara-la-linea-a-del-metro-con-la-sierra-de-santa-catarina\/"},"modified":"2019-02-22T04:30:53","modified_gmt":"2019-02-22T04:30:53","slug":"linea-2-del-cablebus-conectara-la-linea-a-del-metro-con-la-sierra-de-santa-catarina","status":"publish","type":"post","link":"https:\/\/quehacerpolitico.mx\/?p=17966","title":{"rendered":"L\u00ednea 2 del Cableb\u00fas conectar\u00e1 la L\u00ednea A del Metro con la Sierra de Santa Catarina"},"content":{"rendered":"<h1 class=\"amp-wp-title\">L\u00ednea 2 del Cableb\u00fas conectar\u00e1 la L\u00ednea A del Metro con la Sierra de Santa Catarina<\/h1>\n<p>Por Redacci\u00f3n QP<\/p>\n<p>La L\u00ednea 2 del <strong>Cableb\u00fas<\/strong> tendr\u00e1 una estaci\u00f3n que conecte con la L\u00ednea A del Metro en la estaci\u00f3n <strong>Santa Martha Acatitla,<\/strong> inform\u00f3 el director del organismo de transporte, <strong>Pavel Sosa.<\/strong><\/p>\n<p>https:\/\/twitter.com\/cablebuscdmx\/status\/1098720643275575296?s=21<\/p>\n<p><strong>Sosa<\/strong> indic\u00f3 que con esto se pretende hacer dos grandes arcos para solventar la afluencia de <strong>pasajeros<\/strong> hacia <strong>Ixtapaluca.<\/strong><\/p>\n<blockquote>\n<p>\u201cHay un arco que ir\u00e1 hacia Constituci\u00f3n de 1917 y otro arco que ir\u00e1 hacia Santa Martha Acatitla, con esto el flujo de usuarios que va hacia ambos sentidos se ir\u00e1 en dos grandes vertientes\u201d, afirm\u00f3 Sosa.<\/p>\n<\/blockquote>\n<p>La L\u00ednea 2 conectar\u00e1 la <strong>Sierra<\/strong> <strong>de Santa Catarina<\/strong> al paradero de la estaci\u00f3n<strong> Constituci\u00f3n de 1917<\/strong> de la L\u00ednea 8 del <strong>Metro;<\/strong> proyecto que se integrar\u00e1 con el plan federal de un tren que vaya hacia el <strong>Valle de Chalco;<\/strong> l\u00ednea estar\u00e1 en operaciones a mediados de 2021.<\/p>\n<p>Respecto a la L\u00ednea 1, inform\u00f3 que estar\u00e1 lista para mediados de 2020, ruta que ir\u00e1 de <strong>Indios Verdes<\/strong> a <strong>Cuautepec.<\/strong><\/p>\n<p>La <strong>L\u00ednea 3<\/strong>, que conectar\u00e1 el <strong>Ajusco<\/strong> con la estaci\u00f3n <strong>Universidad<\/strong> de la L\u00ednea 3 del Metro, pasar\u00e1 sobre la carretera <strong>Picacho-Ajusco<\/strong> para no da\u00f1ar las \u00e1reas ecol\u00f3gicas, detall\u00f3.<\/p>\n<p>Sosa tambi\u00e9n puntualiz\u00f3 que la L\u00ednea 4 partir\u00e1 de la estaci\u00f3n <strong>San Antonio<\/strong> de la L\u00ednea 7 del <strong>Metro<\/strong> a la alcald\u00eda de <strong>\u00c1lvaro Obreg\u00f3n,<\/strong> sobre avenida <strong>Tamaulipas.<\/strong><\/p>\n<p>Para las primeras dos l\u00edneas, este a\u00f1o se destinaron tres mil millones de pesos.<\/p>\n<p>El funcionario indic\u00f3 que se espera que las cuatro l\u00edneas una vez terminadas transporten a 117 millones de pasajeros diarios.<\/p>\n<blockquote class=\"twitter-tweet\" data-width=\"550\" data-dnt=\"true\">\n<p lang=\"es\" dir=\"ltr\">El cableb\u00fas en Cuautepec, Gustavo A. Madero, ser\u00e1 el telef\u00e9rico m\u00e1s largo del mundo; saldr\u00e1 del metro Indios Verdes y tendr\u00e1 un trayecto total de 9.4 kil\u00f3metros. <a href=\"https:\/\/twitter.com\/hashtag\/NoticiasMX?src=hash&amp;ref_src=twsrc%5Etfw\">#NoticiasMX<\/a> <a href=\"https:\/\/t.co\/wWJye8X4S2\">pic.twitter.com\/wWJye8X4S2<\/a><\/p>\n<p>&mdash; N+ FORO (@nmasforo) <a href=\"https:\/\/twitter.com\/nmasforo\/status\/1098685685152702464?ref_src=twsrc%5Etfw\">February 21, 2019<\/a><\/p><\/blockquote>\n<p><script async src=\"https:\/\/platform.twitter.com\/widgets.js\" charset=\"utf-8\"><\/script><\/p>\n","protected":false},"excerpt":{"rendered":"<p>L\u00ednea 2 del Cableb\u00fas conectar\u00e1 la L\u00ednea A del Metro con la Sierra de Santa Catarina<br \/>\nPor Redacci\u00f3n QP<\/p>\n","protected":false},"author":2,"featured_media":17965,"comment_status":"open","ping_status":"open","sticky":false,"template":"","format":"standard","meta":{"_monsterinsights_skip_tracking":false,"_monsterinsights_sitenote_active":false,"_monsterinsights_sitenote_note":"","_monsterinsights_sitenote_category":0,"footnotes":""},"categories":[55],"tags":[],"class_list":["post-17966","post","type-post","status-publish","format-standard","has-post-thumbnail","hentry","category-cdmx"],"yoast_head":"<!-- This site is optimized with the Yoast SEO plugin v27.3 - https:\/\/yoast.com\/product\/yoast-seo-wordpress\/ -->\n<title>L\u00ednea 2 del Cableb\u00fas conectar\u00e1 la L\u00ednea A del Metro con la Sierra de Santa Catarina -<\/title>\n<meta name=\"robots\" content=\"index, follow, max-snippet:-1, max-image-preview:large, max-video-preview:-1\" \/>\n<link rel=\"canonical\" href=\"https:\/\/quehacerpolitico.mx\/?p=17966\" \/>\n<meta property=\"og:locale\" content=\"es_MX\" \/>\n<meta property=\"og:type\" content=\"article\" \/>\n<meta property=\"og:title\" content=\"L\u00ednea 2 del Cableb\u00fas conectar\u00e1 la L\u00ednea A del Metro con la Sierra de Santa Catarina -\" \/>\n<meta property=\"og:description\" content=\"L\u00ednea 2 del Cableb\u00fas conectar\u00e1 la L\u00ednea A del Metro con la Sierra de Santa Catarina Por Redacci\u00f3n QP\" \/>\n<meta property=\"og:url\" content=\"https:\/\/quehacerpolitico.mx\/?p=17966\" \/>\n<meta property=\"article:published_time\" content=\"2019-02-22T04:30:53+00:00\" \/>\n<meta name=\"author\" content=\"Redacci\u00f3n QP\" \/>\n<meta name=\"twitter:card\" content=\"summary_large_image\" \/>\n<meta name=\"twitter:label1\" content=\"Escrito por\" \/>\n\t<meta name=\"twitter:data1\" content=\"Redacci\u00f3n QP\" \/>\n\t<meta name=\"twitter:label2\" content=\"Tiempo de lectura\" \/>\n\t<meta name=\"twitter:data2\" content=\"1 minuto\" \/>\n<script type=\"application\/ld+json\" class=\"yoast-schema-graph\">{\"@context\":\"https:\\\/\\\/schema.org\",\"@graph\":[{\"@type\":\"Article\",\"@id\":\"https:\\\/\\\/quehacerpolitico.mx\\\/?p=17966#article\",\"isPartOf\":{\"@id\":\"https:\\\/\\\/quehacerpolitico.mx\\\/?p=17966\"},\"author\":{\"name\":\"Redacci\u00f3n QP\",\"@id\":\"https:\\\/\\\/quehacerpolitico.mx\\\/#\\\/schema\\\/person\\\/496d8ad2d1d3f8036101dca7ee39e585\"},\"headline\":\"L\u00ednea 2 del Cableb\u00fas conectar\u00e1 la L\u00ednea A del Metro con la Sierra de Santa Catarina\",\"datePublished\":\"2019-02-22T04:30:53+00:00\",\"mainEntityOfPage\":{\"@id\":\"https:\\\/\\\/quehacerpolitico.mx\\\/?p=17966\"},\"wordCount\":314,\"commentCount\":0,\"image\":{\"@id\":\"https:\\\/\\\/quehacerpolitico.mx\\\/?p=17966#primaryimage\"},\"thumbnailUrl\":\"\",\"articleSection\":[\"CDMX\"],\"inLanguage\":\"es\",\"potentialAction\":[{\"@type\":\"CommentAction\",\"name\":\"Comment\",\"target\":[\"https:\\\/\\\/quehacerpolitico.mx\\\/?p=17966#respond\"]}]},{\"@type\":\"WebPage\",\"@id\":\"https:\\\/\\\/quehacerpolitico.mx\\\/?p=17966\",\"url\":\"https:\\\/\\\/quehacerpolitico.mx\\\/?p=17966\",\"name\":\"L\u00ednea 2 del Cableb\u00fas conectar\u00e1 la L\u00ednea A del Metro con la Sierra de Santa Catarina -\",\"isPartOf\":{\"@id\":\"https:\\\/\\\/quehacerpolitico.mx\\\/#website\"},\"primaryImageOfPage\":{\"@id\":\"https:\\\/\\\/quehacerpolitico.mx\\\/?p=17966#primaryimage\"},\"image\":{\"@id\":\"https:\\\/\\\/quehacerpolitico.mx\\\/?p=17966#primaryimage\"},\"thumbnailUrl\":\"\",\"datePublished\":\"2019-02-22T04:30:53+00:00\",\"author\":{\"@id\":\"https:\\\/\\\/quehacerpolitico.mx\\\/#\\\/schema\\\/person\\\/496d8ad2d1d3f8036101dca7ee39e585\"},\"breadcrumb\":{\"@id\":\"https:\\\/\\\/quehacerpolitico.mx\\\/?p=17966#breadcrumb\"},\"inLanguage\":\"es\",\"potentialAction\":[{\"@type\":\"ReadAction\",\"target\":[\"https:\\\/\\\/quehacerpolitico.mx\\\/?p=17966\"]}]},{\"@type\":\"ImageObject\",\"inLanguage\":\"es\",\"@id\":\"https:\\\/\\\/quehacerpolitico.mx\\\/?p=17966#primaryimage\",\"url\":\"\",\"contentUrl\":\"\"},{\"@type\":\"BreadcrumbList\",\"@id\":\"https:\\\/\\\/quehacerpolitico.mx\\\/?p=17966#breadcrumb\",\"itemListElement\":[{\"@type\":\"ListItem\",\"position\":1,\"name\":\"Inicio\",\"item\":\"https:\\\/\\\/quehacerpolitico.mx\\\/\"},{\"@type\":\"ListItem\",\"position\":2,\"name\":\"L\u00ednea 2 del Cableb\u00fas conectar\u00e1 la L\u00ednea A del Metro con la Sierra de Santa Catarina\"}]},{\"@type\":\"WebSite\",\"@id\":\"https:\\\/\\\/quehacerpolitico.mx\\\/#website\",\"url\":\"https:\\\/\\\/quehacerpolitico.mx\\\/\",\"name\":\"\",\"description\":\"\",\"potentialAction\":[{\"@type\":\"SearchAction\",\"target\":{\"@type\":\"EntryPoint\",\"urlTemplate\":\"https:\\\/\\\/quehacerpolitico.mx\\\/?s={search_term_string}\"},\"query-input\":{\"@type\":\"PropertyValueSpecification\",\"valueRequired\":true,\"valueName\":\"search_term_string\"}}],\"inLanguage\":\"es\"},{\"@type\":\"Person\",\"@id\":\"https:\\\/\\\/quehacerpolitico.mx\\\/#\\\/schema\\\/person\\\/496d8ad2d1d3f8036101dca7ee39e585\",\"name\":\"Redacci\u00f3n QP\",\"image\":{\"@type\":\"ImageObject\",\"inLanguage\":\"es\",\"@id\":\"https:\\\/\\\/secure.gravatar.com\\\/avatar\\\/c7164ed6fdec453195284ad24a5ae5b6e1eed2b848477fa2a4787ba9adf39a41?s=96&d=mm&r=g\",\"url\":\"https:\\\/\\\/secure.gravatar.com\\\/avatar\\\/c7164ed6fdec453195284ad24a5ae5b6e1eed2b848477fa2a4787ba9adf39a41?s=96&d=mm&r=g\",\"contentUrl\":\"https:\\\/\\\/secure.gravatar.com\\\/avatar\\\/c7164ed6fdec453195284ad24a5ae5b6e1eed2b848477fa2a4787ba9adf39a41?s=96&d=mm&r=g\",\"caption\":\"Redacci\u00f3n QP\"},\"url\":\"https:\\\/\\\/quehacerpolitico.mx\\\/?author=2\"}]}<\/script>\n<!-- \/ Yoast SEO plugin. -->","yoast_head_json":{"title":"L\u00ednea 2 del Cableb\u00fas conectar\u00e1 la L\u00ednea A del Metro con la Sierra de Santa Catarina -","robots":{"index":"index","follow":"follow","max-snippet":"max-snippet:-1","max-image-preview":"max-image-preview:large","max-video-preview":"max-video-preview:-1"},"canonical":"https:\/\/quehacerpolitico.mx\/?p=17966","og_locale":"es_MX","og_type":"article","og_title":"L\u00ednea 2 del Cableb\u00fas conectar\u00e1 la L\u00ednea A del Metro con la Sierra de Santa Catarina -","og_description":"L\u00ednea 2 del Cableb\u00fas conectar\u00e1 la L\u00ednea A del Metro con la Sierra de Santa Catarina Por Redacci\u00f3n QP","og_url":"https:\/\/quehacerpolitico.mx\/?p=17966","article_published_time":"2019-02-22T04:30:53+00:00","author":"Redacci\u00f3n QP","twitter_card":"summary_large_image","twitter_misc":{"Escrito por":"Redacci\u00f3n QP","Tiempo de lectura":"1 minuto"},"schema":{"@context":"https:\/\/schema.org","@graph":[{"@type":"Article","@id":"https:\/\/quehacerpolitico.mx\/?p=17966#article","isPartOf":{"@id":"https:\/\/quehacerpolitico.mx\/?p=17966"},"author":{"name":"Redacci\u00f3n QP","@id":"https:\/\/quehacerpolitico.mx\/#\/schema\/person\/496d8ad2d1d3f8036101dca7ee39e585"},"headline":"L\u00ednea 2 del Cableb\u00fas conectar\u00e1 la L\u00ednea A del Metro con la Sierra de Santa Catarina","datePublished":"2019-02-22T04:30:53+00:00","mainEntityOfPage":{"@id":"https:\/\/quehacerpolitico.mx\/?p=17966"},"wordCount":314,"commentCount":0,"image":{"@id":"https:\/\/quehacerpolitico.mx\/?p=17966#primaryimage"},"thumbnailUrl":"","articleSection":["CDMX"],"inLanguage":"es","potentialAction":[{"@type":"CommentAction","name":"Comment","target":["https:\/\/quehacerpolitico.mx\/?p=17966#respond"]}]},{"@type":"WebPage","@id":"https:\/\/quehacerpolitico.mx\/?p=17966","url":"https:\/\/quehacerpolitico.mx\/?p=17966","name":"L\u00ednea 2 del Cableb\u00fas conectar\u00e1 la L\u00ednea A del Metro con la Sierra de Santa Catarina -","isPartOf":{"@id":"https:\/\/quehacerpolitico.mx\/#website"},"primaryImageOfPage":{"@id":"https:\/\/quehacerpolitico.mx\/?p=17966#primaryimage"},"image":{"@id":"https:\/\/quehacerpolitico.mx\/?p=17966#primaryimage"},"thumbnailUrl":"","datePublished":"2019-02-22T04:30:53+00:00","author":{"@id":"https:\/\/quehacerpolitico.mx\/#\/schema\/person\/496d8ad2d1d3f8036101dca7ee39e585"},"breadcrumb":{"@id":"https:\/\/quehacerpolitico.mx\/?p=17966#breadcrumb"},"inLanguage":"es","potentialAction":[{"@type":"ReadAction","target":["https:\/\/quehacerpolitico.mx\/?p=17966"]}]},{"@type":"ImageObject","inLanguage":"es","@id":"https:\/\/quehacerpolitico.mx\/?p=17966#primaryimage","url":"","contentUrl":""},{"@type":"BreadcrumbList","@id":"https:\/\/quehacerpolitico.mx\/?p=17966#breadcrumb","itemListElement":[{"@type":"ListItem","position":1,"name":"Inicio","item":"https:\/\/quehacerpolitico.mx\/"},{"@type":"ListItem","position":2,"name":"L\u00ednea 2 del Cableb\u00fas conectar\u00e1 la L\u00ednea A del Metro con la Sierra de Santa Catarina"}]},{"@type":"WebSite","@id":"https:\/\/quehacerpolitico.mx\/#website","url":"https:\/\/quehacerpolitico.mx\/","name":"","description":"","potentialAction":[{"@type":"SearchAction","target":{"@type":"EntryPoint","urlTemplate":"https:\/\/quehacerpolitico.mx\/?s={search_term_string}"},"query-input":{"@type":"PropertyValueSpecification","valueRequired":true,"valueName":"search_term_string"}}],"inLanguage":"es"},{"@type":"Person","@id":"https:\/\/quehacerpolitico.mx\/#\/schema\/person\/496d8ad2d1d3f8036101dca7ee39e585","name":"Redacci\u00f3n QP","image":{"@type":"ImageObject","inLanguage":"es","@id":"https:\/\/secure.gravatar.com\/avatar\/c7164ed6fdec453195284ad24a5ae5b6e1eed2b848477fa2a4787ba9adf39a41?s=96&d=mm&r=g","url":"https:\/\/secure.gravatar.com\/avatar\/c7164ed6fdec453195284ad24a5ae5b6e1eed2b848477fa2a4787ba9adf39a41?s=96&d=mm&r=g","contentUrl":"https:\/\/secure.gravatar.com\/avatar\/c7164ed6fdec453195284ad24a5ae5b6e1eed2b848477fa2a4787ba9adf39a41?s=96&d=mm&r=g","caption":"Redacci\u00f3n QP"},"url":"https:\/\/quehacerpolitico.mx\/?author=2"}]}},"featured_image_urls":{"full":"","thumbnail":"","medium":"","medium_large":"","large":"","1536x1536":"","2048x2048":"","covernews-featured":"","covernews-medium":""},"author_info":{"display_name":"Redacci\u00f3n QP","author_link":"https:\/\/quehacerpolitico.mx\/?author=2"},"category_info":"<a href=\"https:\/\/quehacerpolitico.mx\/?cat=55\" rel=\"category\">CDMX<\/a>","tag_info":"CDMX","comment_count":"0","_links":{"self":[{"href":"https:\/\/quehacerpolitico.mx\/index.php?rest_route=\/wp\/v2\/posts\/17966","targetHints":{"allow":["GET"]}}],"collection":[{"href":"https:\/\/quehacerpolitico.mx\/index.php?rest_route=\/wp\/v2\/posts"}],"about":[{"href":"https:\/\/quehacerpolitico.mx\/index.php?rest_route=\/wp\/v2\/types\/post"}],"author":[{"embeddable":true,"href":"https:\/\/quehacerpolitico.mx\/index.php?rest_route=\/wp\/v2\/users\/2"}],"replies":[{"embeddable":true,"href":"https:\/\/quehacerpolitico.mx\/index.php?rest_route=%2Fwp%2Fv2%2Fcomments&post=17966"}],"version-history":[{"count":0,"href":"https:\/\/quehacerpolitico.mx\/index.php?rest_route=\/wp\/v2\/posts\/17966\/revisions"}],"wp:featuredmedia":[{"embeddable":true,"href":"https:\/\/quehacerpolitico.mx\/index.php?rest_route=\/"}],"wp:attachment":[{"href":"https:\/\/quehacerpolitico.mx\/index.php?rest_route=%2Fwp%2Fv2%2Fmedia&parent=17966"}],"wp:term":[{"taxonomy":"category","embeddable":true,"href":"https:\/\/quehacerpolitico.mx\/index.php?rest_route=%2Fwp%2Fv2%2Fcategories&post=17966"},{"taxonomy":"post_tag","embeddable":true,"href":"https:\/\/quehacerpolitico.mx\/index.php?rest_route=%2Fwp%2Fv2%2Ftags&post=17966"}],"curies":[{"name":"wp","href":"https:\/\/api.w.org\/{rel}","templated":true}]}}