{"id":17963,"date":"2019-02-22T04:17:10","date_gmt":"2019-02-22T04:17:10","guid":{"rendered":"http:\/\/quehacerpolitico.mx\/dirigencia-nacional-del-prd-tendra-control-absoluto-de-las-prerrogativas-del-partido-en-la-cdmx\/"},"modified":"2019-02-22T04:17:10","modified_gmt":"2019-02-22T04:17:10","slug":"dirigencia-nacional-del-prd-tendra-control-absoluto-de-las-prerrogativas-del-partido-en-la-cdmx","status":"publish","type":"post","link":"https:\/\/quehacerpolitico.mx\/?p=17963","title":{"rendered":"Dirigencia nacional del PRD tendr\u00e1 control absoluto de las prerrogativas del partido en la CDMX"},"content":{"rendered":"<h1 class=\"amp-wp-title\">Dirigencia nacional del PRD tendr\u00e1 control absoluto de las prerrogativas del partido en la CDMX<\/h1>\n<p>Por Redacci\u00f3n QP<\/p>\n<p>Los 61 millones 248 mil pesos que el <strong>PRD<\/strong> de la Ciudad de M\u00e9xico recibir\u00e1 como <strong>prerrogativas<\/strong> ser\u00e1n gestionados a trav\u00e9s de la <strong>Dirigencia Nacional Extraordinaria<\/strong>.<\/p>\n<p>As\u00ed lo asegur\u00f3 el secretario de Finanzas del PRD en la Ciudad de M\u00e9xico, <strong>Jorge Lamas,<\/strong> quien detall\u00f3 que mensualmente recibir\u00e1n cuatro millones 955 mil pesos, que en total suman poco m\u00e1s de 59 millones.<\/p>\n<p>Este monto se entregar\u00e1 al partido durante los siguientes tres a\u00f1os y deber\u00e1 destinarse para el pago de <strong>salarios, rentas,<\/strong> gastos de estructura partidista y propaganda de car\u00e1cter institucional.<\/p>\n<p>Adicionalmente el <strong>IECM<\/strong> le entreg\u00f3 al <strong>PRD<\/strong> local un mill\u00f3n 783 mil pesos para actividades que tiene que ver con educaci\u00f3n y capacitaci\u00f3n para promover la <strong>participaci\u00f3n pol\u00edtica,<\/strong> los valores c\u00edvicos y el respeto a los derechos humanos.<\/p>\n<p>Todos estos recursos ser\u00e1n entregados a la <strong>Dirigencia Nacional Extraordinaria<\/strong> a partir del 4 de marzo, fecha tentativa en la que se llevar\u00e1 a cabo las actas de entrega- recepci\u00f3n de la dirigencia en la Ciudad de M\u00e9xico.<\/p>\n<blockquote>\n<p>\u201cLos recursos nos llegan mes con mes y nosotros administramos enero y febrero que son servicios b\u00e1sicos y n\u00f3minas que se han pagado y ya con el anuncio del nacional estar\u00edamos entregando en marzo antes de que den las prerrogativas, \u00e9stas las deposita el IECM los d\u00edas ocho o nueve de cada mes en las cuentas bancarias que tienen aperturadas en el partido local.<\/p>\n<p>\u201cUna vez que se haga la entrega recepci\u00f3n daremos esas cuentas bancarias al PRD nacional y ser\u00edan ellos a partir de esa fecha quienes administrar\u00edan estas prerrogativas\u201d, dijo Lamas.<\/p>\n<\/blockquote>\n<p>Las prerrogativas son entregadas por el <strong>IECM<\/strong> con base en el porcentaje de votantes que tiene cada partido pol\u00edtico despu\u00e9s de una elecci\u00f3n, para alcanzar estos recursos el partido debe tener al menos 3% de la votaci\u00f3n total emitida.<\/p>\n<p>Ayer, el dirigente del <strong>PRD<\/strong> en la Ciudad de M\u00e9xico en proceso de destituci\u00f3n, <strong>Ra\u00fal Flores,<\/strong> acus\u00f3 que la dirigencia del partido est\u00e1 adue\u00f1ada por la corriente <strong>ADN,<\/strong> encabezada por <strong>H\u00e9ctor Bautista,<\/strong> as\u00ed como <strong>Nueva Izquierda,<\/strong> encabezada por <strong>Luis Ch\u00e1zaro, Jes\u00fas Ortega<\/strong> y <strong>Jes\u00fas Zambrano.<\/strong><\/p>\n","protected":false},"excerpt":{"rendered":"<p>Dirigencia nacional del PRD tendr\u00e1 control absoluto de las prerrogativas del partido en la CDMX<br \/>\nPor Redacci\u00f3n QP<\/p>\n","protected":false},"author":2,"featured_media":17962,"comment_status":"open","ping_status":"open","sticky":false,"template":"","format":"standard","meta":{"_monsterinsights_skip_tracking":false,"_monsterinsights_sitenote_active":false,"_monsterinsights_sitenote_note":"","_monsterinsights_sitenote_category":0,"footnotes":""},"categories":[55],"tags":[],"class_list":["post-17963","post","type-post","status-publish","format-standard","has-post-thumbnail","hentry","category-cdmx"],"yoast_head":"<!-- This site is optimized with the Yoast SEO plugin v27.3 - https:\/\/yoast.com\/product\/yoast-seo-wordpress\/ -->\n<title>Dirigencia nacional del PRD tendr\u00e1 control absoluto de las prerrogativas del partido en la CDMX -<\/title>\n<meta name=\"robots\" content=\"index, follow, max-snippet:-1, max-image-preview:large, max-video-preview:-1\" \/>\n<link rel=\"canonical\" href=\"https:\/\/quehacerpolitico.mx\/?p=17963\" \/>\n<meta property=\"og:locale\" content=\"es_MX\" \/>\n<meta property=\"og:type\" content=\"article\" \/>\n<meta property=\"og:title\" content=\"Dirigencia nacional del PRD tendr\u00e1 control absoluto de las prerrogativas del partido en la CDMX -\" \/>\n<meta property=\"og:description\" content=\"Dirigencia nacional del PRD tendr\u00e1 control absoluto de las prerrogativas del partido en la CDMX Por Redacci\u00f3n QP\" \/>\n<meta property=\"og:url\" content=\"https:\/\/quehacerpolitico.mx\/?p=17963\" \/>\n<meta property=\"article:published_time\" content=\"2019-02-22T04:17:10+00:00\" \/>\n<meta name=\"author\" content=\"Redacci\u00f3n QP\" \/>\n<meta name=\"twitter:card\" content=\"summary_large_image\" \/>\n<meta name=\"twitter:label1\" content=\"Escrito por\" \/>\n\t<meta name=\"twitter:data1\" content=\"Redacci\u00f3n QP\" \/>\n\t<meta name=\"twitter:label2\" content=\"Tiempo de lectura\" \/>\n\t<meta name=\"twitter:data2\" content=\"2 minutos\" \/>\n<script type=\"application\/ld+json\" class=\"yoast-schema-graph\">{\"@context\":\"https:\\\/\\\/schema.org\",\"@graph\":[{\"@type\":\"Article\",\"@id\":\"https:\\\/\\\/quehacerpolitico.mx\\\/?p=17963#article\",\"isPartOf\":{\"@id\":\"https:\\\/\\\/quehacerpolitico.mx\\\/?p=17963\"},\"author\":{\"name\":\"Redacci\u00f3n QP\",\"@id\":\"https:\\\/\\\/quehacerpolitico.mx\\\/#\\\/schema\\\/person\\\/496d8ad2d1d3f8036101dca7ee39e585\"},\"headline\":\"Dirigencia nacional del PRD tendr\u00e1 control absoluto de las prerrogativas del partido en la CDMX\",\"datePublished\":\"2019-02-22T04:17:10+00:00\",\"mainEntityOfPage\":{\"@id\":\"https:\\\/\\\/quehacerpolitico.mx\\\/?p=17963\"},\"wordCount\":406,\"commentCount\":0,\"image\":{\"@id\":\"https:\\\/\\\/quehacerpolitico.mx\\\/?p=17963#primaryimage\"},\"thumbnailUrl\":\"\",\"articleSection\":[\"CDMX\"],\"inLanguage\":\"es\",\"potentialAction\":[{\"@type\":\"CommentAction\",\"name\":\"Comment\",\"target\":[\"https:\\\/\\\/quehacerpolitico.mx\\\/?p=17963#respond\"]}]},{\"@type\":\"WebPage\",\"@id\":\"https:\\\/\\\/quehacerpolitico.mx\\\/?p=17963\",\"url\":\"https:\\\/\\\/quehacerpolitico.mx\\\/?p=17963\",\"name\":\"Dirigencia nacional del PRD tendr\u00e1 control absoluto de las prerrogativas del partido en la CDMX -\",\"isPartOf\":{\"@id\":\"https:\\\/\\\/quehacerpolitico.mx\\\/#website\"},\"primaryImageOfPage\":{\"@id\":\"https:\\\/\\\/quehacerpolitico.mx\\\/?p=17963#primaryimage\"},\"image\":{\"@id\":\"https:\\\/\\\/quehacerpolitico.mx\\\/?p=17963#primaryimage\"},\"thumbnailUrl\":\"\",\"datePublished\":\"2019-02-22T04:17:10+00:00\",\"author\":{\"@id\":\"https:\\\/\\\/quehacerpolitico.mx\\\/#\\\/schema\\\/person\\\/496d8ad2d1d3f8036101dca7ee39e585\"},\"breadcrumb\":{\"@id\":\"https:\\\/\\\/quehacerpolitico.mx\\\/?p=17963#breadcrumb\"},\"inLanguage\":\"es\",\"potentialAction\":[{\"@type\":\"ReadAction\",\"target\":[\"https:\\\/\\\/quehacerpolitico.mx\\\/?p=17963\"]}]},{\"@type\":\"ImageObject\",\"inLanguage\":\"es\",\"@id\":\"https:\\\/\\\/quehacerpolitico.mx\\\/?p=17963#primaryimage\",\"url\":\"\",\"contentUrl\":\"\"},{\"@type\":\"BreadcrumbList\",\"@id\":\"https:\\\/\\\/quehacerpolitico.mx\\\/?p=17963#breadcrumb\",\"itemListElement\":[{\"@type\":\"ListItem\",\"position\":1,\"name\":\"Inicio\",\"item\":\"https:\\\/\\\/quehacerpolitico.mx\\\/\"},{\"@type\":\"ListItem\",\"position\":2,\"name\":\"Dirigencia nacional del PRD tendr\u00e1 control absoluto de las prerrogativas del partido en la CDMX\"}]},{\"@type\":\"WebSite\",\"@id\":\"https:\\\/\\\/quehacerpolitico.mx\\\/#website\",\"url\":\"https:\\\/\\\/quehacerpolitico.mx\\\/\",\"name\":\"\",\"description\":\"\",\"potentialAction\":[{\"@type\":\"SearchAction\",\"target\":{\"@type\":\"EntryPoint\",\"urlTemplate\":\"https:\\\/\\\/quehacerpolitico.mx\\\/?s={search_term_string}\"},\"query-input\":{\"@type\":\"PropertyValueSpecification\",\"valueRequired\":true,\"valueName\":\"search_term_string\"}}],\"inLanguage\":\"es\"},{\"@type\":\"Person\",\"@id\":\"https:\\\/\\\/quehacerpolitico.mx\\\/#\\\/schema\\\/person\\\/496d8ad2d1d3f8036101dca7ee39e585\",\"name\":\"Redacci\u00f3n QP\",\"image\":{\"@type\":\"ImageObject\",\"inLanguage\":\"es\",\"@id\":\"https:\\\/\\\/secure.gravatar.com\\\/avatar\\\/c7164ed6fdec453195284ad24a5ae5b6e1eed2b848477fa2a4787ba9adf39a41?s=96&d=mm&r=g\",\"url\":\"https:\\\/\\\/secure.gravatar.com\\\/avatar\\\/c7164ed6fdec453195284ad24a5ae5b6e1eed2b848477fa2a4787ba9adf39a41?s=96&d=mm&r=g\",\"contentUrl\":\"https:\\\/\\\/secure.gravatar.com\\\/avatar\\\/c7164ed6fdec453195284ad24a5ae5b6e1eed2b848477fa2a4787ba9adf39a41?s=96&d=mm&r=g\",\"caption\":\"Redacci\u00f3n QP\"},\"url\":\"https:\\\/\\\/quehacerpolitico.mx\\\/?author=2\"}]}<\/script>\n<!-- \/ Yoast SEO plugin. -->","yoast_head_json":{"title":"Dirigencia nacional del PRD tendr\u00e1 control absoluto de las prerrogativas del partido en la CDMX -","robots":{"index":"index","follow":"follow","max-snippet":"max-snippet:-1","max-image-preview":"max-image-preview:large","max-video-preview":"max-video-preview:-1"},"canonical":"https:\/\/quehacerpolitico.mx\/?p=17963","og_locale":"es_MX","og_type":"article","og_title":"Dirigencia nacional del PRD tendr\u00e1 control absoluto de las prerrogativas del partido en la CDMX -","og_description":"Dirigencia nacional del PRD tendr\u00e1 control absoluto de las prerrogativas del partido en la CDMX Por Redacci\u00f3n QP","og_url":"https:\/\/quehacerpolitico.mx\/?p=17963","article_published_time":"2019-02-22T04:17:10+00:00","author":"Redacci\u00f3n QP","twitter_card":"summary_large_image","twitter_misc":{"Escrito por":"Redacci\u00f3n QP","Tiempo de lectura":"2 minutos"},"schema":{"@context":"https:\/\/schema.org","@graph":[{"@type":"Article","@id":"https:\/\/quehacerpolitico.mx\/?p=17963#article","isPartOf":{"@id":"https:\/\/quehacerpolitico.mx\/?p=17963"},"author":{"name":"Redacci\u00f3n QP","@id":"https:\/\/quehacerpolitico.mx\/#\/schema\/person\/496d8ad2d1d3f8036101dca7ee39e585"},"headline":"Dirigencia nacional del PRD tendr\u00e1 control absoluto de las prerrogativas del partido en la CDMX","datePublished":"2019-02-22T04:17:10+00:00","mainEntityOfPage":{"@id":"https:\/\/quehacerpolitico.mx\/?p=17963"},"wordCount":406,"commentCount":0,"image":{"@id":"https:\/\/quehacerpolitico.mx\/?p=17963#primaryimage"},"thumbnailUrl":"","articleSection":["CDMX"],"inLanguage":"es","potentialAction":[{"@type":"CommentAction","name":"Comment","target":["https:\/\/quehacerpolitico.mx\/?p=17963#respond"]}]},{"@type":"WebPage","@id":"https:\/\/quehacerpolitico.mx\/?p=17963","url":"https:\/\/quehacerpolitico.mx\/?p=17963","name":"Dirigencia nacional del PRD tendr\u00e1 control absoluto de las prerrogativas del partido en la CDMX -","isPartOf":{"@id":"https:\/\/quehacerpolitico.mx\/#website"},"primaryImageOfPage":{"@id":"https:\/\/quehacerpolitico.mx\/?p=17963#primaryimage"},"image":{"@id":"https:\/\/quehacerpolitico.mx\/?p=17963#primaryimage"},"thumbnailUrl":"","datePublished":"2019-02-22T04:17:10+00:00","author":{"@id":"https:\/\/quehacerpolitico.mx\/#\/schema\/person\/496d8ad2d1d3f8036101dca7ee39e585"},"breadcrumb":{"@id":"https:\/\/quehacerpolitico.mx\/?p=17963#breadcrumb"},"inLanguage":"es","potentialAction":[{"@type":"ReadAction","target":["https:\/\/quehacerpolitico.mx\/?p=17963"]}]},{"@type":"ImageObject","inLanguage":"es","@id":"https:\/\/quehacerpolitico.mx\/?p=17963#primaryimage","url":"","contentUrl":""},{"@type":"BreadcrumbList","@id":"https:\/\/quehacerpolitico.mx\/?p=17963#breadcrumb","itemListElement":[{"@type":"ListItem","position":1,"name":"Inicio","item":"https:\/\/quehacerpolitico.mx\/"},{"@type":"ListItem","position":2,"name":"Dirigencia nacional del PRD tendr\u00e1 control absoluto de las prerrogativas del partido en la CDMX"}]},{"@type":"WebSite","@id":"https:\/\/quehacerpolitico.mx\/#website","url":"https:\/\/quehacerpolitico.mx\/","name":"","description":"","potentialAction":[{"@type":"SearchAction","target":{"@type":"EntryPoint","urlTemplate":"https:\/\/quehacerpolitico.mx\/?s={search_term_string}"},"query-input":{"@type":"PropertyValueSpecification","valueRequired":true,"valueName":"search_term_string"}}],"inLanguage":"es"},{"@type":"Person","@id":"https:\/\/quehacerpolitico.mx\/#\/schema\/person\/496d8ad2d1d3f8036101dca7ee39e585","name":"Redacci\u00f3n QP","image":{"@type":"ImageObject","inLanguage":"es","@id":"https:\/\/secure.gravatar.com\/avatar\/c7164ed6fdec453195284ad24a5ae5b6e1eed2b848477fa2a4787ba9adf39a41?s=96&d=mm&r=g","url":"https:\/\/secure.gravatar.com\/avatar\/c7164ed6fdec453195284ad24a5ae5b6e1eed2b848477fa2a4787ba9adf39a41?s=96&d=mm&r=g","contentUrl":"https:\/\/secure.gravatar.com\/avatar\/c7164ed6fdec453195284ad24a5ae5b6e1eed2b848477fa2a4787ba9adf39a41?s=96&d=mm&r=g","caption":"Redacci\u00f3n QP"},"url":"https:\/\/quehacerpolitico.mx\/?author=2"}]}},"featured_image_urls":{"full":"","thumbnail":"","medium":"","medium_large":"","large":"","1536x1536":"","2048x2048":"","covernews-featured":"","covernews-medium":""},"author_info":{"display_name":"Redacci\u00f3n QP","author_link":"https:\/\/quehacerpolitico.mx\/?author=2"},"category_info":"<a href=\"https:\/\/quehacerpolitico.mx\/?cat=55\" rel=\"category\">CDMX<\/a>","tag_info":"CDMX","comment_count":"0","_links":{"self":[{"href":"https:\/\/quehacerpolitico.mx\/index.php?rest_route=\/wp\/v2\/posts\/17963","targetHints":{"allow":["GET"]}}],"collection":[{"href":"https:\/\/quehacerpolitico.mx\/index.php?rest_route=\/wp\/v2\/posts"}],"about":[{"href":"https:\/\/quehacerpolitico.mx\/index.php?rest_route=\/wp\/v2\/types\/post"}],"author":[{"embeddable":true,"href":"https:\/\/quehacerpolitico.mx\/index.php?rest_route=\/wp\/v2\/users\/2"}],"replies":[{"embeddable":true,"href":"https:\/\/quehacerpolitico.mx\/index.php?rest_route=%2Fwp%2Fv2%2Fcomments&post=17963"}],"version-history":[{"count":0,"href":"https:\/\/quehacerpolitico.mx\/index.php?rest_route=\/wp\/v2\/posts\/17963\/revisions"}],"wp:featuredmedia":[{"embeddable":true,"href":"https:\/\/quehacerpolitico.mx\/index.php?rest_route=\/"}],"wp:attachment":[{"href":"https:\/\/quehacerpolitico.mx\/index.php?rest_route=%2Fwp%2Fv2%2Fmedia&parent=17963"}],"wp:term":[{"taxonomy":"category","embeddable":true,"href":"https:\/\/quehacerpolitico.mx\/index.php?rest_route=%2Fwp%2Fv2%2Fcategories&post=17963"},{"taxonomy":"post_tag","embeddable":true,"href":"https:\/\/quehacerpolitico.mx\/index.php?rest_route=%2Fwp%2Fv2%2Ftags&post=17963"}],"curies":[{"name":"wp","href":"https:\/\/api.w.org\/{rel}","templated":true}]}}