{"id":17954,"date":"2019-02-22T03:58:29","date_gmt":"2019-02-22T03:58:29","guid":{"rendered":"http:\/\/quehacerpolitico.mx\/internacionales-carolina-alonso-romei-estados-unidos-va-ahora-por-los-hijos-de-el-chapo-los-acusa-de-conspirar-para-distribuir-drogas\/"},"modified":"2019-02-22T03:58:29","modified_gmt":"2019-02-22T03:58:29","slug":"internacionales-carolina-alonso-romei-estados-unidos-va-ahora-por-los-hijos-de-el-chapo-los-acusa-de-conspirar-para-distribuir-drogas","status":"publish","type":"post","link":"https:\/\/quehacerpolitico.mx\/?p=17954","title":{"rendered":"Internacionales\/\/\/Carolina Alonso Romei\/\/\/Estados Unidos va ahora por los hijos de \u201cEl Chapo\u201d: los acusa de conspirar para distribuir drogas"},"content":{"rendered":"<h1>Estados Unidos va ahora por los hijos de \u201cEl Chapo\u201d: los acusa de conspirar para distribuir drogas<\/h1>\n<p>Por Carolina Alonso Romei\u00a0<\/p>\n<p>Internacionalista\u00a0<\/p>\n<p>El Departamento de Justicia de <strong>Estados Unidos<\/strong>anunci\u00f3 este jueves que Joaqu\u00edn Guzm\u00e1n L\u00f3pez y Ovidio Guzm\u00e1n, <strong>hijos<\/strong> del narcotraficante mexicano Joaqu\u00edn <strong>\u201cEl Chapo\u201d<\/strong>Guzm\u00e1n y que se cree que actualmente residen en M\u00e9xico, han sido imputados de cargos de narcotr\u00e1fico.<\/p>\n<p>La acusaci\u00f3n, presentada la semana pasada, los responsabiliza del presunto cargo de conspiraci\u00f3n para <strong>distribuir<\/strong> coca\u00edna, metanfetamina y marihuana para su importaci\u00f3n a <strong>Estados Unidos<\/strong>, seg\u00fan un comunicado oficial.<\/p>\n<blockquote>\n<p>El anuncio fue hecho por el Fiscal General adjunto de la Divisi\u00f3n Penal del Departamento de Justicia, Brian A. Benczkowski, y por el agente especial a cargo de la oficina de Campo de Arizona sobre Investigaciones de Seguridad Nacional (HSI, en ingl\u00e9s) del Departamento de Seguridad Nacional, Scott Brown.<\/p>\n<div id=\"attachment_3535941\" class=\"wp-caption alignnone\"><img loading=\"lazy\" decoding=\"async\" class=\"size-full wp-image-3535941\" src=\"https:\/\/www.sinembargo.mx\/wp-content\/uploads\/2019\/02\/ap18319612108020-1-1.jpg\" sizes=\"auto, (max-width: 700px) 100vw, 700px\" srcset=\"https:\/\/www.sinembargo.mx\/wp-content\/uploads\/2019\/02\/ap18319612108020-1-1.jpg 700w, https:\/\/www.sinembargo.mx\/wp-content\/uploads\/2019\/02\/ap18319612108020-1-1-300x170.jpg 300w\" alt=\"\" width=\"700\" height=\"397\" \/><\/p>\n<p class=\"wp-caption-text\">Durante su alegato inicial, el Fiscal federal Adam Feels, izquierda, se\u00f1ala al narcotraficante Joaqu\u00edn \u201cEl Chapo\u201d Guzm\u00e1n Foto: AP<\/p>\n<\/div>\n<p>En la acusaci\u00f3n se alega que Joaqu\u00edn Guzm\u00e1n L\u00f3pez, de 34 a\u00f1os, y Ovidio Guzm\u00e1n L\u00f3pez, de 28, presuntamente conspiraron entre abril de 2008 y abril de 2018 para distribuir coca\u00edna, metanfetamina y marihuana desde M\u00e9xico y otros lugares para su importaci\u00f3n a Estados Unidos.<\/p>\n<p>El caso, que qued\u00f3 a cargo del juez Rudolph Contreras, de la Corte del Distrito de Columbia, fue indagado por la HSI y es el resultado de los esfuerzos de la Fuerzas de Tarea de Ejecuci\u00f3n de <strong>Drogas<\/strong> contra el Crimen Organizado (OCDETF), seg\u00fan la informaci\u00f3n oficial.<\/p>\n<div id=\"attachment_3531556\" class=\"wp-caption alignnone\"><img loading=\"lazy\" decoding=\"async\" class=\"size-full wp-image-3531556\" src=\"https:\/\/www.sinembargo.mx\/wp-content\/uploads\/2019\/02\/vicente-zambada-chapo-3.jpg\" sizes=\"auto, (max-width: 700px) 100vw, 700px\" srcset=\"https:\/\/www.sinembargo.mx\/wp-content\/uploads\/2019\/02\/vicente-zambada-chapo-3.jpg 700w, https:\/\/www.sinembargo.mx\/wp-content\/uploads\/2019\/02\/vicente-zambada-chapo-3-300x158.jpg 300w\" alt=\"\" width=\"700\" height=\"369\" \/><\/p>\n<p class=\"wp-caption-text\">Ante el jurado pasaron algunas de las personas m\u00e1s cercanas al capo, \u201cmanos derechas\u201d, como \u201cEl Vicentillo\u201d Zambada. Foto: EFE<\/p>\n<\/div>\n<p><strong>\u201cEl Chapo\u201d<\/strong>, antiguo l\u00edder del C\u00e1rtel de Sinaloa, fue declarado culpable el pasado 12 de febrero de diez delitos de narcotr\u00e1fico por un jurado en Nueva York tras en un proceso de casi cuatro meses.<\/p>\n<blockquote>\n<p>Tras conocerse la decisi\u00f3n contra <strong>\u201cEl Chapo\u201d<\/strong>, el Gobierno estadounidense celebr\u00f3 el veredicto en el juicio, y advirti\u00f3 a los narcotraficantes que aspiren a reemplazar al capo en M\u00e9xico de que \u201cno pueden escapar\u201d y \u201cser\u00e1n procesados\u201d.<\/p>\n<\/blockquote>\n<p>El veredicto implica que <strong>\u201cEl Chapo\u201d<\/strong>, de 61 a\u00f1os, se enfrenta ahora a una casi segura condena de cadena perpetua una vez que el juez Brian Cogan dicte una sentencia, para lo que ha convocado al tribunal para el pr\u00f3ximo 25 de junio.<\/p>\n<div id=\"attachment_3538781\" class=\"wp-caption alignnone\"><img loading=\"lazy\" decoding=\"async\" class=\"size-full wp-image-3538781\" src=\"https:\/\/www.sinembargo.mx\/wp-content\/uploads\/2019\/02\/chapo2-2.jpg\" sizes=\"auto, (max-width: 700px) 100vw, 700px\" srcset=\"https:\/\/www.sinembargo.mx\/wp-content\/uploads\/2019\/02\/chapo2-2.jpg 700w, https:\/\/www.sinembargo.mx\/wp-content\/uploads\/2019\/02\/chapo2-2-300x175.jpg 300w\" alt=\"\" width=\"700\" height=\"409\" \/><\/p>\n<p class=\"wp-caption-text\">\u201cEl Chapo\u201d fue sentenciado en la Uni\u00f3n Americana, a una probable cadena perpetua por diez cargos. Foto: DEA v\u00eda AP<\/p>\n<\/div>\n<p><strong>JURADO REVELA QUE ROMPI\u00d3 LAS REGLAS<\/strong><\/p>\n<p>Varios miembros del\u00a0jurado\u00a0que declar\u00f3 culpable al mexicano Joaqu\u00edn \u201cEl Chapo\u201d\u00a0Guzm\u00e1n la semana pasada por narcotr\u00e1fico en Estados Unidos leyeron sobre el caso a trav\u00e9s de los medios y redes sociales, rompiendo las reglas impuestas por el juez, asegur\u00f3 uno de ellos de forma an\u00f3nima a la publicaci\u00f3n\u00a0<em>Vice.<\/em><\/p>\n<p>En una entrevista con ese medio, uno de los jurados declar\u00f3 bajo anonimato que \u00e9l, as\u00ed como otros de sus compa\u00f1eros, acud\u00eda constantemente a las redes sociales de los periodistas que cubr\u00edan regularmente el proceso contra el capo mexicano, que termin\u00f3 con un veredicto de culpabilidad.<\/p>\n<div id=\"attachment_3538787\" class=\"wp-caption alignnone\"><img loading=\"lazy\" decoding=\"async\" class=\"size-full wp-image-3538787\" src=\"https:\/\/www.sinembargo.mx\/wp-content\/uploads\/2019\/02\/chapo3.jpg\" sizes=\"auto, (max-width: 700px) 100vw, 700px\" srcset=\"https:\/\/www.sinembargo.mx\/wp-content\/uploads\/2019\/02\/chapo3.jpg 700w, https:\/\/www.sinembargo.mx\/wp-content\/uploads\/2019\/02\/chapo3-300x225.jpg 300w\" alt=\"\" width=\"700\" height=\"525\" \/><\/p>\n<p class=\"wp-caption-text\">A \u201cEl Chapo\u201d le esperan \u00f3rdenes de aprehensi\u00f3n, futuros procesos en cortes de Distrito de California, Texas, Illinois, New Hampshire y Florida. Foto: EFE<\/p>\n<\/div>\n<p>De confirmarse que varios de los miembros del jurado en el caso contra \u201cEl Chapo\u201d leyeron sobre el caso en los medios de comunicaci\u00f3n, form\u00e1ndose una opini\u00f3n previa a las deliberaciones, la defensa del mexicano podr\u00eda pedir la repetici\u00f3n del juicio.<\/p>\n<blockquote>\n<p>\u201c\u00bfJuicio justo? #Chapolibre\u201d, tuite\u00f3 uno de los abogados de la defensa, Eduardo Balarezo, adjuntando un enlace con la entrevista.<\/p>\n<\/blockquote>\n<p>De acuerdo con la fuente, que pidi\u00f3 anonimato, los miembros del jurado mintieron al juez del caso\u00a0Brian Cogan\u00a0sobre su exposici\u00f3n a la cobertura en la prensa del juicio en varias ocasiones.<\/p>\n<p>La m\u00e1s sonada ser\u00eda cuando, el fin de semana previo al inicio de las deliberaciones, se publicaron ciertos documentos judiciales que aseguraban que \u201cEl Chapo\u201d hab\u00eda pagado por mantener sexo con ni\u00f1as.<\/p>\n<p>Seg\u00fan este miembro del\u00a0jurado, se enter\u00f3 por Twitter de que el Magistrado podr\u00eda reunirse con ellos, as\u00ed que avis\u00f3 a los otros miembros del jurado que, si hab\u00edan visto lo que sucedi\u00f3, mantuvieran una expresi\u00f3n serena y lo negaran.<\/p>\n<div id=\"attachment_3535943\" class=\"wp-caption alignnone\"><img loading=\"lazy\" decoding=\"async\" class=\"size-full wp-image-3535943\" src=\"https:\/\/www.sinembargo.mx\/wp-content\/uploads\/2019\/02\/el-chapo-juzman-2.jpg\" sizes=\"auto, (max-width: 700px) 100vw, 700px\" srcset=\"https:\/\/www.sinembargo.mx\/wp-content\/uploads\/2019\/02\/el-chapo-juzman-2.jpg 700w, https:\/\/www.sinembargo.mx\/wp-content\/uploads\/2019\/02\/el-chapo-juzman-2-300x158.jpg 300w\" alt=\"\" width=\"700\" height=\"369\" \/><\/p>\n<p class=\"wp-caption-text\">El juicio en contra del \u201cEl Chapo\u201d destap\u00f3 la corrupci\u00f3n pol\u00edtica en M\u00e9xico. Foto: AP<\/p>\n<\/div>\n<p>El jurado asegura que dicha informaci\u00f3n no influy\u00f3 en la decisi\u00f3n final que tomaron, ya que muchos de ellos se sent\u00edan tristes por la idea de que Guzm\u00e1n pasara el resto de su vida entre rejas y otros horrorizados por que la Fiscal\u00eda empleara a narcotraficantes en su caso contra el capo.<\/p>\n<blockquote>\n<p>\u201cMuchas personas ten\u00edan dificultades para pensar que \u00e9l estaba en r\u00e9gimen de aislamiento, porque, bueno, ya saben, todos somos seres humanos, la gente comete errores\u201d, dijo este miembro del jurado.<\/p>\n<\/blockquote>\n<div id=\"attachment_3535594\" class=\"wp-caption alignnone\"><img loading=\"lazy\" decoding=\"async\" class=\"size-full wp-image-3535594\" src=\"https:\/\/www.sinembargo.mx\/wp-content\/uploads\/2019\/02\/chapo-veradicto1.jpg\" sizes=\"auto, (max-width: 700px) 100vw, 700px\" srcset=\"https:\/\/www.sinembargo.mx\/wp-content\/uploads\/2019\/02\/chapo-veradicto1.jpg 700w, https:\/\/www.sinembargo.mx\/wp-content\/uploads\/2019\/02\/chapo-veradicto1-300x225.jpg 300w\" alt=\"\" width=\"700\" height=\"525\" \/><\/p>\n<p class=\"wp-caption-text\">Reproducci\u00f3n fotogr\u00e1fica de un dibujo realizado por la artista Jane Rosenberg donde aparece el narcotraficante mexicano Joaqu\u00edn \u201cel Chapo\u201d Guzm\u00e1n (2-i) mientras saluda a su esposa Emma Coronel (d), junto a sus abogados Jeffrey Lichtman (i), William Purpura (c), y Eduardo Balarezo (2-d) tras o\u00edr el veredicto en su contra. Foto: EFE<\/p>\n<\/div>\n<p>De los 56 testigos que present\u00f3 la Fiscal\u00eda, 14 se trataban de testigos cooperantes que fueron detenidos por tr\u00e1fico de estupefacientes.<\/p>\n<p>Entre ellos, miembros destacados del cartel de Sinaloa como Jes\u00fas \u201cRey\u201d Zambada y Vicentillo Zambada -hermano e hijo de Ismael \u201cMayo\u201d Zambada, cabecilla del cartel- o Juan Carlos \u201cChupeta\u201d Ram\u00edrez Abad\u00eda, un narcotraficante colombiano que prove\u00eda de coca\u00edna a la organizaci\u00f3n mexicana.<\/p>\n<p>Adem\u00e1s, el miembro del jurado tambi\u00e9n declar\u00f3 que rompieron otra de las reglas del juez al comentar el caso una vez terminadas las jornadas, mientras volv\u00edan a sus casas o en los descansos de las sesiones.<\/p>\n<p>Las deliberaciones duraron seis jornadas, m\u00e1s de lo que se esperaba en un proceso que parec\u00eda claro aunque, seg\u00fan este jurado, todo se deb\u00eda a una \u201cterca\u201d integrante de los doce.<\/p>\n<blockquote>\n<p>\u201cElla dec\u00eda que s\u00ed, luego se iba a casa y al d\u00eda siguiente nos dec\u00eda: \u2018saben, pens\u00e9 en ello y he cambiado de opini\u00f3n\u201d, lo que forzaba a volver sobre las deliberaciones en casos concretos.<\/p>\n<\/blockquote>\n<p>Por otro lado, de acuerdo con el entrevistado, no hab\u00eda mucho que la defensa de \u201cEl Chapo\u201d pudiera hacer con toda la evidencia mostrada en contra del mexicano.<\/p>\n<p>Desde noviembre y durante casi cuatro meses la Corte Federal del Distrito Este en Brooklyn celebr\u00f3 el juicio contra \u201cEl Chapo\u201d, en los que se enfrentaba a diez cargos por narcotr\u00e1fico de los cuales fue declarado culpable en todos.<\/p>\n<p>Con Informaci\u00f3n de EFE<\/p>\n<\/blockquote>\n","protected":false},"excerpt":{"rendered":"<p>Estados Unidos va ahora por los hijos de \u201cEl Chapo\u201d: los acusa de conspirar para distribuir drogas<br \/>\nPor Carolina Alonso Romei<br \/>\nInternacionalista<\/p>\n","protected":false},"author":2,"featured_media":17953,"comment_status":"open","ping_status":"open","sticky":false,"template":"","format":"standard","meta":{"_monsterinsights_skip_tracking":false,"_monsterinsights_sitenote_active":false,"_monsterinsights_sitenote_note":"","_monsterinsights_sitenote_category":0,"footnotes":""},"categories":[1],"tags":[],"class_list":["post-17954","post","type-post","status-publish","format-standard","has-post-thumbnail","hentry","category-sin-categoria"],"yoast_head":"<!-- This site is optimized with the Yoast SEO plugin v27.3 - https:\/\/yoast.com\/product\/yoast-seo-wordpress\/ -->\n<title>Internacionales\/\/\/Carolina Alonso Romei\/\/\/Estados Unidos va ahora por los hijos de \u201cEl Chapo\u201d: los acusa de conspirar para distribuir drogas -<\/title>\n<meta name=\"robots\" content=\"index, follow, max-snippet:-1, max-image-preview:large, max-video-preview:-1\" \/>\n<link rel=\"canonical\" href=\"https:\/\/quehacerpolitico.mx\/?p=17954\" \/>\n<meta property=\"og:locale\" content=\"es_MX\" \/>\n<meta property=\"og:type\" content=\"article\" \/>\n<meta property=\"og:title\" content=\"Internacionales\/\/\/Carolina Alonso Romei\/\/\/Estados Unidos va ahora por los hijos de \u201cEl Chapo\u201d: los acusa de conspirar para distribuir drogas -\" \/>\n<meta property=\"og:description\" content=\"Estados Unidos va ahora por los hijos de \u201cEl Chapo\u201d: los acusa de conspirar para distribuir drogas Por Carolina Alonso Romei Internacionalista\" \/>\n<meta property=\"og:url\" content=\"https:\/\/quehacerpolitico.mx\/?p=17954\" \/>\n<meta property=\"article:published_time\" content=\"2019-02-22T03:58:29+00:00\" \/>\n<meta name=\"author\" content=\"Redacci\u00f3n QP\" \/>\n<meta name=\"twitter:card\" content=\"summary_large_image\" \/>\n<meta name=\"twitter:label1\" content=\"Escrito por\" \/>\n\t<meta name=\"twitter:data1\" content=\"Redacci\u00f3n QP\" \/>\n\t<meta name=\"twitter:label2\" content=\"Tiempo de lectura\" \/>\n\t<meta name=\"twitter:data2\" content=\"6 minutos\" \/>\n<script type=\"application\/ld+json\" class=\"yoast-schema-graph\">{\"@context\":\"https:\\\/\\\/schema.org\",\"@graph\":[{\"@type\":\"Article\",\"@id\":\"https:\\\/\\\/quehacerpolitico.mx\\\/?p=17954#article\",\"isPartOf\":{\"@id\":\"https:\\\/\\\/quehacerpolitico.mx\\\/?p=17954\"},\"author\":{\"name\":\"Redacci\u00f3n QP\",\"@id\":\"https:\\\/\\\/quehacerpolitico.mx\\\/#\\\/schema\\\/person\\\/496d8ad2d1d3f8036101dca7ee39e585\"},\"headline\":\"Internacionales\\\/\\\/\\\/Carolina Alonso Romei\\\/\\\/\\\/Estados Unidos va ahora por los hijos de \u201cEl Chapo\u201d: los acusa de conspirar para distribuir drogas\",\"datePublished\":\"2019-02-22T03:58:29+00:00\",\"mainEntityOfPage\":{\"@id\":\"https:\\\/\\\/quehacerpolitico.mx\\\/?p=17954\"},\"wordCount\":1198,\"commentCount\":0,\"image\":{\"@id\":\"https:\\\/\\\/quehacerpolitico.mx\\\/?p=17954#primaryimage\"},\"thumbnailUrl\":\"\",\"articleSection\":[\"Internacionales\"],\"inLanguage\":\"es\",\"potentialAction\":[{\"@type\":\"CommentAction\",\"name\":\"Comment\",\"target\":[\"https:\\\/\\\/quehacerpolitico.mx\\\/?p=17954#respond\"]}]},{\"@type\":\"WebPage\",\"@id\":\"https:\\\/\\\/quehacerpolitico.mx\\\/?p=17954\",\"url\":\"https:\\\/\\\/quehacerpolitico.mx\\\/?p=17954\",\"name\":\"Internacionales\\\/\\\/\\\/Carolina Alonso Romei\\\/\\\/\\\/Estados Unidos va ahora por los hijos de \u201cEl Chapo\u201d: los acusa de conspirar para distribuir drogas -\",\"isPartOf\":{\"@id\":\"https:\\\/\\\/quehacerpolitico.mx\\\/#website\"},\"primaryImageOfPage\":{\"@id\":\"https:\\\/\\\/quehacerpolitico.mx\\\/?p=17954#primaryimage\"},\"image\":{\"@id\":\"https:\\\/\\\/quehacerpolitico.mx\\\/?p=17954#primaryimage\"},\"thumbnailUrl\":\"\",\"datePublished\":\"2019-02-22T03:58:29+00:00\",\"author\":{\"@id\":\"https:\\\/\\\/quehacerpolitico.mx\\\/#\\\/schema\\\/person\\\/496d8ad2d1d3f8036101dca7ee39e585\"},\"breadcrumb\":{\"@id\":\"https:\\\/\\\/quehacerpolitico.mx\\\/?p=17954#breadcrumb\"},\"inLanguage\":\"es\",\"potentialAction\":[{\"@type\":\"ReadAction\",\"target\":[\"https:\\\/\\\/quehacerpolitico.mx\\\/?p=17954\"]}]},{\"@type\":\"ImageObject\",\"inLanguage\":\"es\",\"@id\":\"https:\\\/\\\/quehacerpolitico.mx\\\/?p=17954#primaryimage\",\"url\":\"\",\"contentUrl\":\"\"},{\"@type\":\"BreadcrumbList\",\"@id\":\"https:\\\/\\\/quehacerpolitico.mx\\\/?p=17954#breadcrumb\",\"itemListElement\":[{\"@type\":\"ListItem\",\"position\":1,\"name\":\"Inicio\",\"item\":\"https:\\\/\\\/quehacerpolitico.mx\\\/\"},{\"@type\":\"ListItem\",\"position\":2,\"name\":\"Internacionales\\\/\\\/\\\/Carolina Alonso Romei\\\/\\\/\\\/Estados Unidos va ahora por los hijos de \u201cEl Chapo\u201d: los acusa de conspirar para distribuir drogas\"}]},{\"@type\":\"WebSite\",\"@id\":\"https:\\\/\\\/quehacerpolitico.mx\\\/#website\",\"url\":\"https:\\\/\\\/quehacerpolitico.mx\\\/\",\"name\":\"\",\"description\":\"\",\"potentialAction\":[{\"@type\":\"SearchAction\",\"target\":{\"@type\":\"EntryPoint\",\"urlTemplate\":\"https:\\\/\\\/quehacerpolitico.mx\\\/?s={search_term_string}\"},\"query-input\":{\"@type\":\"PropertyValueSpecification\",\"valueRequired\":true,\"valueName\":\"search_term_string\"}}],\"inLanguage\":\"es\"},{\"@type\":\"Person\",\"@id\":\"https:\\\/\\\/quehacerpolitico.mx\\\/#\\\/schema\\\/person\\\/496d8ad2d1d3f8036101dca7ee39e585\",\"name\":\"Redacci\u00f3n QP\",\"image\":{\"@type\":\"ImageObject\",\"inLanguage\":\"es\",\"@id\":\"https:\\\/\\\/secure.gravatar.com\\\/avatar\\\/c7164ed6fdec453195284ad24a5ae5b6e1eed2b848477fa2a4787ba9adf39a41?s=96&d=mm&r=g\",\"url\":\"https:\\\/\\\/secure.gravatar.com\\\/avatar\\\/c7164ed6fdec453195284ad24a5ae5b6e1eed2b848477fa2a4787ba9adf39a41?s=96&d=mm&r=g\",\"contentUrl\":\"https:\\\/\\\/secure.gravatar.com\\\/avatar\\\/c7164ed6fdec453195284ad24a5ae5b6e1eed2b848477fa2a4787ba9adf39a41?s=96&d=mm&r=g\",\"caption\":\"Redacci\u00f3n QP\"},\"url\":\"https:\\\/\\\/quehacerpolitico.mx\\\/?author=2\"}]}<\/script>\n<!-- \/ Yoast SEO plugin. -->","yoast_head_json":{"title":"Internacionales\/\/\/Carolina Alonso Romei\/\/\/Estados Unidos va ahora por los hijos de \u201cEl Chapo\u201d: los acusa de conspirar para distribuir drogas -","robots":{"index":"index","follow":"follow","max-snippet":"max-snippet:-1","max-image-preview":"max-image-preview:large","max-video-preview":"max-video-preview:-1"},"canonical":"https:\/\/quehacerpolitico.mx\/?p=17954","og_locale":"es_MX","og_type":"article","og_title":"Internacionales\/\/\/Carolina Alonso Romei\/\/\/Estados Unidos va ahora por los hijos de \u201cEl Chapo\u201d: los acusa de conspirar para distribuir drogas -","og_description":"Estados Unidos va ahora por los hijos de \u201cEl Chapo\u201d: los acusa de conspirar para distribuir drogas Por Carolina Alonso Romei Internacionalista","og_url":"https:\/\/quehacerpolitico.mx\/?p=17954","article_published_time":"2019-02-22T03:58:29+00:00","author":"Redacci\u00f3n QP","twitter_card":"summary_large_image","twitter_misc":{"Escrito por":"Redacci\u00f3n QP","Tiempo de lectura":"6 minutos"},"schema":{"@context":"https:\/\/schema.org","@graph":[{"@type":"Article","@id":"https:\/\/quehacerpolitico.mx\/?p=17954#article","isPartOf":{"@id":"https:\/\/quehacerpolitico.mx\/?p=17954"},"author":{"name":"Redacci\u00f3n QP","@id":"https:\/\/quehacerpolitico.mx\/#\/schema\/person\/496d8ad2d1d3f8036101dca7ee39e585"},"headline":"Internacionales\/\/\/Carolina Alonso Romei\/\/\/Estados Unidos va ahora por los hijos de \u201cEl Chapo\u201d: los acusa de conspirar para distribuir drogas","datePublished":"2019-02-22T03:58:29+00:00","mainEntityOfPage":{"@id":"https:\/\/quehacerpolitico.mx\/?p=17954"},"wordCount":1198,"commentCount":0,"image":{"@id":"https:\/\/quehacerpolitico.mx\/?p=17954#primaryimage"},"thumbnailUrl":"","articleSection":["Internacionales"],"inLanguage":"es","potentialAction":[{"@type":"CommentAction","name":"Comment","target":["https:\/\/quehacerpolitico.mx\/?p=17954#respond"]}]},{"@type":"WebPage","@id":"https:\/\/quehacerpolitico.mx\/?p=17954","url":"https:\/\/quehacerpolitico.mx\/?p=17954","name":"Internacionales\/\/\/Carolina Alonso Romei\/\/\/Estados Unidos va ahora por los hijos de \u201cEl Chapo\u201d: los acusa de conspirar para distribuir drogas -","isPartOf":{"@id":"https:\/\/quehacerpolitico.mx\/#website"},"primaryImageOfPage":{"@id":"https:\/\/quehacerpolitico.mx\/?p=17954#primaryimage"},"image":{"@id":"https:\/\/quehacerpolitico.mx\/?p=17954#primaryimage"},"thumbnailUrl":"","datePublished":"2019-02-22T03:58:29+00:00","author":{"@id":"https:\/\/quehacerpolitico.mx\/#\/schema\/person\/496d8ad2d1d3f8036101dca7ee39e585"},"breadcrumb":{"@id":"https:\/\/quehacerpolitico.mx\/?p=17954#breadcrumb"},"inLanguage":"es","potentialAction":[{"@type":"ReadAction","target":["https:\/\/quehacerpolitico.mx\/?p=17954"]}]},{"@type":"ImageObject","inLanguage":"es","@id":"https:\/\/quehacerpolitico.mx\/?p=17954#primaryimage","url":"","contentUrl":""},{"@type":"BreadcrumbList","@id":"https:\/\/quehacerpolitico.mx\/?p=17954#breadcrumb","itemListElement":[{"@type":"ListItem","position":1,"name":"Inicio","item":"https:\/\/quehacerpolitico.mx\/"},{"@type":"ListItem","position":2,"name":"Internacionales\/\/\/Carolina Alonso Romei\/\/\/Estados Unidos va ahora por los hijos de \u201cEl Chapo\u201d: los acusa de conspirar para distribuir drogas"}]},{"@type":"WebSite","@id":"https:\/\/quehacerpolitico.mx\/#website","url":"https:\/\/quehacerpolitico.mx\/","name":"","description":"","potentialAction":[{"@type":"SearchAction","target":{"@type":"EntryPoint","urlTemplate":"https:\/\/quehacerpolitico.mx\/?s={search_term_string}"},"query-input":{"@type":"PropertyValueSpecification","valueRequired":true,"valueName":"search_term_string"}}],"inLanguage":"es"},{"@type":"Person","@id":"https:\/\/quehacerpolitico.mx\/#\/schema\/person\/496d8ad2d1d3f8036101dca7ee39e585","name":"Redacci\u00f3n QP","image":{"@type":"ImageObject","inLanguage":"es","@id":"https:\/\/secure.gravatar.com\/avatar\/c7164ed6fdec453195284ad24a5ae5b6e1eed2b848477fa2a4787ba9adf39a41?s=96&d=mm&r=g","url":"https:\/\/secure.gravatar.com\/avatar\/c7164ed6fdec453195284ad24a5ae5b6e1eed2b848477fa2a4787ba9adf39a41?s=96&d=mm&r=g","contentUrl":"https:\/\/secure.gravatar.com\/avatar\/c7164ed6fdec453195284ad24a5ae5b6e1eed2b848477fa2a4787ba9adf39a41?s=96&d=mm&r=g","caption":"Redacci\u00f3n QP"},"url":"https:\/\/quehacerpolitico.mx\/?author=2"}]}},"featured_image_urls":{"full":"","thumbnail":"","medium":"","medium_large":"","large":"","1536x1536":"","2048x2048":"","covernews-featured":"","covernews-medium":""},"author_info":{"display_name":"Redacci\u00f3n QP","author_link":"https:\/\/quehacerpolitico.mx\/?author=2"},"category_info":"<a href=\"https:\/\/quehacerpolitico.mx\/?cat=1\" rel=\"category\">Internacionales<\/a>","tag_info":"Internacionales","comment_count":"0","_links":{"self":[{"href":"https:\/\/quehacerpolitico.mx\/index.php?rest_route=\/wp\/v2\/posts\/17954","targetHints":{"allow":["GET"]}}],"collection":[{"href":"https:\/\/quehacerpolitico.mx\/index.php?rest_route=\/wp\/v2\/posts"}],"about":[{"href":"https:\/\/quehacerpolitico.mx\/index.php?rest_route=\/wp\/v2\/types\/post"}],"author":[{"embeddable":true,"href":"https:\/\/quehacerpolitico.mx\/index.php?rest_route=\/wp\/v2\/users\/2"}],"replies":[{"embeddable":true,"href":"https:\/\/quehacerpolitico.mx\/index.php?rest_route=%2Fwp%2Fv2%2Fcomments&post=17954"}],"version-history":[{"count":0,"href":"https:\/\/quehacerpolitico.mx\/index.php?rest_route=\/wp\/v2\/posts\/17954\/revisions"}],"wp:featuredmedia":[{"embeddable":true,"href":"https:\/\/quehacerpolitico.mx\/index.php?rest_route=\/"}],"wp:attachment":[{"href":"https:\/\/quehacerpolitico.mx\/index.php?rest_route=%2Fwp%2Fv2%2Fmedia&parent=17954"}],"wp:term":[{"taxonomy":"category","embeddable":true,"href":"https:\/\/quehacerpolitico.mx\/index.php?rest_route=%2Fwp%2Fv2%2Fcategories&post=17954"},{"taxonomy":"post_tag","embeddable":true,"href":"https:\/\/quehacerpolitico.mx\/index.php?rest_route=%2Fwp%2Fv2%2Ftags&post=17954"}],"curies":[{"name":"wp","href":"https:\/\/api.w.org\/{rel}","templated":true}]}}