{"id":17948,"date":"2019-02-22T03:37:53","date_gmt":"2019-02-22T03:37:53","guid":{"rendered":"http:\/\/quehacerpolitico.mx\/yalitza-aparicio-y-alfonso-cuaron-posan-en-sesion-fotografica-previa-a-la-entrega-del-oscar\/"},"modified":"2019-02-22T03:37:53","modified_gmt":"2019-02-22T03:37:53","slug":"yalitza-aparicio-y-alfonso-cuaron-posan-en-sesion-fotografica-previa-a-la-entrega-del-oscar","status":"publish","type":"post","link":"https:\/\/quehacerpolitico.mx\/?p=17948","title":{"rendered":"Yalitza Aparicio y Alfonso Cuar\u00f3n posan en sesi\u00f3n fotogr\u00e1fica previa a la entrega del \u00d3scar"},"content":{"rendered":"<h1>Yalitza Aparicio y Alfonso Cuar\u00f3n posan en sesi\u00f3n fotogr\u00e1fica previa a la entrega del \u00d3scar<\/h1>\n<p>Por Redacci\u00f3n QP<\/p>\n<p>A unas horas de que se lleve a cabo la <strong>entrega n\u00famero 91<\/strong> de los <strong>Premios \u00d3scar<\/strong>, la <strong>Academia comparti\u00f3<\/strong> varias <strong>fotograf\u00edas<\/strong> en las que aparecen los <strong>nominados a las principales categor\u00edas<\/strong>.<\/p>\n<p>A trav\u00e9s de su cuenta de Twitter, la Academia public\u00f3 algunas instant\u00e1neas cuyo objeto fue mostrar a todos, o en su defecto, a los m\u00e1s, que hicieron posible la realizaci\u00f3n de cada filme nominado en alguna de las 24 categor\u00edas.<\/p>\n<blockquote>\n<p>En las im\u00e1genes se aprecian cuadros dorados con cubos en su interior donde posan\u00a0directores, productores, actores, dise\u00f1adores, etc, que de una u otra forma, participaron en las cintas seleccionadas para la nonag\u00e9simo primera entrega del \u00d3scar. Especialmente una, en la que posan el director y la protagonista de <em>Roma<\/em>: Alfonso Cuar\u00f3n y Yalitza Aparicio, respectivamente, junto a Rami Malek, quien da vida a Freddy Mercury en <em>Bohemian Rhapsody<\/em>, y Spike Lee, director de <em>El infiltrado del KKKlan.<\/em><\/p>\n<p>Asimismo, la Academia comparti\u00f3 otras fotograf\u00edas en las que aparecen Amy Adams, Lady Gaga, Willem Dafoe, Eugenio Caballero, Glenn Close, y dem\u00e1s piezas fundamentales para la realizaci\u00f3n de los filmes nominados.<\/p>\n<div id=\"attachment_3540257\" class=\"wp-caption alignnone\"><img loading=\"lazy\" decoding=\"async\" class=\"wp-image-3540257 size-full\" src=\"https:\/\/www.sinembargo.mx\/wp-content\/uploads\/2019\/02\/dz8v1fpuwaayu5c.jpg\" sizes=\"auto, (max-width: 700px) 100vw, 700px\" srcset=\"https:\/\/www.sinembargo.mx\/wp-content\/uploads\/2019\/02\/dz8v1fpuwaayu5c.jpg 700w, https:\/\/www.sinembargo.mx\/wp-content\/uploads\/2019\/02\/dz8v1fpuwaayu5c-244x300.jpg 244w\" alt=\"\" width=\"700\" height=\"859\" \/><\/p>\n<p class=\"wp-caption-text\">En esta fotograf\u00eda aparecen Yalitza Aparicio, Alfonso Cuar\u00f3n y Rami Malek, entre otros nominados.<br \/>Foto: Twitter\/TheAcademy<\/p>\n<\/div>\n<p><em>Roma<\/em>, <em>Bohemian Rhapsody<\/em> y\u00a0<em>El infiltrado del KKKlan\u00a0<\/em>se medir\u00e1n el pr\u00f3ximo domingo 24 de febrero ante <em>Nace una estrella<\/em>, protagonizada por Lady Gaga y Bradley Cooper, <em>La Favorita<\/em>con Rachel Weist y Emma Stone, <em>Black Panther<\/em> estelarizada por Chadwick Boseman, <em>Green Book<\/em>\u00a0 con\u00a0Mahershala Ali y\u00a0<em>El vicepresidente: m\u00e1s all\u00e1 del poder\u00a0<\/em>protagonizada por\u00a0Christian Bale, mismas que aspiran a ganar la categor\u00eda a Mejor Pel\u00edcula.<\/p>\n<blockquote class=\"twitter-tweet\" data-width=\"550\" data-dnt=\"true\">\n<p lang=\"en\" dir=\"ltr\">The nominees. <a href=\"https:\/\/twitter.com\/hashtag\/Oscars?src=hash&amp;ref_src=twsrc%5Etfw\">#Oscars<\/a> <a href=\"https:\/\/t.co\/xbrzEEsiq3\">pic.twitter.com\/xbrzEEsiq3<\/a><\/p>\n<p>&mdash; The Academy (@TheAcademy) <a href=\"https:\/\/twitter.com\/TheAcademy\/status\/1098648251207626752?ref_src=twsrc%5Etfw\">February 21, 2019<\/a><\/p><\/blockquote>\n<p><script async src=\"https:\/\/platform.twitter.com\/widgets.js\" charset=\"utf-8\"><\/script><\/p>\n<p>La edici\u00f3n 2019 de la entrega de los Premios \u00d3scar tendr\u00e1 lugar el pr\u00f3ximo domingo 24 de febrero en punto de las 19 horas, en el\u00a0El Dolby Theatre de Los \u00c1ngeles. En tanto que la alfombra roja de la gala, dar\u00e1 inicio en punto de las 17:30 horas, tiempo de M\u00e9xico.<\/p>\n<blockquote class=\"twitter-tweet\" data-width=\"550\" data-dnt=\"true\">\n<p lang=\"zxx\" dir=\"ltr\"><a href=\"https:\/\/t.co\/c3VOipT7SL\">pic.twitter.com\/c3VOipT7SL<\/a><\/p>\n<p>&mdash; The Academy (@TheAcademy) <a href=\"https:\/\/twitter.com\/TheAcademy\/status\/1098650038304002048?ref_src=twsrc%5Etfw\">February 21, 2019<\/a><\/p><\/blockquote>\n<p><script async src=\"https:\/\/platform.twitter.com\/widgets.js\" charset=\"utf-8\"><\/script><\/p>\n<p>Las 24 categor\u00edas que ser\u00e1n galardonadas son las siguientes:\u00a0Mejor actor de reparto, Mejor actriz de reparto, Mejor dise\u00f1o de vestuario, Mejor edici\u00f3n, Mejor banda sonora, Mejor corto de animaci\u00f3n, Mejor corto de acci\u00f3n real, Mejor edici\u00f3n de sonido, Mejor mezcla de sonido, Mejor actor, Mejor actriz, Mejor pel\u00edcula de animaci\u00f3n, Mejor fotograf\u00eda, Mejor direcci\u00f3n, Mejor documental, Mejor cortometraje documental, Mejor pel\u00edcula en lengua extranjera, Mejor maquillaje y peinado, Mejor pel\u00edcula,\u00a0Mejores efectos especiales, Mejor gui\u00f3n adaptado, Mejor gui\u00f3n original, Mejor canci\u00f3n y Mejor dise\u00f1o de producci\u00f3n.<\/p>\n<blockquote class=\"twitter-tweet\" data-width=\"550\" data-dnt=\"true\">\n<p lang=\"zxx\" dir=\"ltr\"><a href=\"https:\/\/t.co\/dpQWSbU9nm\">pic.twitter.com\/dpQWSbU9nm<\/a><\/p>\n<p>&mdash; The Academy (@TheAcademy) <a href=\"https:\/\/twitter.com\/TheAcademy\/status\/1098649053821161472?ref_src=twsrc%5Etfw\">February 21, 2019<\/a><\/p><\/blockquote>\n<p><script async src=\"https:\/\/platform.twitter.com\/widgets.js\" charset=\"utf-8\"><\/script><\/p>\n<blockquote class=\"twitter-tweet\" data-width=\"550\" data-dnt=\"true\">\n<p lang=\"zxx\" dir=\"ltr\"><a href=\"https:\/\/t.co\/8vi4SCJ79h\">pic.twitter.com\/8vi4SCJ79h<\/a><\/p>\n<p>&mdash; The Academy (@TheAcademy) <a href=\"https:\/\/twitter.com\/TheAcademy\/status\/1098649375843086337?ref_src=twsrc%5Etfw\">February 21, 2019<\/a><\/p><\/blockquote>\n<p><script async src=\"https:\/\/platform.twitter.com\/widgets.js\" charset=\"utf-8\"><\/script><\/p>\n<\/blockquote>\n","protected":false},"excerpt":{"rendered":"<p>Yalitza Aparicio y Alfonso Cuar\u00f3n posan en sesi\u00f3n fotogr\u00e1fica previa a la entrega del \u00d3scar<br \/>\nPor Redacci\u00f3n QP<\/p>\n","protected":false},"author":2,"featured_media":17947,"comment_status":"open","ping_status":"open","sticky":false,"template":"","format":"standard","meta":{"_monsterinsights_skip_tracking":false,"_monsterinsights_sitenote_active":false,"_monsterinsights_sitenote_note":"","_monsterinsights_sitenote_category":0,"footnotes":""},"categories":[58],"tags":[],"class_list":["post-17948","post","type-post","status-publish","format-standard","has-post-thumbnail","hentry","category-cultura"],"yoast_head":"<!-- This site is optimized with the Yoast SEO plugin v27.3 - https:\/\/yoast.com\/product\/yoast-seo-wordpress\/ -->\n<title>Yalitza Aparicio y Alfonso Cuar\u00f3n posan en sesi\u00f3n fotogr\u00e1fica previa a la entrega del \u00d3scar -<\/title>\n<meta name=\"robots\" content=\"index, follow, max-snippet:-1, max-image-preview:large, max-video-preview:-1\" \/>\n<link rel=\"canonical\" href=\"https:\/\/quehacerpolitico.mx\/?p=17948\" \/>\n<meta property=\"og:locale\" content=\"es_MX\" \/>\n<meta property=\"og:type\" content=\"article\" \/>\n<meta property=\"og:title\" content=\"Yalitza Aparicio y Alfonso Cuar\u00f3n posan en sesi\u00f3n fotogr\u00e1fica previa a la entrega del \u00d3scar -\" \/>\n<meta property=\"og:description\" content=\"Yalitza Aparicio y Alfonso Cuar\u00f3n posan en sesi\u00f3n fotogr\u00e1fica previa a la entrega del \u00d3scar Por Redacci\u00f3n QP\" \/>\n<meta property=\"og:url\" content=\"https:\/\/quehacerpolitico.mx\/?p=17948\" \/>\n<meta property=\"article:published_time\" content=\"2019-02-22T03:37:53+00:00\" \/>\n<meta name=\"author\" content=\"Redacci\u00f3n QP\" \/>\n<meta name=\"twitter:card\" content=\"summary_large_image\" \/>\n<meta name=\"twitter:label1\" content=\"Escrito por\" \/>\n\t<meta name=\"twitter:data1\" content=\"Redacci\u00f3n QP\" \/>\n\t<meta name=\"twitter:label2\" content=\"Tiempo de lectura\" \/>\n\t<meta name=\"twitter:data2\" content=\"2 minutos\" \/>\n<script type=\"application\/ld+json\" class=\"yoast-schema-graph\">{\"@context\":\"https:\\\/\\\/schema.org\",\"@graph\":[{\"@type\":\"Article\",\"@id\":\"https:\\\/\\\/quehacerpolitico.mx\\\/?p=17948#article\",\"isPartOf\":{\"@id\":\"https:\\\/\\\/quehacerpolitico.mx\\\/?p=17948\"},\"author\":{\"name\":\"Redacci\u00f3n QP\",\"@id\":\"https:\\\/\\\/quehacerpolitico.mx\\\/#\\\/schema\\\/person\\\/496d8ad2d1d3f8036101dca7ee39e585\"},\"headline\":\"Yalitza Aparicio y Alfonso Cuar\u00f3n posan en sesi\u00f3n fotogr\u00e1fica previa a la entrega del \u00d3scar\",\"datePublished\":\"2019-02-22T03:37:53+00:00\",\"mainEntityOfPage\":{\"@id\":\"https:\\\/\\\/quehacerpolitico.mx\\\/?p=17948\"},\"wordCount\":502,\"commentCount\":0,\"image\":{\"@id\":\"https:\\\/\\\/quehacerpolitico.mx\\\/?p=17948#primaryimage\"},\"thumbnailUrl\":\"\",\"articleSection\":[\"Cultura y Entretenimiento\"],\"inLanguage\":\"es\",\"potentialAction\":[{\"@type\":\"CommentAction\",\"name\":\"Comment\",\"target\":[\"https:\\\/\\\/quehacerpolitico.mx\\\/?p=17948#respond\"]}]},{\"@type\":\"WebPage\",\"@id\":\"https:\\\/\\\/quehacerpolitico.mx\\\/?p=17948\",\"url\":\"https:\\\/\\\/quehacerpolitico.mx\\\/?p=17948\",\"name\":\"Yalitza Aparicio y Alfonso Cuar\u00f3n posan en sesi\u00f3n fotogr\u00e1fica previa a la entrega del \u00d3scar -\",\"isPartOf\":{\"@id\":\"https:\\\/\\\/quehacerpolitico.mx\\\/#website\"},\"primaryImageOfPage\":{\"@id\":\"https:\\\/\\\/quehacerpolitico.mx\\\/?p=17948#primaryimage\"},\"image\":{\"@id\":\"https:\\\/\\\/quehacerpolitico.mx\\\/?p=17948#primaryimage\"},\"thumbnailUrl\":\"\",\"datePublished\":\"2019-02-22T03:37:53+00:00\",\"author\":{\"@id\":\"https:\\\/\\\/quehacerpolitico.mx\\\/#\\\/schema\\\/person\\\/496d8ad2d1d3f8036101dca7ee39e585\"},\"breadcrumb\":{\"@id\":\"https:\\\/\\\/quehacerpolitico.mx\\\/?p=17948#breadcrumb\"},\"inLanguage\":\"es\",\"potentialAction\":[{\"@type\":\"ReadAction\",\"target\":[\"https:\\\/\\\/quehacerpolitico.mx\\\/?p=17948\"]}]},{\"@type\":\"ImageObject\",\"inLanguage\":\"es\",\"@id\":\"https:\\\/\\\/quehacerpolitico.mx\\\/?p=17948#primaryimage\",\"url\":\"\",\"contentUrl\":\"\"},{\"@type\":\"BreadcrumbList\",\"@id\":\"https:\\\/\\\/quehacerpolitico.mx\\\/?p=17948#breadcrumb\",\"itemListElement\":[{\"@type\":\"ListItem\",\"position\":1,\"name\":\"Inicio\",\"item\":\"https:\\\/\\\/quehacerpolitico.mx\\\/\"},{\"@type\":\"ListItem\",\"position\":2,\"name\":\"Yalitza Aparicio y Alfonso Cuar\u00f3n posan en sesi\u00f3n fotogr\u00e1fica previa a la entrega del \u00d3scar\"}]},{\"@type\":\"WebSite\",\"@id\":\"https:\\\/\\\/quehacerpolitico.mx\\\/#website\",\"url\":\"https:\\\/\\\/quehacerpolitico.mx\\\/\",\"name\":\"\",\"description\":\"\",\"potentialAction\":[{\"@type\":\"SearchAction\",\"target\":{\"@type\":\"EntryPoint\",\"urlTemplate\":\"https:\\\/\\\/quehacerpolitico.mx\\\/?s={search_term_string}\"},\"query-input\":{\"@type\":\"PropertyValueSpecification\",\"valueRequired\":true,\"valueName\":\"search_term_string\"}}],\"inLanguage\":\"es\"},{\"@type\":\"Person\",\"@id\":\"https:\\\/\\\/quehacerpolitico.mx\\\/#\\\/schema\\\/person\\\/496d8ad2d1d3f8036101dca7ee39e585\",\"name\":\"Redacci\u00f3n QP\",\"image\":{\"@type\":\"ImageObject\",\"inLanguage\":\"es\",\"@id\":\"https:\\\/\\\/secure.gravatar.com\\\/avatar\\\/c7164ed6fdec453195284ad24a5ae5b6e1eed2b848477fa2a4787ba9adf39a41?s=96&d=mm&r=g\",\"url\":\"https:\\\/\\\/secure.gravatar.com\\\/avatar\\\/c7164ed6fdec453195284ad24a5ae5b6e1eed2b848477fa2a4787ba9adf39a41?s=96&d=mm&r=g\",\"contentUrl\":\"https:\\\/\\\/secure.gravatar.com\\\/avatar\\\/c7164ed6fdec453195284ad24a5ae5b6e1eed2b848477fa2a4787ba9adf39a41?s=96&d=mm&r=g\",\"caption\":\"Redacci\u00f3n QP\"},\"url\":\"https:\\\/\\\/quehacerpolitico.mx\\\/?author=2\"}]}<\/script>\n<!-- \/ Yoast SEO plugin. -->","yoast_head_json":{"title":"Yalitza Aparicio y Alfonso Cuar\u00f3n posan en sesi\u00f3n fotogr\u00e1fica previa a la entrega del \u00d3scar -","robots":{"index":"index","follow":"follow","max-snippet":"max-snippet:-1","max-image-preview":"max-image-preview:large","max-video-preview":"max-video-preview:-1"},"canonical":"https:\/\/quehacerpolitico.mx\/?p=17948","og_locale":"es_MX","og_type":"article","og_title":"Yalitza Aparicio y Alfonso Cuar\u00f3n posan en sesi\u00f3n fotogr\u00e1fica previa a la entrega del \u00d3scar -","og_description":"Yalitza Aparicio y Alfonso Cuar\u00f3n posan en sesi\u00f3n fotogr\u00e1fica previa a la entrega del \u00d3scar Por Redacci\u00f3n QP","og_url":"https:\/\/quehacerpolitico.mx\/?p=17948","article_published_time":"2019-02-22T03:37:53+00:00","author":"Redacci\u00f3n QP","twitter_card":"summary_large_image","twitter_misc":{"Escrito por":"Redacci\u00f3n QP","Tiempo de lectura":"2 minutos"},"schema":{"@context":"https:\/\/schema.org","@graph":[{"@type":"Article","@id":"https:\/\/quehacerpolitico.mx\/?p=17948#article","isPartOf":{"@id":"https:\/\/quehacerpolitico.mx\/?p=17948"},"author":{"name":"Redacci\u00f3n QP","@id":"https:\/\/quehacerpolitico.mx\/#\/schema\/person\/496d8ad2d1d3f8036101dca7ee39e585"},"headline":"Yalitza Aparicio y Alfonso Cuar\u00f3n posan en sesi\u00f3n fotogr\u00e1fica previa a la entrega del \u00d3scar","datePublished":"2019-02-22T03:37:53+00:00","mainEntityOfPage":{"@id":"https:\/\/quehacerpolitico.mx\/?p=17948"},"wordCount":502,"commentCount":0,"image":{"@id":"https:\/\/quehacerpolitico.mx\/?p=17948#primaryimage"},"thumbnailUrl":"","articleSection":["Cultura y Entretenimiento"],"inLanguage":"es","potentialAction":[{"@type":"CommentAction","name":"Comment","target":["https:\/\/quehacerpolitico.mx\/?p=17948#respond"]}]},{"@type":"WebPage","@id":"https:\/\/quehacerpolitico.mx\/?p=17948","url":"https:\/\/quehacerpolitico.mx\/?p=17948","name":"Yalitza Aparicio y Alfonso Cuar\u00f3n posan en sesi\u00f3n fotogr\u00e1fica previa a la entrega del \u00d3scar -","isPartOf":{"@id":"https:\/\/quehacerpolitico.mx\/#website"},"primaryImageOfPage":{"@id":"https:\/\/quehacerpolitico.mx\/?p=17948#primaryimage"},"image":{"@id":"https:\/\/quehacerpolitico.mx\/?p=17948#primaryimage"},"thumbnailUrl":"","datePublished":"2019-02-22T03:37:53+00:00","author":{"@id":"https:\/\/quehacerpolitico.mx\/#\/schema\/person\/496d8ad2d1d3f8036101dca7ee39e585"},"breadcrumb":{"@id":"https:\/\/quehacerpolitico.mx\/?p=17948#breadcrumb"},"inLanguage":"es","potentialAction":[{"@type":"ReadAction","target":["https:\/\/quehacerpolitico.mx\/?p=17948"]}]},{"@type":"ImageObject","inLanguage":"es","@id":"https:\/\/quehacerpolitico.mx\/?p=17948#primaryimage","url":"","contentUrl":""},{"@type":"BreadcrumbList","@id":"https:\/\/quehacerpolitico.mx\/?p=17948#breadcrumb","itemListElement":[{"@type":"ListItem","position":1,"name":"Inicio","item":"https:\/\/quehacerpolitico.mx\/"},{"@type":"ListItem","position":2,"name":"Yalitza Aparicio y Alfonso Cuar\u00f3n posan en sesi\u00f3n fotogr\u00e1fica previa a la entrega del \u00d3scar"}]},{"@type":"WebSite","@id":"https:\/\/quehacerpolitico.mx\/#website","url":"https:\/\/quehacerpolitico.mx\/","name":"","description":"","potentialAction":[{"@type":"SearchAction","target":{"@type":"EntryPoint","urlTemplate":"https:\/\/quehacerpolitico.mx\/?s={search_term_string}"},"query-input":{"@type":"PropertyValueSpecification","valueRequired":true,"valueName":"search_term_string"}}],"inLanguage":"es"},{"@type":"Person","@id":"https:\/\/quehacerpolitico.mx\/#\/schema\/person\/496d8ad2d1d3f8036101dca7ee39e585","name":"Redacci\u00f3n QP","image":{"@type":"ImageObject","inLanguage":"es","@id":"https:\/\/secure.gravatar.com\/avatar\/c7164ed6fdec453195284ad24a5ae5b6e1eed2b848477fa2a4787ba9adf39a41?s=96&d=mm&r=g","url":"https:\/\/secure.gravatar.com\/avatar\/c7164ed6fdec453195284ad24a5ae5b6e1eed2b848477fa2a4787ba9adf39a41?s=96&d=mm&r=g","contentUrl":"https:\/\/secure.gravatar.com\/avatar\/c7164ed6fdec453195284ad24a5ae5b6e1eed2b848477fa2a4787ba9adf39a41?s=96&d=mm&r=g","caption":"Redacci\u00f3n QP"},"url":"https:\/\/quehacerpolitico.mx\/?author=2"}]}},"featured_image_urls":{"full":"","thumbnail":"","medium":"","medium_large":"","large":"","1536x1536":"","2048x2048":"","covernews-featured":"","covernews-medium":""},"author_info":{"display_name":"Redacci\u00f3n QP","author_link":"https:\/\/quehacerpolitico.mx\/?author=2"},"category_info":"<a href=\"https:\/\/quehacerpolitico.mx\/?cat=58\" rel=\"category\">Cultura y Entretenimiento<\/a>","tag_info":"Cultura y Entretenimiento","comment_count":"0","_links":{"self":[{"href":"https:\/\/quehacerpolitico.mx\/index.php?rest_route=\/wp\/v2\/posts\/17948","targetHints":{"allow":["GET"]}}],"collection":[{"href":"https:\/\/quehacerpolitico.mx\/index.php?rest_route=\/wp\/v2\/posts"}],"about":[{"href":"https:\/\/quehacerpolitico.mx\/index.php?rest_route=\/wp\/v2\/types\/post"}],"author":[{"embeddable":true,"href":"https:\/\/quehacerpolitico.mx\/index.php?rest_route=\/wp\/v2\/users\/2"}],"replies":[{"embeddable":true,"href":"https:\/\/quehacerpolitico.mx\/index.php?rest_route=%2Fwp%2Fv2%2Fcomments&post=17948"}],"version-history":[{"count":0,"href":"https:\/\/quehacerpolitico.mx\/index.php?rest_route=\/wp\/v2\/posts\/17948\/revisions"}],"wp:featuredmedia":[{"embeddable":true,"href":"https:\/\/quehacerpolitico.mx\/index.php?rest_route=\/"}],"wp:attachment":[{"href":"https:\/\/quehacerpolitico.mx\/index.php?rest_route=%2Fwp%2Fv2%2Fmedia&parent=17948"}],"wp:term":[{"taxonomy":"category","embeddable":true,"href":"https:\/\/quehacerpolitico.mx\/index.php?rest_route=%2Fwp%2Fv2%2Fcategories&post=17948"},{"taxonomy":"post_tag","embeddable":true,"href":"https:\/\/quehacerpolitico.mx\/index.php?rest_route=%2Fwp%2Fv2%2Ftags&post=17948"}],"curies":[{"name":"wp","href":"https:\/\/api.w.org\/{rel}","templated":true}]}}