{"id":17945,"date":"2019-02-22T03:28:59","date_gmt":"2019-02-22T03:28:59","guid":{"rendered":"http:\/\/quehacerpolitico.mx\/academicos-de-la-universidad-autonoma-chapingo-se-van-a-huelga-exigen-aumento-salarial\/"},"modified":"2019-02-22T03:28:59","modified_gmt":"2019-02-22T03:28:59","slug":"academicos-de-la-universidad-autonoma-chapingo-se-van-a-huelga-exigen-aumento-salarial","status":"publish","type":"post","link":"https:\/\/quehacerpolitico.mx\/?p=17945","title":{"rendered":"Acad\u00e9micos de la Universidad Aut\u00f3noma Chapingo se van a huelga; exigen aumento salarial"},"content":{"rendered":"<h1>Acad\u00e9micos de la Universidad Aut\u00f3noma Chapingo se van a huelga; exigen aumento salarial<\/h1>\n<p>Por Redacci\u00f3n QP<\/p>\n<p>El Sindicato de Trabajadores Acad\u00e9micos de la <strong>Universidad Aut\u00f3noma Chapingo<\/strong> (<strong>STAUACh<\/strong>) se declar\u00f3 en <strong>huelga<\/strong>la tarde de este jueves debido a que no lograron llegar a un <strong>acuerdo salarial<\/strong> con las autoridades de la instituci\u00f3n.<\/p>\n<p>Seg\u00fan informaci\u00f3n difundida en medios nacionales, los <strong>acad\u00e9micos<\/strong> decidieron iniciar el <strong>paro de labores<\/strong> a partir de las 15:00 horas de este jueves, esto tras una <strong>votaci\u00f3n<\/strong> en la que se aprob\u00f3 la huelga con <strong>364 votos a favor<\/strong> y 318 votos en contra<\/p>\n<blockquote>\n<p>Se prev\u00e9 que esta suspensi\u00f3n de actividades afecte a m\u00e1s de 11 mil alumnos, alrededor de tres mil 500 trabajadores administrativos y m\u00e1s de mil acad\u00e9micos de todo el pa\u00eds.<\/p>\n<blockquote>\n<p>Adem\u00e1s, se suspendieron las labores en 10 Centros Regionales Universitarios y dos Unidades Regionales pertenecientes a la Universidad Aut\u00f3noma Chapingo ubicados en Veracruz, Yucat\u00e1n, Zacatecas, Tabasco, Chiapas, Oaxaca, Morelia y Jalisco<\/p>\n<\/blockquote>\n<p>Los <strong>acad\u00e9micos<\/strong> inconformes exigen a las autoridades universitarias un <strong>incremento salarial de 15 por ciento<\/strong>; sin embargo, la instituci\u00f3n \u00fanicamente ha accedido a otorgar un aumento de <strong>3.3 por ciento<\/strong>. Otra de las peticiones de los agremiados consiste en la <strong>basificaci\u00f3n<\/strong> de profesores con m\u00e1s de dos a\u00f1os de antig\u00fcedad.<\/p>\n<p>Este paro de labores en otra instituci\u00f3n universitaria se suma a la huelga que desde hace m\u00e1s de 15 d\u00edas iniciaron trabajadores de la Universidad Aut\u00f3noma Metropolitana (UAM), quienes a\u00fan no logran un acuerdo con autoridades respecto al aumento salarial que exigen.<\/p>\n<p><strong>M\u00c1S DE 20 D\u00cdAS DE HUELGA EN LA UAM<\/strong><\/p>\n<p>La huelga en la Universidad Aut\u00f3noma Metropolitana (UAM) continuar\u00e1 luego de que directivos universitarios y miembros del Sindicato Independiente de Trabajadores de la UAM (SITUAM) no llegaran a un acuerdo.<\/p>\n<p>En la cuarta reuni\u00f3n realizada desde el inicio de la huelga, y llevada a cabo en la Secretar\u00eda del Trabajo y prevenci\u00f3n Social, Jos\u00e9 Antonio de los Reyes Heredia, Secretario General de la UAM, insisti\u00f3 en que la instituci\u00f3n no cuenta con recursos suficientes para cumplir con el aumento salarial del 20 por ciento que exige el sindicato.<\/p>\n<blockquote>\n<p>El funcionario reiter\u00f3 que la propuesta de las autoridades universitarias se mantiene en un incremento del 3.35 por ciento directo al salario, situaci\u00f3n que provoc\u00f3 el abucheo de los trabajadores.<\/p>\n<\/blockquote>\n<p>Jorge Dorantes Silva, secretario general de SITUAM asegur\u00f3 que la falta de capital se debe a las plazas de los altos funcionarios de la UAM que absorben gran parte del presupuesto.<\/p>\n<\/blockquote>\n","protected":false},"excerpt":{"rendered":"<p>Acad\u00e9micos de la Universidad Aut\u00f3noma Chapingo se van a huelga; exigen aumento salarial<br \/>\nPor Redacci\u00f3n QP<\/p>\n","protected":false},"author":2,"featured_media":17944,"comment_status":"open","ping_status":"open","sticky":false,"template":"","format":"standard","meta":{"_monsterinsights_skip_tracking":false,"_monsterinsights_sitenote_active":false,"_monsterinsights_sitenote_note":"","_monsterinsights_sitenote_category":0,"footnotes":""},"categories":[2],"tags":[],"class_list":["post-17945","post","type-post","status-publish","format-standard","has-post-thumbnail","hentry","category-noticias"],"yoast_head":"<!-- This site is optimized with the Yoast SEO plugin v27.3 - https:\/\/yoast.com\/product\/yoast-seo-wordpress\/ -->\n<title>Acad\u00e9micos de la Universidad Aut\u00f3noma Chapingo se van a huelga; exigen aumento salarial -<\/title>\n<meta name=\"robots\" content=\"index, follow, max-snippet:-1, max-image-preview:large, max-video-preview:-1\" \/>\n<link rel=\"canonical\" href=\"https:\/\/quehacerpolitico.mx\/?p=17945\" \/>\n<meta property=\"og:locale\" content=\"es_MX\" \/>\n<meta property=\"og:type\" content=\"article\" \/>\n<meta property=\"og:title\" content=\"Acad\u00e9micos de la Universidad Aut\u00f3noma Chapingo se van a huelga; exigen aumento salarial -\" \/>\n<meta property=\"og:description\" content=\"Acad\u00e9micos de la Universidad Aut\u00f3noma Chapingo se van a huelga; exigen aumento salarial Por Redacci\u00f3n QP\" \/>\n<meta property=\"og:url\" content=\"https:\/\/quehacerpolitico.mx\/?p=17945\" \/>\n<meta property=\"article:published_time\" content=\"2019-02-22T03:28:59+00:00\" \/>\n<meta name=\"author\" content=\"Redacci\u00f3n QP\" \/>\n<meta name=\"twitter:card\" content=\"summary_large_image\" \/>\n<meta name=\"twitter:label1\" content=\"Escrito por\" \/>\n\t<meta name=\"twitter:data1\" content=\"Redacci\u00f3n QP\" \/>\n\t<meta name=\"twitter:label2\" content=\"Tiempo de lectura\" \/>\n\t<meta name=\"twitter:data2\" content=\"2 minutos\" \/>\n<script type=\"application\/ld+json\" class=\"yoast-schema-graph\">{\"@context\":\"https:\\\/\\\/schema.org\",\"@graph\":[{\"@type\":\"Article\",\"@id\":\"https:\\\/\\\/quehacerpolitico.mx\\\/?p=17945#article\",\"isPartOf\":{\"@id\":\"https:\\\/\\\/quehacerpolitico.mx\\\/?p=17945\"},\"author\":{\"name\":\"Redacci\u00f3n QP\",\"@id\":\"https:\\\/\\\/quehacerpolitico.mx\\\/#\\\/schema\\\/person\\\/496d8ad2d1d3f8036101dca7ee39e585\"},\"headline\":\"Acad\u00e9micos de la Universidad Aut\u00f3noma Chapingo se van a huelga; exigen aumento salarial\",\"datePublished\":\"2019-02-22T03:28:59+00:00\",\"mainEntityOfPage\":{\"@id\":\"https:\\\/\\\/quehacerpolitico.mx\\\/?p=17945\"},\"wordCount\":446,\"commentCount\":0,\"image\":{\"@id\":\"https:\\\/\\\/quehacerpolitico.mx\\\/?p=17945#primaryimage\"},\"thumbnailUrl\":\"\",\"articleSection\":[\"Noticias\"],\"inLanguage\":\"es\",\"potentialAction\":[{\"@type\":\"CommentAction\",\"name\":\"Comment\",\"target\":[\"https:\\\/\\\/quehacerpolitico.mx\\\/?p=17945#respond\"]}]},{\"@type\":\"WebPage\",\"@id\":\"https:\\\/\\\/quehacerpolitico.mx\\\/?p=17945\",\"url\":\"https:\\\/\\\/quehacerpolitico.mx\\\/?p=17945\",\"name\":\"Acad\u00e9micos de la Universidad Aut\u00f3noma Chapingo se van a huelga; exigen aumento salarial -\",\"isPartOf\":{\"@id\":\"https:\\\/\\\/quehacerpolitico.mx\\\/#website\"},\"primaryImageOfPage\":{\"@id\":\"https:\\\/\\\/quehacerpolitico.mx\\\/?p=17945#primaryimage\"},\"image\":{\"@id\":\"https:\\\/\\\/quehacerpolitico.mx\\\/?p=17945#primaryimage\"},\"thumbnailUrl\":\"\",\"datePublished\":\"2019-02-22T03:28:59+00:00\",\"author\":{\"@id\":\"https:\\\/\\\/quehacerpolitico.mx\\\/#\\\/schema\\\/person\\\/496d8ad2d1d3f8036101dca7ee39e585\"},\"breadcrumb\":{\"@id\":\"https:\\\/\\\/quehacerpolitico.mx\\\/?p=17945#breadcrumb\"},\"inLanguage\":\"es\",\"potentialAction\":[{\"@type\":\"ReadAction\",\"target\":[\"https:\\\/\\\/quehacerpolitico.mx\\\/?p=17945\"]}]},{\"@type\":\"ImageObject\",\"inLanguage\":\"es\",\"@id\":\"https:\\\/\\\/quehacerpolitico.mx\\\/?p=17945#primaryimage\",\"url\":\"\",\"contentUrl\":\"\"},{\"@type\":\"BreadcrumbList\",\"@id\":\"https:\\\/\\\/quehacerpolitico.mx\\\/?p=17945#breadcrumb\",\"itemListElement\":[{\"@type\":\"ListItem\",\"position\":1,\"name\":\"Inicio\",\"item\":\"https:\\\/\\\/quehacerpolitico.mx\\\/\"},{\"@type\":\"ListItem\",\"position\":2,\"name\":\"Acad\u00e9micos de la Universidad Aut\u00f3noma Chapingo se van a huelga; exigen aumento salarial\"}]},{\"@type\":\"WebSite\",\"@id\":\"https:\\\/\\\/quehacerpolitico.mx\\\/#website\",\"url\":\"https:\\\/\\\/quehacerpolitico.mx\\\/\",\"name\":\"\",\"description\":\"\",\"potentialAction\":[{\"@type\":\"SearchAction\",\"target\":{\"@type\":\"EntryPoint\",\"urlTemplate\":\"https:\\\/\\\/quehacerpolitico.mx\\\/?s={search_term_string}\"},\"query-input\":{\"@type\":\"PropertyValueSpecification\",\"valueRequired\":true,\"valueName\":\"search_term_string\"}}],\"inLanguage\":\"es\"},{\"@type\":\"Person\",\"@id\":\"https:\\\/\\\/quehacerpolitico.mx\\\/#\\\/schema\\\/person\\\/496d8ad2d1d3f8036101dca7ee39e585\",\"name\":\"Redacci\u00f3n QP\",\"image\":{\"@type\":\"ImageObject\",\"inLanguage\":\"es\",\"@id\":\"https:\\\/\\\/secure.gravatar.com\\\/avatar\\\/c7164ed6fdec453195284ad24a5ae5b6e1eed2b848477fa2a4787ba9adf39a41?s=96&d=mm&r=g\",\"url\":\"https:\\\/\\\/secure.gravatar.com\\\/avatar\\\/c7164ed6fdec453195284ad24a5ae5b6e1eed2b848477fa2a4787ba9adf39a41?s=96&d=mm&r=g\",\"contentUrl\":\"https:\\\/\\\/secure.gravatar.com\\\/avatar\\\/c7164ed6fdec453195284ad24a5ae5b6e1eed2b848477fa2a4787ba9adf39a41?s=96&d=mm&r=g\",\"caption\":\"Redacci\u00f3n QP\"},\"url\":\"https:\\\/\\\/quehacerpolitico.mx\\\/?author=2\"}]}<\/script>\n<!-- \/ Yoast SEO plugin. -->","yoast_head_json":{"title":"Acad\u00e9micos de la Universidad Aut\u00f3noma Chapingo se van a huelga; exigen aumento salarial -","robots":{"index":"index","follow":"follow","max-snippet":"max-snippet:-1","max-image-preview":"max-image-preview:large","max-video-preview":"max-video-preview:-1"},"canonical":"https:\/\/quehacerpolitico.mx\/?p=17945","og_locale":"es_MX","og_type":"article","og_title":"Acad\u00e9micos de la Universidad Aut\u00f3noma Chapingo se van a huelga; exigen aumento salarial -","og_description":"Acad\u00e9micos de la Universidad Aut\u00f3noma Chapingo se van a huelga; exigen aumento salarial Por Redacci\u00f3n QP","og_url":"https:\/\/quehacerpolitico.mx\/?p=17945","article_published_time":"2019-02-22T03:28:59+00:00","author":"Redacci\u00f3n QP","twitter_card":"summary_large_image","twitter_misc":{"Escrito por":"Redacci\u00f3n QP","Tiempo de lectura":"2 minutos"},"schema":{"@context":"https:\/\/schema.org","@graph":[{"@type":"Article","@id":"https:\/\/quehacerpolitico.mx\/?p=17945#article","isPartOf":{"@id":"https:\/\/quehacerpolitico.mx\/?p=17945"},"author":{"name":"Redacci\u00f3n QP","@id":"https:\/\/quehacerpolitico.mx\/#\/schema\/person\/496d8ad2d1d3f8036101dca7ee39e585"},"headline":"Acad\u00e9micos de la Universidad Aut\u00f3noma Chapingo se van a huelga; exigen aumento salarial","datePublished":"2019-02-22T03:28:59+00:00","mainEntityOfPage":{"@id":"https:\/\/quehacerpolitico.mx\/?p=17945"},"wordCount":446,"commentCount":0,"image":{"@id":"https:\/\/quehacerpolitico.mx\/?p=17945#primaryimage"},"thumbnailUrl":"","articleSection":["Noticias"],"inLanguage":"es","potentialAction":[{"@type":"CommentAction","name":"Comment","target":["https:\/\/quehacerpolitico.mx\/?p=17945#respond"]}]},{"@type":"WebPage","@id":"https:\/\/quehacerpolitico.mx\/?p=17945","url":"https:\/\/quehacerpolitico.mx\/?p=17945","name":"Acad\u00e9micos de la Universidad Aut\u00f3noma Chapingo se van a huelga; exigen aumento salarial -","isPartOf":{"@id":"https:\/\/quehacerpolitico.mx\/#website"},"primaryImageOfPage":{"@id":"https:\/\/quehacerpolitico.mx\/?p=17945#primaryimage"},"image":{"@id":"https:\/\/quehacerpolitico.mx\/?p=17945#primaryimage"},"thumbnailUrl":"","datePublished":"2019-02-22T03:28:59+00:00","author":{"@id":"https:\/\/quehacerpolitico.mx\/#\/schema\/person\/496d8ad2d1d3f8036101dca7ee39e585"},"breadcrumb":{"@id":"https:\/\/quehacerpolitico.mx\/?p=17945#breadcrumb"},"inLanguage":"es","potentialAction":[{"@type":"ReadAction","target":["https:\/\/quehacerpolitico.mx\/?p=17945"]}]},{"@type":"ImageObject","inLanguage":"es","@id":"https:\/\/quehacerpolitico.mx\/?p=17945#primaryimage","url":"","contentUrl":""},{"@type":"BreadcrumbList","@id":"https:\/\/quehacerpolitico.mx\/?p=17945#breadcrumb","itemListElement":[{"@type":"ListItem","position":1,"name":"Inicio","item":"https:\/\/quehacerpolitico.mx\/"},{"@type":"ListItem","position":2,"name":"Acad\u00e9micos de la Universidad Aut\u00f3noma Chapingo se van a huelga; exigen aumento salarial"}]},{"@type":"WebSite","@id":"https:\/\/quehacerpolitico.mx\/#website","url":"https:\/\/quehacerpolitico.mx\/","name":"","description":"","potentialAction":[{"@type":"SearchAction","target":{"@type":"EntryPoint","urlTemplate":"https:\/\/quehacerpolitico.mx\/?s={search_term_string}"},"query-input":{"@type":"PropertyValueSpecification","valueRequired":true,"valueName":"search_term_string"}}],"inLanguage":"es"},{"@type":"Person","@id":"https:\/\/quehacerpolitico.mx\/#\/schema\/person\/496d8ad2d1d3f8036101dca7ee39e585","name":"Redacci\u00f3n QP","image":{"@type":"ImageObject","inLanguage":"es","@id":"https:\/\/secure.gravatar.com\/avatar\/c7164ed6fdec453195284ad24a5ae5b6e1eed2b848477fa2a4787ba9adf39a41?s=96&d=mm&r=g","url":"https:\/\/secure.gravatar.com\/avatar\/c7164ed6fdec453195284ad24a5ae5b6e1eed2b848477fa2a4787ba9adf39a41?s=96&d=mm&r=g","contentUrl":"https:\/\/secure.gravatar.com\/avatar\/c7164ed6fdec453195284ad24a5ae5b6e1eed2b848477fa2a4787ba9adf39a41?s=96&d=mm&r=g","caption":"Redacci\u00f3n QP"},"url":"https:\/\/quehacerpolitico.mx\/?author=2"}]}},"featured_image_urls":{"full":"","thumbnail":"","medium":"","medium_large":"","large":"","1536x1536":"","2048x2048":"","covernews-featured":"","covernews-medium":""},"author_info":{"display_name":"Redacci\u00f3n QP","author_link":"https:\/\/quehacerpolitico.mx\/?author=2"},"category_info":"<a href=\"https:\/\/quehacerpolitico.mx\/?cat=2\" rel=\"category\">Noticias<\/a>","tag_info":"Noticias","comment_count":"0","_links":{"self":[{"href":"https:\/\/quehacerpolitico.mx\/index.php?rest_route=\/wp\/v2\/posts\/17945","targetHints":{"allow":["GET"]}}],"collection":[{"href":"https:\/\/quehacerpolitico.mx\/index.php?rest_route=\/wp\/v2\/posts"}],"about":[{"href":"https:\/\/quehacerpolitico.mx\/index.php?rest_route=\/wp\/v2\/types\/post"}],"author":[{"embeddable":true,"href":"https:\/\/quehacerpolitico.mx\/index.php?rest_route=\/wp\/v2\/users\/2"}],"replies":[{"embeddable":true,"href":"https:\/\/quehacerpolitico.mx\/index.php?rest_route=%2Fwp%2Fv2%2Fcomments&post=17945"}],"version-history":[{"count":0,"href":"https:\/\/quehacerpolitico.mx\/index.php?rest_route=\/wp\/v2\/posts\/17945\/revisions"}],"wp:featuredmedia":[{"embeddable":true,"href":"https:\/\/quehacerpolitico.mx\/index.php?rest_route=\/"}],"wp:attachment":[{"href":"https:\/\/quehacerpolitico.mx\/index.php?rest_route=%2Fwp%2Fv2%2Fmedia&parent=17945"}],"wp:term":[{"taxonomy":"category","embeddable":true,"href":"https:\/\/quehacerpolitico.mx\/index.php?rest_route=%2Fwp%2Fv2%2Fcategories&post=17945"},{"taxonomy":"post_tag","embeddable":true,"href":"https:\/\/quehacerpolitico.mx\/index.php?rest_route=%2Fwp%2Fv2%2Ftags&post=17945"}],"curies":[{"name":"wp","href":"https:\/\/api.w.org\/{rel}","templated":true}]}}