{"id":17942,"date":"2019-02-22T03:19:53","date_gmt":"2019-02-22T03:19:53","guid":{"rendered":"http:\/\/quehacerpolitico.mx\/un-juez-federal-ampara-a-grin-para-impedir-que-el-gobierno-de-la-cdmx-retire-sus-patines-de-las-calles\/"},"modified":"2019-02-22T03:19:53","modified_gmt":"2019-02-22T03:19:53","slug":"un-juez-federal-ampara-a-grin-para-impedir-que-el-gobierno-de-la-cdmx-retire-sus-patines-de-las-calles","status":"publish","type":"post","link":"https:\/\/quehacerpolitico.mx\/?p=17942","title":{"rendered":"Un juez federal ampara a Grin para impedir que el Gobierno de la CdMx retire sus patines de las calles"},"content":{"rendered":"<h1>Un juez federal ampara a Grin para impedir que el Gobierno de la CdMx retire sus patines de las calles<\/h1>\n<p>Por Redacci\u00f3n QP<\/p>\n<p>Una <strong>jueza<\/strong> <strong>federal<\/strong> otorg\u00f3 una <strong>suspensi\u00f3n<\/strong> provisional para impedir que el Gobierno de la Ciudad de M\u00e9xico <strong>retire<\/strong> de las calles los <em><strong>scooters<\/strong><\/em> de la empresa <strong>Grin<\/strong>, por lo que la esta podr\u00e1 segur <strong>prestando<\/strong> el <strong>servicio<\/strong>de renta de veh\u00edculos individuales.<\/p>\n<p>De acuerdo con informaci\u00f3n de medios nacionales, la <strong>juez<\/strong> D\u00e9cimo Tercero de Distrito en materia Administrativa en la Ciudad de M\u00e9xico concedi\u00f3 una <strong>suspensi\u00f3n provisional<\/strong>a la empresa <strong>Grin<\/strong> <em>Scooters<\/em> para que las autoridades capitalinas <strong>no retiren<\/strong> de las calles los <strong>monopatines<\/strong> propiedad de la organizaci\u00f3n, lo que implica que podr\u00e1 continuar brindando servicio a sus usuarios.<\/p>\n<blockquote>\n<p>\u201cSe concede la suspensi\u00f3n provisional para que las autoridades responsables se abstengan de desposeer a la quejosa de los monopatines (tambi\u00e9n conocidos como <em>scooters<\/em>) de su propiedad, hasta en tanto se resuelva lo conducente a la suspensi\u00f3n definitiva, lo que implica que se le permite continuar prestando su servicio de transporte p\u00fablico individual sustentable\u201d, indica el acuerdo de la jueza.<\/p>\n<p>En d\u00edas recientes, autoridades capitalinas comenzaron a retirar los monopatines propiedad de la empresa de calles de la Ciudad de M\u00e9xico, esto luego de que la Secretar\u00eda de Movilidad de la CdMx le revocara el permiso de operaciones a la empresa Grin.<\/p>\n<p><strong>SEMOVI REVOCA PERMISO A GRIN<\/strong><\/p>\n<p>El Secretario de Movilidad de la Ciudad de M\u00e9xico, Andr\u00e9s Lajous Loaeza, inform\u00f3 que la empresa de patines sin anclaje Grin no cumpli\u00f3 con los requisitos exigidos para autorizar su operaci\u00f3n temporal, por lo que se inici\u00f3 el proceso de revocaci\u00f3n del permiso.<\/p>\n<blockquote>\n<p>En conferencia de prensa, Lajous Loaeza dijo que la empresa no entreg\u00f3 las claves de sus sistema para tener acceso a la cantidad exacta de las unidades, su ubicaci\u00f3n en tiempo real y los flujos viales.<\/p>\n<\/blockquote>\n<p>Por ello, el Instituto de Verificaci\u00f3n Administrativa (Invea) y la Secretar\u00eda de Seguridad Ciudadana (SSC) realizaron el levantamiento de 170 patines en las zonas de Chapultepec, Roma y Polanco. La empresa deber\u00e1 presentar la documentaci\u00f3n correspondiente para comprobar la titularidad de sus patines.<\/p>\n<p>El titular de la Semovi a\u00f1adi\u00f3 que nueve empresas participaron en el proceso de permiso temporal por 45 d\u00edas. De ellas, siete cumplieron con los requisitos, tres de bicicletas y cuatro de monopatines; una opt\u00f3 por no participar, y una, Grin, no cumpli\u00f3 con los requisitos.<\/p>\n<p>Las empresas que obtuvieron el permiso temporal son: Dezba, Mobike, Motum, Vbike, Bird, Movo, Lime, Econduce.<\/p>\n<p><strong><em>SCOOTERS<\/em> Y BICIS SATURAN EL CENTRO<\/strong><\/p>\n<p>Las empresas de bicicletas y patines sin anclaje deber\u00e1n expandirse a toda la Ciudad de M\u00e9xico tras la \u201csaturaci\u00f3n\u201d que padece la zona centro, inform\u00f3 este domingo la Jefa de Gobierno capitalina, Claudia Sheinbaum.<\/p>\n<blockquote>\n<p>\u201cEst\u00e1 bien que (las compa\u00f1\u00edas que ofrecen este tipo de servicio) quieran estar en alcald\u00edas centrales, pero ah\u00ed ya hay cierta saturaci\u00f3n, y hay que buscar c\u00f3mo pueden entrar en otras alcald\u00edas\u201d, destac\u00f3 Sheinbaum en una conferencia de prensa.<\/p>\n<\/blockquote>\n<p>La Jefa de Gobierno de la Ciudad de M\u00e9xico record\u00f3 que este servicio se da solamente en algunas de las distintas alcald\u00edas que conforman la Ciudad de M\u00e9xico, especialmente en la zona centro.<\/p>\n<p>Es por ello que se tendr\u00e1 que crear una nueva regulaci\u00f3n que determine el futuro de estos veh\u00edculos y la expansi\u00f3n a otras partes de la metr\u00f3poli.<\/p>\n<p>Esta ser\u00e1 una \u201ccondici\u00f3n\u201d necesaria para que estas empresas, que aterrizaron en la capital hace apenas unos meses, puedan continuar con su negocio.<\/p>\n<\/blockquote>\n","protected":false},"excerpt":{"rendered":"<p>Un juez federal ampara a Grin para impedir que el Gobierno de la CdMx retire sus patines de las calles<br \/>\nPor Redacci\u00f3n QP<\/p>\n","protected":false},"author":2,"featured_media":17941,"comment_status":"open","ping_status":"open","sticky":false,"template":"","format":"standard","meta":{"_monsterinsights_skip_tracking":false,"_monsterinsights_sitenote_active":false,"_monsterinsights_sitenote_note":"","_monsterinsights_sitenote_category":0,"footnotes":""},"categories":[55],"tags":[],"class_list":["post-17942","post","type-post","status-publish","format-standard","has-post-thumbnail","hentry","category-cdmx"],"yoast_head":"<!-- This site is optimized with the Yoast SEO plugin v27.3 - https:\/\/yoast.com\/product\/yoast-seo-wordpress\/ -->\n<title>Un juez federal ampara a Grin para impedir que el Gobierno de la CdMx retire sus patines de las calles -<\/title>\n<meta name=\"robots\" content=\"index, follow, max-snippet:-1, max-image-preview:large, max-video-preview:-1\" \/>\n<link rel=\"canonical\" href=\"https:\/\/quehacerpolitico.mx\/?p=17942\" \/>\n<meta property=\"og:locale\" content=\"es_MX\" \/>\n<meta property=\"og:type\" content=\"article\" \/>\n<meta property=\"og:title\" content=\"Un juez federal ampara a Grin para impedir que el Gobierno de la CdMx retire sus patines de las calles -\" \/>\n<meta property=\"og:description\" content=\"Un juez federal ampara a Grin para impedir que el Gobierno de la CdMx retire sus patines de las calles Por Redacci\u00f3n QP\" \/>\n<meta property=\"og:url\" content=\"https:\/\/quehacerpolitico.mx\/?p=17942\" \/>\n<meta property=\"article:published_time\" content=\"2019-02-22T03:19:53+00:00\" \/>\n<meta name=\"author\" content=\"Redacci\u00f3n QP\" \/>\n<meta name=\"twitter:card\" content=\"summary_large_image\" \/>\n<meta name=\"twitter:label1\" content=\"Escrito por\" \/>\n\t<meta name=\"twitter:data1\" content=\"Redacci\u00f3n QP\" \/>\n\t<meta name=\"twitter:label2\" content=\"Tiempo de lectura\" \/>\n\t<meta name=\"twitter:data2\" content=\"3 minutos\" \/>\n<script type=\"application\/ld+json\" class=\"yoast-schema-graph\">{\"@context\":\"https:\\\/\\\/schema.org\",\"@graph\":[{\"@type\":\"Article\",\"@id\":\"https:\\\/\\\/quehacerpolitico.mx\\\/?p=17942#article\",\"isPartOf\":{\"@id\":\"https:\\\/\\\/quehacerpolitico.mx\\\/?p=17942\"},\"author\":{\"name\":\"Redacci\u00f3n QP\",\"@id\":\"https:\\\/\\\/quehacerpolitico.mx\\\/#\\\/schema\\\/person\\\/496d8ad2d1d3f8036101dca7ee39e585\"},\"headline\":\"Un juez federal ampara a Grin para impedir que el Gobierno de la CdMx retire sus patines de las calles\",\"datePublished\":\"2019-02-22T03:19:53+00:00\",\"mainEntityOfPage\":{\"@id\":\"https:\\\/\\\/quehacerpolitico.mx\\\/?p=17942\"},\"wordCount\":633,\"commentCount\":0,\"image\":{\"@id\":\"https:\\\/\\\/quehacerpolitico.mx\\\/?p=17942#primaryimage\"},\"thumbnailUrl\":\"\",\"articleSection\":[\"CDMX\"],\"inLanguage\":\"es\",\"potentialAction\":[{\"@type\":\"CommentAction\",\"name\":\"Comment\",\"target\":[\"https:\\\/\\\/quehacerpolitico.mx\\\/?p=17942#respond\"]}]},{\"@type\":\"WebPage\",\"@id\":\"https:\\\/\\\/quehacerpolitico.mx\\\/?p=17942\",\"url\":\"https:\\\/\\\/quehacerpolitico.mx\\\/?p=17942\",\"name\":\"Un juez federal ampara a Grin para impedir que el Gobierno de la CdMx retire sus patines de las calles -\",\"isPartOf\":{\"@id\":\"https:\\\/\\\/quehacerpolitico.mx\\\/#website\"},\"primaryImageOfPage\":{\"@id\":\"https:\\\/\\\/quehacerpolitico.mx\\\/?p=17942#primaryimage\"},\"image\":{\"@id\":\"https:\\\/\\\/quehacerpolitico.mx\\\/?p=17942#primaryimage\"},\"thumbnailUrl\":\"\",\"datePublished\":\"2019-02-22T03:19:53+00:00\",\"author\":{\"@id\":\"https:\\\/\\\/quehacerpolitico.mx\\\/#\\\/schema\\\/person\\\/496d8ad2d1d3f8036101dca7ee39e585\"},\"breadcrumb\":{\"@id\":\"https:\\\/\\\/quehacerpolitico.mx\\\/?p=17942#breadcrumb\"},\"inLanguage\":\"es\",\"potentialAction\":[{\"@type\":\"ReadAction\",\"target\":[\"https:\\\/\\\/quehacerpolitico.mx\\\/?p=17942\"]}]},{\"@type\":\"ImageObject\",\"inLanguage\":\"es\",\"@id\":\"https:\\\/\\\/quehacerpolitico.mx\\\/?p=17942#primaryimage\",\"url\":\"\",\"contentUrl\":\"\"},{\"@type\":\"BreadcrumbList\",\"@id\":\"https:\\\/\\\/quehacerpolitico.mx\\\/?p=17942#breadcrumb\",\"itemListElement\":[{\"@type\":\"ListItem\",\"position\":1,\"name\":\"Inicio\",\"item\":\"https:\\\/\\\/quehacerpolitico.mx\\\/\"},{\"@type\":\"ListItem\",\"position\":2,\"name\":\"Un juez federal ampara a Grin para impedir que el Gobierno de la CdMx retire sus patines de las calles\"}]},{\"@type\":\"WebSite\",\"@id\":\"https:\\\/\\\/quehacerpolitico.mx\\\/#website\",\"url\":\"https:\\\/\\\/quehacerpolitico.mx\\\/\",\"name\":\"\",\"description\":\"\",\"potentialAction\":[{\"@type\":\"SearchAction\",\"target\":{\"@type\":\"EntryPoint\",\"urlTemplate\":\"https:\\\/\\\/quehacerpolitico.mx\\\/?s={search_term_string}\"},\"query-input\":{\"@type\":\"PropertyValueSpecification\",\"valueRequired\":true,\"valueName\":\"search_term_string\"}}],\"inLanguage\":\"es\"},{\"@type\":\"Person\",\"@id\":\"https:\\\/\\\/quehacerpolitico.mx\\\/#\\\/schema\\\/person\\\/496d8ad2d1d3f8036101dca7ee39e585\",\"name\":\"Redacci\u00f3n QP\",\"image\":{\"@type\":\"ImageObject\",\"inLanguage\":\"es\",\"@id\":\"https:\\\/\\\/secure.gravatar.com\\\/avatar\\\/c7164ed6fdec453195284ad24a5ae5b6e1eed2b848477fa2a4787ba9adf39a41?s=96&d=mm&r=g\",\"url\":\"https:\\\/\\\/secure.gravatar.com\\\/avatar\\\/c7164ed6fdec453195284ad24a5ae5b6e1eed2b848477fa2a4787ba9adf39a41?s=96&d=mm&r=g\",\"contentUrl\":\"https:\\\/\\\/secure.gravatar.com\\\/avatar\\\/c7164ed6fdec453195284ad24a5ae5b6e1eed2b848477fa2a4787ba9adf39a41?s=96&d=mm&r=g\",\"caption\":\"Redacci\u00f3n QP\"},\"url\":\"https:\\\/\\\/quehacerpolitico.mx\\\/?author=2\"}]}<\/script>\n<!-- \/ Yoast SEO plugin. -->","yoast_head_json":{"title":"Un juez federal ampara a Grin para impedir que el Gobierno de la CdMx retire sus patines de las calles -","robots":{"index":"index","follow":"follow","max-snippet":"max-snippet:-1","max-image-preview":"max-image-preview:large","max-video-preview":"max-video-preview:-1"},"canonical":"https:\/\/quehacerpolitico.mx\/?p=17942","og_locale":"es_MX","og_type":"article","og_title":"Un juez federal ampara a Grin para impedir que el Gobierno de la CdMx retire sus patines de las calles -","og_description":"Un juez federal ampara a Grin para impedir que el Gobierno de la CdMx retire sus patines de las calles Por Redacci\u00f3n QP","og_url":"https:\/\/quehacerpolitico.mx\/?p=17942","article_published_time":"2019-02-22T03:19:53+00:00","author":"Redacci\u00f3n QP","twitter_card":"summary_large_image","twitter_misc":{"Escrito por":"Redacci\u00f3n QP","Tiempo de lectura":"3 minutos"},"schema":{"@context":"https:\/\/schema.org","@graph":[{"@type":"Article","@id":"https:\/\/quehacerpolitico.mx\/?p=17942#article","isPartOf":{"@id":"https:\/\/quehacerpolitico.mx\/?p=17942"},"author":{"name":"Redacci\u00f3n QP","@id":"https:\/\/quehacerpolitico.mx\/#\/schema\/person\/496d8ad2d1d3f8036101dca7ee39e585"},"headline":"Un juez federal ampara a Grin para impedir que el Gobierno de la CdMx retire sus patines de las calles","datePublished":"2019-02-22T03:19:53+00:00","mainEntityOfPage":{"@id":"https:\/\/quehacerpolitico.mx\/?p=17942"},"wordCount":633,"commentCount":0,"image":{"@id":"https:\/\/quehacerpolitico.mx\/?p=17942#primaryimage"},"thumbnailUrl":"","articleSection":["CDMX"],"inLanguage":"es","potentialAction":[{"@type":"CommentAction","name":"Comment","target":["https:\/\/quehacerpolitico.mx\/?p=17942#respond"]}]},{"@type":"WebPage","@id":"https:\/\/quehacerpolitico.mx\/?p=17942","url":"https:\/\/quehacerpolitico.mx\/?p=17942","name":"Un juez federal ampara a Grin para impedir que el Gobierno de la CdMx retire sus patines de las calles -","isPartOf":{"@id":"https:\/\/quehacerpolitico.mx\/#website"},"primaryImageOfPage":{"@id":"https:\/\/quehacerpolitico.mx\/?p=17942#primaryimage"},"image":{"@id":"https:\/\/quehacerpolitico.mx\/?p=17942#primaryimage"},"thumbnailUrl":"","datePublished":"2019-02-22T03:19:53+00:00","author":{"@id":"https:\/\/quehacerpolitico.mx\/#\/schema\/person\/496d8ad2d1d3f8036101dca7ee39e585"},"breadcrumb":{"@id":"https:\/\/quehacerpolitico.mx\/?p=17942#breadcrumb"},"inLanguage":"es","potentialAction":[{"@type":"ReadAction","target":["https:\/\/quehacerpolitico.mx\/?p=17942"]}]},{"@type":"ImageObject","inLanguage":"es","@id":"https:\/\/quehacerpolitico.mx\/?p=17942#primaryimage","url":"","contentUrl":""},{"@type":"BreadcrumbList","@id":"https:\/\/quehacerpolitico.mx\/?p=17942#breadcrumb","itemListElement":[{"@type":"ListItem","position":1,"name":"Inicio","item":"https:\/\/quehacerpolitico.mx\/"},{"@type":"ListItem","position":2,"name":"Un juez federal ampara a Grin para impedir que el Gobierno de la CdMx retire sus patines de las calles"}]},{"@type":"WebSite","@id":"https:\/\/quehacerpolitico.mx\/#website","url":"https:\/\/quehacerpolitico.mx\/","name":"","description":"","potentialAction":[{"@type":"SearchAction","target":{"@type":"EntryPoint","urlTemplate":"https:\/\/quehacerpolitico.mx\/?s={search_term_string}"},"query-input":{"@type":"PropertyValueSpecification","valueRequired":true,"valueName":"search_term_string"}}],"inLanguage":"es"},{"@type":"Person","@id":"https:\/\/quehacerpolitico.mx\/#\/schema\/person\/496d8ad2d1d3f8036101dca7ee39e585","name":"Redacci\u00f3n QP","image":{"@type":"ImageObject","inLanguage":"es","@id":"https:\/\/secure.gravatar.com\/avatar\/c7164ed6fdec453195284ad24a5ae5b6e1eed2b848477fa2a4787ba9adf39a41?s=96&d=mm&r=g","url":"https:\/\/secure.gravatar.com\/avatar\/c7164ed6fdec453195284ad24a5ae5b6e1eed2b848477fa2a4787ba9adf39a41?s=96&d=mm&r=g","contentUrl":"https:\/\/secure.gravatar.com\/avatar\/c7164ed6fdec453195284ad24a5ae5b6e1eed2b848477fa2a4787ba9adf39a41?s=96&d=mm&r=g","caption":"Redacci\u00f3n QP"},"url":"https:\/\/quehacerpolitico.mx\/?author=2"}]}},"featured_image_urls":{"full":"","thumbnail":"","medium":"","medium_large":"","large":"","1536x1536":"","2048x2048":"","covernews-featured":"","covernews-medium":""},"author_info":{"display_name":"Redacci\u00f3n QP","author_link":"https:\/\/quehacerpolitico.mx\/?author=2"},"category_info":"<a href=\"https:\/\/quehacerpolitico.mx\/?cat=55\" rel=\"category\">CDMX<\/a>","tag_info":"CDMX","comment_count":"0","_links":{"self":[{"href":"https:\/\/quehacerpolitico.mx\/index.php?rest_route=\/wp\/v2\/posts\/17942","targetHints":{"allow":["GET"]}}],"collection":[{"href":"https:\/\/quehacerpolitico.mx\/index.php?rest_route=\/wp\/v2\/posts"}],"about":[{"href":"https:\/\/quehacerpolitico.mx\/index.php?rest_route=\/wp\/v2\/types\/post"}],"author":[{"embeddable":true,"href":"https:\/\/quehacerpolitico.mx\/index.php?rest_route=\/wp\/v2\/users\/2"}],"replies":[{"embeddable":true,"href":"https:\/\/quehacerpolitico.mx\/index.php?rest_route=%2Fwp%2Fv2%2Fcomments&post=17942"}],"version-history":[{"count":0,"href":"https:\/\/quehacerpolitico.mx\/index.php?rest_route=\/wp\/v2\/posts\/17942\/revisions"}],"wp:featuredmedia":[{"embeddable":true,"href":"https:\/\/quehacerpolitico.mx\/index.php?rest_route=\/"}],"wp:attachment":[{"href":"https:\/\/quehacerpolitico.mx\/index.php?rest_route=%2Fwp%2Fv2%2Fmedia&parent=17942"}],"wp:term":[{"taxonomy":"category","embeddable":true,"href":"https:\/\/quehacerpolitico.mx\/index.php?rest_route=%2Fwp%2Fv2%2Fcategories&post=17942"},{"taxonomy":"post_tag","embeddable":true,"href":"https:\/\/quehacerpolitico.mx\/index.php?rest_route=%2Fwp%2Fv2%2Ftags&post=17942"}],"curies":[{"name":"wp","href":"https:\/\/api.w.org\/{rel}","templated":true}]}}