{"id":17939,"date":"2019-02-22T03:12:21","date_gmt":"2019-02-22T03:12:21","guid":{"rendered":"http:\/\/quehacerpolitico.mx\/amigo-de-los-hermanos-moreira-entra-a-un-puesto-clave-del-sat-amlo-pide-a-sfp-que-lo-investigue\/"},"modified":"2019-02-22T03:12:21","modified_gmt":"2019-02-22T03:12:21","slug":"amigo-de-los-hermanos-moreira-entra-a-un-puesto-clave-del-sat-amlo-pide-a-sfp-que-lo-investigue","status":"publish","type":"post","link":"https:\/\/quehacerpolitico.mx\/?p=17939","title":{"rendered":"Amigo de los hermanos Moreira entra a un puesto clave del SAT; AMLO pide a SFP que lo investigue"},"content":{"rendered":"<h1>Amigo de los hermanos Moreira entra a un puesto clave del SAT; AMLO pide a SFP que lo investigue<\/h1>\n<p>Por Redacci\u00f3n QP<\/p>\n<p>El\u00a0<strong>ex Fiscal de Coahuila<\/strong>\u00a0Jes\u00fas Torres Charles, un individuo al que las organizaciones civiles acusan de nunca haber sido investigado por las desapariciones,\u00a0<strong>regres\u00f3 al servicio p\u00fablico<\/strong> y fue <strong>nombrado<\/strong>\u00a0<strong>Administrador Central de Investigaci\u00f3n Aduanera del Servicio de Administraci\u00f3n Tributaria (SAT)<\/strong>, luego de\u00a0casi siete a\u00f1os en los que renunci\u00f3 al cargo de Consejero Jur\u00eddico del gobierno de<strong>Coahuila<\/strong>, cuando estall\u00f3 el\u00a0esc\u00e1ndalo donde se vincul\u00f3 a su hermano Humberto con el crimen.<\/p>\n<p>El Presidente Andr\u00e9s Manuel L\u00f3pez Obrador dijo que ser\u00e1 investigado por la Secretar\u00eda de la Funci\u00f3n P\u00fablica (SFP).\u00a0 \u201cSe est\u00e1 llevando a cabo una limpia. Pero todav\u00eda se quedan arriba personajes que no deber\u00edan estar en nuestro Gobierno, que no van a estar en nuestro Gobierno. Todo lo que se d\u00e9 a conocer que signifique duda sobre la honorabilidad de un funcionario p\u00fablico va a ser investigado. Esa es tarea de Irma Er\u00e9ndira [Sandoval, Secretaria de al Funci\u00f3n P\u00fablica]\u201d.<\/p>\n<p>Asegur\u00f3 que se revisar\u00e1 el caso del ex Fiscal de Coahuila, con Humberto Moreira. \u201cPueden quedar algunos malandrines por ah\u00ed, pero arriba cero, nada de corrupci\u00f3n. Y no se va a permitir la corrupci\u00f3n y es en serio\u201d, insisti\u00f3.<\/p>\n<p>La \u00faltima vez que el ex Fiscal hab\u00eda aparecido en la escena p\u00fablica, fue cuando\u00a0en 2018 circul\u00f3 una foto de \u00e9l conduciendo un Ferrari Spider, lo que desat\u00f3 pol\u00e9mica en redes sociales.\u00a0\u201cHace mucho que no soy servidor p\u00fablico, no tengo que darle cuentas de mis actos a nadie\u201d, dijo.<\/p>\n<p>Su cargo, que depende de la Administraci\u00f3n General de Aduanas, tiene, entre otras funciones,\u00a0prestar servicios de seguridad y protecci\u00f3n a las instalaciones, edificios y servidores p\u00fablicos de la Secretar\u00eda de Hacienda y Cr\u00e9dito P\u00fablico y del SAT. Tambi\u00e9n tendr\u00e1 que\u00a0coordinarse para la aplicaci\u00f3n de medidas de seguridad y control en los aeropuertos, puertos mar\u00edtimos, terminales ferroviarias o de autotransporte de carga y pasajeros y cruces fronterizos\u00a0autorizados para el tr\u00e1fico internacional.<\/p>\n<div id=\"attachment_3539863\" class=\"wp-caption alignnone\"><img loading=\"lazy\" decoding=\"async\" class=\"wp-image-3539863 size-full\" src=\"https:\/\/www.sinembargo.mx\/wp-content\/uploads\/2019\/02\/b04_01_fiscal_3ent_id146821.jpg\" sizes=\"auto, (max-width: 700px) 100vw, 700px\" srcset=\"https:\/\/www.sinembargo.mx\/wp-content\/uploads\/2019\/02\/b04_01_fiscal_3ent_id146821.jpg 700w, https:\/\/www.sinembargo.mx\/wp-content\/uploads\/2019\/02\/b04_01_fiscal_3ent_id146821-300x225.jpg 300w\" alt=\"\" width=\"700\" height=\"525\" \/><\/p>\n<p class=\"wp-caption-text\">Jes\u00fas Torres Charles fue el hombre fuerte de Humberto Moreira, y su peso se mantuvo con Rub\u00e9n Moreira. Foto: Vanguardia.<\/p>\n<\/div>\n<blockquote>\n<p>Jes\u00fas Torres Charles, quien era el encargado de investigar masacres como la de Allende, el penal de Piedras Negras, la deuda de Coahuila y los dos mil homicidios dolosos durante su periodo,\u00a0ser\u00e1 ahora el encargado de las estrategias para prevenir y combatir conductas il\u00edcitas con la entrada y salida de mercanc\u00edas del territorio nacional.<\/p>\n<p>El cargo que ocupar\u00e1\u00a0Torres Charles,\u00a0como\u00a0Administrador Central de Investigaci\u00f3n Aduanera del Servicio de Administraci\u00f3n Tributaria (SAT),\u00a0y en su trayectoria ha sido se\u00f1alado por las inconclusiones que dej\u00f3 en investigaciones como la mega deuda p\u00fablica de Coahuila, los hechos ocurridos en Allende durante el 2011, as\u00ed como en el Penal de Piedras Negras mientras ocupaba el cargo de procurador de justicia del Estado, aunque esta \u00faltima abri\u00f3 su indagatoria en averiguaci\u00f3n previa.<\/p>\n<p>Torres Charles fue Procurador de Justicia de Coahuila en el gobierno de Humberto Moreira.\u00a0El 17 de febrero de 2009, el Congreso aval\u00f3 la creaci\u00f3n de la Fiscal\u00eda de Coahuila a propuesta de Humberto Moreira. La Fiscal\u00eda fusionaba la Procuradur\u00eda y la Secretar\u00eda de Seguridad P\u00fablica.<\/p>\n<p>La figura ten\u00eda la intenci\u00f3n de perpetuar en el cargo a Torres, pues durar\u00eda en el cargo 8 a\u00f1os\u00a0y podr\u00eda ser ratificado por otro periodo, cambios en estructura no lo permitieron.<\/p>\n<p>La nueva administraci\u00f3n federal despidi\u00f3 a 45 funcionarios de Aduanas,\u00a0y Ricardo Peralta, el nuevo Administrador, dijo que los nuevos servidores eran: \u201cuniversitarios, gente limpia, trabajaron de jueces, actuarios, notarios, contadores p\u00fablicos, auditores, contralores y que todos fueron investigados\u201d.<\/p>\n<p>Jes\u00fas Torres Charles\u00a0cre\u00f3 en 2017 el despacho TC Consultores Jur\u00eddicos, dedicado a consultor\u00edas en materias penal, administrativa, fiscal y amparo.<\/p>\n<p><strong>LOS DESAPARECIDOS<\/strong><\/p>\n<p>La titular de litigios de la organizaci\u00f3n\u00a0Familias Unidas por la B\u00fasqueda y Localizaci\u00f3n de Personas Desaparecidas, Ariana Garc\u00eda Bosque descalific\u00f3 el nombramiento de\u00a0Jes\u00fas Torres Charles\u00a0en el\u00a0Servicio de Administraci\u00f3n Tributaria, pues asegur\u00f3 que este todav\u00eda tiene que rendir cuentas que dej\u00f3 pendientes en delitos graves ocurridos en Coahuila mientras fue fiscal.<\/p>\n<p>Bajo esa tesitura, la abogada de\u00a0Familias Unidas\u00a0agreg\u00f3 tambi\u00e9n que\u00a0Torres Charles\u00a0no ha rendido respuestas claras en el tema de investigaci\u00f3n de desapariciones causadas bajo un contexto de delincuencia organizada.\u00a0\u201cTiene pendientes no s\u00f3lo en el tema de desapariciones en Coahuila, en el contexto de delincuencia organizada. Sabemos de antemano que \u00e9l tuvo investigaciones que se han dejado de lado\u201d, expres\u00f3.<\/p>\n<blockquote>\n<p>\u201cSabemos de antemano que Torres Charles tiene una responsabilidad en ese sentido por la no investigaci\u00f3n en su momento de estos casos. Justo desde Familias Unidas, Fray Juan de Larios\u00a0 y Fuundec-Fundem, estamos solicitando que la federaci\u00f3n atraiga este tipo de casos, porque el Estado no puede estar investigando algo donde funcionarios de alto nivel pudieran estar involucrados\u201d, expres\u00f3.<\/p>\n<\/blockquote>\n<p>\u201cLa federaci\u00f3n tiene que atender los impedimentos que pudiera tener esta persona para estar nombrada. Hay informaci\u00f3n de su participaci\u00f3n en asuntos no solo de delitos particulares, sino en cr\u00edmenes de lesa humanidad.\u00a0La federaci\u00f3n\u00a0no puede estar solapando a personas como estas y legitimar su posicionamiento, al contrario, tiene que generar un reproche a cierto tipo de personas que tienen presuntas participaciones en cr\u00edmenes como ha sucedido en Coahuila\u201d, expres\u00f3.<\/p>\n<p>Con Informaci\u00f3n de Vanguardia\u00a0<\/p>\n<\/blockquote>\n","protected":false},"excerpt":{"rendered":"<p>Amigo de los hermanos Moreira entra a un puesto clave del SAT; AMLO pide a SFP que lo investigue<br \/>\nPor Redacci\u00f3n QP<\/p>\n","protected":false},"author":2,"featured_media":17938,"comment_status":"open","ping_status":"open","sticky":false,"template":"","format":"standard","meta":{"_monsterinsights_skip_tracking":false,"_monsterinsights_sitenote_active":false,"_monsterinsights_sitenote_note":"","_monsterinsights_sitenote_category":0,"footnotes":""},"categories":[2],"tags":[],"class_list":["post-17939","post","type-post","status-publish","format-standard","has-post-thumbnail","hentry","category-noticias"],"yoast_head":"<!-- This site is optimized with the Yoast SEO plugin v27.3 - https:\/\/yoast.com\/product\/yoast-seo-wordpress\/ -->\n<title>Amigo de los hermanos Moreira entra a un puesto clave del SAT; AMLO pide a SFP que lo investigue -<\/title>\n<meta name=\"robots\" content=\"index, follow, max-snippet:-1, max-image-preview:large, max-video-preview:-1\" \/>\n<link rel=\"canonical\" href=\"https:\/\/quehacerpolitico.mx\/?p=17939\" \/>\n<meta property=\"og:locale\" content=\"es_MX\" \/>\n<meta property=\"og:type\" content=\"article\" \/>\n<meta property=\"og:title\" content=\"Amigo de los hermanos Moreira entra a un puesto clave del SAT; AMLO pide a SFP que lo investigue -\" \/>\n<meta property=\"og:description\" content=\"Amigo de los hermanos Moreira entra a un puesto clave del SAT; AMLO pide a SFP que lo investigue Por Redacci\u00f3n QP\" \/>\n<meta property=\"og:url\" content=\"https:\/\/quehacerpolitico.mx\/?p=17939\" \/>\n<meta property=\"article:published_time\" content=\"2019-02-22T03:12:21+00:00\" \/>\n<meta name=\"author\" content=\"Redacci\u00f3n QP\" \/>\n<meta name=\"twitter:card\" content=\"summary_large_image\" \/>\n<meta name=\"twitter:label1\" content=\"Escrito por\" \/>\n\t<meta name=\"twitter:data1\" content=\"Redacci\u00f3n QP\" \/>\n\t<meta name=\"twitter:label2\" content=\"Tiempo de lectura\" \/>\n\t<meta name=\"twitter:data2\" content=\"5 minutos\" \/>\n<script type=\"application\/ld+json\" class=\"yoast-schema-graph\">{\"@context\":\"https:\\\/\\\/schema.org\",\"@graph\":[{\"@type\":\"Article\",\"@id\":\"https:\\\/\\\/quehacerpolitico.mx\\\/?p=17939#article\",\"isPartOf\":{\"@id\":\"https:\\\/\\\/quehacerpolitico.mx\\\/?p=17939\"},\"author\":{\"name\":\"Redacci\u00f3n QP\",\"@id\":\"https:\\\/\\\/quehacerpolitico.mx\\\/#\\\/schema\\\/person\\\/496d8ad2d1d3f8036101dca7ee39e585\"},\"headline\":\"Amigo de los hermanos Moreira entra a un puesto clave del SAT; AMLO pide a SFP que lo investigue\",\"datePublished\":\"2019-02-22T03:12:21+00:00\",\"mainEntityOfPage\":{\"@id\":\"https:\\\/\\\/quehacerpolitico.mx\\\/?p=17939\"},\"wordCount\":969,\"commentCount\":0,\"image\":{\"@id\":\"https:\\\/\\\/quehacerpolitico.mx\\\/?p=17939#primaryimage\"},\"thumbnailUrl\":\"\",\"articleSection\":[\"Noticias\"],\"inLanguage\":\"es\",\"potentialAction\":[{\"@type\":\"CommentAction\",\"name\":\"Comment\",\"target\":[\"https:\\\/\\\/quehacerpolitico.mx\\\/?p=17939#respond\"]}]},{\"@type\":\"WebPage\",\"@id\":\"https:\\\/\\\/quehacerpolitico.mx\\\/?p=17939\",\"url\":\"https:\\\/\\\/quehacerpolitico.mx\\\/?p=17939\",\"name\":\"Amigo de los hermanos Moreira entra a un puesto clave del SAT; AMLO pide a SFP que lo investigue -\",\"isPartOf\":{\"@id\":\"https:\\\/\\\/quehacerpolitico.mx\\\/#website\"},\"primaryImageOfPage\":{\"@id\":\"https:\\\/\\\/quehacerpolitico.mx\\\/?p=17939#primaryimage\"},\"image\":{\"@id\":\"https:\\\/\\\/quehacerpolitico.mx\\\/?p=17939#primaryimage\"},\"thumbnailUrl\":\"\",\"datePublished\":\"2019-02-22T03:12:21+00:00\",\"author\":{\"@id\":\"https:\\\/\\\/quehacerpolitico.mx\\\/#\\\/schema\\\/person\\\/496d8ad2d1d3f8036101dca7ee39e585\"},\"breadcrumb\":{\"@id\":\"https:\\\/\\\/quehacerpolitico.mx\\\/?p=17939#breadcrumb\"},\"inLanguage\":\"es\",\"potentialAction\":[{\"@type\":\"ReadAction\",\"target\":[\"https:\\\/\\\/quehacerpolitico.mx\\\/?p=17939\"]}]},{\"@type\":\"ImageObject\",\"inLanguage\":\"es\",\"@id\":\"https:\\\/\\\/quehacerpolitico.mx\\\/?p=17939#primaryimage\",\"url\":\"\",\"contentUrl\":\"\"},{\"@type\":\"BreadcrumbList\",\"@id\":\"https:\\\/\\\/quehacerpolitico.mx\\\/?p=17939#breadcrumb\",\"itemListElement\":[{\"@type\":\"ListItem\",\"position\":1,\"name\":\"Inicio\",\"item\":\"https:\\\/\\\/quehacerpolitico.mx\\\/\"},{\"@type\":\"ListItem\",\"position\":2,\"name\":\"Amigo de los hermanos Moreira entra a un puesto clave del SAT; AMLO pide a SFP que lo investigue\"}]},{\"@type\":\"WebSite\",\"@id\":\"https:\\\/\\\/quehacerpolitico.mx\\\/#website\",\"url\":\"https:\\\/\\\/quehacerpolitico.mx\\\/\",\"name\":\"\",\"description\":\"\",\"potentialAction\":[{\"@type\":\"SearchAction\",\"target\":{\"@type\":\"EntryPoint\",\"urlTemplate\":\"https:\\\/\\\/quehacerpolitico.mx\\\/?s={search_term_string}\"},\"query-input\":{\"@type\":\"PropertyValueSpecification\",\"valueRequired\":true,\"valueName\":\"search_term_string\"}}],\"inLanguage\":\"es\"},{\"@type\":\"Person\",\"@id\":\"https:\\\/\\\/quehacerpolitico.mx\\\/#\\\/schema\\\/person\\\/496d8ad2d1d3f8036101dca7ee39e585\",\"name\":\"Redacci\u00f3n QP\",\"image\":{\"@type\":\"ImageObject\",\"inLanguage\":\"es\",\"@id\":\"https:\\\/\\\/secure.gravatar.com\\\/avatar\\\/c7164ed6fdec453195284ad24a5ae5b6e1eed2b848477fa2a4787ba9adf39a41?s=96&d=mm&r=g\",\"url\":\"https:\\\/\\\/secure.gravatar.com\\\/avatar\\\/c7164ed6fdec453195284ad24a5ae5b6e1eed2b848477fa2a4787ba9adf39a41?s=96&d=mm&r=g\",\"contentUrl\":\"https:\\\/\\\/secure.gravatar.com\\\/avatar\\\/c7164ed6fdec453195284ad24a5ae5b6e1eed2b848477fa2a4787ba9adf39a41?s=96&d=mm&r=g\",\"caption\":\"Redacci\u00f3n QP\"},\"url\":\"https:\\\/\\\/quehacerpolitico.mx\\\/?author=2\"}]}<\/script>\n<!-- \/ Yoast SEO plugin. -->","yoast_head_json":{"title":"Amigo de los hermanos Moreira entra a un puesto clave del SAT; AMLO pide a SFP que lo investigue -","robots":{"index":"index","follow":"follow","max-snippet":"max-snippet:-1","max-image-preview":"max-image-preview:large","max-video-preview":"max-video-preview:-1"},"canonical":"https:\/\/quehacerpolitico.mx\/?p=17939","og_locale":"es_MX","og_type":"article","og_title":"Amigo de los hermanos Moreira entra a un puesto clave del SAT; AMLO pide a SFP que lo investigue -","og_description":"Amigo de los hermanos Moreira entra a un puesto clave del SAT; AMLO pide a SFP que lo investigue Por Redacci\u00f3n QP","og_url":"https:\/\/quehacerpolitico.mx\/?p=17939","article_published_time":"2019-02-22T03:12:21+00:00","author":"Redacci\u00f3n QP","twitter_card":"summary_large_image","twitter_misc":{"Escrito por":"Redacci\u00f3n QP","Tiempo de lectura":"5 minutos"},"schema":{"@context":"https:\/\/schema.org","@graph":[{"@type":"Article","@id":"https:\/\/quehacerpolitico.mx\/?p=17939#article","isPartOf":{"@id":"https:\/\/quehacerpolitico.mx\/?p=17939"},"author":{"name":"Redacci\u00f3n QP","@id":"https:\/\/quehacerpolitico.mx\/#\/schema\/person\/496d8ad2d1d3f8036101dca7ee39e585"},"headline":"Amigo de los hermanos Moreira entra a un puesto clave del SAT; AMLO pide a SFP que lo investigue","datePublished":"2019-02-22T03:12:21+00:00","mainEntityOfPage":{"@id":"https:\/\/quehacerpolitico.mx\/?p=17939"},"wordCount":969,"commentCount":0,"image":{"@id":"https:\/\/quehacerpolitico.mx\/?p=17939#primaryimage"},"thumbnailUrl":"","articleSection":["Noticias"],"inLanguage":"es","potentialAction":[{"@type":"CommentAction","name":"Comment","target":["https:\/\/quehacerpolitico.mx\/?p=17939#respond"]}]},{"@type":"WebPage","@id":"https:\/\/quehacerpolitico.mx\/?p=17939","url":"https:\/\/quehacerpolitico.mx\/?p=17939","name":"Amigo de los hermanos Moreira entra a un puesto clave del SAT; AMLO pide a SFP que lo investigue -","isPartOf":{"@id":"https:\/\/quehacerpolitico.mx\/#website"},"primaryImageOfPage":{"@id":"https:\/\/quehacerpolitico.mx\/?p=17939#primaryimage"},"image":{"@id":"https:\/\/quehacerpolitico.mx\/?p=17939#primaryimage"},"thumbnailUrl":"","datePublished":"2019-02-22T03:12:21+00:00","author":{"@id":"https:\/\/quehacerpolitico.mx\/#\/schema\/person\/496d8ad2d1d3f8036101dca7ee39e585"},"breadcrumb":{"@id":"https:\/\/quehacerpolitico.mx\/?p=17939#breadcrumb"},"inLanguage":"es","potentialAction":[{"@type":"ReadAction","target":["https:\/\/quehacerpolitico.mx\/?p=17939"]}]},{"@type":"ImageObject","inLanguage":"es","@id":"https:\/\/quehacerpolitico.mx\/?p=17939#primaryimage","url":"","contentUrl":""},{"@type":"BreadcrumbList","@id":"https:\/\/quehacerpolitico.mx\/?p=17939#breadcrumb","itemListElement":[{"@type":"ListItem","position":1,"name":"Inicio","item":"https:\/\/quehacerpolitico.mx\/"},{"@type":"ListItem","position":2,"name":"Amigo de los hermanos Moreira entra a un puesto clave del SAT; AMLO pide a SFP que lo investigue"}]},{"@type":"WebSite","@id":"https:\/\/quehacerpolitico.mx\/#website","url":"https:\/\/quehacerpolitico.mx\/","name":"","description":"","potentialAction":[{"@type":"SearchAction","target":{"@type":"EntryPoint","urlTemplate":"https:\/\/quehacerpolitico.mx\/?s={search_term_string}"},"query-input":{"@type":"PropertyValueSpecification","valueRequired":true,"valueName":"search_term_string"}}],"inLanguage":"es"},{"@type":"Person","@id":"https:\/\/quehacerpolitico.mx\/#\/schema\/person\/496d8ad2d1d3f8036101dca7ee39e585","name":"Redacci\u00f3n QP","image":{"@type":"ImageObject","inLanguage":"es","@id":"https:\/\/secure.gravatar.com\/avatar\/c7164ed6fdec453195284ad24a5ae5b6e1eed2b848477fa2a4787ba9adf39a41?s=96&d=mm&r=g","url":"https:\/\/secure.gravatar.com\/avatar\/c7164ed6fdec453195284ad24a5ae5b6e1eed2b848477fa2a4787ba9adf39a41?s=96&d=mm&r=g","contentUrl":"https:\/\/secure.gravatar.com\/avatar\/c7164ed6fdec453195284ad24a5ae5b6e1eed2b848477fa2a4787ba9adf39a41?s=96&d=mm&r=g","caption":"Redacci\u00f3n QP"},"url":"https:\/\/quehacerpolitico.mx\/?author=2"}]}},"featured_image_urls":{"full":"","thumbnail":"","medium":"","medium_large":"","large":"","1536x1536":"","2048x2048":"","covernews-featured":"","covernews-medium":""},"author_info":{"display_name":"Redacci\u00f3n QP","author_link":"https:\/\/quehacerpolitico.mx\/?author=2"},"category_info":"<a href=\"https:\/\/quehacerpolitico.mx\/?cat=2\" rel=\"category\">Noticias<\/a>","tag_info":"Noticias","comment_count":"0","_links":{"self":[{"href":"https:\/\/quehacerpolitico.mx\/index.php?rest_route=\/wp\/v2\/posts\/17939","targetHints":{"allow":["GET"]}}],"collection":[{"href":"https:\/\/quehacerpolitico.mx\/index.php?rest_route=\/wp\/v2\/posts"}],"about":[{"href":"https:\/\/quehacerpolitico.mx\/index.php?rest_route=\/wp\/v2\/types\/post"}],"author":[{"embeddable":true,"href":"https:\/\/quehacerpolitico.mx\/index.php?rest_route=\/wp\/v2\/users\/2"}],"replies":[{"embeddable":true,"href":"https:\/\/quehacerpolitico.mx\/index.php?rest_route=%2Fwp%2Fv2%2Fcomments&post=17939"}],"version-history":[{"count":0,"href":"https:\/\/quehacerpolitico.mx\/index.php?rest_route=\/wp\/v2\/posts\/17939\/revisions"}],"wp:featuredmedia":[{"embeddable":true,"href":"https:\/\/quehacerpolitico.mx\/index.php?rest_route=\/"}],"wp:attachment":[{"href":"https:\/\/quehacerpolitico.mx\/index.php?rest_route=%2Fwp%2Fv2%2Fmedia&parent=17939"}],"wp:term":[{"taxonomy":"category","embeddable":true,"href":"https:\/\/quehacerpolitico.mx\/index.php?rest_route=%2Fwp%2Fv2%2Fcategories&post=17939"},{"taxonomy":"post_tag","embeddable":true,"href":"https:\/\/quehacerpolitico.mx\/index.php?rest_route=%2Fwp%2Fv2%2Ftags&post=17939"}],"curies":[{"name":"wp","href":"https:\/\/api.w.org\/{rel}","templated":true}]}}