{"id":17929,"date":"2019-02-22T01:54:37","date_gmt":"2019-02-22T01:54:37","guid":{"rendered":"http:\/\/quehacerpolitico.mx\/internacionales-carolina-alonso-romei-crisis-en-venezuela-maduro-ordena-el-cierre-de-la-frontera-con-brasil\/"},"modified":"2019-02-22T01:54:37","modified_gmt":"2019-02-22T01:54:37","slug":"internacionales-carolina-alonso-romei-crisis-en-venezuela-maduro-ordena-el-cierre-de-la-frontera-con-brasil","status":"publish","type":"post","link":"https:\/\/quehacerpolitico.mx\/?p=17929","title":{"rendered":"Internacionales\/\/\/Carolina Alonso Romei\/\/\/Crisis en Venezuela: Maduro ordena el cierre de la frontera con Brasil"},"content":{"rendered":"<h3 class=\"post-title entry-title\">Crisis en Venezuela: Maduro ordena el cierre de la frontera con Brasil<\/h3>\n<p>Por Carolina Alonso Romei\u00a0<\/p>\n<p>Internacionalista\u00a0<\/p>\n<p class=\"mobile-photo\"><a href=\"https:\/\/1.bp.blogspot.com\/-P-qpgC8fwHo\/XG82GR8uZ_I\/AAAAAAADU0E\/35uK-JdjaJozaitWTDZ50a7nVpz7H7WzACK4BGAYYCw\/s1600\/4688679-715647.jpg\" data-src=\"https:\/\/1.bp.blogspot.com\/-P-qpgC8fwHo\/XG82GR8uZ_I\/AAAAAAADU0E\/35uK-JdjaJozaitWTDZ50a7nVpz7H7WzACK4BGAYYCw\/s1600\/4688679-715647.jpg\" data-thumb=\"https:\/\/1.bp.blogspot.com\/-P-qpgC8fwHo\/XG82GR8uZ_I\/AAAAAAADU0E\/35uK-JdjaJozaitWTDZ50a7nVpz7H7WzACK4BGAYYCw\/s320\/4688679-715647.jpg\" class=\"ml-lightbox-enabled\"><img decoding=\"async\" id=\"BLOGGER_PHOTO_ID_6660601855429470194\" src=\"https:\/\/1.bp.blogspot.com\/-P-qpgC8fwHo\/XG82GR8uZ_I\/AAAAAAADU0E\/35uK-JdjaJozaitWTDZ50a7nVpz7H7WzACK4BGAYYCw\/s320\/4688679-715647.jpg\" alt=\"\" border=\"0\" \/><\/a><\/p>\n<div dir=\"ltr\">\n<div dir=\"ltr\">\n<div>Crisis en Venezuela: Maduro ordena\u00a0<\/div>\n<div>el cierre de la frontera con Brasil<\/div>\n<div>*Maduro se\u00f1al\u00f3 que la medida, que se toma dos d\u00edas antes del intento de entrega de ayuda humanitaria en distintos puntos de la frontera, se debi\u00f3 al apoyo de Brasil a los planes de la oposici\u00f3n.<\/div>\n<div>\u00a0<\/div>\n<div>Caracas.-El presidente de Venezuela, Nicol\u00e1s Maduro, orden\u00f3 ayer el cierre de la frontera con Brasil y anunci\u00f3 estar &#8220;evaluando&#8221; tomar la misma medida en la frontera con Colombia.<\/div>\n<div>&#8220;He decidido, en el sur de Venezuela, a partir de las 20.00 horas [00.00 GMT] de este jueves 21 de febrero que queda cerrada total y absolutamente, hasta nuevo aviso, la frontera terrestre con Brasil&#8221;, asegur\u00f3 Maduro en una reuni\u00f3n con el alto mando militar.<\/div>\n<div>La medida se presenta dos d\u00edas antes de la fecha se\u00f1alada por la oposici\u00f3n venezolana, liderada por el proclamado presidente Juan Guaid\u00f3, para la entrega de ayuda humanitaria en distintos puntos de la frontera con Colombia y Brasil.<\/div>\n<div>Maduro dijo que la decisi\u00f3n de la clausura de la frontera sur se debe a la declaraci\u00f3n de apoyo del gobierno brasile\u00f1o a los planes de la oposici\u00f3n.<\/div>\n<div>Brasil, que figura entre los pa\u00edses que reconocen a Guaid\u00f3 como &#8220;presidente encargado&#8221; de Venezuela, acoge en el estado de Roraima donaciones de alimentos y medicinas que el gobierno de Maduro se niega a aceptar.<\/div>\n<div>&#8220;Evaluando&#8221; cerrar la frontera con Colombia<\/div>\n<div>Maduro anunci\u00f3 que tambi\u00e9n est\u00e1 analizando cerrar la frontera total con Colombia<\/div>\n<div>&#8220;En el a\u00f1o 2015 tom\u00e9 la decisi\u00f3n de cerrar las fronteras con Colombia de manera temporal (&#8230;), yo no quiero tener que tomar una decisi\u00f3n de esas caracter\u00edsticas, pero lo estoy evaluando, un cierre total de la frontera, lo estoy evaluando, hombre prevenido vale por dos&#8221;, dijo.<\/div>\n<div>Adem\u00e1s, responsabiliz\u00f3 al presidente de este pa\u00eds, Iv\u00e1n Duque, de cualquier acto de violencia que pueda ocurrir en la frontera entre las dos naciones.<\/div>\n<div>La ayuda para Venezuela enviada por EE.UU. permanece almacenada en distintos puntos fronterizos del pa\u00eds como en C\u00facuta, Colombia.<\/div>\n<div>Asimismo, se refiri\u00f3 al cierre de las comunicaciones con las islas de Aruba, Bonaire y Curazao, y afirm\u00f3 que se vio obligado a hacerlo porque se estaba &#8220;preparando una provocaci\u00f3n&#8221;.<\/div>\n<div>El mandatario insisti\u00f3 en que la llamada &#8220;ayuda humanitaria&#8221; llegada desde Estados Unidos y que permanece almacenada en distintos puntos fronterizos de Colombia, Brasil o Curazao es &#8220;cancer\u00edgena&#8221; y que los planes de la oposici\u00f3n son un &#8220;pobre espect\u00e1culo&#8221; para desprestigiar a su gobierno.<\/div>\n<div>Desde el pasado mes de enero, Venezuela se encuentra sumergida en una crisis pol\u00edtica despu\u00e9s de que Guaid\u00f3 se proclamara &#8220;presidente encargado&#8221; de Venezuela y recibiera el reconocimiento de m\u00e1s de 50 pa\u00edses.<\/div>\n<div>Foto. El Presidente de Venezuela, Nicol\u00e1s Maduro.<\/div>\n<div>+++++++++++++++++++++\u00a0\u00a0<\/div>\n<div>\u00a0<\/div>\n<div>Corte Penal Internacional pide marco<\/div>\n<div>\u00a0jur\u00eddico para JEP en Colombia<\/div>\n<div>Bogota- La Corte Penal Internacional (CPI) pidi\u00f3 al presidente colombiano Iv\u00e1n Duque sancionar el marco legal para la Jurisdicci\u00f3n Especial de la Paz (JEP) creada durante el proceso de paz.<\/div>\n<div>El vicefiscal de la CPI, James Stwart, a trav\u00e9s de un documento reiter\u00f3 el respaldo a la JEP y advirti\u00f3 que si este mecanismo no obtiene un marco legal definido el tribunal internacional lo considerar\u00e1 un rev\u00e9s y tendr\u00e1 que evaluar las implicaciones.<\/div>\n<div>&#8220;Hemos aceptado que las medidas de justicia transicional que Colombia decidi\u00f3 adoptar podr\u00edan, si fueran implementadas y aplicadas adecuadamente, cumplir con los objetivos de rendici\u00f3n de cuentas, disponibilidad de recursos para las v\u00edctimas y contribuci\u00f3n a la disuasi\u00f3n de cr\u00edmenes futuros, previstos en el Estatuto de Roma&#8221;, record\u00f3.<\/div>\n<div>Asimismo asegur\u00f3 que la JEP debe actuar de la mano de la Fiscal\u00eda teniendo en cuenta que fue creada en el marco del proceso de paz para juzgar a los actores del conflicto armado en el pa\u00eds suramericano.<\/div>\n<div>&#8220;Es nuestro deseo que la Fiscal\u00eda y la JEP puedan establecer conjuntamente una distribuci\u00f3n eficiente de trabajo y sinergias. A tal fin, observamos la importancia de que la JEP tenga un marco definido&#8221;, precis\u00f3.<\/div>\n<div>El anuncio se hizo despu\u00e9s de que el fiscal colombiano N\u00e9stor Humberto Mart\u00ednez le pidiera al presidente Duque que revise lo que \u00e9l considera inconvenientes de la ley antes de sancionarla.<\/div>\n<div>&#8220;La Fiscal\u00eda considera que el debate del juicio de conveniencia sobre algunos art\u00edculos es necesario e imprescindible, el debate no puede darse sobre la forma, se debe dar sobre los temas de fondo&#8221;, se\u00f1al\u00f3 hace dos d\u00edas el fiscal Mart\u00ednez.<\/div>\n<div>Este respaldo internacional se suma a los manifestados hoy dentro del pa\u00eds por parte de organizaciones sociales, v\u00edctimas y l\u00edderes pol\u00edticos quienes consideran que el presidente Duque debe sancionar el marco jur\u00eddico de la JEP para garantizar el cumplimiento del acuerdo de paz firmado en 2016.<\/div>\n<div>Foto. Presidente colombiano Iv\u00e1n Duque.<\/div>\n<div>++++++++++++++++++<\/div>\n<div>Breves<\/div>\n<div>1.- Papa pide &#8216;medidas concretas&#8217;\u00a0<\/div>\n<div>\u00a0 \u00a0 contra abusos sexuales a menores<\/div>\n<div>\u00a0El Vaticano.-El Papa Francisco inaugur\u00f3 el encuentro sobre la protecci\u00f3n de menores, que se lleva a cabo en el Vaticano hasta el domingo, y reconoci\u00f3 que lo que se espera de la Iglesia no es solo condenar los abusos de sus cl\u00e9rigos sino &#8220;medidas concretas&#8221; para erradicarlos.<\/div>\n<div>El pueblo de Dios nos mira y espera de nosotros no simples y obvias condenas, sino medidas concretas y efectivas&#8221;, afirm\u00f3 el Papa durante su discurso ante los 190 representantes de la jerarqu\u00eda eclesial reunidos para afrontar el problema de los abusos en una cumbre sin precedentes en la historia de la Iglesia.<\/div>\n<div>El pont\u00edfice anim\u00f3 a buscar con valent\u00eda &#8220;curar las graves heridas del esc\u00e1ndalo de la pedofilia&#8221; en la Iglesia, tras exponer a los presentes que &#8220;sobre este encuentro pesa la responsabilidad pastoral y eclesial que nos obliga a discutir juntos, de manera sinodal, sincera y profunda sobre c\u00f3mo enfrentar este mal que aflige a la Iglesia y la humanidad&#8221;.<\/div>\n<div>Ante el flagelo del abuso sexual perpetrado por los hombres de la Iglesia contra los menores, pens\u00e9 en consultarme con ustedes, patriarcas, cardenales, arzobispos, obispos, superiores religiosos y responsables, para que juntos (&#8230;) podamos escuchar el grito de los peque\u00f1os que piden justicia&#8221;, dijo Francisco.<\/div>\n<div>\u00a0\u00a0<\/div>\n<div>2.-Exmilitar chavista abandona a<\/div>\n<div>\u00a0 \u00a0 Maduro y denuncia corrupci\u00f3n<\/div>\n<div>Caracas.-Ayer el general y exjefe de inteligencia militar de Venezuela, Hugo Armando Carvajal Barrios, se declar\u00f3 contra el gobierno de Nicol\u00e1s Maduro y denunci\u00f3 que el gobierno actual chavista est\u00e1 repleto de corrupci\u00f3n y nexos con el narcotrafico.<\/div>\n<div>\u00a0Mensaje al Pueblo Venezolano, en especial a la Fuerza Armada Nacional. Todos me conocen por haber cumplido con mis deberes en una carrera militar de m\u00e1s de 30 a\u00f1os, dentro de la cual, me toc\u00f3 dirigir la inteligencia y contrainteligencia militar por m\u00e1s de una d\u00e9cada.<\/div>\n<div>En redes sociales public\u00f3 un video en el que invita a las fuerzas armadas de Venezuela a dejar a Maduro y unirse al gobierno del opositor Juan Guaid\u00f3.<\/div>\n<div>\u00a0<\/div>\n<div>El militar pidi\u00f3 a los militares que rompan filas antes de una jornada de probable tensi\u00f3n este s\u00e1bado donde civiles intentar\u00e1n pasar la ayuda humanitaria desde C\u00facuta, Colombia.<\/div>\n<div>Ya ha sido suficiente&#8221;, coment\u00f3 Carvajal en un comunicado.<\/div>\n<div>Carvajal Barrios se retir\u00f3 en el a\u00f1o 2012 luego de m\u00e1s de 10 a\u00f1os de servicio en el ej\u00e9rcito de Venezuela.<\/div>\n<div>\u00a0<\/div>\n<div>3.- Cae nieve en Las Vegas por\u00a0<\/div>\n<div>\u00a0 \u00a0 \u00a0primera vez en una d\u00e9cada<\/div>\n<div>Las Vegas, Nevada.-Un inusual clima invernal est\u00e1 castigando a Las Vegas, donde nev\u00f3 significativamente en toda la zona metropolitana por primera vez en una d\u00e9cada.<\/div>\n<div>El Servicio Nacional de Meteorolog\u00eda dijo que los 1.3 cent\u00edmetros (media pulgada) de nieve que se acumul\u00f3 el mi\u00e9rcoles fue la primera cantidad cuantificable de nieve en un 20 de febrero desde que se comenz\u00f3 a guardar registros en 1937.<\/div>\n<div>Meteor\u00f3logos dijeron que para el viernes se podr\u00edan acumular 7 cent\u00edmetros (3 pulgadas) de nieve en las afueras del sur y oeste de la ciudad, pero la lluvia podr\u00eda reducir la acumulaci\u00f3n.<\/div>\n<div>Nevadas y aguanieve cubrir\u00e1n sierras del noroeste y norte del pa\u00eds<\/div>\n<div>Las escuelas permanecieron abiertas en Las Vegas y la Patrulla de Caminos de Nevada dijo que hab\u00eda nieve y hielo en algunas \u00e1reas pero que todas las autopistas estaban abiertas.<\/div>\n<div>En redes sociales fueron publicados varios videos donde se muestran calles llenas de nieve.<\/div>\n<\/div>\n<\/div>\n","protected":false},"excerpt":{"rendered":"<p>Crisis en Venezuela: Maduro ordena el cierre de la frontera con Brasil<br \/>\nPor Carolina Alonso Romei<br \/>\nInternacionalista<\/p>\n","protected":false},"author":2,"featured_media":17928,"comment_status":"open","ping_status":"open","sticky":false,"template":"","format":"standard","meta":{"_monsterinsights_skip_tracking":false,"_monsterinsights_sitenote_active":false,"_monsterinsights_sitenote_note":"","_monsterinsights_sitenote_category":0,"footnotes":""},"categories":[1],"tags":[],"class_list":["post-17929","post","type-post","status-publish","format-standard","has-post-thumbnail","hentry","category-sin-categoria"],"yoast_head":"<!-- This site is optimized with the Yoast SEO plugin v27.3 - https:\/\/yoast.com\/product\/yoast-seo-wordpress\/ -->\n<title>Internacionales\/\/\/Carolina Alonso Romei\/\/\/Crisis en Venezuela: Maduro ordena el cierre de la frontera con Brasil -<\/title>\n<meta name=\"robots\" content=\"index, follow, max-snippet:-1, max-image-preview:large, max-video-preview:-1\" \/>\n<link rel=\"canonical\" href=\"https:\/\/quehacerpolitico.mx\/?p=17929\" \/>\n<meta property=\"og:locale\" content=\"es_MX\" \/>\n<meta property=\"og:type\" content=\"article\" \/>\n<meta property=\"og:title\" content=\"Internacionales\/\/\/Carolina Alonso Romei\/\/\/Crisis en Venezuela: Maduro ordena el cierre de la frontera con Brasil -\" \/>\n<meta property=\"og:description\" content=\"Crisis en Venezuela: Maduro ordena el cierre de la frontera con Brasil Por Carolina Alonso Romei Internacionalista\" \/>\n<meta property=\"og:url\" content=\"https:\/\/quehacerpolitico.mx\/?p=17929\" \/>\n<meta property=\"article:published_time\" content=\"2019-02-22T01:54:37+00:00\" \/>\n<meta name=\"author\" content=\"Redacci\u00f3n QP\" \/>\n<meta name=\"twitter:card\" content=\"summary_large_image\" \/>\n<meta name=\"twitter:label1\" content=\"Escrito por\" \/>\n\t<meta name=\"twitter:data1\" content=\"Redacci\u00f3n QP\" \/>\n\t<meta name=\"twitter:label2\" content=\"Tiempo de lectura\" \/>\n\t<meta name=\"twitter:data2\" content=\"7 minutos\" \/>\n<script type=\"application\/ld+json\" class=\"yoast-schema-graph\">{\"@context\":\"https:\\\/\\\/schema.org\",\"@graph\":[{\"@type\":\"Article\",\"@id\":\"https:\\\/\\\/quehacerpolitico.mx\\\/?p=17929#article\",\"isPartOf\":{\"@id\":\"https:\\\/\\\/quehacerpolitico.mx\\\/?p=17929\"},\"author\":{\"name\":\"Redacci\u00f3n QP\",\"@id\":\"https:\\\/\\\/quehacerpolitico.mx\\\/#\\\/schema\\\/person\\\/496d8ad2d1d3f8036101dca7ee39e585\"},\"headline\":\"Internacionales\\\/\\\/\\\/Carolina Alonso Romei\\\/\\\/\\\/Crisis en Venezuela: Maduro ordena el cierre de la frontera con Brasil\",\"datePublished\":\"2019-02-22T01:54:37+00:00\",\"mainEntityOfPage\":{\"@id\":\"https:\\\/\\\/quehacerpolitico.mx\\\/?p=17929\"},\"wordCount\":1444,\"commentCount\":0,\"image\":{\"@id\":\"https:\\\/\\\/quehacerpolitico.mx\\\/?p=17929#primaryimage\"},\"thumbnailUrl\":\"\",\"articleSection\":[\"Internacionales\"],\"inLanguage\":\"es\",\"potentialAction\":[{\"@type\":\"CommentAction\",\"name\":\"Comment\",\"target\":[\"https:\\\/\\\/quehacerpolitico.mx\\\/?p=17929#respond\"]}]},{\"@type\":\"WebPage\",\"@id\":\"https:\\\/\\\/quehacerpolitico.mx\\\/?p=17929\",\"url\":\"https:\\\/\\\/quehacerpolitico.mx\\\/?p=17929\",\"name\":\"Internacionales\\\/\\\/\\\/Carolina Alonso Romei\\\/\\\/\\\/Crisis en Venezuela: Maduro ordena el cierre de la frontera con Brasil -\",\"isPartOf\":{\"@id\":\"https:\\\/\\\/quehacerpolitico.mx\\\/#website\"},\"primaryImageOfPage\":{\"@id\":\"https:\\\/\\\/quehacerpolitico.mx\\\/?p=17929#primaryimage\"},\"image\":{\"@id\":\"https:\\\/\\\/quehacerpolitico.mx\\\/?p=17929#primaryimage\"},\"thumbnailUrl\":\"\",\"datePublished\":\"2019-02-22T01:54:37+00:00\",\"author\":{\"@id\":\"https:\\\/\\\/quehacerpolitico.mx\\\/#\\\/schema\\\/person\\\/496d8ad2d1d3f8036101dca7ee39e585\"},\"breadcrumb\":{\"@id\":\"https:\\\/\\\/quehacerpolitico.mx\\\/?p=17929#breadcrumb\"},\"inLanguage\":\"es\",\"potentialAction\":[{\"@type\":\"ReadAction\",\"target\":[\"https:\\\/\\\/quehacerpolitico.mx\\\/?p=17929\"]}]},{\"@type\":\"ImageObject\",\"inLanguage\":\"es\",\"@id\":\"https:\\\/\\\/quehacerpolitico.mx\\\/?p=17929#primaryimage\",\"url\":\"\",\"contentUrl\":\"\"},{\"@type\":\"BreadcrumbList\",\"@id\":\"https:\\\/\\\/quehacerpolitico.mx\\\/?p=17929#breadcrumb\",\"itemListElement\":[{\"@type\":\"ListItem\",\"position\":1,\"name\":\"Inicio\",\"item\":\"https:\\\/\\\/quehacerpolitico.mx\\\/\"},{\"@type\":\"ListItem\",\"position\":2,\"name\":\"Internacionales\\\/\\\/\\\/Carolina Alonso Romei\\\/\\\/\\\/Crisis en Venezuela: Maduro ordena el cierre de la frontera con Brasil\"}]},{\"@type\":\"WebSite\",\"@id\":\"https:\\\/\\\/quehacerpolitico.mx\\\/#website\",\"url\":\"https:\\\/\\\/quehacerpolitico.mx\\\/\",\"name\":\"\",\"description\":\"\",\"potentialAction\":[{\"@type\":\"SearchAction\",\"target\":{\"@type\":\"EntryPoint\",\"urlTemplate\":\"https:\\\/\\\/quehacerpolitico.mx\\\/?s={search_term_string}\"},\"query-input\":{\"@type\":\"PropertyValueSpecification\",\"valueRequired\":true,\"valueName\":\"search_term_string\"}}],\"inLanguage\":\"es\"},{\"@type\":\"Person\",\"@id\":\"https:\\\/\\\/quehacerpolitico.mx\\\/#\\\/schema\\\/person\\\/496d8ad2d1d3f8036101dca7ee39e585\",\"name\":\"Redacci\u00f3n QP\",\"image\":{\"@type\":\"ImageObject\",\"inLanguage\":\"es\",\"@id\":\"https:\\\/\\\/secure.gravatar.com\\\/avatar\\\/c7164ed6fdec453195284ad24a5ae5b6e1eed2b848477fa2a4787ba9adf39a41?s=96&d=mm&r=g\",\"url\":\"https:\\\/\\\/secure.gravatar.com\\\/avatar\\\/c7164ed6fdec453195284ad24a5ae5b6e1eed2b848477fa2a4787ba9adf39a41?s=96&d=mm&r=g\",\"contentUrl\":\"https:\\\/\\\/secure.gravatar.com\\\/avatar\\\/c7164ed6fdec453195284ad24a5ae5b6e1eed2b848477fa2a4787ba9adf39a41?s=96&d=mm&r=g\",\"caption\":\"Redacci\u00f3n QP\"},\"url\":\"https:\\\/\\\/quehacerpolitico.mx\\\/?author=2\"}]}<\/script>\n<!-- \/ Yoast SEO plugin. -->","yoast_head_json":{"title":"Internacionales\/\/\/Carolina Alonso Romei\/\/\/Crisis en Venezuela: Maduro ordena el cierre de la frontera con Brasil -","robots":{"index":"index","follow":"follow","max-snippet":"max-snippet:-1","max-image-preview":"max-image-preview:large","max-video-preview":"max-video-preview:-1"},"canonical":"https:\/\/quehacerpolitico.mx\/?p=17929","og_locale":"es_MX","og_type":"article","og_title":"Internacionales\/\/\/Carolina Alonso Romei\/\/\/Crisis en Venezuela: Maduro ordena el cierre de la frontera con Brasil -","og_description":"Crisis en Venezuela: Maduro ordena el cierre de la frontera con Brasil Por Carolina Alonso Romei Internacionalista","og_url":"https:\/\/quehacerpolitico.mx\/?p=17929","article_published_time":"2019-02-22T01:54:37+00:00","author":"Redacci\u00f3n QP","twitter_card":"summary_large_image","twitter_misc":{"Escrito por":"Redacci\u00f3n QP","Tiempo de lectura":"7 minutos"},"schema":{"@context":"https:\/\/schema.org","@graph":[{"@type":"Article","@id":"https:\/\/quehacerpolitico.mx\/?p=17929#article","isPartOf":{"@id":"https:\/\/quehacerpolitico.mx\/?p=17929"},"author":{"name":"Redacci\u00f3n QP","@id":"https:\/\/quehacerpolitico.mx\/#\/schema\/person\/496d8ad2d1d3f8036101dca7ee39e585"},"headline":"Internacionales\/\/\/Carolina Alonso Romei\/\/\/Crisis en Venezuela: Maduro ordena el cierre de la frontera con Brasil","datePublished":"2019-02-22T01:54:37+00:00","mainEntityOfPage":{"@id":"https:\/\/quehacerpolitico.mx\/?p=17929"},"wordCount":1444,"commentCount":0,"image":{"@id":"https:\/\/quehacerpolitico.mx\/?p=17929#primaryimage"},"thumbnailUrl":"","articleSection":["Internacionales"],"inLanguage":"es","potentialAction":[{"@type":"CommentAction","name":"Comment","target":["https:\/\/quehacerpolitico.mx\/?p=17929#respond"]}]},{"@type":"WebPage","@id":"https:\/\/quehacerpolitico.mx\/?p=17929","url":"https:\/\/quehacerpolitico.mx\/?p=17929","name":"Internacionales\/\/\/Carolina Alonso Romei\/\/\/Crisis en Venezuela: Maduro ordena el cierre de la frontera con Brasil -","isPartOf":{"@id":"https:\/\/quehacerpolitico.mx\/#website"},"primaryImageOfPage":{"@id":"https:\/\/quehacerpolitico.mx\/?p=17929#primaryimage"},"image":{"@id":"https:\/\/quehacerpolitico.mx\/?p=17929#primaryimage"},"thumbnailUrl":"","datePublished":"2019-02-22T01:54:37+00:00","author":{"@id":"https:\/\/quehacerpolitico.mx\/#\/schema\/person\/496d8ad2d1d3f8036101dca7ee39e585"},"breadcrumb":{"@id":"https:\/\/quehacerpolitico.mx\/?p=17929#breadcrumb"},"inLanguage":"es","potentialAction":[{"@type":"ReadAction","target":["https:\/\/quehacerpolitico.mx\/?p=17929"]}]},{"@type":"ImageObject","inLanguage":"es","@id":"https:\/\/quehacerpolitico.mx\/?p=17929#primaryimage","url":"","contentUrl":""},{"@type":"BreadcrumbList","@id":"https:\/\/quehacerpolitico.mx\/?p=17929#breadcrumb","itemListElement":[{"@type":"ListItem","position":1,"name":"Inicio","item":"https:\/\/quehacerpolitico.mx\/"},{"@type":"ListItem","position":2,"name":"Internacionales\/\/\/Carolina Alonso Romei\/\/\/Crisis en Venezuela: Maduro ordena el cierre de la frontera con Brasil"}]},{"@type":"WebSite","@id":"https:\/\/quehacerpolitico.mx\/#website","url":"https:\/\/quehacerpolitico.mx\/","name":"","description":"","potentialAction":[{"@type":"SearchAction","target":{"@type":"EntryPoint","urlTemplate":"https:\/\/quehacerpolitico.mx\/?s={search_term_string}"},"query-input":{"@type":"PropertyValueSpecification","valueRequired":true,"valueName":"search_term_string"}}],"inLanguage":"es"},{"@type":"Person","@id":"https:\/\/quehacerpolitico.mx\/#\/schema\/person\/496d8ad2d1d3f8036101dca7ee39e585","name":"Redacci\u00f3n QP","image":{"@type":"ImageObject","inLanguage":"es","@id":"https:\/\/secure.gravatar.com\/avatar\/c7164ed6fdec453195284ad24a5ae5b6e1eed2b848477fa2a4787ba9adf39a41?s=96&d=mm&r=g","url":"https:\/\/secure.gravatar.com\/avatar\/c7164ed6fdec453195284ad24a5ae5b6e1eed2b848477fa2a4787ba9adf39a41?s=96&d=mm&r=g","contentUrl":"https:\/\/secure.gravatar.com\/avatar\/c7164ed6fdec453195284ad24a5ae5b6e1eed2b848477fa2a4787ba9adf39a41?s=96&d=mm&r=g","caption":"Redacci\u00f3n QP"},"url":"https:\/\/quehacerpolitico.mx\/?author=2"}]}},"featured_image_urls":{"full":"","thumbnail":"","medium":"","medium_large":"","large":"","1536x1536":"","2048x2048":"","covernews-featured":"","covernews-medium":""},"author_info":{"display_name":"Redacci\u00f3n QP","author_link":"https:\/\/quehacerpolitico.mx\/?author=2"},"category_info":"<a href=\"https:\/\/quehacerpolitico.mx\/?cat=1\" rel=\"category\">Internacionales<\/a>","tag_info":"Internacionales","comment_count":"0","_links":{"self":[{"href":"https:\/\/quehacerpolitico.mx\/index.php?rest_route=\/wp\/v2\/posts\/17929","targetHints":{"allow":["GET"]}}],"collection":[{"href":"https:\/\/quehacerpolitico.mx\/index.php?rest_route=\/wp\/v2\/posts"}],"about":[{"href":"https:\/\/quehacerpolitico.mx\/index.php?rest_route=\/wp\/v2\/types\/post"}],"author":[{"embeddable":true,"href":"https:\/\/quehacerpolitico.mx\/index.php?rest_route=\/wp\/v2\/users\/2"}],"replies":[{"embeddable":true,"href":"https:\/\/quehacerpolitico.mx\/index.php?rest_route=%2Fwp%2Fv2%2Fcomments&post=17929"}],"version-history":[{"count":0,"href":"https:\/\/quehacerpolitico.mx\/index.php?rest_route=\/wp\/v2\/posts\/17929\/revisions"}],"wp:featuredmedia":[{"embeddable":true,"href":"https:\/\/quehacerpolitico.mx\/index.php?rest_route=\/"}],"wp:attachment":[{"href":"https:\/\/quehacerpolitico.mx\/index.php?rest_route=%2Fwp%2Fv2%2Fmedia&parent=17929"}],"wp:term":[{"taxonomy":"category","embeddable":true,"href":"https:\/\/quehacerpolitico.mx\/index.php?rest_route=%2Fwp%2Fv2%2Fcategories&post=17929"},{"taxonomy":"post_tag","embeddable":true,"href":"https:\/\/quehacerpolitico.mx\/index.php?rest_route=%2Fwp%2Fv2%2Ftags&post=17929"}],"curies":[{"name":"wp","href":"https:\/\/api.w.org\/{rel}","templated":true}]}}