{"id":17920,"date":"2019-02-22T00:36:53","date_gmt":"2019-02-22T00:36:53","guid":{"rendered":"http:\/\/quehacerpolitico.mx\/llevo-mas-de-5-anos-sin-ver-a-mi-hijo-madre-de-el-chapo-pide-visa-humanitaria-a-amlo\/"},"modified":"2019-02-22T00:36:53","modified_gmt":"2019-02-22T00:36:53","slug":"llevo-mas-de-5-anos-sin-ver-a-mi-hijo-madre-de-el-chapo-pide-visa-humanitaria-a-amlo","status":"publish","type":"post","link":"https:\/\/quehacerpolitico.mx\/?p=17920","title":{"rendered":"\u201cLlevo m\u00e1s de 5 a\u00f1os sin ver a mi hijo\u201d: Madre de \u2018El Chapo\u2019 pide visa humanitaria a AMLO"},"content":{"rendered":"<h1 class=\"amp-wp-title\">\u201cLlevo m\u00e1s de 5 a\u00f1os sin ver a mi hijo\u201d: Madre de \u2018El Chapo\u2019 pide visa humanitaria a AMLO<\/h1>\n<p>Por Redacci\u00f3n QP<\/p>\n<p><span class=\"amp-wp-inline-f62a86b1328cd4134bec55ddf6de989a\">La <strong>madre de Joaqu\u00edn \u2018El Chapo\u2019 Guzm\u00e1n, Mar\u00eda Consuelo Loera P\u00e9rez,<\/strong> envi\u00f3 una carta al presidente <strong>Andr\u00e9s Manuel L\u00f3pez Obrador<\/strong> donde solicit\u00f3 una <strong>visa humanitaria para ver a su hijo.<\/strong><\/span><\/p>\n<blockquote>\n<p>\u201cLa se\u00f1ora <strong>tiene casi 90 a\u00f1os<\/strong>. Ella iba a ofrecer una conferencia de prensa en la ciudad de Badiraguato (estado de Sinaloa), pero se sinti\u00f3 mal y se regres\u00f3, pero<strong> nos entreg\u00f3 la carta\u201d<\/strong>, explicaron los abogados de <strong>\u2018El Chapo\u2019<\/strong><\/p>\n<\/blockquote>\n<p>Jos\u00e9 Luis Gonz\u00e1lez, uno de los defensores del el narcotraficante afirm\u00f3 que el <strong>entreg\u00f3 la misiva al finalizar la ceremonia en Culiac\u00e1n, <\/strong>lugar donde naci\u00f3 Joaqu\u00edn Guzm\u00e1n Loera, este 15 de febrero y<strong> el mandatario \u201cse la guard\u00f3\u201d en la bolsa de su camisa.<\/strong><\/p>\n<p><span class=\"amp-wp-inline-f62a86b1328cd4134bec55ddf6de989a\">Seg\u00fan los abogados del capo de la droga, la mujer se encuentra <strong>\u201cafligida y desesperada\u201d<\/strong> debido a que lleva m\u00e1s de cinco a\u00f1os sin verlo, adem\u00e1s de acusar a las autoridades de extraditarlo ilegalmente.<\/span><\/p>\n<p><span class=\"amp-wp-inline-f62a86b1328cd4134bec55ddf6de989a\">Los juristas del narcotraficante a quien declararon culpable en el juicio en Nueva York, Estados Unidos, de diez cargos como responsable del c\u00e1rtel de las drogas de Sinaloa aseguran que <strong>entregaron la carta personalmente al presidente.<\/strong><\/span><\/p>\n<p><span class=\"amp-wp-inline-f62a86b1328cd4134bec55ddf6de989a\">La madre y las hermanas, Armida y Bernarda Guzm\u00e1n Loera, del famoso narcotraficante estar\u00e1n en los pr\u00f3ximos d\u00edas en Ciudad de M\u00e9xico para presentarse en la embajada de Estados Unidos para solicitar la autorizaci\u00f3n de <strong>visas humanitarias<\/strong><\/span><\/p>\n<p><span class=\"amp-wp-inline-f62a86b1328cd4134bec55ddf6de989a\">Gonz\u00e1lez revel\u00f3 que Joaqu\u00edn Guzm\u00e1n <strong>s\u00f3lo recibi\u00f3 una visita desde que lo extraditaron<\/strong>, debido a esto se reunir\u00e1 con el capo para ver nuevas estrategias legales en su caso y apelar a las \u2018injusticias\u2019 de su juicio.<\/span><\/p>\n","protected":false},"excerpt":{"rendered":"<p>\u201cLlevo m\u00e1s de 5 a\u00f1os sin ver a mi hijo\u201d: Madre de \u2018El Chapo\u2019 pide visa humanitaria a AMLO<br \/>\nPor Redacci\u00f3n QP<\/p>\n","protected":false},"author":2,"featured_media":17919,"comment_status":"open","ping_status":"open","sticky":false,"template":"","format":"standard","meta":{"_monsterinsights_skip_tracking":false,"_monsterinsights_sitenote_active":false,"_monsterinsights_sitenote_note":"","_monsterinsights_sitenote_category":0,"footnotes":""},"categories":[2],"tags":[],"class_list":["post-17920","post","type-post","status-publish","format-standard","has-post-thumbnail","hentry","category-noticias"],"yoast_head":"<!-- This site is optimized with the Yoast SEO plugin v27.3 - https:\/\/yoast.com\/product\/yoast-seo-wordpress\/ -->\n<title>\u201cLlevo m\u00e1s de 5 a\u00f1os sin ver a mi hijo\u201d: Madre de \u2018El Chapo\u2019 pide visa humanitaria a AMLO -<\/title>\n<meta name=\"robots\" content=\"index, follow, max-snippet:-1, max-image-preview:large, max-video-preview:-1\" \/>\n<link rel=\"canonical\" href=\"https:\/\/quehacerpolitico.mx\/?p=17920\" \/>\n<meta property=\"og:locale\" content=\"es_MX\" \/>\n<meta property=\"og:type\" content=\"article\" \/>\n<meta property=\"og:title\" content=\"\u201cLlevo m\u00e1s de 5 a\u00f1os sin ver a mi hijo\u201d: Madre de \u2018El Chapo\u2019 pide visa humanitaria a AMLO -\" \/>\n<meta property=\"og:description\" content=\"\u201cLlevo m\u00e1s de 5 a\u00f1os sin ver a mi hijo\u201d: Madre de \u2018El Chapo\u2019 pide visa humanitaria a AMLO Por Redacci\u00f3n QP\" \/>\n<meta property=\"og:url\" content=\"https:\/\/quehacerpolitico.mx\/?p=17920\" \/>\n<meta property=\"article:published_time\" content=\"2019-02-22T00:36:53+00:00\" \/>\n<meta name=\"author\" content=\"Redacci\u00f3n QP\" \/>\n<meta name=\"twitter:card\" content=\"summary_large_image\" \/>\n<meta name=\"twitter:label1\" content=\"Escrito por\" \/>\n\t<meta name=\"twitter:data1\" content=\"Redacci\u00f3n QP\" \/>\n\t<meta name=\"twitter:label2\" content=\"Tiempo de lectura\" \/>\n\t<meta name=\"twitter:data2\" content=\"2 minutos\" \/>\n<script type=\"application\/ld+json\" class=\"yoast-schema-graph\">{\"@context\":\"https:\\\/\\\/schema.org\",\"@graph\":[{\"@type\":\"Article\",\"@id\":\"https:\\\/\\\/quehacerpolitico.mx\\\/?p=17920#article\",\"isPartOf\":{\"@id\":\"https:\\\/\\\/quehacerpolitico.mx\\\/?p=17920\"},\"author\":{\"name\":\"Redacci\u00f3n QP\",\"@id\":\"https:\\\/\\\/quehacerpolitico.mx\\\/#\\\/schema\\\/person\\\/496d8ad2d1d3f8036101dca7ee39e585\"},\"headline\":\"\u201cLlevo m\u00e1s de 5 a\u00f1os sin ver a mi hijo\u201d: Madre de \u2018El Chapo\u2019 pide visa humanitaria a AMLO\",\"datePublished\":\"2019-02-22T00:36:53+00:00\",\"mainEntityOfPage\":{\"@id\":\"https:\\\/\\\/quehacerpolitico.mx\\\/?p=17920\"},\"wordCount\":327,\"commentCount\":0,\"image\":{\"@id\":\"https:\\\/\\\/quehacerpolitico.mx\\\/?p=17920#primaryimage\"},\"thumbnailUrl\":\"\",\"articleSection\":[\"Noticias\"],\"inLanguage\":\"es\",\"potentialAction\":[{\"@type\":\"CommentAction\",\"name\":\"Comment\",\"target\":[\"https:\\\/\\\/quehacerpolitico.mx\\\/?p=17920#respond\"]}]},{\"@type\":\"WebPage\",\"@id\":\"https:\\\/\\\/quehacerpolitico.mx\\\/?p=17920\",\"url\":\"https:\\\/\\\/quehacerpolitico.mx\\\/?p=17920\",\"name\":\"\u201cLlevo m\u00e1s de 5 a\u00f1os sin ver a mi hijo\u201d: Madre de \u2018El Chapo\u2019 pide visa humanitaria a AMLO -\",\"isPartOf\":{\"@id\":\"https:\\\/\\\/quehacerpolitico.mx\\\/#website\"},\"primaryImageOfPage\":{\"@id\":\"https:\\\/\\\/quehacerpolitico.mx\\\/?p=17920#primaryimage\"},\"image\":{\"@id\":\"https:\\\/\\\/quehacerpolitico.mx\\\/?p=17920#primaryimage\"},\"thumbnailUrl\":\"\",\"datePublished\":\"2019-02-22T00:36:53+00:00\",\"author\":{\"@id\":\"https:\\\/\\\/quehacerpolitico.mx\\\/#\\\/schema\\\/person\\\/496d8ad2d1d3f8036101dca7ee39e585\"},\"breadcrumb\":{\"@id\":\"https:\\\/\\\/quehacerpolitico.mx\\\/?p=17920#breadcrumb\"},\"inLanguage\":\"es\",\"potentialAction\":[{\"@type\":\"ReadAction\",\"target\":[\"https:\\\/\\\/quehacerpolitico.mx\\\/?p=17920\"]}]},{\"@type\":\"ImageObject\",\"inLanguage\":\"es\",\"@id\":\"https:\\\/\\\/quehacerpolitico.mx\\\/?p=17920#primaryimage\",\"url\":\"\",\"contentUrl\":\"\"},{\"@type\":\"BreadcrumbList\",\"@id\":\"https:\\\/\\\/quehacerpolitico.mx\\\/?p=17920#breadcrumb\",\"itemListElement\":[{\"@type\":\"ListItem\",\"position\":1,\"name\":\"Inicio\",\"item\":\"https:\\\/\\\/quehacerpolitico.mx\\\/\"},{\"@type\":\"ListItem\",\"position\":2,\"name\":\"\u201cLlevo m\u00e1s de 5 a\u00f1os sin ver a mi hijo\u201d: Madre de \u2018El Chapo\u2019 pide visa humanitaria a AMLO\"}]},{\"@type\":\"WebSite\",\"@id\":\"https:\\\/\\\/quehacerpolitico.mx\\\/#website\",\"url\":\"https:\\\/\\\/quehacerpolitico.mx\\\/\",\"name\":\"\",\"description\":\"\",\"potentialAction\":[{\"@type\":\"SearchAction\",\"target\":{\"@type\":\"EntryPoint\",\"urlTemplate\":\"https:\\\/\\\/quehacerpolitico.mx\\\/?s={search_term_string}\"},\"query-input\":{\"@type\":\"PropertyValueSpecification\",\"valueRequired\":true,\"valueName\":\"search_term_string\"}}],\"inLanguage\":\"es\"},{\"@type\":\"Person\",\"@id\":\"https:\\\/\\\/quehacerpolitico.mx\\\/#\\\/schema\\\/person\\\/496d8ad2d1d3f8036101dca7ee39e585\",\"name\":\"Redacci\u00f3n QP\",\"image\":{\"@type\":\"ImageObject\",\"inLanguage\":\"es\",\"@id\":\"https:\\\/\\\/secure.gravatar.com\\\/avatar\\\/c7164ed6fdec453195284ad24a5ae5b6e1eed2b848477fa2a4787ba9adf39a41?s=96&d=mm&r=g\",\"url\":\"https:\\\/\\\/secure.gravatar.com\\\/avatar\\\/c7164ed6fdec453195284ad24a5ae5b6e1eed2b848477fa2a4787ba9adf39a41?s=96&d=mm&r=g\",\"contentUrl\":\"https:\\\/\\\/secure.gravatar.com\\\/avatar\\\/c7164ed6fdec453195284ad24a5ae5b6e1eed2b848477fa2a4787ba9adf39a41?s=96&d=mm&r=g\",\"caption\":\"Redacci\u00f3n QP\"},\"url\":\"https:\\\/\\\/quehacerpolitico.mx\\\/?author=2\"}]}<\/script>\n<!-- \/ Yoast SEO plugin. -->","yoast_head_json":{"title":"\u201cLlevo m\u00e1s de 5 a\u00f1os sin ver a mi hijo\u201d: Madre de \u2018El Chapo\u2019 pide visa humanitaria a AMLO -","robots":{"index":"index","follow":"follow","max-snippet":"max-snippet:-1","max-image-preview":"max-image-preview:large","max-video-preview":"max-video-preview:-1"},"canonical":"https:\/\/quehacerpolitico.mx\/?p=17920","og_locale":"es_MX","og_type":"article","og_title":"\u201cLlevo m\u00e1s de 5 a\u00f1os sin ver a mi hijo\u201d: Madre de \u2018El Chapo\u2019 pide visa humanitaria a AMLO -","og_description":"\u201cLlevo m\u00e1s de 5 a\u00f1os sin ver a mi hijo\u201d: Madre de \u2018El Chapo\u2019 pide visa humanitaria a AMLO Por Redacci\u00f3n QP","og_url":"https:\/\/quehacerpolitico.mx\/?p=17920","article_published_time":"2019-02-22T00:36:53+00:00","author":"Redacci\u00f3n QP","twitter_card":"summary_large_image","twitter_misc":{"Escrito por":"Redacci\u00f3n QP","Tiempo de lectura":"2 minutos"},"schema":{"@context":"https:\/\/schema.org","@graph":[{"@type":"Article","@id":"https:\/\/quehacerpolitico.mx\/?p=17920#article","isPartOf":{"@id":"https:\/\/quehacerpolitico.mx\/?p=17920"},"author":{"name":"Redacci\u00f3n QP","@id":"https:\/\/quehacerpolitico.mx\/#\/schema\/person\/496d8ad2d1d3f8036101dca7ee39e585"},"headline":"\u201cLlevo m\u00e1s de 5 a\u00f1os sin ver a mi hijo\u201d: Madre de \u2018El Chapo\u2019 pide visa humanitaria a AMLO","datePublished":"2019-02-22T00:36:53+00:00","mainEntityOfPage":{"@id":"https:\/\/quehacerpolitico.mx\/?p=17920"},"wordCount":327,"commentCount":0,"image":{"@id":"https:\/\/quehacerpolitico.mx\/?p=17920#primaryimage"},"thumbnailUrl":"","articleSection":["Noticias"],"inLanguage":"es","potentialAction":[{"@type":"CommentAction","name":"Comment","target":["https:\/\/quehacerpolitico.mx\/?p=17920#respond"]}]},{"@type":"WebPage","@id":"https:\/\/quehacerpolitico.mx\/?p=17920","url":"https:\/\/quehacerpolitico.mx\/?p=17920","name":"\u201cLlevo m\u00e1s de 5 a\u00f1os sin ver a mi hijo\u201d: Madre de \u2018El Chapo\u2019 pide visa humanitaria a AMLO -","isPartOf":{"@id":"https:\/\/quehacerpolitico.mx\/#website"},"primaryImageOfPage":{"@id":"https:\/\/quehacerpolitico.mx\/?p=17920#primaryimage"},"image":{"@id":"https:\/\/quehacerpolitico.mx\/?p=17920#primaryimage"},"thumbnailUrl":"","datePublished":"2019-02-22T00:36:53+00:00","author":{"@id":"https:\/\/quehacerpolitico.mx\/#\/schema\/person\/496d8ad2d1d3f8036101dca7ee39e585"},"breadcrumb":{"@id":"https:\/\/quehacerpolitico.mx\/?p=17920#breadcrumb"},"inLanguage":"es","potentialAction":[{"@type":"ReadAction","target":["https:\/\/quehacerpolitico.mx\/?p=17920"]}]},{"@type":"ImageObject","inLanguage":"es","@id":"https:\/\/quehacerpolitico.mx\/?p=17920#primaryimage","url":"","contentUrl":""},{"@type":"BreadcrumbList","@id":"https:\/\/quehacerpolitico.mx\/?p=17920#breadcrumb","itemListElement":[{"@type":"ListItem","position":1,"name":"Inicio","item":"https:\/\/quehacerpolitico.mx\/"},{"@type":"ListItem","position":2,"name":"\u201cLlevo m\u00e1s de 5 a\u00f1os sin ver a mi hijo\u201d: Madre de \u2018El Chapo\u2019 pide visa humanitaria a AMLO"}]},{"@type":"WebSite","@id":"https:\/\/quehacerpolitico.mx\/#website","url":"https:\/\/quehacerpolitico.mx\/","name":"","description":"","potentialAction":[{"@type":"SearchAction","target":{"@type":"EntryPoint","urlTemplate":"https:\/\/quehacerpolitico.mx\/?s={search_term_string}"},"query-input":{"@type":"PropertyValueSpecification","valueRequired":true,"valueName":"search_term_string"}}],"inLanguage":"es"},{"@type":"Person","@id":"https:\/\/quehacerpolitico.mx\/#\/schema\/person\/496d8ad2d1d3f8036101dca7ee39e585","name":"Redacci\u00f3n QP","image":{"@type":"ImageObject","inLanguage":"es","@id":"https:\/\/secure.gravatar.com\/avatar\/c7164ed6fdec453195284ad24a5ae5b6e1eed2b848477fa2a4787ba9adf39a41?s=96&d=mm&r=g","url":"https:\/\/secure.gravatar.com\/avatar\/c7164ed6fdec453195284ad24a5ae5b6e1eed2b848477fa2a4787ba9adf39a41?s=96&d=mm&r=g","contentUrl":"https:\/\/secure.gravatar.com\/avatar\/c7164ed6fdec453195284ad24a5ae5b6e1eed2b848477fa2a4787ba9adf39a41?s=96&d=mm&r=g","caption":"Redacci\u00f3n QP"},"url":"https:\/\/quehacerpolitico.mx\/?author=2"}]}},"featured_image_urls":{"full":"","thumbnail":"","medium":"","medium_large":"","large":"","1536x1536":"","2048x2048":"","covernews-featured":"","covernews-medium":""},"author_info":{"display_name":"Redacci\u00f3n QP","author_link":"https:\/\/quehacerpolitico.mx\/?author=2"},"category_info":"<a href=\"https:\/\/quehacerpolitico.mx\/?cat=2\" rel=\"category\">Noticias<\/a>","tag_info":"Noticias","comment_count":"0","_links":{"self":[{"href":"https:\/\/quehacerpolitico.mx\/index.php?rest_route=\/wp\/v2\/posts\/17920","targetHints":{"allow":["GET"]}}],"collection":[{"href":"https:\/\/quehacerpolitico.mx\/index.php?rest_route=\/wp\/v2\/posts"}],"about":[{"href":"https:\/\/quehacerpolitico.mx\/index.php?rest_route=\/wp\/v2\/types\/post"}],"author":[{"embeddable":true,"href":"https:\/\/quehacerpolitico.mx\/index.php?rest_route=\/wp\/v2\/users\/2"}],"replies":[{"embeddable":true,"href":"https:\/\/quehacerpolitico.mx\/index.php?rest_route=%2Fwp%2Fv2%2Fcomments&post=17920"}],"version-history":[{"count":0,"href":"https:\/\/quehacerpolitico.mx\/index.php?rest_route=\/wp\/v2\/posts\/17920\/revisions"}],"wp:featuredmedia":[{"embeddable":true,"href":"https:\/\/quehacerpolitico.mx\/index.php?rest_route=\/"}],"wp:attachment":[{"href":"https:\/\/quehacerpolitico.mx\/index.php?rest_route=%2Fwp%2Fv2%2Fmedia&parent=17920"}],"wp:term":[{"taxonomy":"category","embeddable":true,"href":"https:\/\/quehacerpolitico.mx\/index.php?rest_route=%2Fwp%2Fv2%2Fcategories&post=17920"},{"taxonomy":"post_tag","embeddable":true,"href":"https:\/\/quehacerpolitico.mx\/index.php?rest_route=%2Fwp%2Fv2%2Ftags&post=17920"}],"curies":[{"name":"wp","href":"https:\/\/api.w.org\/{rel}","templated":true}]}}